{"id":5925,"date":"2012-07-04T10:01:41","date_gmt":"2012-07-04T08:01:41","guid":{"rendered":"https:\/\/www.stepienybarno.es\/blog\/?p=5925"},"modified":"2012-07-04T10:02:07","modified_gmt":"2012-07-04T08:02:07","slug":"call-for-paper-para-equiciudad-2012","status":"publish","type":"post","link":"https:\/\/stepienybarno.es\/blog\/2012\/07\/04\/call-for-paper-para-equiciudad-2012\/","title":{"rendered":"CALL FOR PAPER para EQUIciuDAD 2012"},"content":{"rendered":"<p style=\"text-align: center;\"><img loading=\"lazy\" decoding=\"async\" class=\"aligncenter size-full wp-image-5926\" title=\"logo EQUICIUDAD 2012 350\" src=\"https:\/\/stepienybarno.es\/blog\/wp-content\/uploads\/2012\/07\/logo-EQUICIUDAD-2012-350-.jpg\" alt=\"logo EQUICIUDAD 2012 350\" width=\"350\" height=\"350\" srcset=\"https:\/\/stepienybarno.es\/blog\/wp-content\/uploads\/2012\/07\/logo-EQUICIUDAD-2012-350-.jpg 350w, https:\/\/stepienybarno.es\/blog\/wp-content\/uploads\/2012\/07\/logo-EQUICIUDAD-2012-350--180x180.jpg 180w, https:\/\/stepienybarno.es\/blog\/wp-content\/uploads\/2012\/07\/logo-EQUICIUDAD-2012-350--224x224.jpg 224w, https:\/\/stepienybarno.es\/blog\/wp-content\/uploads\/2012\/07\/logo-EQUICIUDAD-2012-350--316x316.jpg 316w\" sizes=\"(max-width: 350px) 100vw, 350px\" \/><\/p>\n<p align=\"left\">Desde principios de mes hemos lanzado, desde nuestra asociaci\u00f3n de Sinergia Sostenible, la 2\u00aa EDICI\u00d3N DEL CONGRESO\u00a0EQUIciuDAD 2012 que, nuevamente, se celebrar\u00e1 en San Sebasti\u00e1n, durante los d\u00edas\u00a0 13 y 14 de Diciembre de 2012.<\/p>\n<p align=\"left\">Os animamos a echar un ojo al congreso y a enviar, hasta el 01 de agosto, vuestros res\u00famenes de comunicaci\u00f3n.<\/p>\n<p align=\"left\"><!--more--><\/p>\n<p align=\"left\">\n<p align=\"left\">En esta nueva edici\u00f3n de\u00a0EQUiciuDAD\u00a0contaremos con ponencias magistrales, sesiones de comunicaciones, mesas redondas y una fuerte presencia en las redes sociales e internet.<\/p>\n<p align=\"left\">A su vez, HASTA EL D\u00cdA 1 DE AGOSTO DE 2012 da comienzo la primera fase del evento en el que nos pod\u00e9is ir enviando VUESTROS REAUMENTES DE COMUNICACI\u00d3N si ten\u00e9is inter\u00e9s en participar en el congreso.<\/p>\n<p align=\"left\">\n<p align=\"left\">Y no olvid\u00e9is que pod\u00e9is \u00a0inscribir la comunicaci\u00f3n dentro una de las numerosas l\u00edneas tem\u00e1ticas propuestas.<\/p>\n<p align=\"left\">Las instrucciones para la presentaci\u00f3n de comunicaciones las encontrar\u00e9is en la web del Congreso, <a href=\"http:\/\/equiciudad.es\/presentacion\/call-for-papers\/\">aqu\u00ed.<\/a><\/p>\n<p align=\"left\">\n<blockquote>\n<p align=\"left\">Comisariado: Sinergia Sostenible.<\/p>\n<p align=\"left\">Organizaci\u00f3n: Sinergia Sostenible + Vicerrectorado del Campus de Guip\u00fazcoa de la UPV\/EHU.<\/p>\n<\/blockquote>\n<p align=\"left\">\n<blockquote>\n<p align=\"left\">&#8211; Pod\u00e9is acceder al programa de la edici\u00f3n anterior EQUIciuDAD 2011 en: <a href=\"http:\/\/equiciudad.es\/presentacion\/programa\/\" target=\"_blank\">http:\/\/equiciudad.es\/presentacion\/programa\/<\/a><\/p>\n<p align=\"left\"><strong><em> <\/em><\/strong><\/p>\n<p align=\"left\"><strong><em>&#8211; Env\u00edo de comunicaciones<\/em><\/strong><strong>: <a href=\"mailto:equiciudad2012comunicaciones@gmail.com\" target=\"_blank\">equiciudad2012comunicaciones@gmail.com<\/a><\/strong><\/p>\n<p align=\"left\">\n<p align=\"left\">&#8211; Para cualquier duda pod\u00e9is escribirnos a: <a href=\"mailto:info@equiciudad.es\" target=\"_blank\">info@equiciudad.es<\/a><\/p>\n<p align=\"left\">\n<p align=\"left\">&#8211; Perfil\u00a0en Facebook de EQUIciuDAD, <a href=\"http:\/\/on.fb.me\/tLwoWX\">aqu\u00ed.<\/a><\/p>\n<p align=\"left\">&#8211; Perfil\u00a0en Twitter EQUIciuDAD, <a href=\"http:\/\/twitter.com\/#!\/EQUIciuDAD\">aqu\u00ed.<\/a><\/p>\n<p align=\"left\">\n<p align=\"left\">&#8211; Web del congreso: <a href=\"http:\/\/equiciudad.es\/\" target=\"_blank\">http:\/\/equiciudad.es\/<\/a><\/p>\n<\/blockquote>\n<p align=\"left\">\n<p style=\"text-align: center;\">Os esperamos!!<\/p>\n<p align=\"left\">\n<blockquote><p>Si te apetece\u00a0<strong>compartir este post<\/strong> en cualquier otro medio, estaremos encantados de que lo hagas.<strong> <\/strong><\/p>\n<p>Sinergia Sostenible en las redes:<\/p>\n<p>SINERGIA SOSTENIBLE, CONTACTO:<\/p>\n<p>En Twitter _ <a href=\"https:\/\/twitter.com\/#!\/SINERGIASOSTEN\">aqu\u00ed<\/a>.<\/p>\n<p>En Facebook _ <a href=\"http:\/\/www.facebook.com\/profile.php?id=100000807521294\">aqu\u00ed.<\/a><\/p>\n<p>*Sinergia Sostenible est\u00e1 formado por Arantxa D\u00edaz, Uxua Dombl\u00e1s, Conrado Mu\u00f1oz, Amaya Gonz\u00e1lez, Agnieszka Stepien y Lorenzo Barn\u00f3.<\/p>\n<p>Nuestra actividad se sustenta en tres pilares b\u00e1sicos:<\/p>\n<p>1. La realizaci\u00f3n de talleres de arquitectura y sostenibilidad con los m\u00e1s peque\u00f1os.<\/p>\n<p>2. La publicaci\u00f3n (comunicaci\u00f3n y difusi\u00f3n) de arquitectura y sostenibilidad.<\/p>\n<p>3. Actividades que difundan la arquitectura sostenible, como pueden ser la realizaci\u00f3n de charlas o comisariado de eventos y congresos.<\/p>\n<p align=\"left\">* Los editores de esta publicaci\u00f3n digital no nos hacemos cargo de de los comentarios y\u00a0 conceptos vertidos en los textos firmados por otras personas, siendo \u00e9stos de responsabilidad exclusiva de sus autores.<\/p>\n<p>* Tu comentario podr\u00e1 ser moderado, por lo tanto, aunque aparezca inmediatamente al ser publicado en la entrada, los editores de esta publicaci\u00f3n digital nos reservamos el derecho tanto de editarlo (si fuera necesario, para hacerlo m\u00e1s legible) como de eliminarlo en el caso de que se usen expresiones incorrectas (descalificaciones, palabras malsonantes\u2026). A su vez, si quieres comentar desde el anonimato puedes hacerlo, aunque, nosotros personalmente, agradecemos que tod@s nos podamos identificar.<\/p><\/blockquote>\n","protected":false},"excerpt":{"rendered":"<p>Desde principios de mes hemos lanzado, desde nuestra asociaci\u00f3n de Sinergia Sostenible, la 2\u00aa EDICI\u00d3N DEL CONGRESO EQUIciuDAD 2012 que, nuevamente, se celebrar\u00e1 en San Sebasti\u00e1n, durante los d\u00edas  13 y 14 de Diciembre de 2012.<\/p>\n<p>Os animamos a echar un ojo al congreso y a enviar, hasta el 01 de agosto, vuestros res\u00famenes de comunicaci\u00f3n.<\/p>\n","protected":false},"author":2,"featured_media":0,"comment_status":"open","ping_status":"closed","sticky":false,"template":"","format":"standard","meta":{"om_disable_all_campaigns":false,"_monsterinsights_skip_tracking":false,"_monsterinsights_sitenote_active":false,"_monsterinsights_sitenote_note":"","_monsterinsights_sitenote_category":0,"_uf_show_specific_survey":0,"_uf_disable_surveys":false,"episode_type":"","audio_file":"","cover_image":"","cover_image_id":"","duration":"","filesize":"","date_recorded":"","explicit":"","block":"","filesize_raw":"","footnotes":""},"categories":[34,15,17],"tags":[4274,9,1835,1352,1836,405,4271,54],"series":[],"class_list":["post-5925","post","type-post","status-publish","format-standard","hentry","category-actualidad","category-sostenibilidad","category-urbanismo","tag-actualidad","tag-arquitectura","tag-congreso","tag-equiciudad","tag-equiciudad2012","tag-sinergia-sostenible","tag-sostenibilidad","tag-urbanismo-sostenible"],"aioseo_notices":[],"episode_featured_image":false,"episode_player_image":"https:\/\/stepienybarno.es\/blog\/wp-content\/uploads\/2020\/11\/stepienybarno-podcast-scaled.jpg","download_link":"","player_link":"","audio_player":false,"episode_data":{"playerMode":"dark","subscribeUrls":[],"rssFeedUrl":"https:\/\/stepienybarno.es\/blog\/feed\/podcast\/podcast-de-stepienybarno","embedCode":"<blockquote class=\"wp-embedded-content\" data-secret=\"K12jzSzGlD\"><a href=\"https:\/\/stepienybarno.es\/blog\/2012\/07\/04\/call-for-paper-para-equiciudad-2012\/\">CALL FOR PAPER para EQUIciuDAD 2012<\/a><\/blockquote><iframe sandbox=\"allow-scripts\" security=\"restricted\" src=\"https:\/\/stepienybarno.es\/blog\/2012\/07\/04\/call-for-paper-para-equiciudad-2012\/embed\/#?secret=K12jzSzGlD\" width=\"500\" height=\"350\" title=\"\u00abCALL FOR PAPER para EQUIciuDAD 2012\u00bb \u2014 Blog de STEPIEN Y BARNO - publicaci\u00f3n digital sobre arquitectura\" data-secret=\"K12jzSzGlD\" frameborder=\"0\" marginwidth=\"0\" marginheight=\"0\" scrolling=\"no\" class=\"wp-embedded-content\"><\/iframe><script type=\"text\/javascript\">\n\/* <![CDATA[ *\/\n\/*! This file is auto-generated *\/\n!function(d,l){\"use strict\";l.querySelector&&d.addEventListener&&\"undefined\"!=typeof URL&&(d.wp=d.wp||{},d.wp.receiveEmbedMessage||(d.wp.receiveEmbedMessage=function(e){var t=e.data;if((t||t.secret||t.message||t.value)&&!\/[^a-zA-Z0-9]\/.test(t.secret)){for(var s,r,n,a=l.querySelectorAll('iframe[data-secret=\"'+t.secret+'\"]'),o=l.querySelectorAll('blockquote[data-secret=\"'+t.secret+'\"]'),c=new RegExp(\"^https?:$\",\"i\"),i=0;i<o.length;i++)o[i].style.display=\"none\";for(i=0;i<a.length;i++)s=a[i],e.source===s.contentWindow&&(s.removeAttribute(\"style\"),\"height\"===t.message?(1e3<(r=parseInt(t.value,10))?r=1e3:~~r<200&&(r=200),s.height=r):\"link\"===t.message&&(r=new URL(s.getAttribute(\"src\")),n=new URL(t.value),c.test(n.protocol))&&n.host===r.host&&l.activeElement===s&&(d.top.location.href=t.value))}},d.addEventListener(\"message\",d.wp.receiveEmbedMessage,!1),l.addEventListener(\"DOMContentLoaded\",function(){for(var e,t,s=l.querySelectorAll(\"iframe.wp-embedded-content\"),r=0;r<s.length;r++)(t=(e=s[r]).getAttribute(\"data-secret\"))||(t=Math.random().toString(36).substring(2,12),e.src+=\"#?secret=\"+t,e.setAttribute(\"data-secret\",t)),e.contentWindow.postMessage({message:\"ready\",secret:t},\"*\")},!1)))}(window,document);\n\/* ]]> *\/\n<\/script>\n"},"_links":{"self":[{"href":"https:\/\/stepienybarno.es\/blog\/wp-json\/wp\/v2\/posts\/5925"}],"collection":[{"href":"https:\/\/stepienybarno.es\/blog\/wp-json\/wp\/v2\/posts"}],"about":[{"href":"https:\/\/stepienybarno.es\/blog\/wp-json\/wp\/v2\/types\/post"}],"author":[{"embeddable":true,"href":"https:\/\/stepienybarno.es\/blog\/wp-json\/wp\/v2\/users\/2"}],"replies":[{"embeddable":true,"href":"https:\/\/stepienybarno.es\/blog\/wp-json\/wp\/v2\/comments?post=5925"}],"version-history":[{"count":3,"href":"https:\/\/stepienybarno.es\/blog\/wp-json\/wp\/v2\/posts\/5925\/revisions"}],"predecessor-version":[{"id":5929,"href":"https:\/\/stepienybarno.es\/blog\/wp-json\/wp\/v2\/posts\/5925\/revisions\/5929"}],"wp:attachment":[{"href":"https:\/\/stepienybarno.es\/blog\/wp-json\/wp\/v2\/media?parent=5925"}],"wp:term":[{"taxonomy":"category","embeddable":true,"href":"https:\/\/stepienybarno.es\/blog\/wp-json\/wp\/v2\/categories?post=5925"},{"taxonomy":"post_tag","embeddable":true,"href":"https:\/\/stepienybarno.es\/blog\/wp-json\/wp\/v2\/tags?post=5925"},{"taxonomy":"series","embeddable":true,"href":"https:\/\/stepienybarno.es\/blog\/wp-json\/wp\/v2\/series?post=5925"}],"curies":[{"name":"wp","href":"https:\/\/api.w.org\/{rel}","templated":true}]}}