{"id":59595,"date":"2023-09-11T08:30:42","date_gmt":"2023-09-11T06:30:42","guid":{"rendered":"https:\/\/stepienybarno.es\/blog\/?p=59595"},"modified":"2023-09-13T15:44:45","modified_gmt":"2023-09-13T13:44:45","slug":"el-banco-santander-transforma-una-sede-en-espacio-cultural-gracias-a-bim","status":"publish","type":"post","link":"https:\/\/stepienybarno.es\/blog\/2023\/09\/11\/el-banco-santander-transforma-una-sede-en-espacio-cultural-gracias-a-bim\/","title":{"rendered":"El Banco Santander transforma una sede en espacio cultural gracias a BIM"},"content":{"rendered":"<p style=\"text-align: left;\" align=\"CENTER\">Art\u00edculo redactado por Mar\u00eda Olazar\u00e1n, basado en la \u00faltima entrega de AbiertoXObras, entrevistando a Jos\u00e9 Manuel Gonz\u00e1lez, BIM Manager de <strong>IDOM.<\/strong><\/p>\n<p align=\"CENTER\"><!--more--><\/p>\n<blockquote>\n<p align=\"CENTER\">La antigua sede del Banco Santander sita en la capital c\u00e1ntabra acoger\u00e1 un espacio cultural abierto al p\u00fablico con m\u00e1s de un millar de piezas de pintores de la talla de Mir\u00f3, Rubens o Picasso, entre otros. Un proyecto en el que la metodolog\u00eda BIM ha jugado un papel protagonista.<\/p>\n<p align=\"CENTER\"><img loading=\"lazy\" decoding=\"async\" class=\"alignnone size-full wp-image-59596\" src=\"https:\/\/stepienybarno.es\/blog\/wp-content\/uploads\/2023\/09\/idom.jpg\" alt=\"\" width=\"885\" height=\"569\" srcset=\"https:\/\/stepienybarno.es\/blog\/wp-content\/uploads\/2023\/09\/idom.jpg 885w, https:\/\/stepienybarno.es\/blog\/wp-content\/uploads\/2023\/09\/idom-550x354.jpg 550w, https:\/\/stepienybarno.es\/blog\/wp-content\/uploads\/2023\/09\/idom-180x116.jpg 180w, https:\/\/stepienybarno.es\/blog\/wp-content\/uploads\/2023\/09\/idom-316x203.jpg 316w\" sizes=\"(max-width: 885px) 100vw, 885px\" \/><\/p>\n<\/blockquote>\n<p align=\"JUSTIFY\">La emblem\u00e1tica sede del Banco Santander situada en el paseo Pereda de la capital c\u00e1ntabra va a dar un giro de 180 grados al convertirse en un espacio cultural. El edificio forma parte de un conjunto hist\u00f3rico-art\u00edstico protegido y es el resultado de varias reformas que, en los a\u00f1os 60, culmin\u00f3 con la actual configuraci\u00f3n de dos cuerpos edificatorios unidos por un arco central. Una transformaci\u00f3n, prevista para finales de 2024, en la que el uso de la <span style=\"color: #3366ff;\"><strong><a style=\"color: #3366ff;\" href=\"http:\/\/www.espaciobim.com\/bim\">metodolog\u00eda BIM<\/a><\/strong><\/span> (Building Information Modeling) est\u00e1 resultando imprescindible.<\/p>\n<p align=\"JUSTIFY\">El proyecto se lleva a cabo por encargo del Banco Santander y cuenta con la participaci\u00f3n del estudio de David Chipperfield, ganador del Premio Pritzker de Arquitectura de 2023. \u201cTras el proceso de concurso, resultamos adjudicatarios como arquitectos locales e ingenieros para dar apoyo t\u00e9cnico al equipo redactor del Proyecto B\u00e1sico, desarrollar el Proyecto de Ejecuci\u00f3n y llevar la Direcci\u00f3n de los trabajos de Obra\u201d explica Jos\u00e9 Manuel Gonz\u00e1lez, BIM Manager de la compa\u00f1\u00eda, en la \u00faltima entrevista hecha a <strong><span style=\"color: #3366ff;\"><a style=\"color: #3366ff;\" href=\"https:\/\/www.espaciobim.com\/idom\">IDOM<\/a> (www.idom.com)<\/span><\/strong>, publicada en la secci\u00f3n AbiertoXObras de la consultora especializada Espacio BIM (<strong><span style=\"color: #3366ff;\">www.espaciobim.com<\/span><\/strong>). \u201cFinalmente, Ferrovial Construcci\u00f3n result\u00f3 adjudicataria de ejecutar los trabajos\u201d concluye el experto.<\/p>\n<p align=\"JUSTIFY\">El Banco Santander, asegura Gonz\u00e1lez, solicit\u00f3 en los pliegos el uso de metodolog\u00eda BIM para el levantamiento de las condiciones existentes, la producci\u00f3n de planos, sus modificaciones y la coordinaci\u00f3n 3D. \u201cTambi\u00e9n se indicaba el software de autor y se mencionaban herramientas de control como Navisworks para la revisi\u00f3n de los modelos y BIM Collab para la gesti\u00f3n y seguimiento de incidencias. Era un documento muy completo\u201d, reconoce el BIM Manager de IDOM, que a\u00f1ade que, en relaci\u00f3n al alcance, el escrito \u201cbasaba la definici\u00f3n en el BIMForum 2018 y establec\u00eda los niveles de desarrollo en LOD300 para el Ejecutivo y LOD400 para el As-Built.<\/p>\n<p align=\"JUSTIFY\"><span style=\"color: #3366ff;\"><strong><a style=\"color: #3366ff;\" href=\"http:\/\/www.espaciobim.com\/lod\">LOD<\/a><\/strong><\/span> corresponde a las iniciales Level of Development o nivel de desarrollo que, tal y como explica Borja S\u00e1nchez Ortega, Director de Proyectos y Director del <span style=\"color: #3366ff;\"><strong><a style=\"color: #3366ff;\" href=\"https:\/\/www.espaciobim.com\/master\/bim\/manager\">M\u00e1ster BIM Manager Internacional (+VR)<\/a><\/strong><\/span> de la mencionada consultora, \u201cpodr\u00eda definirse como una escala que informa de hasta qu\u00e9 punto se ha desarrollado un elemento de un modelo BIM, en cuanto a su geometr\u00eda y la informaci\u00f3n relacionada con \u00e9l\u201d.<\/p>\n<p align=\"JUSTIFY\">En base a todas estas cuestiones, IDOM redact\u00f3 el Plan de Ejecuci\u00f3n BIM del proyecto. \u201cEl <span style=\"color: #3366ff;\"><strong><a style=\"color: #3366ff;\" href=\"http:\/\/www.espaciobim.com\/modelado-bim\">modelo BIM<\/a><\/strong><\/span> ha jugado un papel fundamental en el estudio de la interacci\u00f3n de las instalaciones con la estructura y arquitectura. El dise\u00f1o de las salas t\u00e9cnicas ha sido complejo debido al espacio disponible, as\u00ed como la climatizaci\u00f3n de las salas de exposiciones y zona del arco. Han sido muchas horas de estudio del modelo y ajustes que en 2D hubiesen resultado casi imposibles de solucionar\u201d, reconoce Gonz\u00e1lez.<\/p>\n","protected":false},"excerpt":{"rendered":"<p>Art\u00edculo redactado por Mar\u00eda Olazar\u00e1n, basado en la \u00faltima entrega<\/p>\n","protected":false},"author":2,"featured_media":59596,"comment_status":"open","ping_status":"closed","sticky":false,"template":"","format":"standard","meta":{"om_disable_all_campaigns":false,"_monsterinsights_skip_tracking":false,"_monsterinsights_sitenote_active":false,"_monsterinsights_sitenote_note":"","_monsterinsights_sitenote_category":0,"_uf_show_specific_survey":0,"_uf_disable_surveys":false,"episode_type":"audio","audio_file":"","cover_image":"","cover_image_id":"","duration":"","filesize":"","date_recorded":"","explicit":"","block":"","filesize_raw":"","footnotes":""},"categories":[244],"tags":[2757,7379,4882],"series":[],"class_list":["post-59595","post","type-post","status-publish","format-standard","has-post-thumbnail","hentry","category-canal-de-arquitectura","tag-bim","tag-espacio-bim","tag-idom"],"aioseo_notices":[],"episode_featured_image":"https:\/\/stepienybarno.es\/blog\/wp-content\/uploads\/2023\/09\/idom.jpg","episode_player_image":"https:\/\/stepienybarno.es\/blog\/wp-content\/uploads\/2020\/11\/stepienybarno-podcast-scaled.jpg","download_link":"","player_link":"","audio_player":false,"episode_data":{"playerMode":"dark","subscribeUrls":[],"rssFeedUrl":"https:\/\/stepienybarno.es\/blog\/feed\/podcast\/podcast-de-stepienybarno","embedCode":"<blockquote class=\"wp-embedded-content\" data-secret=\"MSKZz3cFuX\"><a href=\"https:\/\/stepienybarno.es\/blog\/2023\/09\/11\/el-banco-santander-transforma-una-sede-en-espacio-cultural-gracias-a-bim\/\">El Banco Santander transforma una sede en espacio cultural gracias a BIM<\/a><\/blockquote><iframe sandbox=\"allow-scripts\" security=\"restricted\" src=\"https:\/\/stepienybarno.es\/blog\/2023\/09\/11\/el-banco-santander-transforma-una-sede-en-espacio-cultural-gracias-a-bim\/embed\/#?secret=MSKZz3cFuX\" width=\"500\" height=\"350\" title=\"\u00abEl Banco Santander transforma una sede en espacio cultural gracias a BIM\u00bb \u2014 Blog de STEPIEN Y BARNO - publicaci\u00f3n digital sobre arquitectura\" data-secret=\"MSKZz3cFuX\" frameborder=\"0\" marginwidth=\"0\" marginheight=\"0\" scrolling=\"no\" class=\"wp-embedded-content\"><\/iframe><script type=\"text\/javascript\">\n\/* <![CDATA[ *\/\n\/*! This file is auto-generated *\/\n!function(d,l){\"use strict\";l.querySelector&&d.addEventListener&&\"undefined\"!=typeof URL&&(d.wp=d.wp||{},d.wp.receiveEmbedMessage||(d.wp.receiveEmbedMessage=function(e){var t=e.data;if((t||t.secret||t.message||t.value)&&!\/[^a-zA-Z0-9]\/.test(t.secret)){for(var s,r,n,a=l.querySelectorAll('iframe[data-secret=\"'+t.secret+'\"]'),o=l.querySelectorAll('blockquote[data-secret=\"'+t.secret+'\"]'),c=new RegExp(\"^https?:$\",\"i\"),i=0;i<o.length;i++)o[i].style.display=\"none\";for(i=0;i<a.length;i++)s=a[i],e.source===s.contentWindow&&(s.removeAttribute(\"style\"),\"height\"===t.message?(1e3<(r=parseInt(t.value,10))?r=1e3:~~r<200&&(r=200),s.height=r):\"link\"===t.message&&(r=new URL(s.getAttribute(\"src\")),n=new URL(t.value),c.test(n.protocol))&&n.host===r.host&&l.activeElement===s&&(d.top.location.href=t.value))}},d.addEventListener(\"message\",d.wp.receiveEmbedMessage,!1),l.addEventListener(\"DOMContentLoaded\",function(){for(var e,t,s=l.querySelectorAll(\"iframe.wp-embedded-content\"),r=0;r<s.length;r++)(t=(e=s[r]).getAttribute(\"data-secret\"))||(t=Math.random().toString(36).substring(2,12),e.src+=\"#?secret=\"+t,e.setAttribute(\"data-secret\",t)),e.contentWindow.postMessage({message:\"ready\",secret:t},\"*\")},!1)))}(window,document);\n\/* ]]> *\/\n<\/script>\n"},"_links":{"self":[{"href":"https:\/\/stepienybarno.es\/blog\/wp-json\/wp\/v2\/posts\/59595"}],"collection":[{"href":"https:\/\/stepienybarno.es\/blog\/wp-json\/wp\/v2\/posts"}],"about":[{"href":"https:\/\/stepienybarno.es\/blog\/wp-json\/wp\/v2\/types\/post"}],"author":[{"embeddable":true,"href":"https:\/\/stepienybarno.es\/blog\/wp-json\/wp\/v2\/users\/2"}],"replies":[{"embeddable":true,"href":"https:\/\/stepienybarno.es\/blog\/wp-json\/wp\/v2\/comments?post=59595"}],"version-history":[{"count":3,"href":"https:\/\/stepienybarno.es\/blog\/wp-json\/wp\/v2\/posts\/59595\/revisions"}],"predecessor-version":[{"id":59656,"href":"https:\/\/stepienybarno.es\/blog\/wp-json\/wp\/v2\/posts\/59595\/revisions\/59656"}],"wp:featuredmedia":[{"embeddable":true,"href":"https:\/\/stepienybarno.es\/blog\/wp-json\/wp\/v2\/media\/59596"}],"wp:attachment":[{"href":"https:\/\/stepienybarno.es\/blog\/wp-json\/wp\/v2\/media?parent=59595"}],"wp:term":[{"taxonomy":"category","embeddable":true,"href":"https:\/\/stepienybarno.es\/blog\/wp-json\/wp\/v2\/categories?post=59595"},{"taxonomy":"post_tag","embeddable":true,"href":"https:\/\/stepienybarno.es\/blog\/wp-json\/wp\/v2\/tags?post=59595"},{"taxonomy":"series","embeddable":true,"href":"https:\/\/stepienybarno.es\/blog\/wp-json\/wp\/v2\/series?post=59595"}],"curies":[{"name":"wp","href":"https:\/\/api.w.org\/{rel}","templated":true}]}}