{"id":5963,"date":"2012-07-16T08:56:57","date_gmt":"2012-07-16T06:56:57","guid":{"rendered":"https:\/\/www.stepienybarno.es\/blog\/?p=5963"},"modified":"2016-11-12T13:28:37","modified_gmt":"2016-11-12T11:28:37","slug":"%c2%bfque-aporta-un-arquitecto-a-la-sociedad-actual-14-_-%c2%bfpor-que-contar-con-un-arquitecto","status":"publish","type":"post","link":"https:\/\/stepienybarno.es\/blog\/2012\/07\/16\/%c2%bfque-aporta-un-arquitecto-a-la-sociedad-actual-14-_-%c2%bfpor-que-contar-con-un-arquitecto\/","title":{"rendered":"\u00bfQU\u00c9 APORTA UN ARQUITECTO A LA SOCIEDAD ACTUAL? 1\/4 _ \u00bfPor qu\u00e9 contar con un arquitecto?"},"content":{"rendered":"<p align=\"center\"><img loading=\"lazy\" decoding=\"async\" class=\"aligncenter size-full wp-image-5964\" title=\"0. IDEASCOAG _ STEPIENYBARNO _ COAG _ VIGO _ MESA 1 350\" src=\"https:\/\/stepienybarno.es\/blog\/wp-content\/uploads\/2012\/07\/0.-IDEASCOAG-_-STEPIENYBARNO-_-COAG-_-VIGO-_-MESA-1-350-.jpg\" alt=\"0. IDEASCOAG _ STEPIENYBARNO _ COAG _ VIGO _ MESA 1 350\" width=\"350\" height=\"98\" srcset=\"https:\/\/stepienybarno.es\/blog\/wp-content\/uploads\/2012\/07\/0.-IDEASCOAG-_-STEPIENYBARNO-_-COAG-_-VIGO-_-MESA-1-350-.jpg 350w, https:\/\/stepienybarno.es\/blog\/wp-content\/uploads\/2012\/07\/0.-IDEASCOAG-_-STEPIENYBARNO-_-COAG-_-VIGO-_-MESA-1-350--180x50.jpg 180w, https:\/\/stepienybarno.es\/blog\/wp-content\/uploads\/2012\/07\/0.-IDEASCOAG-_-STEPIENYBARNO-_-COAG-_-VIGO-_-MESA-1-350--316x88.jpg 316w\" sizes=\"(max-width: 350px) 100vw, 350px\" \/><\/p>\n<p>Los d\u00edas 21 y 22 de junio tuvo lugar en el colegio de arquitectos de Vigo un encuentro para debatir sobre el estado de la profesi\u00f3n de arquitecto y la propia arquitectura. Las jornadas estuvieron organizadas por el Colegio de Arquitectos de Galicia y coordinadas por m\u00e1s de veinte colaboradores (desde el denominado <a href=\"http:\/\/laboratoriodeideasdelcoag.com\/\">laboratorio de ideas),<\/a> que se dejaron la piel para que todo fuera sobre ruedas.<\/p>\n<p>Nosotros, desde Stepienybarno, tuvimos la suerte de ser convocados para participar en una de las cuatro intensas mesas de debate que se montaron para la ocasi\u00f3n.<\/p>\n<p>As\u00ed que, con la entrada de hoy, queremos rescatar alguno de los momentos del encuentro que nos parecieron m\u00e1s relevantes, aunque queremos dejar claro que no se trata de una cr\u00f3nica-resumen. Hay muchas intervenciones que debieran aparecer y que, a pesar de su evidente inter\u00e9s, no estar\u00e1n reflejadas en el texto.<\/p>\n<p>A\u00fan as\u00ed, esperamos poder dar una visi\u00f3n general de lo que se habl\u00f3 en cada mesa y estaremos encantados de que nos ayud\u00e9is a completar la informaci\u00f3n!!<\/p>\n<p>Para ello, hemos preparado cuatro entregas; una por cada mesa de debate que publicaremos a lo largo de la semana. Hoy vamos con la mesa 1 \u00a1Esperamos que se de vuestro inter\u00e9s!<\/p>\n<p><!--more--><\/p>\n<blockquote>\n<h3 style=\"text-align: center;\"><span style=\"color: #ff0000;\"><a style=\"color: #ff0000;\" href=\"http:\/\/cursoidentidaddigital.stepienybarno.es\/\">Sexta edici\u00f3n de nuestro curso online de Identidad Digital para arquitectos<\/a><\/span><\/h3>\n<p style=\"text-align: center;\">Un curso hecho por arquitectos, para arquitectos. Si te interesa mejorar tu visibilidad en la red y, por lo tanto, tus posibilidades laborales \u00a1este es tu curso!<\/p>\n<p style=\"text-align: center;\">Toda la informaci\u00f3n <a href=\"http:\/\/cursoidentidaddigital.stepienybarno.es\/\">por aqu\u00ed.<\/a><\/p>\n<\/blockquote>\n<p><strong>MESA 1 _ \u00bfPor qu\u00e9 contar con un arquitecto?<\/strong><\/p>\n<p>Antes de empezar este relato, quietamos agradecer, una vez m\u00e1s, al comisario de esta aventura, Luciano Alfaya, por confiar en nosotros para formar parte de la mesa que abri\u00f3 el encuentro.<\/p>\n<p>Esta primera tanda de intervenciones ten\u00eda el sugerente t\u00edtulo de \u00bfpor qu\u00e9 contar con un arquitecto? <strong>La pregunta en s\u00ed misma ya tra\u00eda cola pues no deja de ser, cuando menos, curioso que los propios arquitectos nos la hagamos y m\u00e1s si lo hacemos en una sede del colegio.<\/strong> Por un lado, se plante\u00f3 la cuesti\u00f3n de que poner la pregunta encima del tablero, de manera tan cruda, quiz\u00e1s fuera en nuestra contra, pues la sociedad pod\u00eda pensar que nos hab\u00edamos vuelto un poco locos y no sab\u00edamos ni por d\u00f3nde nos pegaba el aire. Por otro lado, tambi\u00e9n es cierto que pod\u00eda entenderse como una cura de humildad y hacer una revisi\u00f3n, a modo de ITC, desde los propios cimientos de la profesi\u00f3n.<\/p>\n<p align=\"center\"><img loading=\"lazy\" decoding=\"async\" class=\"aligncenter size-full wp-image-5965\" title=\"1. IDEASCOAG _ STEPIENYBARNO _ COAG _ VIGO _LORENZO SANTIAGO DE MOLINA 500\" src=\"https:\/\/stepienybarno.es\/blog\/wp-content\/uploads\/2012\/07\/1.-IDEASCOAG-_-STEPIENYBARNO-_-COAG-_-VIGO-_LORENZO-SANTIAGO-DE-MOLINA-500-.jpg\" alt=\"1. IDEASCOAG _ STEPIENYBARNO _ COAG _ VIGO _LORENZO SANTIAGO DE MOLINA 500\" width=\"500\" height=\"322\" srcset=\"https:\/\/stepienybarno.es\/blog\/wp-content\/uploads\/2012\/07\/1.-IDEASCOAG-_-STEPIENYBARNO-_-COAG-_-VIGO-_LORENZO-SANTIAGO-DE-MOLINA-500-.jpg 500w, https:\/\/stepienybarno.es\/blog\/wp-content\/uploads\/2012\/07\/1.-IDEASCOAG-_-STEPIENYBARNO-_-COAG-_-VIGO-_LORENZO-SANTIAGO-DE-MOLINA-500--180x116.jpg 180w, https:\/\/stepienybarno.es\/blog\/wp-content\/uploads\/2012\/07\/1.-IDEASCOAG-_-STEPIENYBARNO-_-COAG-_-VIGO-_LORENZO-SANTIAGO-DE-MOLINA-500--316x204.jpg 316w\" sizes=\"(max-width: 500px) 100vw, 500px\" \/><\/p>\n<p align=\"center\"><span style=\"color: #888888;\">1\/2 \u00a0de Stepienybarno + Santiago de Molina<\/span><\/p>\n<p>Para abrir el fuego nadie mejor que <a href=\"http:\/\/www.santiagodemolina.com\/\">Santiago de Molina<\/a>, quien comenz\u00f3 afirmando que \u201c<strong>la arquitectura, directamente, no interesa a la sociedad<\/strong>\u201d a lo que Luz Paz, poco m\u00e1s tarde, a\u00f1adi\u00f3 que \u201c<strong>o piensan que somos Eisenman o mercenarios al servicio del sector inmobiliario<\/strong>\u201d.<\/p>\n<p>Otra de las cr\u00edticas hacia el sector, que salieron a colaci\u00f3n, fue el apunte que hizo Miguel Villegas (<a href=\"http:\/\/arquitextonica.net\/\">Arquitextonica<\/a>) comentando que unos de sus clientes les recriminaban que \u201cpensaban demasiado\u201d.<\/p>\n<p>Aunque no todo eran nubarrones, Santiago de Molina, coment\u00f3 que \u201cesta es la profesi\u00f3n del futuro, no hay trabajo ahora mismo en la construcci\u00f3n pero nos podemos adaptar a cualquier labor creativa: desde el dise\u00f1o de muebles a la organizaci\u00f3n de eventos. Somos la \u00fanica profesi\u00f3n que trabaja espec\u00edficamente con proyectar algo que no existe ni en el tiempo ni el espacio. (\u2026)\u201d<\/p>\n<p>Igualmente, en su acertada reflexi\u00f3n publicada en La Ciudad Viva, Santiago continua apuntando una de las claves del tema, \u201cEl acto de proyectar supone\u00a0<em>proyectar-se<\/em> hacia delante en el tiempo y en el espacio, para anticipar cuestiones, problem\u00e1ticas y oportunidades de lo propuesto en relaci\u00f3n a un estado aun\u00a0<em>no-nato<\/em>. Proyectar es imaginar el futuro. Esa es la verdadera especialidad del arquitecto y como tal tiene arraigada en su esencia el potencial creativo y t\u00e9cnico capaz de anticiparse a esas condiciones aun inexistentes.\u201d<\/p>\n<p>Es decir que, <strong>como si fu\u00e9ramos jugadores de ajedrez, tenemos mucho que aportar tanto en nuestra propia disciplina como, usando las mismas \u201ct\u00e9cnicas\u201d, en la periferia de la arquitectura.<\/strong><\/p>\n<p align=\"center\"><img loading=\"lazy\" decoding=\"async\" class=\"aligncenter size-full wp-image-5966\" title=\"2. 0. IDEASCOAG _ STEPIENYBARNO _ COAG _ VIGO _ LUZ PAZ Y LORENZO 500\" src=\"https:\/\/stepienybarno.es\/blog\/wp-content\/uploads\/2012\/07\/2.-0.-IDEASCOAG-_-STEPIENYBARNO-_-COAG-_-VIGO-_-LUZ-PAZ-Y-LORENZO-500-.jpg\" alt=\"2. 0. IDEASCOAG _ STEPIENYBARNO _ COAG _ VIGO _ LUZ PAZ Y LORENZO 500\" width=\"500\" height=\"333\" srcset=\"https:\/\/stepienybarno.es\/blog\/wp-content\/uploads\/2012\/07\/2.-0.-IDEASCOAG-_-STEPIENYBARNO-_-COAG-_-VIGO-_-LUZ-PAZ-Y-LORENZO-500-.jpg 500w, https:\/\/stepienybarno.es\/blog\/wp-content\/uploads\/2012\/07\/2.-0.-IDEASCOAG-_-STEPIENYBARNO-_-COAG-_-VIGO-_-LUZ-PAZ-Y-LORENZO-500--180x120.jpg 180w, https:\/\/stepienybarno.es\/blog\/wp-content\/uploads\/2012\/07\/2.-0.-IDEASCOAG-_-STEPIENYBARNO-_-COAG-_-VIGO-_-LUZ-PAZ-Y-LORENZO-500--316x210.jpg 316w\" sizes=\"(max-width: 500px) 100vw, 500px\" \/><\/p>\n<p align=\"center\"><span style=\"color: #888888;\">Luz Paz Agr\u00e1s\u00a0 + 1\/2 \u00a0de Stepienybarno<\/span><\/p>\n<p align=\"center\"><span style=\"color: #888888;\">Fotograf\u00eda extra\u00edda de la p\u00e1gina del Laboratorio de Ideas.<\/span><\/p>\n<p>A su vez, desde la fila cero, el representante de los promotores, Javier Garrido, en un todo directo y contundente (quiz\u00e1s demasiado), hizo un <strong>alegato en contra de lo que el denomin\u00f3 \u201carquitecto \u2013 poeta\u201d y pidi\u00f3 \u201ccomplicidad entre arquitectos y promotores\u201d. Lo que no termin\u00f3 de quedar claro, qu\u00e9 es lo que \u00e9l entend\u00eda por complicidad y qu\u00e9 ocurre con la arquitectura cuando se le priva de ese \u201cno se qu\u00e9\u201d del que hablaba Miguel Fisac.<\/strong> Igualmente, dio a entender que si nos pon\u00edamos las pilas, igual, todo \u201cpodr\u00eda a volver a ser como antes\u201d. Y eso s\u00ed que no, por mucho que nos apriete el cintur\u00f3n por no tener \u00a0encargos, no es de recibo pensar que seguir macizando media Espa\u00f1a pueda ser el objetivo para que nuestra profesi\u00f3n salga del pozo.<\/p>\n<p>Tambi\u00e9n destacar que, otro de los asistentes, reclam\u00f3 una mayor toma de conciencia sobre \u201c<strong>cuestiones de tipo empresarial para los arquitectos\u201d;<\/strong> lo cual, a nosotros personalmente, nos parece de urgencia m\u00e1xima. Tambi\u00e9n, desde el p\u00fablico, se puso en evidencia el car\u00e1cter poco solidario que, a veces, caracteriza a los arquitectos; pudimos o\u00edr a \u00a0una de las voces decir que le daba igual lo que le sucediera al colectivo, pero que \u00e9l quer\u00eda soluciones para conseguir m\u00e1s encargos. Vaya, de traca.<\/p>\n<p align=\"center\"><img loading=\"lazy\" decoding=\"async\" class=\"aligncenter size-full wp-image-5967\" title=\"3. IDEASCOAG _ STEPIENYBARNO _ COAG _ VIGO _MESA 1 500\" src=\"https:\/\/stepienybarno.es\/blog\/wp-content\/uploads\/2012\/07\/3.-IDEASCOAG-_-STEPIENYBARNO-_-COAG-_-VIGO-_MESA-1-500-.jpg\" alt=\"3. IDEASCOAG _ STEPIENYBARNO _ COAG _ VIGO _MESA 1 500\" width=\"960\" height=\"296\" srcset=\"https:\/\/stepienybarno.es\/blog\/wp-content\/uploads\/2012\/07\/3.-IDEASCOAG-_-STEPIENYBARNO-_-COAG-_-VIGO-_MESA-1-500-.jpg 960w, https:\/\/stepienybarno.es\/blog\/wp-content\/uploads\/2012\/07\/3.-IDEASCOAG-_-STEPIENYBARNO-_-COAG-_-VIGO-_MESA-1-500--180x56.jpg 180w, https:\/\/stepienybarno.es\/blog\/wp-content\/uploads\/2012\/07\/3.-IDEASCOAG-_-STEPIENYBARNO-_-COAG-_-VIGO-_MESA-1-500--550x170.jpg 550w, https:\/\/stepienybarno.es\/blog\/wp-content\/uploads\/2012\/07\/3.-IDEASCOAG-_-STEPIENYBARNO-_-COAG-_-VIGO-_MESA-1-500--316x97.jpg 316w\" sizes=\"(max-width: 960px) 100vw, 960px\" \/><\/p>\n<p align=\"center\"><span style=\"color: #888888;\">Mesa 1<\/span><\/p>\n<p align=\"center\"><span style=\"color: #888888;\">Fotograf\u00eda extra\u00edda de la p\u00e1gina del Laboratorio de Ideas.<\/span><\/p>\n<p>Quiz\u00e1s se ech\u00f3 en falta hablar con m\u00e1s detenimiento, en esta u otra mesa, del papel que juegan o pudieran llegar a jugar los Colegios de Arquitectos como instituciones y cu\u00e1les podr\u00edan ser las claves de un posible reciclaje. Aunque tambi\u00e9n es cierto que, I\u00f1igo Garc\u00eda (<a href=\"http:\/\/www.vaumm.com\/\">Vaumm<\/a>), en esta ocasi\u00f3n desde el p\u00fablico, anim\u00f3 a que <strong>los Colegios debieran tener voz propia y opinar sobre los asuntos de actualidad de sus ciudades<\/strong> y las acciones de determinados arquitectos que, muchas veces, hunden nuestra reputaci\u00f3n por los suelos.<\/p>\n<p>Realmente, creemos que son necesarios Colegios con opini\u00f3n clara y contundente, y que busquen la forma de hacerla visible a la sociedad y a sus propios colegiados (la red puede dar un sinf\u00edn de posibilidades todav\u00eda sin explorar por la mayor\u00eda de ellos).<\/p>\n<p>En fin, como veis, una primera mesa que estuvo de lo m\u00e1s entretenida y que dio gusto ver como el micr\u00f3fono era pedido por gran cantidad de p\u00fablico. Os acord\u00e1is esas \u201ccharlas maestras\u201d en las que el ponente terminaba y nadie se atrev\u00eda a levantar la mano para comentar nada. Qu\u00e9 bien que los tiempos van cambiando.<\/p>\n<p>Y ahora os toca a vosotros coger el micro virtual y comentar lo que os apetezca.<\/p>\n<blockquote><p>* y ma\u00f1ana la segunda entrega:\u00a0 \u00bfC\u00f3mo contribuye un arquitecto a la mejora de las ciudades?<\/p><\/blockquote>\n<blockquote>\n<p align=\"left\"><span style=\"color: #333333;\">Otros enlaces relacionados con el tema:<\/span><\/p>\n<p align=\"left\"><span style=\"color: #333333;\"><a href=\"http:\/\/laboratoriodeideasdelcoag\/\">&#8211; Laboratorio de ideas del Coag<\/a>, <a href=\"http:\/\/laboratoriodeideasdelcoag.com\/2012\/06\/26\/que-puede-aportar-el-arquitecto-a-la-ciudad-idoia-camiruaga-oses\/\">aqu\u00ed.<\/a><\/span><\/p>\n<p align=\"left\"><span style=\"color: #333333;\">&#8211; V\u00eddeo entrevistas, <a href=\"http:\/\/laboratoriodeideasdelcoag.com\/video-entrevistas\/\">aqu\u00ed.<\/a><\/span><\/p>\n<p align=\"left\"><span style=\"color: #333333;\">&#8211; <a href=\"http:\/\/danielayalaserrano.tumblr.com\/post\/26413184028\/laboratorio-de-ideas-coag\">Los arquitectos debemos abandonar nuestra zona de confort<\/a> _ Por Daniel Ayala, <a href=\"http:\/\/danielayalaserrano.tumblr.com\/post\/26413184028\/laboratorio-de-ideas-coag\">aqu\u00ed.<\/a><\/span><\/p>\n<p align=\"left\"><span style=\"color: #333333;\">&#8211; Reflexi\u00f3n de\u00a0arquitext\u00f3nica _ Por Miguel Villegas, <a href=\"http:\/\/arquitextonica.net\/2012\/06\/27\/reflexiones-tras-el-laboratorio-de-ideas-del-coag\/\">aqu\u00ed.<\/a><\/span><\/p>\n<p align=\"left\"><span style=\"color: #333333;\">&#8211; n+1: Mr.X Strikes\u00a0Back _ Por Jos\u00e9 Mar\u00eda Echarte, <a href=\"http:\/\/laboratoriodeideasdelcoag.com\/2012\/06\/29\/nmas1\/\">aqu\u00ed.<\/a><\/span><\/p>\n<p align=\"left\"><span style=\"color: #333333;\">&#8211; Incertidumbres y futuro del arquitecto _ Por Santiago de Molina, <a href=\"http:\/\/www.laciudadviva.org\/blogs\/?p=14326\">aqu\u00ed.<\/a><\/span><\/p>\n<p align=\"left\"><span style=\"color: #333333;\">&#8211; \u00bfQu\u00e9 puede aportar el arquitecto a la\u00a0ciudad? _ Por <em>Idoia Camiruaga Os\u00e9s, <a href=\"http:\/\/laboratoriodeideasdelcoag.com\/2012\/06\/26\/que-puede-aportar-el-arquitecto-a-la-ciudad-idoia-camiruaga-oses\/\">aqu\u00ed.<\/a> <\/em><\/span><\/p>\n<p align=\"left\"><span style=\"color: #333333;\">&#8211; Estado de\u00a0p\u00e1nico _ Por Fredy Massad, <a href=\"http:\/\/www.btbwarchitecture.com\/2012\/07\/estado-de-panico.html\">aqu\u00ed.<\/a><\/span><\/p>\n<p align=\"left\"><span style=\"color: #333333;\">&#8211; <a href=\"http:\/\/www.herizo.com\/post\/26984160828\/sobre-las-jornadas-del-laboratorio-de-ideas\">\u2026 sobre las jornadas del Laboratorio de Ideas<\/a> _ Por Jes\u00fas \u00c1ngel Izquierdo G\u00f3mez, <a href=\"http:\/\/www.herizo.com\/post\/26984160828\/sobre-las-jornadas-del-laboratorio-de-ideas\">aqu\u00ed<\/a><\/span><\/p>\n<p align=\"left\"><span style=\"color: #333333;\">&#8211; <a title=\"Enlace permanente a el ocaso de una\u00a0profesi\u00f3n\" href=\"http:\/\/laboratoriodeideasdelcoag.com\/2012\/07\/02\/el-ocaso-de-una-profesion\/\" target=\"_blank\">El ocaso de una\u00a0profesi\u00f3n<\/a> _ \u00a0Por Andr\u00e9s Mart\u00ednez, <a href=\"http:\/\/laboratoriodeideasdelcoag.com\/2012\/07\/02\/el-ocaso-de-una-profesion\/\">aqu\u00ed.<\/a><\/span><\/p>\n<p align=\"left\"><span style=\"color: #333333;\">&#8211; Laboratorio de Ideas: Conclusiones _ Por Eva Rodicio, <a href=\"http:\/\/www.scalae.net\/noticia\/laboratorio-de-ideas-conclusiones\">aqu\u00ed.<\/a><\/span><\/p>\n<\/blockquote>\n<h3 style=\"text-align: center;\">Autores de la entrada: <a href=\"http:\/\/www.facebook.com\/col.prudant#!\/StepienybarnoCANAL\">Stepienybarno<\/a><\/h3>\n<blockquote>\n<h3 style=\"text-align: center;\"><span style=\"color: #ff0000;\"><a style=\"color: #ff0000;\" href=\"http:\/\/cursoidentidaddigital.stepienybarno.es\/\">Sexta edici\u00f3n de nuestro curso online de Identidad Digital para arquitectos<\/a><\/span><\/h3>\n<p style=\"text-align: center;\">Un curso hecho por arquitectos, para arquitectos. Si te interesa mejorar tu visibilidad en la red y, por lo tanto, tus posibilidades laborales \u00a1este es tu curso!<\/p>\n<p style=\"text-align: center;\">Toda la informaci\u00f3n <a href=\"http:\/\/cursoidentidaddigital.stepienybarno.es\/\">por aqu\u00ed.<\/a><\/p>\n<\/blockquote>\n<p><span style=\"color: #999999;\"><em><a style=\"color: #999999;\" href=\"http:\/\/www.linkedin.com\/company\/stepienybarno\">STEPIENYBARNO EN LINKEDIN<\/a><\/em><\/span><\/p>\n<p><span style=\"color: #999999;\"><em><a style=\"color: #999999;\" href=\"http:\/\/twitter.com\/stepienybarno\/stepienybarno\">STEPIENYBARNO EN TWITTER<\/a><\/em><\/span><\/p>\n<p align=\"left\"><span style=\"color: #999999;\"><em><a style=\"color: #999999;\" href=\"https:\/\/www.facebook.com\/pages\/BLOG-DE-STEPIENYBARNO\/78001079029\">STEPIENYBARNO EN FACEBOOK<\/a><\/em><\/span><\/p>\n<p><span style=\"color: #999999;\"><em>* Stepienybarno est\u00e1 formado por Agnieszka Stepien y Lorenzo Barn\u00f3 y desde mayo del 2009 estamos en la red con\u00a0 la presente publicaci\u00f3n digital (Blog) de arquitectura.<\/em><\/span><\/p>\n<p><span style=\"color: #999999;\"><em>Nuestra actividad se sustenta en tres pilares b\u00e1sicos: la investigaci\u00f3n, la publicaci\u00f3n y la redacci\u00f3n de proyectos de arquitectura.<\/em><\/span><\/p>\n<p><span style=\"color: #999999;\"><em>A su vez, somos socios cofundadores de <a style=\"color: #999999;\" href=\"http:\/\/sinergiasostenible.org\/\">SINERGIA SOSTENIBLE<\/a> y redactores de <a style=\"color: #999999;\" href=\"http:\/\/www.laciudadviva.org\/blogs\/?author=45\">LA CIUDAD VIVA<\/a>.<\/em><\/span><\/p>\n<p align=\"left\"><span style=\"color: #999999;\"><em>* Los editores de esta publicaci\u00f3n digital no nos hacemos cargo de de los comentarios y\u00a0 conceptos vertidos en los textos firmados por otras personas, siendo \u00e9stos de responsabilidad exclusiva de sus autores.<\/em><\/span><\/p>\n<p><span style=\"color: #999999;\"><em>* Tu comentario pudiera ser moderado, por lo tanto, aunque aparezca inmediatamente al ser publicado en la entrada, los editores de esta publicaci\u00f3n digital nos reservamos el derecho tanto de editarlo (si fuera necesario, para hacerlo m\u00e1s legible) como de eliminarlo en el caso de que se usen expresiones incorrectas (descalificaciones, palabras malsonantes\u2026). A su vez, si quieres comentar desde el anonimato puedes hacerlo, aunque, nosotros personalmente, agradecemos que tod@s nos podamos identificar.<\/em><\/span><\/p>\n","protected":false},"excerpt":{"rendered":"\n<p>Los d\u00edas 21 y 22 de junio tuvo lugar en el colegio de arquitectos de Vigo un encuentro para debatir sobre el estado de la profesi\u00f3n de arquitecto y la propia arquitectura. Las jornadas estuvieron organizadas por el Colegio de Arquitectos de Galicia y coordinadas por m\u00e1s de veinte colaboradores (desde el denominado laboratorio de ideas), que se dejaron la piel para que todo fuera sobre ruedas.<\/p>\n<p>Nosotros, desde Stepienybarno, tuvimos la suerte de ser convocados para participar en una de las cuatro intensas mesas de debate que se montaron para la ocasi\u00f3n.<\/p>\n<p>As\u00ed que, con la entrada de hoy, queremos rescatar alguno de los momentos del encuentro que nos parecieron m\u00e1s relevantes, aunque queremos dejar claro que no se trata de una cr\u00f3nica-resumen. Hay muchas intervenciones que debieran aparecer y que, a pesar de su evidente inter\u00e9s, no estar\u00e1n reflejadas en el texto.<\/p>\n<p>A\u00fan as\u00ed, esperamos poder dar una visi\u00f3n general de lo que se habl\u00f3 en cada mesa y estaremos encantados de que nos ayud\u00e9is a completar la informaci\u00f3n!!<\/p>\n<p>Para ello, hemos preparado cuatro entregas; una por cada mesa de debate que publicaremos a lo largo de la semana. Hoy vamos con la mesa 1 \u00a1Esperamos que se de vuestro inter\u00e9s!<\/p>\n","protected":false},"author":2,"featured_media":0,"comment_status":"open","ping_status":"closed","sticky":false,"template":"","format":"standard","meta":{"om_disable_all_campaigns":false,"_monsterinsights_skip_tracking":false,"_monsterinsights_sitenote_active":false,"_monsterinsights_sitenote_note":"","_monsterinsights_sitenote_category":0,"_uf_show_specific_survey":0,"_uf_disable_surveys":false,"episode_type":"","audio_file":"","cover_image":"","cover_image_id":"","duration":"","filesize":"","date_recorded":"","explicit":"","block":"","filesize_raw":"","footnotes":""},"categories":[34,4,2976],"tags":[1813,4274,1852,9,258,466,1853,1854,1855,1188,1856,1857,1858,1367,1859,1860,1861,351,1862,1863,1864,1865,1096,1866,281,1867,1868,1869,1170,1870,1248,1871,416,1872,1873,1874,465,1875,1876,187,1877,35,175,1878],"series":[],"class_list":["post-5963","post","type-post","status-publish","format-standard","hentry","category-actualidad","category-arquilectura","category-profesion-arquitecto","tag-ideascoag","tag-actualidad","tag-agatha-r-dzianach","tag-arquitectura","tag-arquitextonica","tag-bea-villanueva","tag-beatriz-agulla","tag-borja-lopez-cotelo","tag-carlos-trabazo","tag-daniel-ayala","tag-david-alvarez","tag-desescribir","tag-domingo-couto","tag-el-estado-de-la-profesion","tag-evelio-sanchez","tag-felipe-masid","tag-felipe-trillo","tag-fredy-massad","tag-iago-f-penedo","tag-iago-valverde","tag-idoia-camiruaga","tag-inigo-garcia","tag-joana-covelo","tag-jorge-meijide","tag-jose-maria-echarte","tag-juan-navarro","tag-laboratorio-de-ideas-del-coag","tag-luciano-g-alfaya","tag-luis-santalla","tag-luz-paz-agras","tag-manuel-borobio","tag-marta-labastida","tag-miguel-villegas","tag-nmas1","tag-noelia-torrente","tag-pablo-chao","tag-paco-casas","tag-rafael-tenorio","tag-sandra-costa","tag-santiago-de-molina","tag-sonia-freire","tag-stepienybarno","tag-vaumm","tag-xavi-pousa"],"aioseo_notices":[],"episode_featured_image":false,"episode_player_image":"https:\/\/stepienybarno.es\/blog\/wp-content\/uploads\/2020\/11\/stepienybarno-podcast-scaled.jpg","download_link":"","player_link":"","audio_player":false,"episode_data":{"playerMode":"dark","subscribeUrls":[],"rssFeedUrl":"https:\/\/stepienybarno.es\/blog\/feed\/podcast\/podcast-de-stepienybarno","embedCode":"<blockquote class=\"wp-embedded-content\" data-secret=\"cbdF2pX3XJ\"><a href=\"https:\/\/stepienybarno.es\/blog\/2012\/07\/16\/%c2%bfque-aporta-un-arquitecto-a-la-sociedad-actual-14-_-%c2%bfpor-que-contar-con-un-arquitecto\/\">\u00bfQU\u00c9 APORTA UN ARQUITECTO A LA SOCIEDAD ACTUAL? 1\/4 _ \u00bfPor qu\u00e9 contar con un arquitecto?<\/a><\/blockquote><iframe sandbox=\"allow-scripts\" security=\"restricted\" src=\"https:\/\/stepienybarno.es\/blog\/2012\/07\/16\/%c2%bfque-aporta-un-arquitecto-a-la-sociedad-actual-14-_-%c2%bfpor-que-contar-con-un-arquitecto\/embed\/#?secret=cbdF2pX3XJ\" width=\"500\" height=\"350\" title=\"\u00ab\u00bfQU\u00c9 APORTA UN ARQUITECTO A LA SOCIEDAD ACTUAL? 1\/4 _ \u00bfPor qu\u00e9 contar con un arquitecto?\u00bb \u2014 Blog de STEPIEN Y BARNO - publicaci\u00f3n digital sobre arquitectura\" data-secret=\"cbdF2pX3XJ\" frameborder=\"0\" marginwidth=\"0\" marginheight=\"0\" scrolling=\"no\" class=\"wp-embedded-content\"><\/iframe><script type=\"text\/javascript\">\n\/* <![CDATA[ *\/\n\/*! This file is auto-generated *\/\n!function(d,l){\"use strict\";l.querySelector&&d.addEventListener&&\"undefined\"!=typeof URL&&(d.wp=d.wp||{},d.wp.receiveEmbedMessage||(d.wp.receiveEmbedMessage=function(e){var t=e.data;if((t||t.secret||t.message||t.value)&&!\/[^a-zA-Z0-9]\/.test(t.secret)){for(var s,r,n,a=l.querySelectorAll('iframe[data-secret=\"'+t.secret+'\"]'),o=l.querySelectorAll('blockquote[data-secret=\"'+t.secret+'\"]'),c=new RegExp(\"^https?:$\",\"i\"),i=0;i<o.length;i++)o[i].style.display=\"none\";for(i=0;i<a.length;i++)s=a[i],e.source===s.contentWindow&&(s.removeAttribute(\"style\"),\"height\"===t.message?(1e3<(r=parseInt(t.value,10))?r=1e3:~~r<200&&(r=200),s.height=r):\"link\"===t.message&&(r=new URL(s.getAttribute(\"src\")),n=new URL(t.value),c.test(n.protocol))&&n.host===r.host&&l.activeElement===s&&(d.top.location.href=t.value))}},d.addEventListener(\"message\",d.wp.receiveEmbedMessage,!1),l.addEventListener(\"DOMContentLoaded\",function(){for(var e,t,s=l.querySelectorAll(\"iframe.wp-embedded-content\"),r=0;r<s.length;r++)(t=(e=s[r]).getAttribute(\"data-secret\"))||(t=Math.random().toString(36).substring(2,12),e.src+=\"#?secret=\"+t,e.setAttribute(\"data-secret\",t)),e.contentWindow.postMessage({message:\"ready\",secret:t},\"*\")},!1)))}(window,document);\n\/* ]]> *\/\n<\/script>\n"},"_links":{"self":[{"href":"https:\/\/stepienybarno.es\/blog\/wp-json\/wp\/v2\/posts\/5963"}],"collection":[{"href":"https:\/\/stepienybarno.es\/blog\/wp-json\/wp\/v2\/posts"}],"about":[{"href":"https:\/\/stepienybarno.es\/blog\/wp-json\/wp\/v2\/types\/post"}],"author":[{"embeddable":true,"href":"https:\/\/stepienybarno.es\/blog\/wp-json\/wp\/v2\/users\/2"}],"replies":[{"embeddable":true,"href":"https:\/\/stepienybarno.es\/blog\/wp-json\/wp\/v2\/comments?post=5963"}],"version-history":[{"count":9,"href":"https:\/\/stepienybarno.es\/blog\/wp-json\/wp\/v2\/posts\/5963\/revisions"}],"predecessor-version":[{"id":24975,"href":"https:\/\/stepienybarno.es\/blog\/wp-json\/wp\/v2\/posts\/5963\/revisions\/24975"}],"wp:attachment":[{"href":"https:\/\/stepienybarno.es\/blog\/wp-json\/wp\/v2\/media?parent=5963"}],"wp:term":[{"taxonomy":"category","embeddable":true,"href":"https:\/\/stepienybarno.es\/blog\/wp-json\/wp\/v2\/categories?post=5963"},{"taxonomy":"post_tag","embeddable":true,"href":"https:\/\/stepienybarno.es\/blog\/wp-json\/wp\/v2\/tags?post=5963"},{"taxonomy":"series","embeddable":true,"href":"https:\/\/stepienybarno.es\/blog\/wp-json\/wp\/v2\/series?post=5963"}],"curies":[{"name":"wp","href":"https:\/\/api.w.org\/{rel}","templated":true}]}}