{"id":59724,"date":"2023-10-03T08:01:40","date_gmt":"2023-10-03T06:01:40","guid":{"rendered":"https:\/\/stepienybarno.es\/blog\/?p=59724"},"modified":"2023-09-23T11:22:47","modified_gmt":"2023-09-23T09:22:47","slug":"perfiles-estructurales-de-madera-en-doble-t-i-h","status":"publish","type":"post","link":"https:\/\/stepienybarno.es\/blog\/2023\/10\/03\/perfiles-estructurales-de-madera-en-doble-t-i-h\/","title":{"rendered":"Perfiles estructurales de madera (en doble T, I, H)"},"content":{"rendered":"<p><img loading=\"lazy\" decoding=\"async\" class=\"alignnone size-full wp-image-59725\" src=\"https:\/\/stepienybarno.es\/blog\/wp-content\/uploads\/2023\/09\/stepienybarno-Perfiles-estructurales-de-madera-en-doble-T-I-H-Postdeldia.jpg\" alt=\"\" width=\"870\" height=\"580\" srcset=\"https:\/\/stepienybarno.es\/blog\/wp-content\/uploads\/2023\/09\/stepienybarno-Perfiles-estructurales-de-madera-en-doble-T-I-H-Postdeldia.jpg 870w, https:\/\/stepienybarno.es\/blog\/wp-content\/uploads\/2023\/09\/stepienybarno-Perfiles-estructurales-de-madera-en-doble-T-I-H-Postdeldia-550x367.jpg 550w, https:\/\/stepienybarno.es\/blog\/wp-content\/uploads\/2023\/09\/stepienybarno-Perfiles-estructurales-de-madera-en-doble-T-I-H-Postdeldia-180x120.jpg 180w, https:\/\/stepienybarno.es\/blog\/wp-content\/uploads\/2023\/09\/stepienybarno-Perfiles-estructurales-de-madera-en-doble-T-I-H-Postdeldia-316x211.jpg 316w\" sizes=\"(max-width: 870px) 100vw, 870px\" \/><\/p>\n<h1><strong>Por: Finsa<br \/>\n<\/strong><\/h1>\n<h2>Desde:\u00a0maderayconstruccion<\/h2>\n<h2><strong>Fotograf\u00eda: woodshedtruss.com | creativetimbers.com.au<br \/>\n<\/strong><\/h2>\n<p>No es ninguna novedad que el mundo de la madera lleva muchos a\u00f1os de b\u00fasqueda investigando y aportando nuevas soluciones, obtenidas gracias a las nuevas tecnolog\u00edas y a la parametrizaci\u00f3n, a nuestras construcciones.<\/p>\n<p>\u00daltimamente, en un intento de ser m\u00e1s espec\u00edficos, de socializar estas soluciones, as\u00ed como de la madera que se utiliza para llegar a ellas, habr\u00e9is visto c\u00f3mo en el blog de maderayconstruccion.com hemos redactado diversos art\u00edculos en una l\u00ednea m\u00e1s t\u00e9cnica. Principalmente hemos hablado de la madera contralaminada CLT, as\u00ed como de todas las opciones que nos brindan precisamente la parametrizaci\u00f3n y la aplicaci\u00f3n del control num\u00e9rico en este \u00e1mbito. Sus virtudes y sus desventajas, que siendo a\u00fan mucho el camino que queda por recorrer, todav\u00eda las tienen.<\/p>\n<p>&nbsp;<\/p>\n<p style=\"text-align: center;\"><a href=\"https:\/\/maderayconstruccion.com\/perfiles-estructurales-de-madera-doble-t-i-h\/\" target=\"_blank\" rel=\"noopener\">Acceder al post<\/a><\/p>\n<hr \/>\n<h5><strong>Autores del post: <a href=\"https:\/\/stepienybarno.es\/blog\/2011\/09\/04\/las-fortalezas-del-arquitecto\/\">Stepienybarno<\/a> _ Agnieszka Stepien y Lorenzo Barn\u00f3<\/strong><\/h5>\n<h5>Y como siempre, si te gust\u00f3 el post, estar\u00eda genial que lo compartas en tus redes sociales.<\/h5>\n<h5>A su vez, si todav\u00eda no est\u00e1s suscrito a nuestra Newsletter, te animamos a hacerlo en la casilla que tienes al terminar este art\u00edculo.<\/h5>\n<p>&nbsp;<\/p>\n<p>Suscribirte a nuestro blog y recibe gratis nuestra gu\u00eda: 10 Ideas para vender m\u00e1s si eres arquitecto<\/p>\n<p>Acceder: <a href=\"http:\/\/bit.ly\/2fkkTS7\">http:\/\/bit.ly\/2fkkTS7<\/a><\/p>\n<p>&nbsp;<\/p>\n<p>Si te interesa contactar con nosotros para que te ayudemos a mejorar tu visibilidad online y, en consecuencia, mejorar tus oportunidades laborales, no dudes en escribirnos a: <a href=\"mailto:blog@stepienybarno.es\">blog@stepienybarno.es<\/a><\/p>\n<p>&nbsp;<\/p>\n<p><em><a href=\"https:\/\/twitter.com\/stepienybarno\">Stepienybarno en TWITTER<\/a><\/em><\/p>\n<p><em><a href=\"https:\/\/twitter.com\/stepienybarno\">@stepienybarno (+ de 16.000 seguidores)<\/a><\/em><\/p>\n<p><em><a href=\"https:\/\/twitter.com\/stepienybarno?lang=es\">https:\/\/twitter.com\/stepienybarno?lang=es<\/a><\/em><\/p>\n<p><em><a href=\"https:\/\/www.facebook.com\/pages\/BLOG-DE-STEPIENYBARNO\/78001079029\">Stepienybarno en FACEBOOK (+ de 24<u>.000 seguidores)<\/u><\/a><\/em><\/p>\n<p><em><a href=\"https:\/\/www.facebook.com\/StepienyBarnoArquitecturaeIdentidadDigital\/\">https:\/\/www.facebook.com\/StepienyBarnoArquitecturaeIdentidadDigital\/<\/a><\/em><\/p>\n<p><em>Acceder a nuestro GRUPO CERRADO DE FACEBOOK sobre Identidad Digital para Arquitectos:<\/em><\/p>\n<p><em><a href=\"https:\/\/www.facebook.com\/groups\/IdentidadDigitalParaArquitectos\/\">https:\/\/www.facebook.com\/groups\/IdentidadDigitalParaArquitectos\/<\/a><\/em><\/p>\n<p><em>Suscr\u00edbete a nuestro canal de YOUTUBE: <a href=\"http:\/\/bit.ly\/2A1UtAd\">http:\/\/bit.ly\/2A1UtAd<\/a><\/em><\/p>\n<p>&nbsp;<\/p>\n<p>* <a href=\"https:\/\/stepienybarno.es\/blog\/2011\/09\/04\/las-fortalezas-del-arquitecto\/\">Stepienybarno<\/a> est\u00e1 formado por Agnieszka Stepien y Lorenzo Barn\u00f3 y desde mayo del 2009 estamos en la red con la presente publicaci\u00f3n digital (Blog) de arquitectura.<\/p>\n<p>Nuestra actividad se sustenta en tres pilares b\u00e1sicos: la investigaci\u00f3n, la publicaci\u00f3n y la redacci\u00f3n de proyectos de arquitectura.<\/p>\n<p>A su vez, somos socios cofundadores de <a href=\"http:\/\/sinergiasostenible.org\/\">SINERGIA SOSTENIBLE<\/a><div class=\"acc-wrapper\"><div class=\"accordion-title\">\r\n                <h3><a href=\"#\">Accordion 1<\/a><\/h3>\r\n                    <span>+<\/span>\r\n            <\/div>\r\n            <div class=\"accordion-container\" style=\"display:none;\"><p>Accordion content 1<\/p><\/div><div class=\"accordion-title\">\r\n                <h3><a href=\"#\">Accordion 2<\/a><\/h3>\r\n                    <span>+<\/span>\r\n            <\/div>\r\n            <div class=\"accordion-container\" style=\"display:none;\"><p>Accordion content 2<\/p><\/div><div class=\"accordion-title\">\r\n                <h3><a href=\"#\">Accordion 3<\/a><\/h3>\r\n                    <span>+<\/span>\r\n            <\/div>\r\n            <div class=\"accordion-container\" style=\"display:none;\"><p>Accordion content 3<\/p><\/div><\/div><\/p>\n","protected":false},"excerpt":{"rendered":"<p>Por: Finsa Desde:\u00a0maderayconstruccion Fotograf\u00eda: woodshedtruss.com | creativetimbers.com.au No es ninguna<\/p>\n","protected":false},"author":2,"featured_media":59725,"comment_status":"open","ping_status":"closed","sticky":false,"template":"","format":"standard","meta":{"om_disable_all_campaigns":false,"_monsterinsights_skip_tracking":false,"_monsterinsights_sitenote_active":false,"_monsterinsights_sitenote_note":"","_monsterinsights_sitenote_category":0,"_uf_show_specific_survey":0,"_uf_disable_surveys":false,"episode_type":"audio","audio_file":"","cover_image":"","cover_image_id":"","duration":"","filesize":"","date_recorded":"","explicit":"","block":"","filesize_raw":"","footnotes":""},"categories":[244],"tags":[5652],"series":[],"class_list":["post-59724","post","type-post","status-publish","format-standard","has-post-thumbnail","hentry","category-canal-de-arquitectura","tag-finsa"],"aioseo_notices":[],"episode_featured_image":"https:\/\/stepienybarno.es\/blog\/wp-content\/uploads\/2023\/09\/stepienybarno-Perfiles-estructurales-de-madera-en-doble-T-I-H-Postdeldia.jpg","episode_player_image":"https:\/\/stepienybarno.es\/blog\/wp-content\/uploads\/2020\/11\/stepienybarno-podcast-scaled.jpg","download_link":"","player_link":"","audio_player":false,"episode_data":{"playerMode":"dark","subscribeUrls":[],"rssFeedUrl":"https:\/\/stepienybarno.es\/blog\/feed\/podcast\/podcast-de-stepienybarno","embedCode":"<blockquote class=\"wp-embedded-content\" data-secret=\"0YiFaFEKu1\"><a href=\"https:\/\/stepienybarno.es\/blog\/2023\/10\/03\/perfiles-estructurales-de-madera-en-doble-t-i-h\/\">Perfiles estructurales de madera (en doble T, I, H)<\/a><\/blockquote><iframe sandbox=\"allow-scripts\" security=\"restricted\" src=\"https:\/\/stepienybarno.es\/blog\/2023\/10\/03\/perfiles-estructurales-de-madera-en-doble-t-i-h\/embed\/#?secret=0YiFaFEKu1\" width=\"500\" height=\"350\" title=\"\u00abPerfiles estructurales de madera (en doble T, I, H)\u00bb \u2014 Blog de STEPIEN Y BARNO - publicaci\u00f3n digital sobre arquitectura\" data-secret=\"0YiFaFEKu1\" frameborder=\"0\" marginwidth=\"0\" marginheight=\"0\" scrolling=\"no\" class=\"wp-embedded-content\"><\/iframe><script type=\"text\/javascript\">\n\/* <![CDATA[ *\/\n\/*! This file is auto-generated *\/\n!function(d,l){\"use strict\";l.querySelector&&d.addEventListener&&\"undefined\"!=typeof URL&&(d.wp=d.wp||{},d.wp.receiveEmbedMessage||(d.wp.receiveEmbedMessage=function(e){var t=e.data;if((t||t.secret||t.message||t.value)&&!\/[^a-zA-Z0-9]\/.test(t.secret)){for(var s,r,n,a=l.querySelectorAll('iframe[data-secret=\"'+t.secret+'\"]'),o=l.querySelectorAll('blockquote[data-secret=\"'+t.secret+'\"]'),c=new RegExp(\"^https?:$\",\"i\"),i=0;i<o.length;i++)o[i].style.display=\"none\";for(i=0;i<a.length;i++)s=a[i],e.source===s.contentWindow&&(s.removeAttribute(\"style\"),\"height\"===t.message?(1e3<(r=parseInt(t.value,10))?r=1e3:~~r<200&&(r=200),s.height=r):\"link\"===t.message&&(r=new URL(s.getAttribute(\"src\")),n=new URL(t.value),c.test(n.protocol))&&n.host===r.host&&l.activeElement===s&&(d.top.location.href=t.value))}},d.addEventListener(\"message\",d.wp.receiveEmbedMessage,!1),l.addEventListener(\"DOMContentLoaded\",function(){for(var e,t,s=l.querySelectorAll(\"iframe.wp-embedded-content\"),r=0;r<s.length;r++)(t=(e=s[r]).getAttribute(\"data-secret\"))||(t=Math.random().toString(36).substring(2,12),e.src+=\"#?secret=\"+t,e.setAttribute(\"data-secret\",t)),e.contentWindow.postMessage({message:\"ready\",secret:t},\"*\")},!1)))}(window,document);\n\/* ]]> *\/\n<\/script>\n"},"_links":{"self":[{"href":"https:\/\/stepienybarno.es\/blog\/wp-json\/wp\/v2\/posts\/59724"}],"collection":[{"href":"https:\/\/stepienybarno.es\/blog\/wp-json\/wp\/v2\/posts"}],"about":[{"href":"https:\/\/stepienybarno.es\/blog\/wp-json\/wp\/v2\/types\/post"}],"author":[{"embeddable":true,"href":"https:\/\/stepienybarno.es\/blog\/wp-json\/wp\/v2\/users\/2"}],"replies":[{"embeddable":true,"href":"https:\/\/stepienybarno.es\/blog\/wp-json\/wp\/v2\/comments?post=59724"}],"version-history":[{"count":2,"href":"https:\/\/stepienybarno.es\/blog\/wp-json\/wp\/v2\/posts\/59724\/revisions"}],"predecessor-version":[{"id":59727,"href":"https:\/\/stepienybarno.es\/blog\/wp-json\/wp\/v2\/posts\/59724\/revisions\/59727"}],"wp:featuredmedia":[{"embeddable":true,"href":"https:\/\/stepienybarno.es\/blog\/wp-json\/wp\/v2\/media\/59725"}],"wp:attachment":[{"href":"https:\/\/stepienybarno.es\/blog\/wp-json\/wp\/v2\/media?parent=59724"}],"wp:term":[{"taxonomy":"category","embeddable":true,"href":"https:\/\/stepienybarno.es\/blog\/wp-json\/wp\/v2\/categories?post=59724"},{"taxonomy":"post_tag","embeddable":true,"href":"https:\/\/stepienybarno.es\/blog\/wp-json\/wp\/v2\/tags?post=59724"},{"taxonomy":"series","embeddable":true,"href":"https:\/\/stepienybarno.es\/blog\/wp-json\/wp\/v2\/series?post=59724"}],"curies":[{"name":"wp","href":"https:\/\/api.w.org\/{rel}","templated":true}]}}