{"id":59761,"date":"2023-10-13T08:01:59","date_gmt":"2023-10-13T06:01:59","guid":{"rendered":"https:\/\/stepienybarno.es\/blog\/?p=59761"},"modified":"2023-09-23T12:31:50","modified_gmt":"2023-09-23T10:31:50","slug":"asi-fue-la-participacion-de-finsa-en-la-11-conferencia-passivhaus","status":"publish","type":"post","link":"https:\/\/stepienybarno.es\/blog\/2023\/10\/13\/asi-fue-la-participacion-de-finsa-en-la-11-conferencia-passivhaus\/","title":{"rendered":"As\u00ed fue la participaci\u00f3n de Finsa en la 11 Conferencia Passivhaus"},"content":{"rendered":"<p><img loading=\"lazy\" decoding=\"async\" class=\"alignnone size-full wp-image-59764\" src=\"https:\/\/stepienybarno.es\/blog\/wp-content\/uploads\/2023\/10\/stepienybarno-Asi-fue-la-participacion-de-Finsa-en-la-11-Conferencia-Passivhaus-Postdeldia.jpg\" alt=\"\" width=\"2000\" height=\"647\" srcset=\"https:\/\/stepienybarno.es\/blog\/wp-content\/uploads\/2023\/10\/stepienybarno-Asi-fue-la-participacion-de-Finsa-en-la-11-Conferencia-Passivhaus-Postdeldia.jpg 2000w, https:\/\/stepienybarno.es\/blog\/wp-content\/uploads\/2023\/10\/stepienybarno-Asi-fue-la-participacion-de-Finsa-en-la-11-Conferencia-Passivhaus-Postdeldia-550x178.jpg 550w, https:\/\/stepienybarno.es\/blog\/wp-content\/uploads\/2023\/10\/stepienybarno-Asi-fue-la-participacion-de-Finsa-en-la-11-Conferencia-Passivhaus-Postdeldia-1024x331.jpg 1024w, https:\/\/stepienybarno.es\/blog\/wp-content\/uploads\/2023\/10\/stepienybarno-Asi-fue-la-participacion-de-Finsa-en-la-11-Conferencia-Passivhaus-Postdeldia-180x58.jpg 180w, https:\/\/stepienybarno.es\/blog\/wp-content\/uploads\/2023\/10\/stepienybarno-Asi-fue-la-participacion-de-Finsa-en-la-11-Conferencia-Passivhaus-Postdeldia-1536x497.jpg 1536w, https:\/\/stepienybarno.es\/blog\/wp-content\/uploads\/2023\/10\/stepienybarno-Asi-fue-la-participacion-de-Finsa-en-la-11-Conferencia-Passivhaus-Postdeldia-316x102.jpg 316w\" sizes=\"(max-width: 2000px) 100vw, 2000px\" \/><\/p>\n<h1><strong>Por: Finsa<br \/>\n<\/strong><\/h1>\n<h2>Desde:\u00a0maderayconstruccion<\/h2>\n<p>Durante los d\u00edas 13 y 15 de noviembre tuvo lugar la 11 Conferencia Passivhaus organizada por la Plataforma de la Edificaci\u00f3n Passivhaus\u00a0PEP en el Museo de la Evoluci\u00f3n de Burgos.<\/p>\n<p>En ella, como no pod\u00eda ser de otra forma y ya os hab\u00edamos anunciado, Finsa particip\u00f3 con stand propio en el que se pudieron ver las \u00faltimas novedades de la empresa. Fueron unas jornadas repletas de interesantes reflexiones y novedades, de puesta al d\u00eda del sector y, c\u00f3mo no, de intercambiar opiniones y recursos con compa\u00f1eros con los que compartimos la filosof\u00eda de construcci\u00f3n en bajo impacto. 3 d\u00edas en los que disfrutamos de un espacio m\u00e1gico, en el que se pretend\u00eda transmitir la atm\u00f3sfera y las sensaciones que se generan en un tipo de construcci\u00f3n en la que se a\u00fanen los beneficios del Passivhaus y de la madera, a la vez que se simbolizaba la importancia de la econom\u00eda circular, para construir de una forma sostenible.<\/p>\n<p>&nbsp;<\/p>\n<p style=\"text-align: center;\"><a href=\"https:\/\/maderayconstruccion.com\/asi-fue-la-participacion-de-finsa-en-la-11-conferencia-passivhaus\/\" target=\"_blank\" rel=\"noopener\">Acceder al post<\/a><\/p>\n<hr \/>\n<h5><strong>Autores del post: <a href=\"https:\/\/stepienybarno.es\/blog\/2011\/09\/04\/las-fortalezas-del-arquitecto\/\">Stepienybarno<\/a> _ Agnieszka Stepien y Lorenzo Barn\u00f3<\/strong><\/h5>\n<h5>Y como siempre, si te gust\u00f3 el post, estar\u00eda genial que lo compartas en tus redes sociales.<\/h5>\n<h5>A su vez, si todav\u00eda no est\u00e1s suscrito a nuestra Newsletter, te animamos a hacerlo en la casilla que tienes al terminar este art\u00edculo.<\/h5>\n<p>&nbsp;<\/p>\n<p>Suscribirte a nuestro blog y recibe gratis nuestra gu\u00eda: 10 Ideas para vender m\u00e1s si eres arquitecto<\/p>\n<p>Acceder: <a href=\"http:\/\/bit.ly\/2fkkTS7\">http:\/\/bit.ly\/2fkkTS7<\/a><\/p>\n<p>&nbsp;<\/p>\n<p>Si te interesa contactar con nosotros para que te ayudemos a mejorar tu visibilidad online y, en consecuencia, mejorar tus oportunidades laborales, no dudes en escribirnos a: <a href=\"mailto:blog@stepienybarno.es\">blog@stepienybarno.es<\/a><\/p>\n<p>&nbsp;<\/p>\n<p><em><a href=\"https:\/\/twitter.com\/stepienybarno\">Stepienybarno en TWITTER<\/a><\/em><\/p>\n<p><em><a href=\"https:\/\/twitter.com\/stepienybarno\">@stepienybarno (+ de 16.000 seguidores)<\/a><\/em><\/p>\n<p><em><a href=\"https:\/\/twitter.com\/stepienybarno?lang=es\">https:\/\/twitter.com\/stepienybarno?lang=es<\/a><\/em><\/p>\n<p><em><a href=\"https:\/\/www.facebook.com\/pages\/BLOG-DE-STEPIENYBARNO\/78001079029\">Stepienybarno en FACEBOOK (+ de 24<u>.000 seguidores)<\/u><\/a><\/em><\/p>\n<p><em><a href=\"https:\/\/www.facebook.com\/StepienyBarnoArquitecturaeIdentidadDigital\/\">https:\/\/www.facebook.com\/StepienyBarnoArquitecturaeIdentidadDigital\/<\/a><\/em><\/p>\n<p><em>Acceder a nuestro GRUPO CERRADO DE FACEBOOK sobre Identidad Digital para Arquitectos:<\/em><\/p>\n<p><em><a href=\"https:\/\/www.facebook.com\/groups\/IdentidadDigitalParaArquitectos\/\">https:\/\/www.facebook.com\/groups\/IdentidadDigitalParaArquitectos\/<\/a><\/em><\/p>\n<p><em>Suscr\u00edbete a nuestro canal de YOUTUBE: <a href=\"http:\/\/bit.ly\/2A1UtAd\">http:\/\/bit.ly\/2A1UtAd<\/a><\/em><\/p>\n<p>&nbsp;<\/p>\n<p>* <a href=\"https:\/\/stepienybarno.es\/blog\/2011\/09\/04\/las-fortalezas-del-arquitecto\/\">Stepienybarno<\/a> est\u00e1 formado por Agnieszka Stepien y Lorenzo Barn\u00f3 y desde mayo del 2009 estamos en la red con la presente publicaci\u00f3n digital (Blog) de arquitectura.<\/p>\n<p>Nuestra actividad se sustenta en tres pilares b\u00e1sicos: la investigaci\u00f3n, la publicaci\u00f3n y la redacci\u00f3n de proyectos de arquitectura.<\/p>\n<p>A su vez, somos socios cofundadores de <a href=\"http:\/\/sinergiasostenible.org\/\">SINERGIA SOSTENIBLE<\/a><div class=\"acc-wrapper\"><div class=\"accordion-title\">\r\n                <h3><a href=\"#\">Accordion 1<\/a><\/h3>\r\n                    <span>+<\/span>\r\n            <\/div>\r\n            <div class=\"accordion-container\" style=\"display:none;\"><p>Accordion content 1<\/p><\/div><div class=\"accordion-title\">\r\n                <h3><a href=\"#\">Accordion 2<\/a><\/h3>\r\n                    <span>+<\/span>\r\n            <\/div>\r\n            <div class=\"accordion-container\" style=\"display:none;\"><p>Accordion content 2<\/p><\/div><div class=\"accordion-title\">\r\n                <h3><a href=\"#\">Accordion 3<\/a><\/h3>\r\n                    <span>+<\/span>\r\n            <\/div>\r\n            <div class=\"accordion-container\" style=\"display:none;\"><p>Accordion content 3<\/p><\/div><\/div><\/p>\n","protected":false},"excerpt":{"rendered":"<p>Por: Finsa Desde:\u00a0maderayconstruccion Durante los d\u00edas 13 y 15 de<\/p>\n","protected":false},"author":2,"featured_media":59764,"comment_status":"open","ping_status":"closed","sticky":false,"template":"","format":"standard","meta":{"om_disable_all_campaigns":false,"_monsterinsights_skip_tracking":false,"_monsterinsights_sitenote_active":false,"_monsterinsights_sitenote_note":"","_monsterinsights_sitenote_category":0,"_uf_show_specific_survey":0,"_uf_disable_surveys":false,"episode_type":"audio","audio_file":"","cover_image":"","cover_image_id":"","duration":"","filesize":"","date_recorded":"","explicit":"","block":"","filesize_raw":"","footnotes":""},"categories":[244],"tags":[5652,7313],"series":[],"class_list":["post-59761","post","type-post","status-publish","format-standard","has-post-thumbnail","hentry","category-canal-de-arquitectura","tag-finsa","tag-maderayconstruccion"],"aioseo_notices":[],"episode_featured_image":"https:\/\/stepienybarno.es\/blog\/wp-content\/uploads\/2023\/10\/stepienybarno-Asi-fue-la-participacion-de-Finsa-en-la-11-Conferencia-Passivhaus-Postdeldia.jpg","episode_player_image":"https:\/\/stepienybarno.es\/blog\/wp-content\/uploads\/2020\/11\/stepienybarno-podcast-scaled.jpg","download_link":"","player_link":"","audio_player":false,"episode_data":{"playerMode":"dark","subscribeUrls":[],"rssFeedUrl":"https:\/\/stepienybarno.es\/blog\/feed\/podcast\/podcast-de-stepienybarno","embedCode":"<blockquote class=\"wp-embedded-content\" data-secret=\"6psPNBvrbc\"><a href=\"https:\/\/stepienybarno.es\/blog\/2023\/10\/13\/asi-fue-la-participacion-de-finsa-en-la-11-conferencia-passivhaus\/\">As\u00ed fue la participaci\u00f3n de Finsa en la 11 Conferencia Passivhaus<\/a><\/blockquote><iframe sandbox=\"allow-scripts\" security=\"restricted\" src=\"https:\/\/stepienybarno.es\/blog\/2023\/10\/13\/asi-fue-la-participacion-de-finsa-en-la-11-conferencia-passivhaus\/embed\/#?secret=6psPNBvrbc\" width=\"500\" height=\"350\" title=\"\u00abAs\u00ed fue la participaci\u00f3n de Finsa en la 11 Conferencia Passivhaus\u00bb \u2014 Blog de STEPIEN Y BARNO - publicaci\u00f3n digital sobre arquitectura\" data-secret=\"6psPNBvrbc\" frameborder=\"0\" marginwidth=\"0\" marginheight=\"0\" scrolling=\"no\" class=\"wp-embedded-content\"><\/iframe><script type=\"text\/javascript\">\n\/* <![CDATA[ *\/\n\/*! This file is auto-generated *\/\n!function(d,l){\"use strict\";l.querySelector&&d.addEventListener&&\"undefined\"!=typeof URL&&(d.wp=d.wp||{},d.wp.receiveEmbedMessage||(d.wp.receiveEmbedMessage=function(e){var t=e.data;if((t||t.secret||t.message||t.value)&&!\/[^a-zA-Z0-9]\/.test(t.secret)){for(var s,r,n,a=l.querySelectorAll('iframe[data-secret=\"'+t.secret+'\"]'),o=l.querySelectorAll('blockquote[data-secret=\"'+t.secret+'\"]'),c=new RegExp(\"^https?:$\",\"i\"),i=0;i<o.length;i++)o[i].style.display=\"none\";for(i=0;i<a.length;i++)s=a[i],e.source===s.contentWindow&&(s.removeAttribute(\"style\"),\"height\"===t.message?(1e3<(r=parseInt(t.value,10))?r=1e3:~~r<200&&(r=200),s.height=r):\"link\"===t.message&&(r=new URL(s.getAttribute(\"src\")),n=new URL(t.value),c.test(n.protocol))&&n.host===r.host&&l.activeElement===s&&(d.top.location.href=t.value))}},d.addEventListener(\"message\",d.wp.receiveEmbedMessage,!1),l.addEventListener(\"DOMContentLoaded\",function(){for(var e,t,s=l.querySelectorAll(\"iframe.wp-embedded-content\"),r=0;r<s.length;r++)(t=(e=s[r]).getAttribute(\"data-secret\"))||(t=Math.random().toString(36).substring(2,12),e.src+=\"#?secret=\"+t,e.setAttribute(\"data-secret\",t)),e.contentWindow.postMessage({message:\"ready\",secret:t},\"*\")},!1)))}(window,document);\n\/* ]]> *\/\n<\/script>\n"},"_links":{"self":[{"href":"https:\/\/stepienybarno.es\/blog\/wp-json\/wp\/v2\/posts\/59761"}],"collection":[{"href":"https:\/\/stepienybarno.es\/blog\/wp-json\/wp\/v2\/posts"}],"about":[{"href":"https:\/\/stepienybarno.es\/blog\/wp-json\/wp\/v2\/types\/post"}],"author":[{"embeddable":true,"href":"https:\/\/stepienybarno.es\/blog\/wp-json\/wp\/v2\/users\/2"}],"replies":[{"embeddable":true,"href":"https:\/\/stepienybarno.es\/blog\/wp-json\/wp\/v2\/comments?post=59761"}],"version-history":[{"count":3,"href":"https:\/\/stepienybarno.es\/blog\/wp-json\/wp\/v2\/posts\/59761\/revisions"}],"predecessor-version":[{"id":59765,"href":"https:\/\/stepienybarno.es\/blog\/wp-json\/wp\/v2\/posts\/59761\/revisions\/59765"}],"wp:featuredmedia":[{"embeddable":true,"href":"https:\/\/stepienybarno.es\/blog\/wp-json\/wp\/v2\/media\/59764"}],"wp:attachment":[{"href":"https:\/\/stepienybarno.es\/blog\/wp-json\/wp\/v2\/media?parent=59761"}],"wp:term":[{"taxonomy":"category","embeddable":true,"href":"https:\/\/stepienybarno.es\/blog\/wp-json\/wp\/v2\/categories?post=59761"},{"taxonomy":"post_tag","embeddable":true,"href":"https:\/\/stepienybarno.es\/blog\/wp-json\/wp\/v2\/tags?post=59761"},{"taxonomy":"series","embeddable":true,"href":"https:\/\/stepienybarno.es\/blog\/wp-json\/wp\/v2\/series?post=59761"}],"curies":[{"name":"wp","href":"https:\/\/api.w.org\/{rel}","templated":true}]}}