{"id":59982,"date":"2023-10-08T18:37:07","date_gmt":"2023-10-08T16:37:07","guid":{"rendered":"https:\/\/stepienybarno.es\/blog\/?p=59982"},"modified":"2023-10-09T10:39:39","modified_gmt":"2023-10-09T08:39:39","slug":"cesar-manrique-mas-alla-de-la-arquitectura","status":"publish","type":"post","link":"https:\/\/stepienybarno.es\/blog\/2023\/10\/08\/cesar-manrique-mas-alla-de-la-arquitectura\/","title":{"rendered":"C\u00e9sar Manrique, m\u00e1s all\u00e1 de la arquitectura."},"content":{"rendered":"<p><span style=\"font-weight: 400;\">Hay arquitecturas que casi hablan por s\u00ed solas, que cuando las visitas te susurran los <strong>secretos<\/strong> que esconden en su propio dise\u00f1o. Otras son fr\u00edas y casi mudas. La arquitectura de C\u00e9sar Manrique, sin lugar a dudas, pertenece a las primeras. Conforme te adentras en sus obras, est\u00e1s disfrutando y aprendiendo al mismo tiempo.<\/span><\/p>\n<p><span style=\"font-weight: 400;\">Por otro lado, como casi toda la buena arquitectura, su obra tan s\u00f3lo se puede entender desde su <strong>integraci\u00f3n en el paisaje y cultura de la isla.<\/strong><\/span><\/p>\n<p><span style=\"font-weight: 400;\">Sobre todo ello, y mucho m\u00e1s, va el post de hoy. \u00bfNos acompa\u00f1as?<\/span><\/p>\n<p><!--more--><\/p>\n<p style=\"text-align: center;\"><span style=\"font-weight: 400;\">\u2026<\/span><\/p>\n<h2><strong>1 Aprendiendo de C\u00e9sar Manrique.<\/strong><\/h2>\n<p><span style=\"font-weight: 400;\">\u00bfPor qu\u00e9 hay arquitectos como Fernando Higueras (<a href=\"https:\/\/stepienybarno.es\/blog\/2019\/04\/02\/fernando-higueras-cuando-mas-es-mas-en-arquitectura\/\" target=\"_blank\" rel=\"noopener\">ver aqu\u00ed)<\/a> o C\u00e9sar Manrique que, durante la carrera de arquitectura, pasan sin pena ni gloria, y cuando los descubres, te enamoras de ellos? <\/span><\/p>\n<p><span style=\"font-weight: 400;\">En muchos casos, este tipo de arquitectos m\u00e1s dif\u00edciles de explicar, son tan talentosos, o m\u00e1s, que muchos cl\u00e1sicos de la arquitectura. Sin embargo, a pesar de ser uno de los arquitectos espa\u00f1oles m\u00e1s <strong>impactantes<\/strong> del final del siglo pasado, m\u00e1s de un alumno de arquitectura terminar\u00e1 la carrera sin saber siquiera que existe.\u00a0 <\/span><\/p>\n<p><span style=\"font-weight: 400;\">En el caso de Manrique, que se consideraba ciudadano del mundo, conviene aclarar que no ten\u00eda la formaci\u00f3n estricta de arquitecto; pero, como tantos otros arquitectos <a href=\"https:\/\/stepienybarno.es\/blog\/2023\/07\/17\/seis-arquitectos-sin-titulo\/\" target=\"_blank\" rel=\"noopener\">(ver aqu\u00ed),<\/a> no tener el t\u00edtulo no significa que no lo fuera. Su mayor don fue ser capaz de exaltar la naturaleza con las intervenciones, tanto paisaj\u00edsticas como arquitect\u00f3nicas, que realiz\u00f3 a lo largo de su intensa carrera. A su vez, apost\u00f3 por el <strong>confort y el disfrute,<\/strong> dos conceptos que muchas veces se echan de menos en arquitecturas supuestamente m\u00e1s cultas.<\/span><\/p>\n<p><span style=\"font-weight: 400;\">Tambi\u00e9n es cierto que se conoce poco de los arquitectos<strong> colaboradores<\/strong> (Eduardo C\u00e1ceres, Jes\u00fas Soto o Luis Morales) que s\u00ed le ayudaban en los proyectos y, finalmente, los firmaban. En cualquier caso, nuestro protagonista s\u00ed que pas\u00f3 por la Escuela de Arquitectura t\u00e9cnica y despu\u00e9s se march\u00f3 a Madrid a hacer Bellas Artes en la Academia de San Fernando, antes de \u201cescapar\u201d a Nueva York tras el fallecimiento de su esposa, Pepi G\u00f3mez. En su periplo americano se code\u00f3 con grandes creativos y fue reconocido como <strong>un artista de fama internacional. <\/strong><\/span><span style=\"font-weight: 400;\">Desde el otro lado del charco, so\u00f1\u00f3 una nueva isla y vi\u00f3 todo el potencial que ten\u00eda su amada Lanzarote, nacida hace 18 millones de a\u00f1os. As\u00ed que, a su vuelta, en los a\u00f1os sesenta, realiz\u00f3 muchos proyectos. Algunos menos afortunados, como el antiguo aeropuerto de la isla y, otros muchos, de una calidad alt\u00edsima.<\/span><\/p>\n<p><img loading=\"lazy\" decoding=\"async\" class=\"alignnone size-full wp-image-59989\" src=\"https:\/\/stepienybarno.es\/blog\/wp-content\/uploads\/2023\/10\/1-cesar-manrique-arquitecto.jpeg\" alt=\"cesar-manrique- arquitecto\" width=\"1024\" height=\"663\" srcset=\"https:\/\/stepienybarno.es\/blog\/wp-content\/uploads\/2023\/10\/1-cesar-manrique-arquitecto.jpeg 1024w, https:\/\/stepienybarno.es\/blog\/wp-content\/uploads\/2023\/10\/1-cesar-manrique-arquitecto-550x356.jpeg 550w, https:\/\/stepienybarno.es\/blog\/wp-content\/uploads\/2023\/10\/1-cesar-manrique-arquitecto-180x117.jpeg 180w, https:\/\/stepienybarno.es\/blog\/wp-content\/uploads\/2023\/10\/1-cesar-manrique-arquitecto-316x205.jpeg 316w\" sizes=\"(max-width: 1024px) 100vw, 1024px\" \/><\/p>\n<p style=\"text-align: center;\">&#8230;<\/p>\n<h2><strong>2 Consejos para hacer la ruta de la obra de C\u00e9sar Manrique.<\/strong><\/h2>\n<p><span style=\"font-weight: 400;\">Para los que est\u00e9is pensando<strong> ir a Lanzarote<\/strong> para seguir los pasos del artista lanzarote\u00f1o, s\u00f3lo deciros que es tremendamente f\u00e1cil hacerlo <a href=\"https:\/\/www.miventanaalmundo.com\/ruta-de-cesar-manrique-en-lanzarote\/\" target=\"_blank\" rel=\"noopener\">(ver aqu\u00ed).<\/a><\/span><\/p>\n<p><span style=\"font-weight: 400;\">De hecho, para los que ten\u00e9is hij@s, que sep\u00e1is que es una arquitectura muy agradecida para visitar con ni\u00f1@s. Nosotros lo hicimos con los nuestros y lo disfrutaron de lo lindo.<\/span><\/p>\n<p><img loading=\"lazy\" decoding=\"async\" class=\"alignnone size-full wp-image-59997\" src=\"https:\/\/stepienybarno.es\/blog\/wp-content\/uploads\/2023\/10\/ruta-ninos-Cesar-Manrique.jpeg\" alt=\"ruta ni\u00f1os C\u00e9sar Manrique - stepienybarno\" width=\"1024\" height=\"1024\" srcset=\"https:\/\/stepienybarno.es\/blog\/wp-content\/uploads\/2023\/10\/ruta-ninos-Cesar-Manrique.jpeg 1024w, https:\/\/stepienybarno.es\/blog\/wp-content\/uploads\/2023\/10\/ruta-ninos-Cesar-Manrique-550x550.jpeg 550w, https:\/\/stepienybarno.es\/blog\/wp-content\/uploads\/2023\/10\/ruta-ninos-Cesar-Manrique-700x700.jpeg 700w, https:\/\/stepienybarno.es\/blog\/wp-content\/uploads\/2023\/10\/ruta-ninos-Cesar-Manrique-180x180.jpeg 180w, https:\/\/stepienybarno.es\/blog\/wp-content\/uploads\/2023\/10\/ruta-ninos-Cesar-Manrique-224x224.jpeg 224w, https:\/\/stepienybarno.es\/blog\/wp-content\/uploads\/2023\/10\/ruta-ninos-Cesar-Manrique-316x316.jpeg 316w\" sizes=\"(max-width: 1024px) 100vw, 1024px\" \/><\/p>\n<p><span style=\"font-weight: 400;\">Si os organiz\u00e1is con tiempo, encontrar\u00e9is apartamentos muy apa\u00f1ados y a un precio estupendo <a href=\"https:\/\/www.booking.com\/hotel\/es\/xxx-playa-honda.es.html?aid=376371;label=review_am;appvl_email=1;rurl=ee3eda9d07a13c96;tab=4;type=total&amp;#tab-main\" target=\"_blank\" rel=\"noopener\">(nosotros estuvimos en este). <\/a><\/span><\/p>\n<p><span style=\"font-weight: 400;\">Eso s\u00ed, para los que est\u00e9is pensando ir al <strong>Hotel Las Salinas<\/strong> (obra de Fernando Higuerras), comentaros que, por un lado, no os dejan ir con ni\u00f1os peque\u00f1os (lo cual nos parece fatal) y, por otro, si os anim\u00e1is toca rascarse el bolsillo. <\/span><\/p>\n<p><img loading=\"lazy\" decoding=\"async\" class=\"size-full wp-image-59988 aligncenter\" src=\"https:\/\/stepienybarno.es\/blog\/wp-content\/uploads\/2023\/10\/Hotel-Las-Salinas-Fernando-Higuerras.jpeg\" alt=\"Hotel Las Salinas Fernando Higuerras\" width=\"474\" height=\"273\" srcset=\"https:\/\/stepienybarno.es\/blog\/wp-content\/uploads\/2023\/10\/Hotel-Las-Salinas-Fernando-Higuerras.jpeg 474w, https:\/\/stepienybarno.es\/blog\/wp-content\/uploads\/2023\/10\/Hotel-Las-Salinas-Fernando-Higuerras-180x104.jpeg 180w, https:\/\/stepienybarno.es\/blog\/wp-content\/uploads\/2023\/10\/Hotel-Las-Salinas-Fernando-Higuerras-316x182.jpeg 316w\" sizes=\"(max-width: 474px) 100vw, 474px\" \/><\/p>\n<p><span style=\"font-weight: 400;\">Las guagas -autobuses no funcionan muy bien-; as\u00ed que, la opci\u00f3n de alquilar un coche es lo m\u00e1s recomendable.<a href=\"https:\/\/www.cicar.com\/ES?gclid=Cj0KCQjwlJfsBRDUARIsAIDHsWom0odGSWV64jksTrN1MV3NhLA8L8JiVK3ogUEHG5hW2orlz5eU570aApHpEALw_wcB\" target=\"_blank\" rel=\"noopener\"> Nosotros lo hicimos aqu\u00ed y fue todo rodado. <\/a><\/span><span style=\"font-weight: 400;\">Los proyectos de C\u00e9sar est\u00e1n <strong>diseminados por toda la isla,<\/strong> pero la isla es muy peque\u00f1a; por lo que, en menos de media hora te plantas en cualquiera de ellos.<\/span><\/p>\n<p style=\"text-align: center;\">&#8230;<\/p>\n<p>En <strong>\u00ablaviajeraempedernida\u00bb<\/strong> podemos leer:<\/p>\n<p class=\"wp-block-coblocks-alert__text\"><strong>DORMIR:<\/strong>\u00a0<strong><a title=\"RESERVA hotel en todo el mundo\" href=\"https:\/\/www.booking.com\/?aid=1262217&amp;auth_success=1\" rel=\"noreferrer noopener nofollow\">Busca aqu\u00ed tu hotel<\/a><\/strong>, con cancelaci\u00f3n gratis.<br \/>\n<strong>EXPERIENCIAS:<\/strong>\u00a0Reserva aqu\u00ed tu\u00a0<strong><a title=\"Experiencias en espa\u00f1ol en todo el mundo\" href=\"https:\/\/www.civitatis.com\/es\/?aid=1322\" rel=\"noreferrer noopener nofollow\">excursi\u00f3n o tu visita guiada<\/a><\/strong>\u00a0en todo el mundo, hasta en el pueblo m\u00e1s rec\u00f3ndito. Con toda la informaci\u00f3n en espa\u00f1ol. Y cancelaci\u00f3n gratuita.<br \/>\n<strong>FREETOURS<\/strong>: Reserva aqu\u00ed tus\u00a0<strong><a title=\"Reserva aqu\u00ed tu freetour\" href=\"https:\/\/www.guruwalk.com\/es?ref=xyvw4h934rg1olxirw62\" rel=\"noopener nofollow\">visitas gratuitas en todas las ciudades<\/a><\/strong>, desde grandes capitales a pueblos encantadores. Seguro que donde est\u00e1s hay un\u00a0<em>freetour<\/em>\u00a0apetecible.<br \/>\n<strong>SIEMPRE SEGURO:<\/strong>\u00a0Gestiona aqu\u00ed\u00a0<strong><a title=\"CONTRATA AQU\u00cd TU SEGURO DE VIAJES UN 5% M\u00c1S BARATO\" href=\"https:\/\/www.iatiseguros.com\/?r=6055572663096&amp;cmp=cuadro\" rel=\"nofollow noopener\">EL MEJOR SEGURO DE VIAJES<\/a><\/strong><br \/>\n<strong>TRASLADOS:\u00a0<\/strong>Contrata aqu\u00ed tu<strong>\u00a0<a title=\"Traslados al aeropuerto\" href=\"https:\/\/www.civitatis.com\/es\/?aid=1322\" rel=\"noopener nofollow\">traslado desde y hasta el aeropuerto en todo el mundo<\/a>,\u00a0<\/strong>en espa\u00f1ol.<\/p>\n<blockquote class=\"wp-embedded-content\" data-secret=\"WjkSR4P6zp\"><p><a href=\"https:\/\/www.laviajeraempedernida.com\/ruta-de-cesar-manrique-el-artista-que-dejo-huella-en-lanzarote\/\">Ruta por las obras y espacios de C\u00e9sar Manrique en Lanzarote<\/a><\/p><\/blockquote>\n<p><iframe loading=\"lazy\" class=\"wp-embedded-content\" sandbox=\"allow-scripts\" security=\"restricted\" style=\"position: absolute; clip: rect(1px, 1px, 1px, 1px);\" title=\"\u00abRuta por las obras y espacios de C\u00e9sar Manrique en Lanzarote\u00bb \u2014 LA VIAJERA EMPEDERNIDA\" src=\"https:\/\/www.laviajeraempedernida.com\/ruta-de-cesar-manrique-el-artista-que-dejo-huella-en-lanzarote\/embed\/#?secret=vhCyHgKFPa#?secret=WjkSR4P6zp\" data-secret=\"WjkSR4P6zp\" width=\"600\" height=\"338\" frameborder=\"0\" marginwidth=\"0\" marginheight=\"0\" scrolling=\"no\"><\/iframe><\/p>\n<p style=\"text-align: center;\">&#8230;<\/p>\n<p><iframe loading=\"lazy\" title=\"Documental Lanzarote a Trav\u00e9s de C\u00e9sar Manrique\" width=\"911\" height=\"512\" src=\"https:\/\/www.youtube.com\/embed\/n1mXfHqMBGo?feature=oembed\" frameborder=\"0\" allow=\"accelerometer; autoplay; clipboard-write; encrypted-media; gyroscope; picture-in-picture; web-share\" allowfullscreen><\/iframe><\/p>\n<p style=\"text-align: center;\">&#8230;<\/p>\n<h2><strong>3 Las obras m\u00e1s importantes de C\u00e9sar Manrique.<\/strong><\/h2>\n<p><span style=\"font-weight: 400;\">En todos ellos, la propia personalidad del artista se pone de manifiesto. Era un hombre entusiasta, de car\u00e1cter arrollador, enamorado de la naturaleza, de gran sensibilidad, y, seg\u00fan sus amigos, de gran humor y con un alto sentido de la amistad. En palabras de la actriz <strong>Nuria Espert:\u201d<\/strong> era un genio total, alguien con una <strong>visi\u00f3n de futuro extraordinaria<\/strong> y una voluntad decidida de luchar para que nadie estropeara aquello que la naturaleza hab\u00eda hecho\u00bb.<\/span><\/p>\n<h3><b>La Fundaci\u00f3n C\u00e9sar Manrique<\/b><\/h3>\n<p><b>La Fundaci\u00f3n C\u00e9sar Manrique <\/b><span style=\"font-weight: 400;\">-que hoy contin\u00faa su legado- es su antigua casa (tambi\u00e9n conocida como Taro de Tah\u00edche) y tan s\u00f3lo con aparcar el coche y acercarte ya ves que est\u00e1s ante un proyecto con May\u00fasculas. Se atraviesa un jard\u00edn espectacular con unos cactus maravillosos y antes de entrar en el edificio se pasa por un patio que tiene m\u00e1s arquitectura que decenas de supuestos proyectos brillantes de hoy d\u00eda. Desde ese momento, el mortero de cal est\u00e1 presente en todo el recorrido, tanto en suelos como en paredes. A su vez, hay continuos juegos de compresi\u00f3n y descompresi\u00f3n. Los espacios como ocurre en la mejor arquitectura tradicional \u00e1rabe juegan a diluir los l\u00edmites entre el exterior y el interior y es una cont\u00ednua org\u00eda espacial. Parte del edificio est\u00e1 en planta baja y la otra parte se encuentra bajo tierra. <strong>C\u00e9sar aprovech\u00f3 unas burbujas volc\u00e1nicas provenientes de erupciones en el siglo XVIII para organizar peque\u00f1as salas que se enlazaban unas con otras.<\/strong> En algunas de ellas encontramos vegetaci\u00f3n saliendo de esas entra\u00f1as buscando el cielo.Por \u00faltimo, destacar una zona exterior con una peque\u00f1a piscina que le da un aire de lo m\u00e1s dionisiaco al espacio.<\/span><\/p>\n<p><span style=\"font-weight: 400;\">Posteriormente, Manrique se traslad\u00f3 a vivir a otra<\/span><b> casa<\/b><span style=\"font-weight: 400;\"> que, aunque no tiene las bondades de la primera, tambi\u00e9n tiene su inter\u00e9s y se puede visitar. En palabras del propio artista, es \u201cuna casa campesina llena de calor humano\u201d.<\/span><\/p>\n<p><span style=\"font-weight: 400;\">Se encuentra en el norte de la isla y realiz\u00f3 la reforma del caser\u00edo previo en 1986. Permaneci\u00f3 all\u00e1 hasta su muerte en 1992.<\/span><\/p>\n<p><a href=\"https:\/\/turismolanzarote.com\/museum\/casa-museo-cesar-manrique-haria\/\" target=\"_blank\" rel=\"noopener\">Ver aqu\u00ed.<\/a><\/p>\n<p><img loading=\"lazy\" decoding=\"async\" class=\"alignnone size-full wp-image-59996\" src=\"https:\/\/stepienybarno.es\/blog\/wp-content\/uploads\/2023\/10\/La-Fundacion-Cesar-Manrique.jpeg\" alt=\"La Fundaci\u00f3n C\u00e9sar Manrique\" width=\"1024\" height=\"767\" srcset=\"https:\/\/stepienybarno.es\/blog\/wp-content\/uploads\/2023\/10\/La-Fundacion-Cesar-Manrique.jpeg 1024w, https:\/\/stepienybarno.es\/blog\/wp-content\/uploads\/2023\/10\/La-Fundacion-Cesar-Manrique-550x412.jpeg 550w, https:\/\/stepienybarno.es\/blog\/wp-content\/uploads\/2023\/10\/La-Fundacion-Cesar-Manrique-935x700.jpeg 935w, https:\/\/stepienybarno.es\/blog\/wp-content\/uploads\/2023\/10\/La-Fundacion-Cesar-Manrique-180x135.jpeg 180w, https:\/\/stepienybarno.es\/blog\/wp-content\/uploads\/2023\/10\/La-Fundacion-Cesar-Manrique-316x237.jpeg 316w\" sizes=\"(max-width: 1024px) 100vw, 1024px\" \/><\/p>\n<p><iframe loading=\"lazy\" title=\"FUNDACI\u00d3N C\u00c9SAR MANRIQUE\" width=\"911\" height=\"512\" src=\"https:\/\/www.youtube.com\/embed\/XaOjaZHBQKI?feature=oembed\" frameborder=\"0\" allow=\"accelerometer; autoplay; clipboard-write; encrypted-media; gyroscope; picture-in-picture; web-share\" allowfullscreen><\/iframe><\/p>\n<p>En el blog de \u00ab<strong>Mi ventana al mundo\u00bb<\/strong> podemos leer: \u00abMientras que la parte de arriba, levantada conservando el estilo arquitect\u00f3nico tradicional de la isla, albergaba el sal\u00f3n, la cocina y el dormitorio principal. En la actualidad toda la propiedad est\u00e1 dedicada al museo. Acogiendo la colecci\u00f3n de arte contempor\u00e1neo que perteneci\u00f3 al due\u00f1o de la casa. As\u00ed como otras salas dedicadas tanto a la obra p\u00fablica; como a los murales, esculturas, cer\u00e1micas y cuadros del propio Manrique.<strong> La fundaci\u00f3n puede visitarse todos los d\u00edas de 10 a 18.<\/strong> Y el precio de la entrada es de 8\u20ac (menores de 12 a\u00f1os, 1\u20ac).<\/p>\n<p style=\"text-align: center;\">&#8230;<\/p>\n<h3><span style=\"font-weight: 400;\"><b>Jameos del agua de C\u00e9sar Manrique<\/b><\/span><\/h3>\n<p><span style=\"font-weight: 400;\">Otra de las visitas obligatorias sin duda es los <\/span><b>Jameos del agua,<\/b><span style=\"font-weight: 400;\"> se trata de una intervenci\u00f3n que dur\u00f3 m\u00e1s de 10 a\u00f1os hasta darle un aire a lo que hoy nos encontramos. C\u00e9sar fue capaz de transformar un espectacular t\u00fanel de lava volc\u00e1nica en un recorrido alucinante.<\/span><\/p>\n<p><span style=\"font-weight: 400;\">Este lugar es un ejemplo sobresaliente de la habilidad de Manrique para fusionar la arquitectura con la naturaleza. En 1966, Manrique descubri\u00f3 la impresionante estructura geol\u00f3gica de los Jameos, que se formaron a ra\u00edz de una erupci\u00f3n volc\u00e1nica en la isla. Decidi\u00f3 convertir este lugar en un oasis arquitect\u00f3nico que cautivara a los visitantes. <strong>Los Jameos del Agua son un conjunto de cuevas y t\u00faneles subterr\u00e1neos, y su nombre proviene de la palabra \u00abjameo\u00bb, que se refiere a una abertura en la superficie de un tubo volc\u00e1nico.<\/strong> Manrique, con su visi\u00f3n art\u00edstica, cre\u00f3 un espacio \u00fanico al aprovechar la belleza natural de los Jameos y fusionarla con elementos arquitect\u00f3nicos innovadores. El espacio consta de varias secciones, cada una con un prop\u00f3sito espec\u00edfico. Uno de los aspectos m\u00e1s destacados es el Jameo Grande, que alberga un impresionante jard\u00edn tropical con una piscina natural de aguas cristalinas y un restaurante. Los visitantes pueden disfrutar de una comida rodeados de la belleza de la naturaleza y la arquitectura.\u00a0<\/span><\/p>\n<p><span style=\"font-weight: 400;\">Nosotros as\u00ed lo hicimos y !!os lo recomendamos!!<\/span><\/p>\n<p><span style=\"font-weight: 400;\">Adem\u00e1s, los Jameos del Agua incluyen un auditorio subterr\u00e1neo, donde se celebran eventos culturales y musicales debido a su excepcional ac\u00fastica. Tambi\u00e9n se encuentra un museo dedicado a la vulcanolog\u00eda, que ofrece informaci\u00f3n sobre la geolog\u00eda de la isla. Un aspecto \u00fanico de los Jameos del Agua es su contribuci\u00f3n a la conservaci\u00f3n del cangrejo ciego albino, una especie end\u00e9mica de Lanzarote que se encuentra en las aguas subterr\u00e1neas. Manrique dise\u00f1\u00f3 piscinas especiales para proteger a estos cangrejos y garantizar su supervivencia. <strong>En Jameos del Agua, Manrique logr\u00f3 una combinaci\u00f3n excepcional de elementos naturales y arquitect\u00f3nicos.<\/strong> La luz natural que se filtra a trav\u00e9s de los huecos de la cueva ilumina los espacios de manera impresionante, creando un ambiente m\u00e1gico y et\u00e9reo. Cada rinc\u00f3n de este lugar es una obra de arte en s\u00ed misma.\u00a0<\/span><\/p>\n<p><span style=\"font-weight: 400;\">Os animamos a tomaros esta visita con tiempo. Tiene muchos matices y la arquitectura en s\u00ed misma tampoco es que llame demasiado la atenci\u00f3n. Lo m\u00e1s potente es el recorrido en s\u00ed mismo y ver como la mano de artista-arquitecto pr\u00e1cticamente no se ve. Es una intervenci\u00f3n que tiene mucho m\u00e1s que ver con la escala del paisaje.<\/span><\/p>\n<p><span style=\"font-weight: 400;\">En cualquier caso, ir con los ojos bien abiertos y disfrutar tambi\u00e9n de los peque\u00f1os cangrejos ciegos de color blanco que se encuentran en el interior de la laguna existente. Se trata de una especie protegida que cari\u00f1osamente le llaman jameitos <a href=\"http:\/\/www3.gobiernodecanarias.org\/medusa\/wiki\/index.php?title=Cangrejo_ciego\" target=\"_blank\" rel=\"noopener\">(ver aqu\u00ed).<\/a><\/span><\/p>\n<p><span style=\"font-weight: 400;\">Este es uno de los proyectos que mejor redoge la esencia de Manrique, un visionario capaz de hacer dialogar la naturaleza con la arquitectura como nadie. Es como si fuera un mago que hace bailar al Dios Dionisio y al Dios Apolo en una misma danza.<\/span><\/p>\n<p><img loading=\"lazy\" decoding=\"async\" class=\"alignnone size-full wp-image-59999\" src=\"https:\/\/stepienybarno.es\/blog\/wp-content\/uploads\/2023\/10\/jameos-algua-manriquez.jpeg\" alt=\"Jameos del agua de C\u00e9sar Manrique\" width=\"1024\" height=\"1024\" srcset=\"https:\/\/stepienybarno.es\/blog\/wp-content\/uploads\/2023\/10\/jameos-algua-manriquez.jpeg 1024w, https:\/\/stepienybarno.es\/blog\/wp-content\/uploads\/2023\/10\/jameos-algua-manriquez-550x550.jpeg 550w, https:\/\/stepienybarno.es\/blog\/wp-content\/uploads\/2023\/10\/jameos-algua-manriquez-700x700.jpeg 700w, https:\/\/stepienybarno.es\/blog\/wp-content\/uploads\/2023\/10\/jameos-algua-manriquez-180x180.jpeg 180w, https:\/\/stepienybarno.es\/blog\/wp-content\/uploads\/2023\/10\/jameos-algua-manriquez-224x224.jpeg 224w, https:\/\/stepienybarno.es\/blog\/wp-content\/uploads\/2023\/10\/jameos-algua-manriquez-316x316.jpeg 316w\" sizes=\"(max-width: 1024px) 100vw, 1024px\" \/><\/p>\n<p><iframe loading=\"lazy\" title=\"Jameos Del Agua, Lanzarote (4K)\" width=\"911\" height=\"512\" src=\"https:\/\/www.youtube.com\/embed\/pbfSVWdRL1w?feature=oembed\" frameborder=\"0\" allow=\"accelerometer; autoplay; clipboard-write; encrypted-media; gyroscope; picture-in-picture; web-share\" allowfullscreen><\/iframe><\/p>\n<p style=\"text-align: center;\"><span style=\"font-weight: 400;\">\u2026<\/span><\/p>\n<h3><b>Cueva de los verdes <\/b><span style=\"font-weight: 400;\"><b>de C\u00e9sar Manrique<\/b><\/span><\/h3>\n<p><span style=\"font-weight: 400;\">Por cierto, muy cerquita del anterior proyecto, est\u00e1 la m\u00e1s que recomendable visita a la <\/span><b>cueva de los verdes,<\/b><span style=\"font-weight: 400;\"> que por cierto, t\u00e9cnicamente, no es cueva ni tampoco es verde. Pero, vamos a callarnos ya para no hacer spoiler y contar la sorpresa final del recorrido.<\/span><\/p>\n<p><span style=\"font-weight: 400;\">Esta impresionante formaci\u00f3n geol\u00f3gica se form\u00f3 hace miles de a\u00f1os durante una erupci\u00f3n volc\u00e1nica y ha sido transformada de manera magistral por Manrique en un espacio \u00fanico que combina la belleza natural con elementos arquitect\u00f3nicos cautivadores. La cueva, que se encuentra en el interior de un tubo de lava volc\u00e1nica, ofrece una experiencia subterr\u00e1nea verdaderamente espectacular. La visi\u00f3n de Manrique era preservar y destacar la majestuosidad de esta formaci\u00f3n geol\u00f3gica, al tiempo que proporcionaba un entorno seguro y accesible para los visitantes. <strong>El acceso a la cueva se realiza a trav\u00e9s de una entrada cuidadosamente dise\u00f1ada, que se integra de manera armoniosa en el entorno y conduce a un recorrido fascinante.<\/strong> Dentro de la Cueva de los Verdes, Manrique dise\u00f1\u00f3 pasarelas y plataformas que permiten a los visitantes explorar sus intrincados pasadizos y c\u00e1maras. La iluminaci\u00f3n estrat\u00e9gica, tambi\u00e9n dise\u00f1ada por Manrique, resalta la textura y los colores de las rocas volc\u00e1nicas, creando un ambiente m\u00e1gico. La Cueva de los Verdes alberga un centro de visitantes que ofrece informaci\u00f3n sobre la geolog\u00eda de la isla y la historia de la cueva, as\u00ed como detalles sobre la importancia de la conservaci\u00f3n del entorno natural. Su respeto por la belleza de la formaci\u00f3n geol\u00f3gica y su capacidad para dise\u00f1ar un espacio que realza su magnificencia son ejemplos de su genialidad. Esta obra maestra arquitect\u00f3nica ofrece a los visitantes la oportunidad de sumergirse en un mundo subterr\u00e1neo de maravillas naturales y es una parte fundamental del legado de Manrique en la isla de Lanzarote.<\/span><\/p>\n<p><iframe loading=\"lazy\" title=\"Cueva De Los Verdes, Lanzarote (4K)\" width=\"911\" height=\"512\" src=\"https:\/\/www.youtube.com\/embed\/y0IqbvlVZX4?feature=oembed\" frameborder=\"0\" allow=\"accelerometer; autoplay; clipboard-write; encrypted-media; gyroscope; picture-in-picture; web-share\" allowfullscreen><\/iframe><\/p>\n<p style=\"text-align: center;\"><span style=\"font-weight: 400;\">\u2026<\/span><\/p>\n<p><span style=\"font-weight: 400;\">Ahora toca desplazarnos hac\u00eda la zona noreste de la isla.<\/span><\/p>\n<h3><b>Jard\u00edn de los Cactus <\/b><span style=\"font-weight: 400;\">\u00a0 <\/span><span style=\"font-weight: 400;\"><b>de C\u00e9sar Manrique<\/b><\/span><\/h3>\n<p><span style=\"font-weight: 400;\">Por un lado, nos encontramos el espectacular<\/span><b> jard\u00edn de los Cactus <\/b><span style=\"font-weight: 400;\">\u00a0en 1990<\/span><b>.<\/b><span style=\"font-weight: 400;\"> Se trata de una actuaci\u00f3n en una antigua cantera donde nuestro protagonista ubica casi 5.000 ejemplares de 1.000 especies de c\u00e1ctus provenientes de los 5 continentes. La belleza del lugar es estremecedora. Todo el jard\u00edn se desarrolla, desafiando el paso del tiempo, a los pies de uno de los \u00faltimos molinos de millo que permanece en pie en la isla.<\/span><\/p>\n<p><span style=\"font-weight: 400;\">Nuevamente, este espacio es un ejemplo sobresaliente de la habilidad de Manrique para integrar la arquitectura con la naturaleza, creando un entorno impresionante y \u00fanico que celebra la belleza de los cactus. <strong>El jard\u00edn se encuentra en un antiguo cr\u00e1ter volc\u00e1nico, lo que le otorga una ubicaci\u00f3n geogr\u00e1fica singular y un ambiente especial.<\/strong> Manrique dise\u00f1\u00f3 cuidadosamente el paisaje y la arquitectura para resaltar la asombrosa variedad de cactus de todo el mundo.\u00a0<\/span><\/p>\n<p><span style=\"font-weight: 400;\">. La distribuci\u00f3n de los cactus se realiza en terrazas, lo que permite a los visitantes apreciar la belleza de estas plantas desde m\u00faltiples perspectivas. Las terrazas est\u00e1n conectadas por caminos sinuosos que serpentean a trav\u00e9s del jard\u00edn y ofrecen vistas panor\u00e1micas del paisaje circundante. Cada detalle del dise\u00f1o del jard\u00edn se realiz\u00f3 con meticulosidad. Manrique utiliz\u00f3 piedra volc\u00e1nica local para crear los muros de contenci\u00f3n, que se integran perfectamente en el entorno natural. La elecci\u00f3n de la piedra volc\u00e1nica no solo es est\u00e9ticamente atractiva, sino que tambi\u00e9n contribuye a la sostenibilidad y a la armon\u00eda con el paisaje circundante. <strong>El jard\u00edn cuenta con un molino de viento restaurado que sirve como elemento arquitect\u00f3nico y un mirador desde el cual los visitantes pueden disfrutar de vistas panor\u00e1micas de Lanzarote.<\/strong> Este mirador, como muchas de las creaciones de Manrique, resalta la importancia de fusionar la arquitectura con el entorno natural y permite una interacci\u00f3n \u00fanica con la belleza del paisaje. Este espacio es una celebraci\u00f3n de la biodiversidad de los cactus y un homenaje al amor de Manrique por su tierra natal, Lanzarote.\u00a0<\/span><\/p>\n<p><a href=\"http:\/\/www.cactlanzarote.com\/es\/cact\/jardin-de-cactus\/\" target=\"_blank\" rel=\"noopener\"><span style=\"font-weight: 400;\">Ver m\u00e1s aqu\u00ed.<\/span><\/a><\/p>\n<p><iframe loading=\"lazy\" title=\"Jard\u00edn de Cactus de C\u00e9sar Manrique en Teguise, Lanzarote\" width=\"911\" height=\"512\" src=\"https:\/\/www.youtube.com\/embed\/oYi92TDqaf8?feature=oembed\" frameborder=\"0\" allow=\"accelerometer; autoplay; clipboard-write; encrypted-media; gyroscope; picture-in-picture; web-share\" allowfullscreen><\/iframe><\/p>\n<p style=\"text-align: center;\"><span style=\"font-weight: 400;\">\u2026<\/span><\/p>\n<h3><b>Mirador del r\u00edo <\/b><span style=\"font-weight: 400;\"><b>de C\u00e9sar Manrique<\/b><\/span><\/h3>\n<p><span style=\"font-weight: 400;\">Por otro lado, tenemos la visita obligada al <\/span><b>mirador del r\u00edo.<\/b><\/p>\n<p><span style=\"font-weight: 400;\">Se llega por paisaje que pone los pelos de punta y una vez aparcas te encuentras con una fachada muda con un solo ojo que parece observarte. Una vez dentro del edificio, nos encontramos con un lenguaje sinuoso que Manrique lleva hasta las \u00faltimas consecuencias. El proyecto tiene tres protagonistas. El famoso mirador que encarga unas vistas preciosas de la vecina isla de La Graciosa. <strong>Una escalera que une este espacio con el tercer protagonista del acto: un peque\u00f1o mirador de 360 grados que pone la guinda al pastel.\u00a0<\/strong><\/span><\/p>\n<p><span style=\"font-weight: 400;\">Eso s\u00ed, ir con tiempo porque el espacio principal del mirador da mucho juego. Adem\u00e1s ponen una tarta de chocolate muy rica, por lo que !no hay excusa para las prisas!<\/span><\/p>\n<p><span style=\"font-weight: 400;\">El proyecto cuenta con bastantes<strong> colaboraciones entre las que destaca la figura de Fernando Higueras.<\/strong> En palabras del arquitecto <\/span><span style=\"font-weight: 400;\"><strong>Garc\u00eda Germ\u00e1n:<\/strong> \u201cEl Mirador del R\u00edo tal y como lo conocemos, es una intuici\u00f3n de Higueras. Hay un croquis suyo que luego sigui\u00f3 C\u00e9sar\u00bb.<\/span><\/p>\n<p><span style=\"font-weight: 400;\">Ahh! Y por cierto, el arquitecto madrile\u00f1o tambi\u00e9n le realiz\u00f3 un interesant\u00edsimo proyecto<a href=\"http:\/\/achefeliz.blogspot.com\/2015\/03\/casa-cesar-manrique-fernando-higueras.html\" target=\"_blank\" rel=\"noopener\"> (ver aqu\u00ed)<\/a> a Manrique en Camorritos (Madrid).<\/span><\/p>\n<p><img loading=\"lazy\" decoding=\"async\" class=\"alignnone size-full wp-image-60001\" src=\"https:\/\/stepienybarno.es\/blog\/wp-content\/uploads\/2023\/10\/restaurante-Mirador-del-rio-de-Cesar-Manrique-.jpeg\" alt=\"restaurante-Mirador del r\u00edo de C\u00e9sar Manrique\" width=\"1024\" height=\"1024\" srcset=\"https:\/\/stepienybarno.es\/blog\/wp-content\/uploads\/2023\/10\/restaurante-Mirador-del-rio-de-Cesar-Manrique-.jpeg 1024w, https:\/\/stepienybarno.es\/blog\/wp-content\/uploads\/2023\/10\/restaurante-Mirador-del-rio-de-Cesar-Manrique--550x550.jpeg 550w, https:\/\/stepienybarno.es\/blog\/wp-content\/uploads\/2023\/10\/restaurante-Mirador-del-rio-de-Cesar-Manrique--700x700.jpeg 700w, https:\/\/stepienybarno.es\/blog\/wp-content\/uploads\/2023\/10\/restaurante-Mirador-del-rio-de-Cesar-Manrique--180x180.jpeg 180w, https:\/\/stepienybarno.es\/blog\/wp-content\/uploads\/2023\/10\/restaurante-Mirador-del-rio-de-Cesar-Manrique--224x224.jpeg 224w, https:\/\/stepienybarno.es\/blog\/wp-content\/uploads\/2023\/10\/restaurante-Mirador-del-rio-de-Cesar-Manrique--316x316.jpeg 316w\" sizes=\"(max-width: 1024px) 100vw, 1024px\" \/><\/p>\n<p><iframe loading=\"lazy\" title=\"LANZAROTE | Mirador del R\u00edo de C\u00e9sar Manrique\" width=\"911\" height=\"512\" src=\"https:\/\/www.youtube.com\/embed\/07LR9uChWqg?feature=oembed\" frameborder=\"0\" allow=\"accelerometer; autoplay; clipboard-write; encrypted-media; gyroscope; picture-in-picture; web-share\" allowfullscreen><\/iframe><\/p>\n<p style=\"text-align: center;\"><span style=\"font-weight: 400;\">\u2026<\/span><\/p>\n<h3><b>Timanfaya <\/b><span style=\"font-weight: 400;\"><b>de C\u00e9sar Manrique<\/b><\/span><\/h3>\n<p><span style=\"font-weight: 400;\">Y ya por \u00faltimo, quedar\u00eda la visita a <\/span><b>Timanfaya <\/b><span style=\"font-weight: 400;\">(Parque Nacional en 1974), uno de los escenarios volc\u00e1nicos m\u00e1s impactantes del mundo. Tambi\u00e9n, all\u00ed os encontrareis un proyecto muy interesante de Cano y (ver aqu\u00ed), pero el plato fuerte es sin duda el restaurante El Diablo y de la Ruta de los Volcanes<\/span><\/p>\n<p><span style=\"font-weight: 400;\">El proyecto del edificio tiene cierta similitud, en cuanto a la potencia de un s\u00f3lo gesto, con el proyecto del Mirador del r\u00edo, pero aqu\u00ed nos encontramos con un paisaje muy distinto -con un aire casi lunar-, aunque igualmente impactante. <strong>Se trata de intervenci\u00f3n de planta circular, en un s\u00f3lo nivel, y con la gigantesca cristalera como protagonista.<\/strong> Gracias a ello, se puede disfrutar de una vista asombrosa de amplios campos de lava que, nuevamente, parecen desafiar el paso del tiempo.<\/span><\/p>\n<p><span style=\"font-weight: 400;\">Como curiosidad, comentar que la comida se hace directamente con el calor geot\u00e9rmico que viene de la tierra.<\/span><\/p>\n<p><iframe loading=\"lazy\" title=\"LANZAROTE: C\u00e9sar Manrique, Famara y Timanfaya | Laura Ubeda\" width=\"911\" height=\"512\" src=\"https:\/\/www.youtube.com\/embed\/5QJJl1FL5wk?feature=oembed\" frameborder=\"0\" allow=\"accelerometer; autoplay; clipboard-write; encrypted-media; gyroscope; picture-in-picture; web-share\" allowfullscreen><\/iframe><\/p>\n<p style=\"text-align: center;\"><span style=\"font-weight: 400;\">\u2026<\/span><\/p>\n<blockquote><p><span style=\"font-weight: 400;\">\u201cLa eternidad es un segundo y un segundo es la eternidad\u201d.\u00a0<\/span><\/p>\n<p><span style=\"font-weight: 400;\">C\u00e9sar Manrique<\/span><\/p><\/blockquote>\n<p style=\"text-align: center;\"><span style=\"font-weight: 400;\">\u2026<\/span><\/p>\n<p><span style=\"font-weight: 400;\">Con todas estas visitas no es que se vea toda la obra de C\u00e9sar Manrique, pero s\u00ed sus principales proyectos y, con todo ello, te puedes hacer una idea de la dimensi\u00f3n del personaje, que como dec\u00edamos al principio del post, sin duda alguna no alcanz\u00f3 la <strong>notoriedad<\/strong> que merec\u00eda. Estamos continuamente hablando de una arquitectura que es un <strong>deleite para los sentidos<\/strong>. Una fiesta en s\u00ed misma, muy lejos de los principios m\u00e1s austeros y r\u00edgidos de otras arquitecturas, igualmente interesantes pero mucho menos impactantes.<\/span><\/p>\n<p><span style=\"font-weight: 400;\">En cualquier caso, de Manrique se ha hablado mucho&#8230; que si era el primer arquitecto ecologista, que si era de izquierdas o (de derechas), de los fiestones que se pegaba; pero, para nosotros visitar su obra, ha sido encontrarnos con un <strong>arquitecto sencillo, sensible<\/strong> y que es capaz, como nadie, de hacer convivir <strong>arquitectura y naturaleza<\/strong> en una simbiosis dif\u00edcil de repetir.<\/span><\/p>\n<p><span style=\"font-weight: 400;\">Varios de sus edificios no tienen otro fin que enmarcar un paisaje muy particular por el que parece que no pasa el tiempo. La habilidad de C\u00e9sar Marique para saber <strong>poner en valor el lugar<\/strong> es, sin duda, uno de sus valores principales. De hecho, el d\u00eda de su funeral, el sacerdote apunt\u00f3 que, sin duda, C\u00e9sar se sentar\u00eda a la derecha de Dios, pues hab\u00eda sido capaz de superar la belleza del creador.<\/span><\/p>\n<p><span style=\"font-weight: 400;\">Y puede que sea cierto, y puede que, sabiendo de su talento, \u00a1en el cielo tambi\u00e9n le hayan dejado hacer de las suyas!! De hecho, \u00e9l dec\u00eda que su misi\u00f3n en la vida era \u201ccrear <strong>armon\u00eda y belleza\u201d,<\/strong> seguro que en el m\u00e1s all\u00e1, no ha cambiado su mantra.<\/span><\/p>\n<h4 style=\"text-align: center;\"><span style=\"font-weight: 400;\">Autores del post:<\/span><\/h4>\n<h4 style=\"text-align: center;\"><span style=\"font-weight: 400;\">Agnieszka Stepien y Lorenzo Barn\u00f3 (Stepienybarno)<\/span><\/h4>\n<p style=\"text-align: center;\">&#8230;<\/p>\n<p><img loading=\"lazy\" decoding=\"async\" class=\"alignnone size-full wp-image-60003\" src=\"https:\/\/stepienybarno.es\/blog\/wp-content\/uploads\/2023\/10\/Arquitectura-Cesar-Manriquez.jpeg\" alt=\"Arquitectura - Cesar Manriquez\" width=\"1024\" height=\"1024\" srcset=\"https:\/\/stepienybarno.es\/blog\/wp-content\/uploads\/2023\/10\/Arquitectura-Cesar-Manriquez.jpeg 1024w, https:\/\/stepienybarno.es\/blog\/wp-content\/uploads\/2023\/10\/Arquitectura-Cesar-Manriquez-550x550.jpeg 550w, https:\/\/stepienybarno.es\/blog\/wp-content\/uploads\/2023\/10\/Arquitectura-Cesar-Manriquez-700x700.jpeg 700w, https:\/\/stepienybarno.es\/blog\/wp-content\/uploads\/2023\/10\/Arquitectura-Cesar-Manriquez-180x180.jpeg 180w, https:\/\/stepienybarno.es\/blog\/wp-content\/uploads\/2023\/10\/Arquitectura-Cesar-Manriquez-224x224.jpeg 224w, https:\/\/stepienybarno.es\/blog\/wp-content\/uploads\/2023\/10\/Arquitectura-Cesar-Manriquez-316x316.jpeg 316w\" sizes=\"(max-width: 1024px) 100vw, 1024px\" \/><\/p>\n<p style=\"text-align: center;\">&#8230;<\/p>\n<pre>Otros art\u00edculos sobre C\u00e9sar Manriquez:<\/pre>\n<div class=\"falseH1\">\n<h5 id=\"h1_maincontent\"><a href=\"https:\/\/www.rtve.es\/television\/20220612\/cesar-manrique-10-obras-definen-documental-donde-ver\/2367225.shtml\" target=\"_blank\" rel=\"noopener\"><span class=\"maintitle\">C\u00e9sar Manrique y las 10 obras que mejor definen su carrera<\/span><\/a><\/h5>\n<h5><a href=\"https:\/\/www.archdaily.cl\/cl\/02-19906\/cesar-manrique-artenaturaleza\" target=\"_blank\" rel=\"noopener\">C\u00e9sar Manrique: arte\/naturaleza<\/a><\/h5>\n<h5><a href=\"https:\/\/www.nationalgeographic.es\/historia\/2021\/12\/arte-en-lanzarote-el-legado-de-cesar-manrique\" target=\"_blank\" rel=\"noopener\">El arte en Lanzarote: el legado de C\u00e9sar Manrique en la isla de los volcanes<\/a><\/h5>\n<\/div>\n<p style=\"text-align: center;\">&#8230;<\/p>\n<p><img loading=\"lazy\" decoding=\"async\" class=\"alignnone size-full wp-image-59983\" src=\"https:\/\/stepienybarno.es\/blog\/wp-content\/uploads\/2023\/10\/0.-Cesar-Manriquez-arquitecto-paisajista.jpeg\" alt=\"cesar manriquez arquitecto\" width=\"1024\" height=\"679\" srcset=\"https:\/\/stepienybarno.es\/blog\/wp-content\/uploads\/2023\/10\/0.-Cesar-Manriquez-arquitecto-paisajista.jpeg 1024w, https:\/\/stepienybarno.es\/blog\/wp-content\/uploads\/2023\/10\/0.-Cesar-Manriquez-arquitecto-paisajista-550x365.jpeg 550w, https:\/\/stepienybarno.es\/blog\/wp-content\/uploads\/2023\/10\/0.-Cesar-Manriquez-arquitecto-paisajista-180x119.jpeg 180w, https:\/\/stepienybarno.es\/blog\/wp-content\/uploads\/2023\/10\/0.-Cesar-Manriquez-arquitecto-paisajista-316x210.jpeg 316w\" sizes=\"(max-width: 1024px) 100vw, 1024px\" \/><\/p>\n<p style=\"text-align: center;\">&#8230;<\/p>\n<p><iframe loading=\"lazy\" title=\"C\u00e9sar Manrique, un artista universal\" width=\"911\" height=\"512\" src=\"https:\/\/www.youtube.com\/embed\/a8gFNRVNJQ4?feature=oembed\" frameborder=\"0\" allow=\"accelerometer; autoplay; clipboard-write; encrypted-media; gyroscope; picture-in-picture; web-share\" allowfullscreen><\/iframe><\/p>\n<p>&#8230;<\/p>\n<p><iframe loading=\"lazy\" title=\"Vida y obra de Cesar Manrique parte1\" width=\"911\" height=\"512\" src=\"https:\/\/www.youtube.com\/embed\/R5XPWf7JL0M?feature=oembed\" frameborder=\"0\" allow=\"accelerometer; autoplay; clipboard-write; encrypted-media; gyroscope; picture-in-picture; web-share\" allowfullscreen><\/iframe><\/p>\n<p style=\"text-align: center;\">&#8230;<\/p>\n<h2><strong>M\u00e1s sobre el arquitecto y paisajista C\u00e9sar Manrique (1919-1992):<\/strong><\/h2>\n<p><span style=\"font-weight: 400;\">Fue un arquitecto, artista y ecologista espa\u00f1ol conocido por su impactante contribuci\u00f3n al mundo de la arquitectura y el arte. Nacido en Lanzarote, una de las Islas Canarias de Espa\u00f1a, Manrique dej\u00f3 una huella indeleble en la isla y en la escena art\u00edstica internacional a lo largo de su vida. Su trabajo singular se caracteriza por la integraci\u00f3n armoniosa de la arquitectura con el entorno natural y su enfoque en la sostenibilidad y la conservaci\u00f3n del medio ambiente. Manrique estudi\u00f3 arquitectura en la Universidad de La Laguna en Tenerife y m\u00e1s tarde en la Escuela de Bellas Artes de San Fernando en Madrid. Su educaci\u00f3n formal en arquitectura y su profundo amor por la naturaleza se fusionaron para dar forma a su enfoque distintivo en la creaci\u00f3n de espacios arquitect\u00f3nicos que se mezclaban org\u00e1nicamente con la belleza de la tierra y la cultura local. Una de las contribuciones m\u00e1s notables de Manrique fue su influencia en la arquitectura vern\u00e1cula de Lanzarote. Abog\u00f3 por la preservaci\u00f3n de la arquitectura tradicional de la isla y ayud\u00f3 a revitalizarla en la d\u00e9cada de 1960. Su obra cumbre, la Casa Museo del Campesino, es un ejemplo de esta visi\u00f3n, donde elementos arquitect\u00f3nicos tradicionales se combinan con su estilo contempor\u00e1neo para crear un espacio cultural y art\u00edstico. Adem\u00e1s de su impacto en la arquitectura local, Manrique tambi\u00e9n es conocido por su compromiso con la preservaci\u00f3n del entorno natural de Lanzarote. Fue pionero en la promoci\u00f3n de un desarrollo sostenible que respetara el fr\u00e1gil ecosistema de la isla. Su trabajo en la creaci\u00f3n de centros tur\u00edsticos, como Jameos del Agua y el Mirador del R\u00edo, demuestra su habilidad para integrar estructuras arquitect\u00f3nicas con la belleza natural, sin comprometer la biodiversidad del lugar. Manrique tambi\u00e9n dej\u00f3 su huella en otras partes de Espa\u00f1a y del mundo. Su participaci\u00f3n en proyectos como el Jard\u00edn de Cactus, una visi\u00f3n impresionante de la arquitectura paisaj\u00edstica, y el restaurante El Diablo, construido sobre una caldera volc\u00e1nica, demuestran su habilidad para fusionar el arte y la arquitectura con la naturaleza de manera \u00fanica. En sus obras, se puede apreciar su amor por los elementos volc\u00e1nicos, como las formas geom\u00e9tricas y los colores de la lava, que se incorporan de manera magistral en sus dise\u00f1os. El legado de C\u00e9sar Manrique va m\u00e1s all\u00e1 de la arquitectura. Su pasi\u00f3n por las artes visuales se manifest\u00f3 en su trabajo como pintor y escultor, y tambi\u00e9n en la promoci\u00f3n del arte en la isla. Fund\u00f3 el Centro Atl\u00e1ntico de Arte Moderno, un espacio dedicado a la exposici\u00f3n y promoci\u00f3n del arte contempor\u00e1neo. El trabajo de C\u00e9sar Manrique sigue siendo una fuente de inspiraci\u00f3n para arquitectos y artistas de todo el mundo. Su enfoque en la armon\u00eda entre la naturaleza y la arquitectura, su compromiso con la sostenibilidad y su contribuci\u00f3n a la preservaci\u00f3n del patrimonio cultural y medioambiental de Lanzarote son ejemplos notables de su legado duradero. En resumen, C\u00e9sar Manrique fue un arquitecto y artista visionario cuyo trabajo ha dejado una marca indeleble en la arquitectura y el arte contempor\u00e1neo. Su capacidad para integrar la arquitectura con la naturaleza, su compromiso con la sostenibilidad y su amor por la cultura local son elementos que definen su legado. Su influencia contin\u00faa inspirando a generaciones futuras a considerar la interacci\u00f3n armoniosa entre la arquitectura y el entorno natural.<\/span><\/p>\n<p style=\"text-align: center;\">&#8230;<\/p>\n<pre>Tambi\u00e9n te gustar\u00e1:<\/pre>\n<h6 class=\"entry-title\"><a href=\"https:\/\/stepienybarno.es\/blog\/2019\/04\/02\/fernando-higueras-cuando-mas-es-mas-en-arquitectura\/\" target=\"_blank\" rel=\"noopener\">FERNANDO HIGUERAS, CUANDO M\u00c1S ES M\u00c1S EN ARQUITECTURA.<\/a><\/h6>\n","protected":false},"excerpt":{"rendered":"<p>Hay arquitecturas que casi hablan por s\u00ed solas, que cuando las visitas te susurran los secretos que esconden en su propio dise\u00f1o. Otras son fr\u00edas y casi mudas. La arquitectura de C\u00e9sar Manrique, sin lugar a dudas, pertenece a las primeras. Conforme te adentras en sus obras, est\u00e1s disfrutando y aprendiendo al mismo tiempo.<br \/>\nPor otro lado, como casi toda la buena arquitectura, su obra tan s\u00f3lo se puede entender desde su integraci\u00f3n en el paisaje y cultura de la isla.<br \/>\nSobre todo ello, y mucho m\u00e1s, va el post de hoy. \u00bfNos acompa\u00f1as?<\/p>\n","protected":false},"author":2,"featured_media":60009,"comment_status":"open","ping_status":"closed","sticky":false,"template":"","format":"standard","meta":{"om_disable_all_campaigns":false,"_monsterinsights_skip_tracking":false,"_monsterinsights_sitenote_active":false,"_monsterinsights_sitenote_note":"","_monsterinsights_sitenote_category":0,"_uf_show_specific_survey":0,"_uf_disable_surveys":false,"episode_type":"audio","audio_file":"","cover_image":"","cover_image_id":"","duration":"","filesize":"","date_recorded":"","explicit":"","block":"","filesize_raw":"","footnotes":""},"categories":[4,26],"tags":[11,5852,9989,9990],"series":[],"class_list":["post-59982","post","type-post","status-publish","format-standard","has-post-thumbnail","hentry","category-arquilectura","category-arquitectura-sin-arquitectos","tag-arquitecto","tag-cesar-manrique","tag-fernando-higuerra","tag-fernando-higuerras"],"aioseo_notices":[],"episode_featured_image":"https:\/\/stepienybarno.es\/blog\/wp-content\/uploads\/2023\/10\/1.png","episode_player_image":"https:\/\/stepienybarno.es\/blog\/wp-content\/uploads\/2020\/11\/stepienybarno-podcast-scaled.jpg","download_link":"","player_link":"","audio_player":false,"episode_data":{"playerMode":"dark","subscribeUrls":[],"rssFeedUrl":"https:\/\/stepienybarno.es\/blog\/feed\/podcast\/podcast-de-stepienybarno","embedCode":"<blockquote class=\"wp-embedded-content\" data-secret=\"9hsY2pkYDm\"><a href=\"https:\/\/stepienybarno.es\/blog\/2023\/10\/08\/cesar-manrique-mas-alla-de-la-arquitectura\/\">C\u00e9sar Manrique, m\u00e1s all\u00e1 de la arquitectura.<\/a><\/blockquote><iframe sandbox=\"allow-scripts\" security=\"restricted\" src=\"https:\/\/stepienybarno.es\/blog\/2023\/10\/08\/cesar-manrique-mas-alla-de-la-arquitectura\/embed\/#?secret=9hsY2pkYDm\" width=\"500\" height=\"350\" title=\"\u00abC\u00e9sar Manrique, m\u00e1s all\u00e1 de la arquitectura.\u00bb \u2014 Blog de STEPIEN Y BARNO - publicaci\u00f3n digital sobre arquitectura\" data-secret=\"9hsY2pkYDm\" frameborder=\"0\" marginwidth=\"0\" marginheight=\"0\" scrolling=\"no\" class=\"wp-embedded-content\"><\/iframe><script type=\"text\/javascript\">\n\/* <![CDATA[ *\/\n\/*! This file is auto-generated *\/\n!function(d,l){\"use strict\";l.querySelector&&d.addEventListener&&\"undefined\"!=typeof URL&&(d.wp=d.wp||{},d.wp.receiveEmbedMessage||(d.wp.receiveEmbedMessage=function(e){var t=e.data;if((t||t.secret||t.message||t.value)&&!\/[^a-zA-Z0-9]\/.test(t.secret)){for(var s,r,n,a=l.querySelectorAll('iframe[data-secret=\"'+t.secret+'\"]'),o=l.querySelectorAll('blockquote[data-secret=\"'+t.secret+'\"]'),c=new RegExp(\"^https?:$\",\"i\"),i=0;i<o.length;i++)o[i].style.display=\"none\";for(i=0;i<a.length;i++)s=a[i],e.source===s.contentWindow&&(s.removeAttribute(\"style\"),\"height\"===t.message?(1e3<(r=parseInt(t.value,10))?r=1e3:~~r<200&&(r=200),s.height=r):\"link\"===t.message&&(r=new URL(s.getAttribute(\"src\")),n=new URL(t.value),c.test(n.protocol))&&n.host===r.host&&l.activeElement===s&&(d.top.location.href=t.value))}},d.addEventListener(\"message\",d.wp.receiveEmbedMessage,!1),l.addEventListener(\"DOMContentLoaded\",function(){for(var e,t,s=l.querySelectorAll(\"iframe.wp-embedded-content\"),r=0;r<s.length;r++)(t=(e=s[r]).getAttribute(\"data-secret\"))||(t=Math.random().toString(36).substring(2,12),e.src+=\"#?secret=\"+t,e.setAttribute(\"data-secret\",t)),e.contentWindow.postMessage({message:\"ready\",secret:t},\"*\")},!1)))}(window,document);\n\/* ]]> *\/\n<\/script>\n"},"_links":{"self":[{"href":"https:\/\/stepienybarno.es\/blog\/wp-json\/wp\/v2\/posts\/59982"}],"collection":[{"href":"https:\/\/stepienybarno.es\/blog\/wp-json\/wp\/v2\/posts"}],"about":[{"href":"https:\/\/stepienybarno.es\/blog\/wp-json\/wp\/v2\/types\/post"}],"author":[{"embeddable":true,"href":"https:\/\/stepienybarno.es\/blog\/wp-json\/wp\/v2\/users\/2"}],"replies":[{"embeddable":true,"href":"https:\/\/stepienybarno.es\/blog\/wp-json\/wp\/v2\/comments?post=59982"}],"version-history":[{"count":16,"href":"https:\/\/stepienybarno.es\/blog\/wp-json\/wp\/v2\/posts\/59982\/revisions"}],"predecessor-version":[{"id":60008,"href":"https:\/\/stepienybarno.es\/blog\/wp-json\/wp\/v2\/posts\/59982\/revisions\/60008"}],"wp:featuredmedia":[{"embeddable":true,"href":"https:\/\/stepienybarno.es\/blog\/wp-json\/wp\/v2\/media\/60009"}],"wp:attachment":[{"href":"https:\/\/stepienybarno.es\/blog\/wp-json\/wp\/v2\/media?parent=59982"}],"wp:term":[{"taxonomy":"category","embeddable":true,"href":"https:\/\/stepienybarno.es\/blog\/wp-json\/wp\/v2\/categories?post=59982"},{"taxonomy":"post_tag","embeddable":true,"href":"https:\/\/stepienybarno.es\/blog\/wp-json\/wp\/v2\/tags?post=59982"},{"taxonomy":"series","embeddable":true,"href":"https:\/\/stepienybarno.es\/blog\/wp-json\/wp\/v2\/series?post=59982"}],"curies":[{"name":"wp","href":"https:\/\/api.w.org\/{rel}","templated":true}]}}