{"id":6100,"date":"2012-08-24T13:15:58","date_gmt":"2012-08-24T11:15:58","guid":{"rendered":"https:\/\/www.stepienybarno.es\/blog\/?p=6100"},"modified":"2012-08-24T13:17:06","modified_gmt":"2012-08-24T11:17:06","slug":"master-universitario-en-arquitectura-del-paisaje","status":"publish","type":"post","link":"https:\/\/stepienybarno.es\/blog\/2012\/08\/24\/master-universitario-en-arquitectura-del-paisaje\/","title":{"rendered":"M\u00c1STER UNIVERSITARIO EN ARQUITECTURA DEL PAISAJE"},"content":{"rendered":"<p align=\"left\">\n<p style=\"text-align: center;\"><img loading=\"lazy\" decoding=\"async\" class=\"aligncenter size-full wp-image-6101\" title=\"cartel 2012 verde baja\" src=\"https:\/\/stepienybarno.es\/blog\/wp-content\/uploads\/2012\/08\/M\u00c1STER-UNIVERSITARIO-EN-ARQUITECTURA-DEL-PAISAJE-CEU-_-STEPIENYBARNO-.jpg\" alt=\"cartel 2012 verde baja\" width=\"350\" height=\"99\" srcset=\"https:\/\/stepienybarno.es\/blog\/wp-content\/uploads\/2012\/08\/M\u00c1STER-UNIVERSITARIO-EN-ARQUITECTURA-DEL-PAISAJE-CEU-_-STEPIENYBARNO-.jpg 350w, https:\/\/stepienybarno.es\/blog\/wp-content\/uploads\/2012\/08\/M\u00c1STER-UNIVERSITARIO-EN-ARQUITECTURA-DEL-PAISAJE-CEU-_-STEPIENYBARNO--180x51.jpg 180w, https:\/\/stepienybarno.es\/blog\/wp-content\/uploads\/2012\/08\/M\u00c1STER-UNIVERSITARIO-EN-ARQUITECTURA-DEL-PAISAJE-CEU-_-STEPIENYBARNO--316x89.jpg 316w\" sizes=\"(max-width: 350px) 100vw, 350px\" \/><\/p>\n<p align=\"left\">\n<p align=\"left\">Por si es de vuestro inter\u00e9s: Programas de Posgrado y Doctorado Universidad CEU San Pablo.<\/p>\n<blockquote>\n<p align=\"left\"><!--more--><\/p>\n<p align=\"left\">\n<\/blockquote>\n<p style=\"text-align: center;\"><img loading=\"lazy\" decoding=\"async\" class=\"aligncenter size-large wp-image-6103\" title=\"cartel 2012 verde baja\" src=\"https:\/\/stepienybarno.es\/blog\/wp-content\/uploads\/2012\/08\/M\u00c1STER-UNIVERSITARIO-EN-ARQUITECTURA-DEL-PAISAJE-CEU-_-STEPIENYBARNO-2--495x700.jpg\" alt=\"cartel 2012 verde baja\" width=\"495\" height=\"700\" srcset=\"https:\/\/stepienybarno.es\/blog\/wp-content\/uploads\/2012\/08\/M\u00c1STER-UNIVERSITARIO-EN-ARQUITECTURA-DEL-PAISAJE-CEU-_-STEPIENYBARNO-2--495x700.jpg 495w, https:\/\/stepienybarno.es\/blog\/wp-content\/uploads\/2012\/08\/M\u00c1STER-UNIVERSITARIO-EN-ARQUITECTURA-DEL-PAISAJE-CEU-_-STEPIENYBARNO-2--127x180.jpg 127w, https:\/\/stepienybarno.es\/blog\/wp-content\/uploads\/2012\/08\/M\u00c1STER-UNIVERSITARIO-EN-ARQUITECTURA-DEL-PAISAJE-CEU-_-STEPIENYBARNO-2--389x550.jpg 389w, https:\/\/stepienybarno.es\/blog\/wp-content\/uploads\/2012\/08\/M\u00c1STER-UNIVERSITARIO-EN-ARQUITECTURA-DEL-PAISAJE-CEU-_-STEPIENYBARNO-2--283x400.jpg 283w, https:\/\/stepienybarno.es\/blog\/wp-content\/uploads\/2012\/08\/M\u00c1STER-UNIVERSITARIO-EN-ARQUITECTURA-DEL-PAISAJE-CEU-_-STEPIENYBARNO-2-.jpg 500w\" sizes=\"(max-width: 495px) 100vw, 495px\" \/><\/p>\n<p style=\"text-align: center;\">\n<p align=\"left\">El M\u00e1ster Universitario en Arquitectura del Paisaje -MAP- es un programa de\u00a0<strong>Posgrado Oficial <\/strong>organizado por la Escuela Polit\u00e9cnica Superior de La Universidad SP CEU de Madrid.\u00a0Su duraci\u00f3n prevista es de un a\u00f1o de modo intensivo (60 ECTS), de Septiembre 2012 a Julio 2013. Se impartir\u00e1 de lunes a jueves de 15 a 20 h.<\/p>\n<p align=\"left\">El MAP tiene un car\u00e1cter eminentemente\u00a0<strong>proyectual.<\/strong><strong> <\/strong>Los proyectos de paisaje abordar\u00e1n diferentes problem\u00e1ticas en las distintas escalas (territorial, urbana y arquitect\u00f3nica) y propondr\u00e1n la aplicaci\u00f3n de tecnolog\u00edas innovadoras de ecolog\u00eda urbana en materias como la gesti\u00f3n del ciclo del agua y de la energ\u00eda, que permitan promover la sostenibilidad urbana y la adaptaci\u00f3n de la ciudad al cambio clim\u00e1tico.<\/p>\n<p align=\"left\">El profesorado del MAP lo componen acad\u00e9micos y profesionales con una larga trayectoria en la disciplina de la\u00a0<strong>Arquitectura del Paisaje.<\/strong> Asimismo y debido a su vocaci\u00f3n\u00a0<strong>internacional<\/strong>, el MAP cuenta entre sus conferenciantes con algunas de las mejores figuras de la Arquitectura del Paisaje internacional.<\/p>\n<p align=\"left\">El MAP propone la utilizaci\u00f3n del paisaje como una herramienta operativa para resistir las tendencias homogeneizadoras del medio construido y como el \u00fanico instrumento capaz de reconectar lugares y devolverles su propio car\u00e1cter.<\/p>\n<p align=\"left\">El Paisaje, desde la escala territorial hasta la urbana, se presenta como el elemento articulador entre el medio construido, las infraestructuras y el entorno natural. Es el veh\u00edculo a trav\u00e9s del cual vincular las estructuras urbanas a los procesos ecol\u00f3gicos, la herramienta para intervenir en el entorno construido y el elemento estructurante\u00a0de su crecimiento, capaz de redefinir y dar nuevas formas al espacio urbano, de promover la cohesi\u00f3n social y de poner en valor nuestro patrimonio natural y cultural.<\/p>\n<p align=\"left\">El Paisajismo, como disciplina que se ocupa de la planificaci\u00f3n, dise\u00f1o, mantenimiento y gesti\u00f3n de los paisajes y los espacios abiertos, es la responsable de crear, mantener, proteger y mejorar los lugares a fin de ser funcionales, hermosos, sostenibles y adecuados a las diversas necesidades humanas y ecol\u00f3gicas. Y es por ello, por lo que resulta cada vez m\u00e1s necesaria la formaci\u00f3n de profesionales con un profundo conocimiento sobre la materia, capaces de pensar e investigar el Paisaje y de incorporarse al mercado de trabajo y resolver con \u00e9xito la ingente tarea que en materia de Paisaje se nos presenta.<\/p>\n<p align=\"left\">\n<p align=\"left\">\n<p align=\"left\">\n<p align=\"left\">Acceder a la informaci\u00f3n, <a href=\"http:\/\/www.postgrado.uspceu.es\/pages\/arquitectura_paisaje\/presentacion.html?ID_M=61\">aqu\u00ed.<\/a><\/p>\n<p align=\"left\">\n<p align=\"left\">Preinscripci\u00f3n: fecha limite 15 Septiembre, <a href=\"https:\/\/portalalumno.ceu.es\/XPfaExec\/XPfa.dll?ASK=INSINS&amp;ORG=CEU\">aqu\u00ed.<\/a> <a title=\"D\u00f3nde Estamos\" href=\"http:\/\/www.postgrado.uspceu.es\/donde-estamos.html\"><\/a><\/p>\n<p align=\"left\">\n<p align=\"left\">\n<p align=\"left\">\n<p style=\"text-align: center;\"><img loading=\"lazy\" decoding=\"async\" style=\"text-align: center;\" title=\"cartel 2012 verde baja\" src=\"https:\/\/stepienybarno.es\/blog\/wp-content\/uploads\/2012\/08\/M\u00c1STER-UNIVERSITARIO-EN-ARQUITECTURA-DEL-PAISAJE-CEU-_-STEPIENYBARNO-2.jpg\" alt=\"cartel 2012 verde baja\" width=\"350\" height=\"99\" \/><\/p>\n<p align=\"left\">* Este art\u00edculo ha sido escrito con car\u00e1cter divulgativo y sin ning\u00fan tipo de \u00e1nimo de lucro. As\u00ed que, si te apetece compartirlo en cualquier otro medio, estaremos encantados de que lo hagas siempre y cuando cites el lugar donde lo has encontrado.<\/p>\n<p style=\"text-align: center;\">\n<p align=\"left\">\n<p align=\"left\">Autores de la entrada: <a href=\"http:\/\/www.facebook.com\/col.prudant#!\/StepienybarnoCANAL\">Stepienybarno<\/a><\/p>\n<p align=\"left\"><a href=\"http:\/\/www.linkedin.com\/company\/stepienybarno\">STEPIENYBARNO EN LINKEDIN<\/a><\/p>\n<p align=\"left\"><a href=\"http:\/\/twitter.com\/stepienybarno\/stepienybarno\">STEPIENYBARNO EN TWITTER<\/a><\/p>\n<p><a href=\"https:\/\/www.facebook.com\/pages\/BLOG-DE-STEPIENYBARNO\/78001079029\">STEPIENYBARNO EN FACEBOOK<\/a><\/p>\n<p align=\"left\">* Stepienybarno est\u00e1 formado por Agnieszka Stepien y Lorenzo Barn\u00f3 y desde mayo del 2009 estamos en la red con\u00a0 la presente publicaci\u00f3n digital (Blog) de arquitectura.<\/p>\n<p align=\"left\">Nuestra actividad se sustenta en tres pilares b\u00e1sicos: la investigaci\u00f3n, la publicaci\u00f3n y la redacci\u00f3n de proyectos de arquitectura.<\/p>\n<p align=\"left\">A su vez, somos socios cofundadores de <a href=\"http:\/\/sinergiasostenible.org\/\">SINERGIA SOSTENIBLE<\/a> y redactores de <a href=\"http:\/\/www.laciudadviva.org\/blogs\/?author=45\">LA CIUDAD VIVA<\/a>.<\/p>\n<p align=\"left\">* Los editores de esta publicaci\u00f3n digital no nos hacemos cargo de de los comentarios y\u00a0 conceptos vertidos en los textos firmados por otras personas, siendo \u00e9stos de responsabilidad exclusiva de sus autores.<\/p>\n<p align=\"left\">* Tu comentario pudiera ser moderado, por lo tanto, aunque aparezca inmediatamente al ser publicado en la entrada, los editores de esta publicaci\u00f3n digital nos reservamos el derecho tanto de editarlo (si fuera necesario, para hacerlo m\u00e1s legible) como de eliminarlo en el caso de que se usen expresiones incorrectas (descalificaciones, palabras malsonantes\u2026). A su vez, si quieres comentar desde el anonimato puedes hacerlo, aunque, nosotros personalmente, agradecemos que tod@s nos podamos identificar.<\/p>\n","protected":false},"excerpt":{"rendered":"\n<p>Por si es de vuestro inter\u00e9s: Programas de Posgrado y Doctorado Universidad CEU San Pablo.<\/p>\n","protected":false},"author":2,"featured_media":0,"comment_status":"open","ping_status":"closed","sticky":false,"template":"","format":"standard","meta":{"om_disable_all_campaigns":false,"_monsterinsights_skip_tracking":false,"_monsterinsights_sitenote_active":false,"_monsterinsights_sitenote_note":"","_monsterinsights_sitenote_category":0,"_uf_show_specific_survey":0,"_uf_disable_surveys":false,"episode_type":"","audio_file":"","cover_image":"","cover_image_id":"","duration":"","filesize":"","date_recorded":"","explicit":"","block":"","filesize_raw":"","footnotes":""},"categories":[20,244],"tags":[4274,9,48,1904,4273,1903,54],"series":[],"class_list":["post-6100","post","type-post","status-publish","format-standard","hentry","category-reportajes-arquitectura","category-canal-de-arquitectura","tag-actualidad","tag-arquitectura","tag-arquitectura-del-paisaje","tag-ceu","tag-identidad-digital-syb","tag-map","tag-urbanismo-sostenible"],"aioseo_notices":[],"episode_featured_image":false,"episode_player_image":"https:\/\/stepienybarno.es\/blog\/wp-content\/uploads\/2020\/11\/stepienybarno-podcast-scaled.jpg","download_link":"","player_link":"","audio_player":false,"episode_data":{"playerMode":"dark","subscribeUrls":[],"rssFeedUrl":"https:\/\/stepienybarno.es\/blog\/feed\/podcast\/podcast-de-stepienybarno","embedCode":"<blockquote class=\"wp-embedded-content\" data-secret=\"nMBiIyzu0h\"><a href=\"https:\/\/stepienybarno.es\/blog\/2012\/08\/24\/master-universitario-en-arquitectura-del-paisaje\/\">M\u00c1STER UNIVERSITARIO EN ARQUITECTURA DEL PAISAJE<\/a><\/blockquote><iframe sandbox=\"allow-scripts\" security=\"restricted\" src=\"https:\/\/stepienybarno.es\/blog\/2012\/08\/24\/master-universitario-en-arquitectura-del-paisaje\/embed\/#?secret=nMBiIyzu0h\" width=\"500\" height=\"350\" title=\"\u00abM\u00c1STER UNIVERSITARIO EN ARQUITECTURA DEL PAISAJE\u00bb \u2014 Blog de STEPIEN Y BARNO - publicaci\u00f3n digital sobre arquitectura\" data-secret=\"nMBiIyzu0h\" frameborder=\"0\" marginwidth=\"0\" marginheight=\"0\" scrolling=\"no\" class=\"wp-embedded-content\"><\/iframe><script type=\"text\/javascript\">\n\/* <![CDATA[ *\/\n\/*! This file is auto-generated *\/\n!function(d,l){\"use strict\";l.querySelector&&d.addEventListener&&\"undefined\"!=typeof URL&&(d.wp=d.wp||{},d.wp.receiveEmbedMessage||(d.wp.receiveEmbedMessage=function(e){var t=e.data;if((t||t.secret||t.message||t.value)&&!\/[^a-zA-Z0-9]\/.test(t.secret)){for(var s,r,n,a=l.querySelectorAll('iframe[data-secret=\"'+t.secret+'\"]'),o=l.querySelectorAll('blockquote[data-secret=\"'+t.secret+'\"]'),c=new RegExp(\"^https?:$\",\"i\"),i=0;i<o.length;i++)o[i].style.display=\"none\";for(i=0;i<a.length;i++)s=a[i],e.source===s.contentWindow&&(s.removeAttribute(\"style\"),\"height\"===t.message?(1e3<(r=parseInt(t.value,10))?r=1e3:~~r<200&&(r=200),s.height=r):\"link\"===t.message&&(r=new URL(s.getAttribute(\"src\")),n=new URL(t.value),c.test(n.protocol))&&n.host===r.host&&l.activeElement===s&&(d.top.location.href=t.value))}},d.addEventListener(\"message\",d.wp.receiveEmbedMessage,!1),l.addEventListener(\"DOMContentLoaded\",function(){for(var e,t,s=l.querySelectorAll(\"iframe.wp-embedded-content\"),r=0;r<s.length;r++)(t=(e=s[r]).getAttribute(\"data-secret\"))||(t=Math.random().toString(36).substring(2,12),e.src+=\"#?secret=\"+t,e.setAttribute(\"data-secret\",t)),e.contentWindow.postMessage({message:\"ready\",secret:t},\"*\")},!1)))}(window,document);\n\/* ]]> *\/\n<\/script>\n"},"_links":{"self":[{"href":"https:\/\/stepienybarno.es\/blog\/wp-json\/wp\/v2\/posts\/6100"}],"collection":[{"href":"https:\/\/stepienybarno.es\/blog\/wp-json\/wp\/v2\/posts"}],"about":[{"href":"https:\/\/stepienybarno.es\/blog\/wp-json\/wp\/v2\/types\/post"}],"author":[{"embeddable":true,"href":"https:\/\/stepienybarno.es\/blog\/wp-json\/wp\/v2\/users\/2"}],"replies":[{"embeddable":true,"href":"https:\/\/stepienybarno.es\/blog\/wp-json\/wp\/v2\/comments?post=6100"}],"version-history":[{"count":3,"href":"https:\/\/stepienybarno.es\/blog\/wp-json\/wp\/v2\/posts\/6100\/revisions"}],"predecessor-version":[{"id":6107,"href":"https:\/\/stepienybarno.es\/blog\/wp-json\/wp\/v2\/posts\/6100\/revisions\/6107"}],"wp:attachment":[{"href":"https:\/\/stepienybarno.es\/blog\/wp-json\/wp\/v2\/media?parent=6100"}],"wp:term":[{"taxonomy":"category","embeddable":true,"href":"https:\/\/stepienybarno.es\/blog\/wp-json\/wp\/v2\/categories?post=6100"},{"taxonomy":"post_tag","embeddable":true,"href":"https:\/\/stepienybarno.es\/blog\/wp-json\/wp\/v2\/tags?post=6100"},{"taxonomy":"series","embeddable":true,"href":"https:\/\/stepienybarno.es\/blog\/wp-json\/wp\/v2\/series?post=6100"}],"curies":[{"name":"wp","href":"https:\/\/api.w.org\/{rel}","templated":true}]}}