{"id":61213,"date":"2024-01-22T08:02:44","date_gmt":"2024-01-22T06:02:44","guid":{"rendered":"https:\/\/stepienybarno.es\/blog\/?p=61213"},"modified":"2024-01-10T21:39:32","modified_gmt":"2024-01-10T19:39:32","slug":"ecosistemas-urbanos-conversacion-con-salvador-rueda","status":"publish","type":"post","link":"https:\/\/stepienybarno.es\/blog\/2024\/01\/22\/ecosistemas-urbanos-conversacion-con-salvador-rueda\/","title":{"rendered":"Ecosistemas urbanos. Conversaci\u00f3n con Salvador Rueda"},"content":{"rendered":"<p><img loading=\"lazy\" decoding=\"async\" class=\"alignnone size-full wp-image-61214\" src=\"https:\/\/stepienybarno.es\/blog\/wp-content\/uploads\/2024\/01\/stepienybarno-Ecosistemas-urbanos.-Conversacion-con-Salvador-Rueda-Postdeldia.jpg\" alt=\"\" width=\"2560\" height=\"1707\" srcset=\"https:\/\/stepienybarno.es\/blog\/wp-content\/uploads\/2024\/01\/stepienybarno-Ecosistemas-urbanos.-Conversacion-con-Salvador-Rueda-Postdeldia.jpg 2560w, https:\/\/stepienybarno.es\/blog\/wp-content\/uploads\/2024\/01\/stepienybarno-Ecosistemas-urbanos.-Conversacion-con-Salvador-Rueda-Postdeldia-550x367.jpg 550w, https:\/\/stepienybarno.es\/blog\/wp-content\/uploads\/2024\/01\/stepienybarno-Ecosistemas-urbanos.-Conversacion-con-Salvador-Rueda-Postdeldia-1024x683.jpg 1024w, https:\/\/stepienybarno.es\/blog\/wp-content\/uploads\/2024\/01\/stepienybarno-Ecosistemas-urbanos.-Conversacion-con-Salvador-Rueda-Postdeldia-180x120.jpg 180w, https:\/\/stepienybarno.es\/blog\/wp-content\/uploads\/2024\/01\/stepienybarno-Ecosistemas-urbanos.-Conversacion-con-Salvador-Rueda-Postdeldia-1536x1024.jpg 1536w, https:\/\/stepienybarno.es\/blog\/wp-content\/uploads\/2024\/01\/stepienybarno-Ecosistemas-urbanos.-Conversacion-con-Salvador-Rueda-Postdeldia-2048x1366.jpg 2048w, https:\/\/stepienybarno.es\/blog\/wp-content\/uploads\/2024\/01\/stepienybarno-Ecosistemas-urbanos.-Conversacion-con-Salvador-Rueda-Postdeldia-316x211.jpg 316w\" sizes=\"(max-width: 2560px) 100vw, 2560px\" \/><\/p>\n<h1><strong>Por: Miquel Adri\u00e0<br \/>\n<\/strong><\/h1>\n<h2><strong>Desde: Arquine <\/strong><\/h2>\n<p>Con estudios en Ciencias Biol\u00f3gicas y Psicolog\u00eda, Ingenier\u00eda Ambiental y Gesti\u00f3n Energ\u00e9tica, Salvador Rueda ha trabajado en temas relativos al medioambiente urbano. Adem\u00e1s, fue, hasta 2019, el director de la Agencia de Ecolog\u00eda Urbana de Barcelona desde su fundaci\u00f3n en el a\u00f1o 2000. Actualmente, es presidente de la Fundaci\u00f3n Ecolog\u00eda Urbana y Territorial.<\/p>\n<p>&nbsp;<\/p>\n<p style=\"text-align: center;\"><a href=\"https:\/\/arquine.com\/ecosistemas-urbanos-conversacion-con-salvador-rueda\/\" target=\"_blank\" rel=\"noopener\">Acceder al post<\/a><\/p>\n<hr \/>\n<h5><strong>Autores del post: <a href=\"https:\/\/stepienybarno.es\/blog\/2011\/09\/04\/las-fortalezas-del-arquitecto\/\">Stepienybarno<\/a> _ Agnieszka Stepien y Lorenzo Barn\u00f3<\/strong><\/h5>\n<h5>Y como siempre, si te gust\u00f3 el post, estar\u00eda genial que lo compartas en tus redes sociales.<\/h5>\n<h5>A su vez, si todav\u00eda no est\u00e1s suscrito a nuestra Newsletter, te animamos a hacerlo en la casilla que tienes al terminar este art\u00edculo.<\/h5>\n<p>&nbsp;<\/p>\n<p>Suscribirte a nuestro blog y recibe gratis nuestra gu\u00eda: 10 Ideas para vender m\u00e1s si eres arquitecto<\/p>\n<p>Acceder: <a href=\"http:\/\/bit.ly\/2fkkTS7\">http:\/\/bit.ly\/2fkkTS7<\/a><\/p>\n<p>&nbsp;<\/p>\n<p>Si te interesa contactar con nosotros para que te ayudemos a mejorar tu visibilidad online y, en consecuencia, mejorar tus oportunidades laborales, no dudes en escribirnos a: <a href=\"mailto:blog@stepienybarno.es\">blog@stepienybarno.es<\/a><\/p>\n<p>&nbsp;<\/p>\n<p><em><a href=\"https:\/\/twitter.com\/stepienybarno\">Stepienybarno en TWITTER<\/a><\/em><\/p>\n<p><em><a href=\"https:\/\/twitter.com\/stepienybarno\">@stepienybarno (+ de 16.000 seguidores)<\/a><\/em><\/p>\n<p><em><a href=\"https:\/\/twitter.com\/stepienybarno?lang=es\">https:\/\/twitter.com\/stepienybarno?lang=es<\/a><\/em><\/p>\n<p><em><a href=\"https:\/\/www.facebook.com\/pages\/BLOG-DE-STEPIENYBARNO\/78001079029\">Stepienybarno en FACEBOOK (+ de 24<u>.000 seguidores)<\/u><\/a><\/em><\/p>\n<p><em><a href=\"https:\/\/www.facebook.com\/StepienyBarnoArquitecturaeIdentidadDigital\/\">https:\/\/www.facebook.com\/StepienyBarnoArquitecturaeIdentidadDigital\/<\/a><\/em><\/p>\n<p><em>Acceder a nuestro GRUPO CERRADO DE FACEBOOK sobre Identidad Digital para Arquitectos:<\/em><\/p>\n<p><em><a href=\"https:\/\/www.facebook.com\/groups\/IdentidadDigitalParaArquitectos\/\">https:\/\/www.facebook.com\/groups\/IdentidadDigitalParaArquitectos\/<\/a><\/em><\/p>\n<p><em>Suscr\u00edbete a nuestro canal de YOUTUBE: <a href=\"http:\/\/bit.ly\/2A1UtAd\">http:\/\/bit.ly\/2A1UtAd<\/a><\/em><\/p>\n<p>&nbsp;<\/p>\n<p>* <a href=\"https:\/\/stepienybarno.es\/blog\/2011\/09\/04\/las-fortalezas-del-arquitecto\/\">Stepienybarno<\/a> est\u00e1 formado por Agnieszka Stepien y Lorenzo Barn\u00f3 y desde mayo del 2009 estamos en la red con la presente publicaci\u00f3n digital (Blog) de arquitectura.<\/p>\n<p>Nuestra actividad se sustenta en tres pilares b\u00e1sicos: la investigaci\u00f3n, la publicaci\u00f3n y la redacci\u00f3n de proyectos de arquitectura.<\/p>\n<p>A su vez, somos socios cofundadores de <a href=\"http:\/\/sinergiasostenible.org\/\">SINERGIA SOSTENIBLE<\/a>.Alejandro Hern\u00e1ndez G\u00e1lvez<\/p>\n","protected":false},"excerpt":{"rendered":"<p>Por: Miquel Adri\u00e0 Desde: Arquine Con estudios en Ciencias Biol\u00f3gicas<\/p>\n","protected":false},"author":2,"featured_media":61214,"comment_status":"open","ping_status":"closed","sticky":false,"template":"","format":"standard","meta":{"om_disable_all_campaigns":false,"_monsterinsights_skip_tracking":false,"_monsterinsights_sitenote_active":false,"_monsterinsights_sitenote_note":"","_monsterinsights_sitenote_category":0,"_uf_show_specific_survey":0,"_uf_disable_surveys":false,"episode_type":"audio","audio_file":"","cover_image":"","cover_image_id":"","duration":"","filesize":"","date_recorded":"","explicit":"","block":"","filesize_raw":"","footnotes":""},"categories":[244],"tags":[3162,4421],"series":[],"class_list":["post-61213","post","type-post","status-publish","format-standard","has-post-thumbnail","hentry","category-canal-de-arquitectura","tag-arquine","tag-miquel-adria"],"aioseo_notices":[],"episode_featured_image":"https:\/\/stepienybarno.es\/blog\/wp-content\/uploads\/2024\/01\/stepienybarno-Ecosistemas-urbanos.-Conversacion-con-Salvador-Rueda-Postdeldia.jpg","episode_player_image":"https:\/\/stepienybarno.es\/blog\/wp-content\/uploads\/2020\/11\/stepienybarno-podcast-scaled.jpg","download_link":"","player_link":"","audio_player":false,"episode_data":{"playerMode":"dark","subscribeUrls":[],"rssFeedUrl":"https:\/\/stepienybarno.es\/blog\/feed\/podcast\/podcast-de-stepienybarno","embedCode":"<blockquote class=\"wp-embedded-content\" data-secret=\"iEtHAem5Ew\"><a href=\"https:\/\/stepienybarno.es\/blog\/2024\/01\/22\/ecosistemas-urbanos-conversacion-con-salvador-rueda\/\">Ecosistemas urbanos. Conversaci\u00f3n con Salvador Rueda<\/a><\/blockquote><iframe sandbox=\"allow-scripts\" security=\"restricted\" src=\"https:\/\/stepienybarno.es\/blog\/2024\/01\/22\/ecosistemas-urbanos-conversacion-con-salvador-rueda\/embed\/#?secret=iEtHAem5Ew\" width=\"500\" height=\"350\" title=\"\u00abEcosistemas urbanos. Conversaci\u00f3n con Salvador Rueda\u00bb \u2014 Blog de STEPIEN Y BARNO - publicaci\u00f3n digital sobre arquitectura\" data-secret=\"iEtHAem5Ew\" frameborder=\"0\" marginwidth=\"0\" marginheight=\"0\" scrolling=\"no\" class=\"wp-embedded-content\"><\/iframe><script type=\"text\/javascript\">\n\/* <![CDATA[ *\/\n\/*! This file is auto-generated *\/\n!function(d,l){\"use strict\";l.querySelector&&d.addEventListener&&\"undefined\"!=typeof URL&&(d.wp=d.wp||{},d.wp.receiveEmbedMessage||(d.wp.receiveEmbedMessage=function(e){var t=e.data;if((t||t.secret||t.message||t.value)&&!\/[^a-zA-Z0-9]\/.test(t.secret)){for(var s,r,n,a=l.querySelectorAll('iframe[data-secret=\"'+t.secret+'\"]'),o=l.querySelectorAll('blockquote[data-secret=\"'+t.secret+'\"]'),c=new RegExp(\"^https?:$\",\"i\"),i=0;i<o.length;i++)o[i].style.display=\"none\";for(i=0;i<a.length;i++)s=a[i],e.source===s.contentWindow&&(s.removeAttribute(\"style\"),\"height\"===t.message?(1e3<(r=parseInt(t.value,10))?r=1e3:~~r<200&&(r=200),s.height=r):\"link\"===t.message&&(r=new URL(s.getAttribute(\"src\")),n=new URL(t.value),c.test(n.protocol))&&n.host===r.host&&l.activeElement===s&&(d.top.location.href=t.value))}},d.addEventListener(\"message\",d.wp.receiveEmbedMessage,!1),l.addEventListener(\"DOMContentLoaded\",function(){for(var e,t,s=l.querySelectorAll(\"iframe.wp-embedded-content\"),r=0;r<s.length;r++)(t=(e=s[r]).getAttribute(\"data-secret\"))||(t=Math.random().toString(36).substring(2,12),e.src+=\"#?secret=\"+t,e.setAttribute(\"data-secret\",t)),e.contentWindow.postMessage({message:\"ready\",secret:t},\"*\")},!1)))}(window,document);\n\/* ]]> *\/\n<\/script>\n"},"_links":{"self":[{"href":"https:\/\/stepienybarno.es\/blog\/wp-json\/wp\/v2\/posts\/61213"}],"collection":[{"href":"https:\/\/stepienybarno.es\/blog\/wp-json\/wp\/v2\/posts"}],"about":[{"href":"https:\/\/stepienybarno.es\/blog\/wp-json\/wp\/v2\/types\/post"}],"author":[{"embeddable":true,"href":"https:\/\/stepienybarno.es\/blog\/wp-json\/wp\/v2\/users\/2"}],"replies":[{"embeddable":true,"href":"https:\/\/stepienybarno.es\/blog\/wp-json\/wp\/v2\/comments?post=61213"}],"version-history":[{"count":1,"href":"https:\/\/stepienybarno.es\/blog\/wp-json\/wp\/v2\/posts\/61213\/revisions"}],"predecessor-version":[{"id":61215,"href":"https:\/\/stepienybarno.es\/blog\/wp-json\/wp\/v2\/posts\/61213\/revisions\/61215"}],"wp:featuredmedia":[{"embeddable":true,"href":"https:\/\/stepienybarno.es\/blog\/wp-json\/wp\/v2\/media\/61214"}],"wp:attachment":[{"href":"https:\/\/stepienybarno.es\/blog\/wp-json\/wp\/v2\/media?parent=61213"}],"wp:term":[{"taxonomy":"category","embeddable":true,"href":"https:\/\/stepienybarno.es\/blog\/wp-json\/wp\/v2\/categories?post=61213"},{"taxonomy":"post_tag","embeddable":true,"href":"https:\/\/stepienybarno.es\/blog\/wp-json\/wp\/v2\/tags?post=61213"},{"taxonomy":"series","embeddable":true,"href":"https:\/\/stepienybarno.es\/blog\/wp-json\/wp\/v2\/series?post=61213"}],"curies":[{"name":"wp","href":"https:\/\/api.w.org\/{rel}","templated":true}]}}