{"id":61330,"date":"2024-02-06T08:00:13","date_gmt":"2024-02-06T06:00:13","guid":{"rendered":"https:\/\/stepienybarno.es\/blog\/?p=61330"},"modified":"2024-02-06T12:31:01","modified_gmt":"2024-02-06T10:31:01","slug":"casa-mm_dual-arquitectura-proyectodeldia","status":"publish","type":"post","link":"https:\/\/stepienybarno.es\/blog\/2024\/02\/06\/casa-mm_dual-arquitectura-proyectodeldia\/","title":{"rendered":"Casa MM_Dual Arquitectura #ProyectoDelD\u00eda"},"content":{"rendered":"<div id=\"attachment_61331\" style=\"width: 2570px\" class=\"wp-caption alignnone\"><img loading=\"lazy\" decoding=\"async\" aria-describedby=\"caption-attachment-61331\" class=\"size-full wp-image-61331\" src=\"https:\/\/stepienybarno.es\/blog\/wp-content\/uploads\/2024\/02\/JL231116DUAL-MARIAMENA-2-scaled.jpg\" alt=\"\" width=\"2560\" height=\"1637\" srcset=\"https:\/\/stepienybarno.es\/blog\/wp-content\/uploads\/2024\/02\/JL231116DUAL-MARIAMENA-2-scaled.jpg 2560w, https:\/\/stepienybarno.es\/blog\/wp-content\/uploads\/2024\/02\/JL231116DUAL-MARIAMENA-2-550x352.jpg 550w, https:\/\/stepienybarno.es\/blog\/wp-content\/uploads\/2024\/02\/JL231116DUAL-MARIAMENA-2-1024x655.jpg 1024w, https:\/\/stepienybarno.es\/blog\/wp-content\/uploads\/2024\/02\/JL231116DUAL-MARIAMENA-2-180x115.jpg 180w, https:\/\/stepienybarno.es\/blog\/wp-content\/uploads\/2024\/02\/JL231116DUAL-MARIAMENA-2-1536x982.jpg 1536w, https:\/\/stepienybarno.es\/blog\/wp-content\/uploads\/2024\/02\/JL231116DUAL-MARIAMENA-2-2048x1309.jpg 2048w, https:\/\/stepienybarno.es\/blog\/wp-content\/uploads\/2024\/02\/JL231116DUAL-MARIAMENA-2-316x202.jpg 316w\" sizes=\"(max-width: 2560px) 100vw, 2560px\" \/><p id=\"caption-attachment-61331\" class=\"wp-caption-text\">Casa MM . Dual Arquitectura. Fotograf\u00eda de Juanca Lagares.<\/p><\/div>\n<h2><strong>Por: <a href=\"https:\/\/dual-arquitectura.com\/\">Dual Arquitectura<\/a><br \/>\n<\/strong><\/h2>\n<h2><strong>Desde: Dual Arquitectura<\/strong><\/h2>\n<h2><strong>Fotograf\u00eda: <a href=\"https:\/\/juancalagares.com\/\">Juanca Lagares<\/a><\/strong><\/h2>\n<div id=\"attachment_61332\" style=\"width: 2570px\" class=\"wp-caption alignnone\"><img loading=\"lazy\" decoding=\"async\" aria-describedby=\"caption-attachment-61332\" class=\"size-full wp-image-61332\" src=\"https:\/\/stepienybarno.es\/blog\/wp-content\/uploads\/2024\/02\/JL231116DUAL-MARIAMENA-4-scaled.jpg\" alt=\"\" width=\"2560\" height=\"1708\" srcset=\"https:\/\/stepienybarno.es\/blog\/wp-content\/uploads\/2024\/02\/JL231116DUAL-MARIAMENA-4-scaled.jpg 2560w, https:\/\/stepienybarno.es\/blog\/wp-content\/uploads\/2024\/02\/JL231116DUAL-MARIAMENA-4-550x367.jpg 550w, https:\/\/stepienybarno.es\/blog\/wp-content\/uploads\/2024\/02\/JL231116DUAL-MARIAMENA-4-1024x683.jpg 1024w, https:\/\/stepienybarno.es\/blog\/wp-content\/uploads\/2024\/02\/JL231116DUAL-MARIAMENA-4-180x120.jpg 180w, https:\/\/stepienybarno.es\/blog\/wp-content\/uploads\/2024\/02\/JL231116DUAL-MARIAMENA-4-1536x1025.jpg 1536w, https:\/\/stepienybarno.es\/blog\/wp-content\/uploads\/2024\/02\/JL231116DUAL-MARIAMENA-4-2048x1366.jpg 2048w, https:\/\/stepienybarno.es\/blog\/wp-content\/uploads\/2024\/02\/JL231116DUAL-MARIAMENA-4-316x211.jpg 316w\" sizes=\"(max-width: 2560px) 100vw, 2560px\" \/><p id=\"caption-attachment-61332\" class=\"wp-caption-text\">Casa MM . Dual Arquitectura. Fotograf\u00eda de Juanca Lagares.<\/p><\/div>\n<div id=\"attachment_61333\" style=\"width: 2570px\" class=\"wp-caption alignnone\"><img loading=\"lazy\" decoding=\"async\" aria-describedby=\"caption-attachment-61333\" class=\"size-full wp-image-61333\" src=\"https:\/\/stepienybarno.es\/blog\/wp-content\/uploads\/2024\/02\/JL231116DUAL-MARIAMENA-6-scaled.jpg\" alt=\"\" width=\"2560\" height=\"1708\" srcset=\"https:\/\/stepienybarno.es\/blog\/wp-content\/uploads\/2024\/02\/JL231116DUAL-MARIAMENA-6-scaled.jpg 2560w, https:\/\/stepienybarno.es\/blog\/wp-content\/uploads\/2024\/02\/JL231116DUAL-MARIAMENA-6-550x367.jpg 550w, https:\/\/stepienybarno.es\/blog\/wp-content\/uploads\/2024\/02\/JL231116DUAL-MARIAMENA-6-1024x683.jpg 1024w, https:\/\/stepienybarno.es\/blog\/wp-content\/uploads\/2024\/02\/JL231116DUAL-MARIAMENA-6-180x120.jpg 180w, https:\/\/stepienybarno.es\/blog\/wp-content\/uploads\/2024\/02\/JL231116DUAL-MARIAMENA-6-1536x1025.jpg 1536w, https:\/\/stepienybarno.es\/blog\/wp-content\/uploads\/2024\/02\/JL231116DUAL-MARIAMENA-6-2048x1366.jpg 2048w, https:\/\/stepienybarno.es\/blog\/wp-content\/uploads\/2024\/02\/JL231116DUAL-MARIAMENA-6-316x211.jpg 316w\" sizes=\"(max-width: 2560px) 100vw, 2560px\" \/><p id=\"caption-attachment-61333\" class=\"wp-caption-text\">Casa MM . DUAL Arquitectura. Fotograf\u00eda de Juanca Lagares.<\/p><\/div>\n<div id=\"attachment_61334\" style=\"width: 1718px\" class=\"wp-caption alignnone\"><img loading=\"lazy\" decoding=\"async\" aria-describedby=\"caption-attachment-61334\" class=\"size-full wp-image-61334\" src=\"https:\/\/stepienybarno.es\/blog\/wp-content\/uploads\/2024\/02\/JL231116DUAL-MARIAMENA-16-scaled.jpg\" alt=\"\" width=\"1708\" height=\"2560\" srcset=\"https:\/\/stepienybarno.es\/blog\/wp-content\/uploads\/2024\/02\/JL231116DUAL-MARIAMENA-16-scaled.jpg 1708w, https:\/\/stepienybarno.es\/blog\/wp-content\/uploads\/2024\/02\/JL231116DUAL-MARIAMENA-16-367x550.jpg 367w, https:\/\/stepienybarno.es\/blog\/wp-content\/uploads\/2024\/02\/JL231116DUAL-MARIAMENA-16-467x700.jpg 467w, https:\/\/stepienybarno.es\/blog\/wp-content\/uploads\/2024\/02\/JL231116DUAL-MARIAMENA-16-120x180.jpg 120w, https:\/\/stepienybarno.es\/blog\/wp-content\/uploads\/2024\/02\/JL231116DUAL-MARIAMENA-16-1025x1536.jpg 1025w, https:\/\/stepienybarno.es\/blog\/wp-content\/uploads\/2024\/02\/JL231116DUAL-MARIAMENA-16-1366x2048.jpg 1366w, https:\/\/stepienybarno.es\/blog\/wp-content\/uploads\/2024\/02\/JL231116DUAL-MARIAMENA-16-224x336.jpg 224w, https:\/\/stepienybarno.es\/blog\/wp-content\/uploads\/2024\/02\/JL231116DUAL-MARIAMENA-16-267x400.jpg 267w\" sizes=\"(max-width: 1708px) 100vw, 1708px\" \/><p id=\"caption-attachment-61334\" class=\"wp-caption-text\">Casa MM . DUAL Arquitectura. Fotograf\u00eda de Juanca Lagares.<\/p><\/div>\n<div id=\"attachment_61335\" style=\"width: 2550px\" class=\"wp-caption alignnone\"><img loading=\"lazy\" decoding=\"async\" aria-describedby=\"caption-attachment-61335\" class=\"size-full wp-image-61335\" src=\"https:\/\/stepienybarno.es\/blog\/wp-content\/uploads\/2024\/02\/JL231116DUAL-MARIAMENA-20-scaled.jpg\" alt=\"\" width=\"2540\" height=\"2560\" srcset=\"https:\/\/stepienybarno.es\/blog\/wp-content\/uploads\/2024\/02\/JL231116DUAL-MARIAMENA-20-scaled.jpg 2540w, https:\/\/stepienybarno.es\/blog\/wp-content\/uploads\/2024\/02\/JL231116DUAL-MARIAMENA-20-546x550.jpg 546w, https:\/\/stepienybarno.es\/blog\/wp-content\/uploads\/2024\/02\/JL231116DUAL-MARIAMENA-20-694x700.jpg 694w, https:\/\/stepienybarno.es\/blog\/wp-content\/uploads\/2024\/02\/JL231116DUAL-MARIAMENA-20-180x180.jpg 180w, https:\/\/stepienybarno.es\/blog\/wp-content\/uploads\/2024\/02\/JL231116DUAL-MARIAMENA-20-1524x1536.jpg 1524w, https:\/\/stepienybarno.es\/blog\/wp-content\/uploads\/2024\/02\/JL231116DUAL-MARIAMENA-20-2032x2048.jpg 2032w, https:\/\/stepienybarno.es\/blog\/wp-content\/uploads\/2024\/02\/JL231116DUAL-MARIAMENA-20-316x319.jpg 316w\" sizes=\"(max-width: 2540px) 100vw, 2540px\" \/><p id=\"caption-attachment-61335\" class=\"wp-caption-text\">Casa MM . DUAL Arquitectura. Fotograf\u00eda de Juanca Lagares.<\/p><\/div>\n<p>&nbsp;<\/p>\n<h3>Descripci\u00f3n del proyecto<\/h3>\n<p>( Facilitado por DUAL Arquitectura)<\/p>\n<h4>El l\u00edmite del mar de pl\u00e1stico<\/h4>\n<p>El crecimiento de ciudad sin una planificaci\u00f3n aparente conlleva, a veces, situaciones donde el l\u00edmite entre lo urbano, lo rural y el paisaje inmediato no queda claramente delimitado. Este paisaje en muchas ocasiones es la excusa perfecta para abrir el proyecto y generar miradas amables con el entorno. En esta vivienda el entorno inmediato es duro: un mar de pl\u00e1sticos de invernaderos de frutos rojos.<\/p>\n<h4>El basamento y las ventanas indiscretas<\/h4>\n<p>En su fachada noroeste la vivienda se cierra a este entorno generando un basamento de una altura y aprovechando la materialidad del ladrillo caravista de Malpesa. Con esta acci\u00f3n la vivienda entiende su sentido de l\u00edmite de ciudad y lo deja patente. Sobre este basamento se apoya una caja blanca que se desliza sobre la vertical para no alinearse a ninguna referencia de la planta baja, dando claridad al prop\u00f3sito de diferenciar ambos vol\u00famenes totalmente. Pero, aunque este muro quiera cerrarse al entorno y cegarse en su totalidad, surge en este alzado dos ventanas indiscretas a modo de miradores en ambos vol\u00famenes. Dos huecos que marcan a\u00fan m\u00e1s la horizontalidad de la fachada.<\/p>\n<h4>Luz<\/h4>\n<p>En el suroeste la vivienda se transforma. Genera las m\u00e1ximas aperturas posibles abri\u00e9ndose al sol, al paisaje y a la luz. Encontramos un patio que da vida al s\u00f3tano donde se agrupan las estancias de estudio y descanso de los m\u00e1s peque\u00f1os de la casa. En planta baja y alta tenemos dos grandes estancias exteriores que se conectan al interior para as\u00ed prolongar la vivienda. El espacio de planta baja se convierte en un espacio de juegos exterior y el de cubierta se concibe como un lugar de celebraci\u00f3n familiar, \u00edntimo pero abierto al paisaje.<\/p>\n<p><strong>El coraz\u00f3n de la casa\u00a0<\/strong><\/p>\n<p>La vivienda tiene una resoluci\u00f3n sencilla. Los espacios auxiliares, vitales para el funcionamiento de la vida dom\u00e9stica, como son los ba\u00f1os, comunicaciones verticales, instalaciones, despensa, almacenaje\u2026 se concentran en el centro de la casa, haciendo que los espacios principales: dormitorios, zonas de juego, sal\u00f3n-comedor y cocina se vuelquen al exterior.\u00a0 El programa nocturno o de espacios de estudio y juego siempre se vuelcan al exterior ya sea en la fachada suroeste o en el patio de s\u00f3tano. De diferente manera sucede con el espacio de sal\u00f3n y cocina. Esta estancia se genera en la intersecci\u00f3n de ambos vol\u00famenes exteriores de ladrillo generando un gran espacio a doble altura que a su vez se abre al patio trasero, logrando una conexi\u00f3n interior y exterior constante.<\/p>\n<h4>Color y textura de la construcci\u00f3n<\/h4>\n<p>El ladrillo caravista de Malpesa posee un tono que marca los espacios exteriores, pero a su vez los interiores de la vivienda. Su color, ligeramente tostado, produce una paleta de colores que se quiere introducir dentro de la casa. Es por ello por lo que, tanto el color del suelo cer\u00e1mico de gran formato 1,2&#215;1,2 m. como la decisi\u00f3n de dejar los paramentos verticales con el enlucido de yeso visto generan una sensaci\u00f3n de materialidad m\u00e1s dom\u00e9stica, m\u00e1s c\u00e1lida y por lo tanto de confort visual en el hogar.<\/p>\n<p>&nbsp;<\/p>\n<p style=\"text-align: center;\"><strong>+ info AQU\u00cd<\/strong><\/p>\n<p>&nbsp;<\/p>\n<h5><strong>Autores del post:\u00a0<a href=\"https:\/\/stepienybarno.es\/blog\/2011\/09\/04\/las-fortalezas-del-arquitecto\/\">Stepienybarno<\/a>\u00a0_ Agnieszka Stepien y Lorenzo Barn\u00f3<\/strong><\/h5>\n<h5>Y como siempre, si te gust\u00f3 el post,\u00a0estar\u00eda genial que lo compartas\u00a0en tus redes sociales.<\/h5>\n<h5>A su vez, si todav\u00eda no est\u00e1s suscrito a nuestra Newsletter, te animamos a hacerlo en la casilla que tienes al terminar este art\u00edculo.<\/h5>\n<p>&nbsp;<\/p>\n<blockquote><p>Suscribirte a nuestro blog y recibe gratis nuestra gu\u00eda: 10 Ideas para vender m\u00e1s si eres arquitecto<\/p>\n<p>Acceder:\u00a0<a href=\"http:\/\/bit.ly\/2fkkTS7\">http:\/\/bit.ly\/2fkkTS7<\/a><\/p>\n<p>&nbsp;<\/p>\n<p>Si te interesa contactar con nosotros para que te ayudemos a mejorar tu visibilidad online y, en consecuencia, mejorar tus oportunidades laborales, no dudes en escribirnos a:\u00a0<a href=\"mailto:blog@stepienybarno.es\">blog@stepienybarno.es<\/a><\/p><\/blockquote>\n","protected":false},"excerpt":{"rendered":"<p>Por: Dual Arquitectura Desde: Dual Arquitectura Fotograf\u00eda: Juanca Lagares &nbsp;<\/p>\n","protected":false},"author":2,"featured_media":61331,"comment_status":"open","ping_status":"closed","sticky":false,"template":"","format":"standard","meta":{"om_disable_all_campaigns":false,"_monsterinsights_skip_tracking":false,"_monsterinsights_sitenote_active":false,"_monsterinsights_sitenote_note":"","_monsterinsights_sitenote_category":0,"_uf_show_specific_survey":0,"_uf_disable_surveys":false,"episode_type":"audio","audio_file":"","cover_image":"","cover_image_id":"","duration":"","filesize":"","date_recorded":"","explicit":"","block":"","filesize_raw":"","footnotes":""},"categories":[244],"tags":[],"series":[],"class_list":["post-61330","post","type-post","status-publish","format-standard","has-post-thumbnail","hentry","category-canal-de-arquitectura"],"aioseo_notices":[],"episode_featured_image":"https:\/\/stepienybarno.es\/blog\/wp-content\/uploads\/2024\/02\/JL231116DUAL-MARIAMENA-2-scaled.jpg","episode_player_image":"https:\/\/stepienybarno.es\/blog\/wp-content\/uploads\/2020\/11\/stepienybarno-podcast-scaled.jpg","download_link":"","player_link":"","audio_player":false,"episode_data":{"playerMode":"dark","subscribeUrls":[],"rssFeedUrl":"https:\/\/stepienybarno.es\/blog\/feed\/podcast\/podcast-de-stepienybarno","embedCode":"<blockquote class=\"wp-embedded-content\" data-secret=\"I0EKyarRtu\"><a href=\"https:\/\/stepienybarno.es\/blog\/2024\/02\/06\/casa-mm_dual-arquitectura-proyectodeldia\/\">Casa MM_Dual Arquitectura #ProyectoDelD\u00eda<\/a><\/blockquote><iframe sandbox=\"allow-scripts\" security=\"restricted\" src=\"https:\/\/stepienybarno.es\/blog\/2024\/02\/06\/casa-mm_dual-arquitectura-proyectodeldia\/embed\/#?secret=I0EKyarRtu\" width=\"500\" height=\"350\" title=\"\u00abCasa MM_Dual Arquitectura #ProyectoDelD\u00eda\u00bb \u2014 Blog de STEPIEN Y BARNO - publicaci\u00f3n digital sobre arquitectura\" data-secret=\"I0EKyarRtu\" frameborder=\"0\" marginwidth=\"0\" marginheight=\"0\" scrolling=\"no\" class=\"wp-embedded-content\"><\/iframe><script type=\"text\/javascript\">\n\/* <![CDATA[ *\/\n\/*! This file is auto-generated *\/\n!function(d,l){\"use strict\";l.querySelector&&d.addEventListener&&\"undefined\"!=typeof URL&&(d.wp=d.wp||{},d.wp.receiveEmbedMessage||(d.wp.receiveEmbedMessage=function(e){var t=e.data;if((t||t.secret||t.message||t.value)&&!\/[^a-zA-Z0-9]\/.test(t.secret)){for(var s,r,n,a=l.querySelectorAll('iframe[data-secret=\"'+t.secret+'\"]'),o=l.querySelectorAll('blockquote[data-secret=\"'+t.secret+'\"]'),c=new RegExp(\"^https?:$\",\"i\"),i=0;i<o.length;i++)o[i].style.display=\"none\";for(i=0;i<a.length;i++)s=a[i],e.source===s.contentWindow&&(s.removeAttribute(\"style\"),\"height\"===t.message?(1e3<(r=parseInt(t.value,10))?r=1e3:~~r<200&&(r=200),s.height=r):\"link\"===t.message&&(r=new URL(s.getAttribute(\"src\")),n=new URL(t.value),c.test(n.protocol))&&n.host===r.host&&l.activeElement===s&&(d.top.location.href=t.value))}},d.addEventListener(\"message\",d.wp.receiveEmbedMessage,!1),l.addEventListener(\"DOMContentLoaded\",function(){for(var e,t,s=l.querySelectorAll(\"iframe.wp-embedded-content\"),r=0;r<s.length;r++)(t=(e=s[r]).getAttribute(\"data-secret\"))||(t=Math.random().toString(36).substring(2,12),e.src+=\"#?secret=\"+t,e.setAttribute(\"data-secret\",t)),e.contentWindow.postMessage({message:\"ready\",secret:t},\"*\")},!1)))}(window,document);\n\/* ]]> *\/\n<\/script>\n"},"_links":{"self":[{"href":"https:\/\/stepienybarno.es\/blog\/wp-json\/wp\/v2\/posts\/61330"}],"collection":[{"href":"https:\/\/stepienybarno.es\/blog\/wp-json\/wp\/v2\/posts"}],"about":[{"href":"https:\/\/stepienybarno.es\/blog\/wp-json\/wp\/v2\/types\/post"}],"author":[{"embeddable":true,"href":"https:\/\/stepienybarno.es\/blog\/wp-json\/wp\/v2\/users\/2"}],"replies":[{"embeddable":true,"href":"https:\/\/stepienybarno.es\/blog\/wp-json\/wp\/v2\/comments?post=61330"}],"version-history":[{"count":2,"href":"https:\/\/stepienybarno.es\/blog\/wp-json\/wp\/v2\/posts\/61330\/revisions"}],"predecessor-version":[{"id":61337,"href":"https:\/\/stepienybarno.es\/blog\/wp-json\/wp\/v2\/posts\/61330\/revisions\/61337"}],"wp:featuredmedia":[{"embeddable":true,"href":"https:\/\/stepienybarno.es\/blog\/wp-json\/wp\/v2\/media\/61331"}],"wp:attachment":[{"href":"https:\/\/stepienybarno.es\/blog\/wp-json\/wp\/v2\/media?parent=61330"}],"wp:term":[{"taxonomy":"category","embeddable":true,"href":"https:\/\/stepienybarno.es\/blog\/wp-json\/wp\/v2\/categories?post=61330"},{"taxonomy":"post_tag","embeddable":true,"href":"https:\/\/stepienybarno.es\/blog\/wp-json\/wp\/v2\/tags?post=61330"},{"taxonomy":"series","embeddable":true,"href":"https:\/\/stepienybarno.es\/blog\/wp-json\/wp\/v2\/series?post=61330"}],"curies":[{"name":"wp","href":"https:\/\/api.w.org\/{rel}","templated":true}]}}