{"id":61341,"date":"2024-02-09T11:19:52","date_gmt":"2024-02-09T09:19:52","guid":{"rendered":"https:\/\/stepienybarno.es\/blog\/?p=61341"},"modified":"2024-02-09T11:19:52","modified_gmt":"2024-02-09T09:19:52","slug":"pueblos-de-colonizacion-miradas-a-un-paisaje-inventado","status":"publish","type":"post","link":"https:\/\/stepienybarno.es\/blog\/2024\/02\/09\/pueblos-de-colonizacion-miradas-a-un-paisaje-inventado\/","title":{"rendered":"Pueblos de colonizaci\u00f3n. Miradas a un paisaje inventado"},"content":{"rendered":"<p>Inauguraci\u00f3n de la exposici\u00f3n <strong>\u00abPueblos de colonizaci\u00f3n. Miradas a un paisaje inventado\u00bb<\/strong> en<br \/>\nel Museo ICO de Madrid.<\/p>\n<p>La inauguraci\u00f3n ser\u00e1 el pr\u00f3ximo d\u00eda 14 de febrero a partir de las 18h, y podr\u00e1 visitarse hasta el 12 de mayo en C\/ Zorilla 3, Madrid.<\/p>\n<p>Organizada por Ana Amado y Andr\u00e9s Pati\u00f1o.<\/p>\n<p><img loading=\"lazy\" decoding=\"async\" class=\"alignnone wp-image-61343 size-full\" src=\"https:\/\/stepienybarno.es\/blog\/wp-content\/uploads\/2024\/02\/AF_ICO_PC_Invitacion-digital-1.jpg\" alt=\"\" width=\"1042\" height=\"1875\" srcset=\"https:\/\/stepienybarno.es\/blog\/wp-content\/uploads\/2024\/02\/AF_ICO_PC_Invitacion-digital-1.jpg 1042w, https:\/\/stepienybarno.es\/blog\/wp-content\/uploads\/2024\/02\/AF_ICO_PC_Invitacion-digital-1-306x550.jpg 306w, https:\/\/stepienybarno.es\/blog\/wp-content\/uploads\/2024\/02\/AF_ICO_PC_Invitacion-digital-1-389x700.jpg 389w, https:\/\/stepienybarno.es\/blog\/wp-content\/uploads\/2024\/02\/AF_ICO_PC_Invitacion-digital-1-100x180.jpg 100w, https:\/\/stepienybarno.es\/blog\/wp-content\/uploads\/2024\/02\/AF_ICO_PC_Invitacion-digital-1-854x1536.jpg 854w, https:\/\/stepienybarno.es\/blog\/wp-content\/uploads\/2024\/02\/AF_ICO_PC_Invitacion-digital-1-222x400.jpg 222w\" sizes=\"(max-width: 1042px) 100vw, 1042px\" \/><\/p>\n<p>Aprovechamos para recordar el <strong><a href=\"https:\/\/stepienybarno.es\/blog\/category\/arqui-entrevista\/\">Arquicaf\u00e9<\/a><\/strong> que realizamos con nuestra admirada <strong>Ana Amado<\/strong><\/p>\n<p><iframe loading=\"lazy\" title=\"YouTube video player\" src=\"https:\/\/www.youtube.com\/embed\/sbhfbL0IGeY?si=UrYxKKKudDgrX8Vc\" width=\"560\" height=\"315\" frameborder=\"0\" allowfullscreen=\"allowfullscreen\"><\/iframe><\/p>\n","protected":false},"excerpt":{"rendered":"<p>Inauguraci\u00f3n de la exposici\u00f3n \u00abPueblos de colonizaci\u00f3n. Miradas a un<\/p>\n","protected":false},"author":2,"featured_media":61343,"comment_status":"open","ping_status":"closed","sticky":false,"template":"","format":"standard","meta":{"om_disable_all_campaigns":false,"_monsterinsights_skip_tracking":false,"_monsterinsights_sitenote_active":false,"_monsterinsights_sitenote_note":"","_monsterinsights_sitenote_category":0,"_uf_show_specific_survey":0,"_uf_disable_surveys":false,"episode_type":"audio","audio_file":"","cover_image":"","cover_image_id":"","duration":"","filesize":"","date_recorded":"","explicit":"","block":"","filesize_raw":"","footnotes":""},"categories":[244],"tags":[1430,3648,10099],"series":[],"class_list":["post-61341","post","type-post","status-publish","format-standard","has-post-thumbnail","hentry","category-canal-de-arquitectura","tag-ana-amado","tag-exposicion","tag-pueblos-de-colonizacion"],"aioseo_notices":[],"episode_featured_image":"https:\/\/stepienybarno.es\/blog\/wp-content\/uploads\/2024\/02\/AF_ICO_PC_Invitacion-digital-1.jpg","episode_player_image":"https:\/\/stepienybarno.es\/blog\/wp-content\/uploads\/2020\/11\/stepienybarno-podcast-scaled.jpg","download_link":"","player_link":"","audio_player":false,"episode_data":{"playerMode":"dark","subscribeUrls":[],"rssFeedUrl":"https:\/\/stepienybarno.es\/blog\/feed\/podcast\/podcast-de-stepienybarno","embedCode":"<blockquote class=\"wp-embedded-content\" data-secret=\"bymWClhEJ5\"><a href=\"https:\/\/stepienybarno.es\/blog\/2024\/02\/09\/pueblos-de-colonizacion-miradas-a-un-paisaje-inventado\/\">Pueblos de colonizaci\u00f3n. Miradas a un paisaje inventado<\/a><\/blockquote><iframe sandbox=\"allow-scripts\" security=\"restricted\" src=\"https:\/\/stepienybarno.es\/blog\/2024\/02\/09\/pueblos-de-colonizacion-miradas-a-un-paisaje-inventado\/embed\/#?secret=bymWClhEJ5\" width=\"500\" height=\"350\" title=\"\u00abPueblos de colonizaci\u00f3n. Miradas a un paisaje inventado\u00bb \u2014 Blog de STEPIEN Y BARNO - publicaci\u00f3n digital sobre arquitectura\" data-secret=\"bymWClhEJ5\" frameborder=\"0\" marginwidth=\"0\" marginheight=\"0\" scrolling=\"no\" class=\"wp-embedded-content\"><\/iframe><script type=\"text\/javascript\">\n\/* <![CDATA[ *\/\n\/*! This file is auto-generated *\/\n!function(d,l){\"use strict\";l.querySelector&&d.addEventListener&&\"undefined\"!=typeof URL&&(d.wp=d.wp||{},d.wp.receiveEmbedMessage||(d.wp.receiveEmbedMessage=function(e){var t=e.data;if((t||t.secret||t.message||t.value)&&!\/[^a-zA-Z0-9]\/.test(t.secret)){for(var s,r,n,a=l.querySelectorAll('iframe[data-secret=\"'+t.secret+'\"]'),o=l.querySelectorAll('blockquote[data-secret=\"'+t.secret+'\"]'),c=new RegExp(\"^https?:$\",\"i\"),i=0;i<o.length;i++)o[i].style.display=\"none\";for(i=0;i<a.length;i++)s=a[i],e.source===s.contentWindow&&(s.removeAttribute(\"style\"),\"height\"===t.message?(1e3<(r=parseInt(t.value,10))?r=1e3:~~r<200&&(r=200),s.height=r):\"link\"===t.message&&(r=new URL(s.getAttribute(\"src\")),n=new URL(t.value),c.test(n.protocol))&&n.host===r.host&&l.activeElement===s&&(d.top.location.href=t.value))}},d.addEventListener(\"message\",d.wp.receiveEmbedMessage,!1),l.addEventListener(\"DOMContentLoaded\",function(){for(var e,t,s=l.querySelectorAll(\"iframe.wp-embedded-content\"),r=0;r<s.length;r++)(t=(e=s[r]).getAttribute(\"data-secret\"))||(t=Math.random().toString(36).substring(2,12),e.src+=\"#?secret=\"+t,e.setAttribute(\"data-secret\",t)),e.contentWindow.postMessage({message:\"ready\",secret:t},\"*\")},!1)))}(window,document);\n\/* ]]> *\/\n<\/script>\n"},"_links":{"self":[{"href":"https:\/\/stepienybarno.es\/blog\/wp-json\/wp\/v2\/posts\/61341"}],"collection":[{"href":"https:\/\/stepienybarno.es\/blog\/wp-json\/wp\/v2\/posts"}],"about":[{"href":"https:\/\/stepienybarno.es\/blog\/wp-json\/wp\/v2\/types\/post"}],"author":[{"embeddable":true,"href":"https:\/\/stepienybarno.es\/blog\/wp-json\/wp\/v2\/users\/2"}],"replies":[{"embeddable":true,"href":"https:\/\/stepienybarno.es\/blog\/wp-json\/wp\/v2\/comments?post=61341"}],"version-history":[{"count":1,"href":"https:\/\/stepienybarno.es\/blog\/wp-json\/wp\/v2\/posts\/61341\/revisions"}],"predecessor-version":[{"id":61344,"href":"https:\/\/stepienybarno.es\/blog\/wp-json\/wp\/v2\/posts\/61341\/revisions\/61344"}],"wp:featuredmedia":[{"embeddable":true,"href":"https:\/\/stepienybarno.es\/blog\/wp-json\/wp\/v2\/media\/61343"}],"wp:attachment":[{"href":"https:\/\/stepienybarno.es\/blog\/wp-json\/wp\/v2\/media?parent=61341"}],"wp:term":[{"taxonomy":"category","embeddable":true,"href":"https:\/\/stepienybarno.es\/blog\/wp-json\/wp\/v2\/categories?post=61341"},{"taxonomy":"post_tag","embeddable":true,"href":"https:\/\/stepienybarno.es\/blog\/wp-json\/wp\/v2\/tags?post=61341"},{"taxonomy":"series","embeddable":true,"href":"https:\/\/stepienybarno.es\/blog\/wp-json\/wp\/v2\/series?post=61341"}],"curies":[{"name":"wp","href":"https:\/\/api.w.org\/{rel}","templated":true}]}}