{"id":61445,"date":"2024-03-18T12:15:51","date_gmt":"2024-03-18T10:15:51","guid":{"rendered":"https:\/\/stepienybarno.es\/blog\/?p=61445"},"modified":"2024-03-18T12:19:13","modified_gmt":"2024-03-18T10:19:13","slug":"charla-magistral-de-steven-holl","status":"publish","type":"post","link":"https:\/\/stepienybarno.es\/blog\/2024\/03\/18\/charla-magistral-de-steven-holl\/","title":{"rendered":"CHARLA MAGISTRAL DE STEVEN HOLL"},"content":{"rendered":"<div class=\"col100\">\n<div class=\"col100s\">\n<p>Sin duda, el arquitecto STEVEN HOLL fue uno de los que m\u00e1s nos interes\u00f3 cuando \u00e9ramos estudiantes.<\/p>\n<p>Su arquitectura contagia entusiasmo y profundidad.<\/p>\n<p>As\u00ed que, nos alegra ver que a d\u00eda de hoy siga tan en forma como siempre.<\/p>\n<\/div>\n<\/div>\n<p><!--more--><\/p>\n<div class=\"col100\">\n<div class=\"col100s\">\n<div align=\"left\">\n<p style=\"text-align: center;\">Nos llega esta informaci\u00f3n de nuestros amigos de Asemas.<\/p>\n<p style=\"text-align: center;\">&#8230;<\/p>\n<h4 class=\"titulopost\">ASEMAS CELEBRA EL \u00c9XITO DE LA CHARLA MAGISTRAL DE STEVEN HOLL EN LA ETSAG Y REITERA SU COMPROMISO CON LOS J\u00d3VENES ARQUITECTOS<\/h4>\n<p>El pasado 6 de marzo, la Escuela Superior T\u00e9cnica de Granada acogi\u00f3 una conferencia impartida por el renombrado arquitecto Steven Holl bajo el t\u00edtulo \u00abQuestions of Perception\u00bb. Steven enfatiza la importancia de la intuici\u00f3n tanto en la construcci\u00f3n como en la vivencia del espacio edificado.<\/p>\n<\/div>\n<\/div>\n<\/div>\n<div class=\"col100\">\n<div class=\"col100s\">\n<div align=\"left\">\n<p>Como agradecimiento, ASEMAS expresa su reconocimiento a las instituciones educativas por su apoyo continuo a lo largo de los a\u00f1os. Este respaldo ha sido fundamental para el \u00e9xito de nuestras iniciativas, y reafirmamos nuestro compromiso de trabajar codo a codo con las escuelas para alcanzar nuevos logros.<\/p>\n<\/div>\n<\/div>\n<\/div>\n<div class=\"col100\">\n<div class=\"col100s\">\n<div align=\"left\">\n<p>Es fundamental destacar la labor de las escuelas al organizar eventos de esta magnitud, que desempe\u00f1an un papel crucial en la formaci\u00f3n de los j\u00f3venes estudiantes de arquitectura. En este sentido, ASEMAS se enorgullece de ser un aliado constante, dispuesto a colaborar en la realizaci\u00f3n de tales eventos en el futuro.<\/p>\n<\/div>\n<\/div>\n<\/div>\n<div class=\"col100\">\n<div class=\"col100s\">\n<div align=\"left\">\n<p>Estamos comprometidos con el apoyo a los j\u00f3venes arquitectos, brindando oportunidades para su desarrollo y crecimiento profesional. Una de nuestras acciones m\u00e1s destacadas, es el concurso ASEMAS PFC, ha demostrado ser un valioso escaparate para los j\u00f3venes arquitectos. Este concurso no solo promueve la excelencia acad\u00e9mica, sino que tambi\u00e9n sirve como impulso hacia el mundo laboral.<\/p>\n<p><iframe loading=\"lazy\" title=\"ASEMAS celebra el \u00e9xito de la charla magistral de Steven Holl en la ETSAG\" width=\"911\" height=\"512\" src=\"https:\/\/www.youtube.com\/embed\/tLYCjMV7DHc?feature=oembed\" frameborder=\"0\" allow=\"accelerometer; autoplay; clipboard-write; encrypted-media; gyroscope; picture-in-picture; web-share\" allowfullscreen><\/iframe><\/p>\n<\/div>\n<\/div>\n<\/div>\n<div class=\"col100\">\n<p>En resumen, el compromiso continuo de ASEMAS con los estudiantes de Arquitectura y su desarrollo profesional es indudable. Con estos eventos y acciones, esperamos seguir contribuyendo al \u00e9xito y crecimiento de los j\u00f3venes talentos en el campo de la Arquitectura.<\/p>\n<p style=\"text-align: center;\">&#8230;<\/p>\n<pre class=\"col100s\">Tambi\u00e9n te gustar\u00e1:<\/pre>\n<p>STEVEN HOLL EN LA ETSAG<\/p>\n<p><iframe loading=\"lazy\" title=\"Lecci\u00f3n Magistral Steven Holl. Questions of Perception\" width=\"911\" height=\"512\" src=\"https:\/\/www.youtube.com\/embed\/6drvg6jQj-Q?feature=oembed\" frameborder=\"0\" allow=\"accelerometer; autoplay; clipboard-write; encrypted-media; gyroscope; picture-in-picture; web-share\" allowfullscreen><\/iframe><\/p>\n<p>&#8230;<\/p>\n<p><img loading=\"lazy\" decoding=\"async\" class=\"alignnone size-medium wp-image-61446\" src=\"https:\/\/stepienybarno.es\/blog\/wp-content\/uploads\/2024\/03\/STEVEN-HOLL-proyectos-de-arquitectura-arquitecto-550x550.jpg\" alt=\"STEVEN HOLL-arquitecto\" width=\"550\" height=\"550\" srcset=\"https:\/\/stepienybarno.es\/blog\/wp-content\/uploads\/2024\/03\/STEVEN-HOLL-proyectos-de-arquitectura-arquitecto-550x550.jpg 550w, https:\/\/stepienybarno.es\/blog\/wp-content\/uploads\/2024\/03\/STEVEN-HOLL-proyectos-de-arquitectura-arquitecto-700x700.jpg 700w, https:\/\/stepienybarno.es\/blog\/wp-content\/uploads\/2024\/03\/STEVEN-HOLL-proyectos-de-arquitectura-arquitecto-180x180.jpg 180w, https:\/\/stepienybarno.es\/blog\/wp-content\/uploads\/2024\/03\/STEVEN-HOLL-proyectos-de-arquitectura-arquitecto-1536x1536.jpg 1536w, https:\/\/stepienybarno.es\/blog\/wp-content\/uploads\/2024\/03\/STEVEN-HOLL-proyectos-de-arquitectura-arquitecto-224x224.jpg 224w, https:\/\/stepienybarno.es\/blog\/wp-content\/uploads\/2024\/03\/STEVEN-HOLL-proyectos-de-arquitectura-arquitecto-316x316.jpg 316w, https:\/\/stepienybarno.es\/blog\/wp-content\/uploads\/2024\/03\/STEVEN-HOLL-proyectos-de-arquitectura-arquitecto.jpg 2000w\" sizes=\"(max-width: 550px) 100vw, 550px\" \/><\/p>\n<p>&#8230;<\/p>\n<pre>M\u00e1s sobre \u00a0STEVEN HOLL<\/pre>\n<p><a href=\"https:\/\/stepienybarno.es\/blog\/tag\/steven-holl-architects\/\" target=\"_blank\" rel=\"noopener\">Proyectos destacados<\/a><\/p>\n<p>&#8230;<\/p>\n<pre>M\u00e1s sobre Asemas en stepienybarno:<\/pre>\n<h4 class=\"entry-title\">Debate: El d\u00eda a d\u00eda de un estudio de Arquitectura<\/h4>\n<p><iframe loading=\"lazy\" title=\"Debate Asemas sobre \u201cEL D\u00cdA A D\u00cdA DE UN ESTUDIO DE ARQUITECTURA\u201d.\" width=\"911\" height=\"512\" src=\"https:\/\/www.youtube.com\/embed\/G93MqHarzgM?feature=oembed\" frameborder=\"0\" allow=\"accelerometer; autoplay; clipboard-write; encrypted-media; gyroscope; picture-in-picture; web-share\" allowfullscreen><\/iframe><\/p>\n<p>&nbsp;<\/p>\n<p>&#8230;<\/p>\n<p><img loading=\"lazy\" decoding=\"async\" class=\"alignnone size-medium wp-image-61447\" src=\"https:\/\/stepienybarno.es\/blog\/wp-content\/uploads\/2024\/03\/STEVEN-HOLL-arquitecto-proyectos-syb-482x550.jpg\" alt=\"STEVEN HOLL-arquitecto-proyectos\" width=\"482\" height=\"550\" srcset=\"https:\/\/stepienybarno.es\/blog\/wp-content\/uploads\/2024\/03\/STEVEN-HOLL-arquitecto-proyectos-syb-482x550.jpg 482w, https:\/\/stepienybarno.es\/blog\/wp-content\/uploads\/2024\/03\/STEVEN-HOLL-arquitecto-proyectos-syb-158x180.jpg 158w, https:\/\/stepienybarno.es\/blog\/wp-content\/uploads\/2024\/03\/STEVEN-HOLL-arquitecto-proyectos-syb-316x360.jpg 316w, https:\/\/stepienybarno.es\/blog\/wp-content\/uploads\/2024\/03\/STEVEN-HOLL-arquitecto-proyectos-syb.jpg 500w\" sizes=\"(max-width: 482px) 100vw, 482px\" \/><\/p>\n<p>&#8230;<\/p>\n<\/div>\n","protected":false},"excerpt":{"rendered":"<p>Sin duda, el arquitecto STEVEN HOLL fue uno de los que m\u00e1s nos interes\u00f3 cuando \u00e9ramos estudiantes.<br \/>\nSu arquitectura contagia entusiasmo y profundidad.<br \/>\nAs\u00ed que, nos alegra ver que a d\u00eda de hoy siga tan en forma como siempre.<\/p>\n","protected":false},"author":2,"featured_media":61447,"comment_status":"open","ping_status":"closed","sticky":false,"template":"","format":"standard","meta":{"om_disable_all_campaigns":false,"_monsterinsights_skip_tracking":false,"_monsterinsights_sitenote_active":false,"_monsterinsights_sitenote_note":"","_monsterinsights_sitenote_category":0,"_uf_show_specific_survey":0,"_uf_disable_surveys":false,"episode_type":"audio","audio_file":"","cover_image":"","cover_image_id":"","duration":"","filesize":"","date_recorded":"","explicit":"","block":"","filesize_raw":"","footnotes":""},"categories":[34,4],"tags":[2673,3167,3204],"series":[],"class_list":["post-61445","post","type-post","status-publish","format-standard","has-post-thumbnail","hentry","category-actualidad","category-arquilectura","tag-asemas","tag-post-patrocinado","tag-steven-holl"],"aioseo_notices":[],"episode_featured_image":"https:\/\/stepienybarno.es\/blog\/wp-content\/uploads\/2024\/03\/STEVEN-HOLL-arquitecto-proyectos-syb.jpg","episode_player_image":"https:\/\/stepienybarno.es\/blog\/wp-content\/uploads\/2020\/11\/stepienybarno-podcast-scaled.jpg","download_link":"","player_link":"","audio_player":false,"episode_data":{"playerMode":"dark","subscribeUrls":[],"rssFeedUrl":"https:\/\/stepienybarno.es\/blog\/feed\/podcast\/podcast-de-stepienybarno","embedCode":"<blockquote class=\"wp-embedded-content\" data-secret=\"iCg2vQgkvv\"><a href=\"https:\/\/stepienybarno.es\/blog\/2024\/03\/18\/charla-magistral-de-steven-holl\/\">CHARLA MAGISTRAL DE STEVEN HOLL<\/a><\/blockquote><iframe sandbox=\"allow-scripts\" security=\"restricted\" src=\"https:\/\/stepienybarno.es\/blog\/2024\/03\/18\/charla-magistral-de-steven-holl\/embed\/#?secret=iCg2vQgkvv\" width=\"500\" height=\"350\" title=\"\u00abCHARLA MAGISTRAL DE STEVEN HOLL\u00bb \u2014 Blog de STEPIEN Y BARNO - publicaci\u00f3n digital sobre arquitectura\" data-secret=\"iCg2vQgkvv\" frameborder=\"0\" marginwidth=\"0\" marginheight=\"0\" scrolling=\"no\" class=\"wp-embedded-content\"><\/iframe><script type=\"text\/javascript\">\n\/* <![CDATA[ *\/\n\/*! This file is auto-generated *\/\n!function(d,l){\"use strict\";l.querySelector&&d.addEventListener&&\"undefined\"!=typeof URL&&(d.wp=d.wp||{},d.wp.receiveEmbedMessage||(d.wp.receiveEmbedMessage=function(e){var t=e.data;if((t||t.secret||t.message||t.value)&&!\/[^a-zA-Z0-9]\/.test(t.secret)){for(var s,r,n,a=l.querySelectorAll('iframe[data-secret=\"'+t.secret+'\"]'),o=l.querySelectorAll('blockquote[data-secret=\"'+t.secret+'\"]'),c=new RegExp(\"^https?:$\",\"i\"),i=0;i<o.length;i++)o[i].style.display=\"none\";for(i=0;i<a.length;i++)s=a[i],e.source===s.contentWindow&&(s.removeAttribute(\"style\"),\"height\"===t.message?(1e3<(r=parseInt(t.value,10))?r=1e3:~~r<200&&(r=200),s.height=r):\"link\"===t.message&&(r=new URL(s.getAttribute(\"src\")),n=new URL(t.value),c.test(n.protocol))&&n.host===r.host&&l.activeElement===s&&(d.top.location.href=t.value))}},d.addEventListener(\"message\",d.wp.receiveEmbedMessage,!1),l.addEventListener(\"DOMContentLoaded\",function(){for(var e,t,s=l.querySelectorAll(\"iframe.wp-embedded-content\"),r=0;r<s.length;r++)(t=(e=s[r]).getAttribute(\"data-secret\"))||(t=Math.random().toString(36).substring(2,12),e.src+=\"#?secret=\"+t,e.setAttribute(\"data-secret\",t)),e.contentWindow.postMessage({message:\"ready\",secret:t},\"*\")},!1)))}(window,document);\n\/* ]]> *\/\n<\/script>\n"},"_links":{"self":[{"href":"https:\/\/stepienybarno.es\/blog\/wp-json\/wp\/v2\/posts\/61445"}],"collection":[{"href":"https:\/\/stepienybarno.es\/blog\/wp-json\/wp\/v2\/posts"}],"about":[{"href":"https:\/\/stepienybarno.es\/blog\/wp-json\/wp\/v2\/types\/post"}],"author":[{"embeddable":true,"href":"https:\/\/stepienybarno.es\/blog\/wp-json\/wp\/v2\/users\/2"}],"replies":[{"embeddable":true,"href":"https:\/\/stepienybarno.es\/blog\/wp-json\/wp\/v2\/comments?post=61445"}],"version-history":[{"count":4,"href":"https:\/\/stepienybarno.es\/blog\/wp-json\/wp\/v2\/posts\/61445\/revisions"}],"predecessor-version":[{"id":61451,"href":"https:\/\/stepienybarno.es\/blog\/wp-json\/wp\/v2\/posts\/61445\/revisions\/61451"}],"wp:featuredmedia":[{"embeddable":true,"href":"https:\/\/stepienybarno.es\/blog\/wp-json\/wp\/v2\/media\/61447"}],"wp:attachment":[{"href":"https:\/\/stepienybarno.es\/blog\/wp-json\/wp\/v2\/media?parent=61445"}],"wp:term":[{"taxonomy":"category","embeddable":true,"href":"https:\/\/stepienybarno.es\/blog\/wp-json\/wp\/v2\/categories?post=61445"},{"taxonomy":"post_tag","embeddable":true,"href":"https:\/\/stepienybarno.es\/blog\/wp-json\/wp\/v2\/tags?post=61445"},{"taxonomy":"series","embeddable":true,"href":"https:\/\/stepienybarno.es\/blog\/wp-json\/wp\/v2\/series?post=61445"}],"curies":[{"name":"wp","href":"https:\/\/api.w.org\/{rel}","templated":true}]}}