{"id":61488,"date":"2024-04-11T09:53:44","date_gmt":"2024-04-11T07:53:44","guid":{"rendered":"https:\/\/stepienybarno.es\/blog\/?p=61488"},"modified":"2024-04-11T10:06:19","modified_gmt":"2024-04-11T08:06:19","slug":"rtve-estrena-la-tercera-temporada-de-los-pilares-del-tiempo","status":"publish","type":"post","link":"https:\/\/stepienybarno.es\/blog\/2024\/04\/11\/rtve-estrena-la-tercera-temporada-de-los-pilares-del-tiempo\/","title":{"rendered":"RTVE estrena la tercera temporada de \u2018Los pilares del tiempo\u2019"},"content":{"rendered":"<p><strong><span lang=\"es-ES\">\u00abLos pilares del tiempo\u00bb<\/span><\/strong><span lang=\"es-ES\">, la serie documental que muestra la historia de Espa\u00f1a a trav\u00e9s de sus monumentos, estrena su tercera temporada. El programa regresa <\/span><span lang=\"\">con las localizaciones m\u00e1s espectaculares, m\u00e1s escenarios y m\u00e1s curiosidades.<\/span><\/p>\n<p lang=\"es-ES\" align=\"JUSTIFY\"><span lang=\"es-ES\">Conducida por <\/span><strong><a href=\"https:\/\/youtu.be\/-vCQ0397Fcc?si=Ku13wEP_UpZNaLZS\"><span lang=\"es-ES\">Leonor Mart\u00edn<\/span><\/a><\/strong><span lang=\"es-ES\"> y <\/span><strong><span lang=\"es-ES\">Lidia San Jos\u00e9 <\/span><\/strong><span lang=\"es-ES\">y producida por <\/span><span lang=\"es-ES\">RTVE<\/span><span lang=\"es-ES\"> en colaboraci\u00f3n con <\/span><span lang=\"es-ES\">Winwin Audiovisual<\/span><span lang=\"es-ES\">, la serie ofrece una aventura visual \u00fanica, en la que el espectador puede descubrir los personajes y acontecimientos que han marcado nuestra historia a trav\u00e9s de nuestro patrimonio.<\/span><\/p>\n<p lang=\"es-ES\" align=\"JUSTIFY\"><img loading=\"lazy\" decoding=\"async\" class=\"alignnone size-full wp-image-61491\" src=\"https:\/\/stepienybarno.es\/blog\/wp-content\/uploads\/2024\/04\/DSC08628aaa.jpg\" alt=\"\" width=\"15799\" height=\"9494\" \/><\/p>\n<p lang=\"es-ES\" align=\"JUSTIFY\"><span lang=\"es-ES\">La combinaci\u00f3n de ingenier\u00eda digital, tecnolog\u00eda, investigaci\u00f3n y arquitectura con la que juega <strong><a href=\"https:\/\/www.rtve.es\/play\/videos\/los-pilares-del-tiempo\/\">\u2018Los pilares del tiempo\u2019<\/a><\/strong> permite al espectador atravesar paredes, asistir a la disecci\u00f3n digital de edificios milenarios, descubrir secretos, acceder a lugares nunca vistos o adentrarse en subterr\u00e1neos olvidados de las espectaculares localizaciones de toda la geograf\u00eda espa\u00f1ola. El esc\u00e1ner 3D de \u00faltima generaci\u00f3n permite mostrar la evoluci\u00f3n de los edificios a trav\u00e9s del tiempo o sus incre\u00edbles estructuras.<\/span><\/p>\n<p lang=\"es-ES\" align=\"JUSTIFY\"><img loading=\"lazy\" decoding=\"async\" class=\"size-medium wp-image-61493 aligncenter\" src=\"https:\/\/stepienybarno.es\/blog\/wp-content\/uploads\/2024\/04\/LPDT_T3_2024_ISABEL-II-5-550x309.png\" alt=\"\" width=\"550\" height=\"309\" srcset=\"https:\/\/stepienybarno.es\/blog\/wp-content\/uploads\/2024\/04\/LPDT_T3_2024_ISABEL-II-5-550x309.png 550w, https:\/\/stepienybarno.es\/blog\/wp-content\/uploads\/2024\/04\/LPDT_T3_2024_ISABEL-II-5-1024x576.png 1024w, https:\/\/stepienybarno.es\/blog\/wp-content\/uploads\/2024\/04\/LPDT_T3_2024_ISABEL-II-5-180x101.png 180w, https:\/\/stepienybarno.es\/blog\/wp-content\/uploads\/2024\/04\/LPDT_T3_2024_ISABEL-II-5-1536x864.png 1536w, https:\/\/stepienybarno.es\/blog\/wp-content\/uploads\/2024\/04\/LPDT_T3_2024_ISABEL-II-5-316x178.png 316w, https:\/\/stepienybarno.es\/blog\/wp-content\/uploads\/2024\/04\/LPDT_T3_2024_ISABEL-II-5.png 1920w\" sizes=\"(max-width: 550px) 100vw, 550px\" \/><\/p>\n<p lang=\"es-ES\" align=\"JUSTIFY\"><span lang=\"es-ES\">Esta nueva entrega invita a descubrir la magia de Dal\u00ed, el misterio de la princesa de \u00c9boli, el poder ilustrado de Felipe V, la convulsa vida de Isabel II, las luces y sombras de Alfonso X, la evoluci\u00f3n de arquitectura industrial, la singular historia de los templarios, la amenaza de los piratas del Mediterr\u00e1neo y el poder constructivo de los militares romanos. Diez viajes en el tiempo para descubrir la historia y la arquitectura de una forma nueva.<\/span><\/p>\n<h3 lang=\"es-ES\" align=\"JUSTIFY\">Isabel II: la reina castiza, protagonista del primer programa<\/h3>\n<p lang=\"es-ES\" align=\"JUSTIFY\">El programa abre la temporada repasando la historia de la monarca Isabel II, la m\u00e1s joven en reinar. Su nacimiento inici\u00f3 las guerras carlistas, rein\u00f3 a los tres a\u00f1os, fue mayor de edad a los trece y pas\u00f3 media vida en el exilio. As\u00ed fue su precoz e intensa vida. Una reina ni\u00f1a, espont\u00e1nea y amante de la m\u00fasica, y que en 1843 puso la primera piedra del Congreso de los Diputados. Su reinado supuso el fin del Antiguo R\u00e9gimen y el inicio de la monarqu\u00eda constitucional. \u00bfQui\u00e9n intent\u00f3 acabar con su vida? \u00bfPudo elegir alg\u00fan aspecto de su destino?<\/p>\n<p lang=\"es-ES\" align=\"JUSTIFY\">Meses de investigaci\u00f3n asistidos por los expertos del programa, junto al esc\u00e1ner 3D de \u00faltima generaci\u00f3n, aportan una visi\u00f3n extraordinaria de el Palacio Real de Madrid y sus fastuosos salones, la impresionante caja esc\u00e9nica del Teatro Real de Madrid, la elegancia serena del Palacio de Aiete donde veraneaba la reina y la arquitectura del Congreso de los Diputados.<\/p>\n<p lang=\"es-ES\" align=\"JUSTIFY\">Y si te gusta <strong><em>Los Pilares del tiempo<\/em><\/strong> , seguro que te gustar\u00e1 el <a href=\"https:\/\/stepienybarno.es\/blog\/tag\/arquicafe\/\"><strong>Arquicaf\u00e9<\/strong><\/a> que le hicimos a una de sus presentadoras , <strong>Leonor Mart\u00edn<\/strong>.<\/p>\n<blockquote class=\"wp-embedded-content\" data-secret=\"YFi1DfWQfo\"><p><a href=\"https:\/\/stepienybarno.es\/blog\/2022\/06\/17\/episodio-155-arquicafe-con-leonor-martin\/\">Episodio 155: Arquicaf\u00e9 con Leonor Mart\u00edn<\/a><\/p><\/blockquote>\n<p><iframe loading=\"lazy\" class=\"wp-embedded-content\" sandbox=\"allow-scripts\" security=\"restricted\" style=\"position: absolute; clip: rect(1px, 1px, 1px, 1px);\" title=\"\u00abEpisodio 155: Arquicaf\u00e9 con Leonor Mart\u00edn\u00bb \u2014 Blog de STEPIEN Y BARNO - publicaci\u00f3n digital sobre arquitectura\" src=\"https:\/\/stepienybarno.es\/blog\/2022\/06\/17\/episodio-155-arquicafe-con-leonor-martin\/embed\/#?secret=f7hMibKPky#?secret=YFi1DfWQfo\" data-secret=\"YFi1DfWQfo\" width=\"600\" height=\"338\" frameborder=\"0\" marginwidth=\"0\" marginheight=\"0\" scrolling=\"no\"><\/iframe><\/p>\n","protected":false},"excerpt":{"rendered":"<p>\u00abLos pilares del tiempo\u00bb, la serie documental que muestra la<\/p>\n","protected":false},"author":2,"featured_media":61491,"comment_status":"open","ping_status":"closed","sticky":false,"template":"","format":"standard","meta":{"om_disable_all_campaigns":false,"_monsterinsights_skip_tracking":false,"_monsterinsights_sitenote_active":false,"_monsterinsights_sitenote_note":"","_monsterinsights_sitenote_category":0,"_uf_show_specific_survey":0,"_uf_disable_surveys":false,"episode_type":"audio","audio_file":"","cover_image":"","cover_image_id":"","duration":"","filesize":"","date_recorded":"","explicit":"","block":"","filesize_raw":"","footnotes":""},"categories":[244],"tags":[3568,10104,3635,10105],"series":[],"class_list":["post-61488","post","type-post","status-publish","format-standard","has-post-thumbnail","hentry","category-canal-de-arquitectura","tag-leonor-martin","tag-los-pilares-del-tiempo","tag-rtve","tag-tv-arquitectura"],"aioseo_notices":[],"episode_featured_image":"https:\/\/stepienybarno.es\/blog\/wp-content\/uploads\/2024\/04\/DSC08628aaa.jpg","episode_player_image":"https:\/\/stepienybarno.es\/blog\/wp-content\/uploads\/2020\/11\/stepienybarno-podcast-scaled.jpg","download_link":"","player_link":"","audio_player":false,"episode_data":{"playerMode":"dark","subscribeUrls":[],"rssFeedUrl":"https:\/\/stepienybarno.es\/blog\/feed\/podcast\/podcast-de-stepienybarno","embedCode":"<blockquote class=\"wp-embedded-content\" data-secret=\"2p9FMaoSFH\"><a href=\"https:\/\/stepienybarno.es\/blog\/2024\/04\/11\/rtve-estrena-la-tercera-temporada-de-los-pilares-del-tiempo\/\">RTVE estrena la tercera temporada de \u2018Los pilares del tiempo\u2019<\/a><\/blockquote><iframe sandbox=\"allow-scripts\" security=\"restricted\" src=\"https:\/\/stepienybarno.es\/blog\/2024\/04\/11\/rtve-estrena-la-tercera-temporada-de-los-pilares-del-tiempo\/embed\/#?secret=2p9FMaoSFH\" width=\"500\" height=\"350\" title=\"\u00abRTVE estrena la tercera temporada de \u2018Los pilares del tiempo\u2019\u00bb \u2014 Blog de STEPIEN Y BARNO - publicaci\u00f3n digital sobre arquitectura\" data-secret=\"2p9FMaoSFH\" frameborder=\"0\" marginwidth=\"0\" marginheight=\"0\" scrolling=\"no\" class=\"wp-embedded-content\"><\/iframe><script type=\"text\/javascript\">\n\/* <![CDATA[ *\/\n\/*! This file is auto-generated *\/\n!function(d,l){\"use strict\";l.querySelector&&d.addEventListener&&\"undefined\"!=typeof URL&&(d.wp=d.wp||{},d.wp.receiveEmbedMessage||(d.wp.receiveEmbedMessage=function(e){var t=e.data;if((t||t.secret||t.message||t.value)&&!\/[^a-zA-Z0-9]\/.test(t.secret)){for(var s,r,n,a=l.querySelectorAll('iframe[data-secret=\"'+t.secret+'\"]'),o=l.querySelectorAll('blockquote[data-secret=\"'+t.secret+'\"]'),c=new RegExp(\"^https?:$\",\"i\"),i=0;i<o.length;i++)o[i].style.display=\"none\";for(i=0;i<a.length;i++)s=a[i],e.source===s.contentWindow&&(s.removeAttribute(\"style\"),\"height\"===t.message?(1e3<(r=parseInt(t.value,10))?r=1e3:~~r<200&&(r=200),s.height=r):\"link\"===t.message&&(r=new URL(s.getAttribute(\"src\")),n=new URL(t.value),c.test(n.protocol))&&n.host===r.host&&l.activeElement===s&&(d.top.location.href=t.value))}},d.addEventListener(\"message\",d.wp.receiveEmbedMessage,!1),l.addEventListener(\"DOMContentLoaded\",function(){for(var e,t,s=l.querySelectorAll(\"iframe.wp-embedded-content\"),r=0;r<s.length;r++)(t=(e=s[r]).getAttribute(\"data-secret\"))||(t=Math.random().toString(36).substring(2,12),e.src+=\"#?secret=\"+t,e.setAttribute(\"data-secret\",t)),e.contentWindow.postMessage({message:\"ready\",secret:t},\"*\")},!1)))}(window,document);\n\/* ]]> *\/\n<\/script>\n"},"_links":{"self":[{"href":"https:\/\/stepienybarno.es\/blog\/wp-json\/wp\/v2\/posts\/61488"}],"collection":[{"href":"https:\/\/stepienybarno.es\/blog\/wp-json\/wp\/v2\/posts"}],"about":[{"href":"https:\/\/stepienybarno.es\/blog\/wp-json\/wp\/v2\/types\/post"}],"author":[{"embeddable":true,"href":"https:\/\/stepienybarno.es\/blog\/wp-json\/wp\/v2\/users\/2"}],"replies":[{"embeddable":true,"href":"https:\/\/stepienybarno.es\/blog\/wp-json\/wp\/v2\/comments?post=61488"}],"version-history":[{"count":5,"href":"https:\/\/stepienybarno.es\/blog\/wp-json\/wp\/v2\/posts\/61488\/revisions"}],"predecessor-version":[{"id":61504,"href":"https:\/\/stepienybarno.es\/blog\/wp-json\/wp\/v2\/posts\/61488\/revisions\/61504"}],"wp:featuredmedia":[{"embeddable":true,"href":"https:\/\/stepienybarno.es\/blog\/wp-json\/wp\/v2\/media\/61491"}],"wp:attachment":[{"href":"https:\/\/stepienybarno.es\/blog\/wp-json\/wp\/v2\/media?parent=61488"}],"wp:term":[{"taxonomy":"category","embeddable":true,"href":"https:\/\/stepienybarno.es\/blog\/wp-json\/wp\/v2\/categories?post=61488"},{"taxonomy":"post_tag","embeddable":true,"href":"https:\/\/stepienybarno.es\/blog\/wp-json\/wp\/v2\/tags?post=61488"},{"taxonomy":"series","embeddable":true,"href":"https:\/\/stepienybarno.es\/blog\/wp-json\/wp\/v2\/series?post=61488"}],"curies":[{"name":"wp","href":"https:\/\/api.w.org\/{rel}","templated":true}]}}