{"id":61539,"date":"2024-04-30T08:00:03","date_gmt":"2024-04-30T06:00:03","guid":{"rendered":"https:\/\/stepienybarno.es\/blog\/?p=61539"},"modified":"2024-04-29T12:14:03","modified_gmt":"2024-04-29T10:14:03","slug":"plan-bim-la-modernizacion-del-sector-publico-esta-en-camino","status":"publish","type":"post","link":"https:\/\/stepienybarno.es\/blog\/2024\/04\/30\/plan-bim-la-modernizacion-del-sector-publico-esta-en-camino\/","title":{"rendered":"Plan BIM: la modernizaci\u00f3n del sector p\u00fablico est\u00e1 en camino"},"content":{"rendered":"<blockquote>\n<p align=\"CENTER\"><em>La estrategia de implantaci\u00f3n de la tecnolog\u00eda Building Information Modeling en la contrataci\u00f3n p\u00fablica sit\u00faa a Espa\u00f1a como ejemplo a nivel europeo<\/em><\/p>\n<p align=\"CENTER\"><img loading=\"lazy\" decoding=\"async\" class=\"alignnone wp-image-61540 size-large\" src=\"https:\/\/stepienybarno.es\/blog\/wp-content\/uploads\/2024\/04\/light-abstract-1024x640.jpg\" alt=\"\" width=\"911\" height=\"569\" srcset=\"https:\/\/stepienybarno.es\/blog\/wp-content\/uploads\/2024\/04\/light-abstract-1024x640.jpg 1024w, https:\/\/stepienybarno.es\/blog\/wp-content\/uploads\/2024\/04\/light-abstract-550x344.jpg 550w, https:\/\/stepienybarno.es\/blog\/wp-content\/uploads\/2024\/04\/light-abstract-180x113.jpg 180w, https:\/\/stepienybarno.es\/blog\/wp-content\/uploads\/2024\/04\/light-abstract-1536x960.jpg 1536w, https:\/\/stepienybarno.es\/blog\/wp-content\/uploads\/2024\/04\/light-abstract-2048x1280.jpg 2048w, https:\/\/stepienybarno.es\/blog\/wp-content\/uploads\/2024\/04\/light-abstract-316x198.jpg 316w\" sizes=\"(max-width: 911px) 100vw, 911px\" \/><\/p>\n<\/blockquote>\n<p align=\"JUSTIFY\">La tecnolog\u00eda BIM se ha propuesto transformar el sector p\u00fablico desde su aplicaci\u00f3n al \u00e1mbito de la construcci\u00f3n, y en ello est\u00e1. El funcionamiento de la contrataci\u00f3n p\u00fablica se est\u00e1 renovando y modernizando gracias al Modelado de Informaci\u00f3n de Construcci\u00f3n (Building Information Modeling), y en concreto gracias al Plan BIM del Ministerio de Transportes y Movilidad Sostenible.<\/p>\n<p align=\"JUSTIFY\">Un programa elaborado por la CIBIM (Comisi\u00f3n Interministerial BIM) junto a un comit\u00e9 t\u00e9cnico de expertos que persigue dos objetivos claros hasta el a\u00f1o 2030: mejorar la eficiencia del gasto p\u00fablico y servir de palanca para la transformaci\u00f3n digital del sector de la construcci\u00f3n. El pasado 1 de abril se puso en marcha el calendario de implantaci\u00f3n gradual de BIM en la contrataci\u00f3n p\u00fablica de la Administraci\u00f3n General del Estado y sus organismos p\u00fablicos y entidades de derecho p\u00fablico vinculados o dependientes. Esta incorporaci\u00f3n progresiva se est\u00e1 llevando a cabo atendiendo al valor estimado del contrato, y los Niveles BIM a alcanzar: preBIM, inicial, medio, avanzado e integrado. Para conocer el nivel BIM de partida de un \u00f3rgano u organizaci\u00f3n de la AGE y el sector p\u00fablico institucional estatal, se podr\u00e1 utilizar la herramienta de autoevaluaci\u00f3n que est\u00e1 desarrollando la Comisi\u00f3n Interministerial.<\/p>\n<p align=\"JUSTIFY\">As\u00ed, el Plan BIM recoge que algunos contratos p\u00fablicos relacionados con la construcci\u00f3n deben incorporar requisitos de informaci\u00f3n BIM en sus procesos de licitaci\u00f3n. Esta medida es obligatoria en contratos de obras y concesiones cuyo valor estimado es igual o superior a 5.538 millones de euros.<\/p>\n<p align=\"JUSTIFY\">El Plan BIM se enmarca en los actuales retos y las estrategias sobre transici\u00f3n ecol\u00f3gica y digital a nivel global, comunitario y nacional, tales como la Agenda 2030, el Pacto Verde Europeo o la Estrategia Nacional de Econom\u00eda Circular, entre otros, y se alinea con la pol\u00edtica de fomento de la innovaci\u00f3n a trav\u00e9s de la contrataci\u00f3n p\u00fablica estrat\u00e9gica, impulsada por la Comisi\u00f3n Europea, as\u00ed como con la Estrategia Nacional de Contrataci\u00f3n P\u00fablica.<\/p>\n<p align=\"JUSTIFY\">En este camino hacia la innovaci\u00f3n y la revoluci\u00f3n digital y sostenible, Espa\u00f1a est\u00e1 siendo ejemplo para otros Estados miembros de la Uni\u00f3n Europea, como Estonia, Letonia, Italia, Eslovenia o Irlanda, pa\u00edses que tambi\u00e9n se han decidido a dise\u00f1ar sus propias estrategias de implantaci\u00f3n de BIM en la contrataci\u00f3n p\u00fablica.<\/p>\n<p align=\"JUSTIFY\">\u00bfY por qu\u00e9 BIM se ha vuelto una tecnolog\u00eda imprescindible? Por sus importantes ventajas, que se demuestran en cada proceso de edificaci\u00f3n u obra civil. Y es que esta metodolog\u00eda de trabajo disruptiva que apuesta por la unificaci\u00f3n de recursos y equipos de trabajo, as\u00ed como por la colaboraci\u00f3n, permite centralizar toda la informaci\u00f3n de un proyecto (geom\u00e9trica, de tiempos, de costes, ambiental y de mantenimiento) en un \u00fanico modelo digital desarrollado por todos los agentes que intervienen en el proceso.<\/p>\n<p align=\"JUSTIFY\">El modelo BIM, en definitiva, es una base de datos en varias dimensiones que comparten arquitectos, ingenieros, paisajistas, aparejadores, dise\u00f1adores, instaladores, promotores, inversores, constructoras\u2026; todos los agentes implicados pueden aportar datos e informaci\u00f3n al modelo, que se actualiza en tiempo real. Lo que permite a todos esos profesionales tener una visi\u00f3n completa en todo momento del proyecto y tomar decisiones m\u00e1s informadas.<\/p>\n<p align=\"JUSTIFY\">La implementaci\u00f3n de esta tecnolog\u00eda garantiza un aumento de eficiencia, eficacia y calidad, as\u00ed como de prevenci\u00f3n de errores y ahorro de costes, y de ah\u00ed que BIM sea una metodolog\u00eda cada vez m\u00e1s estudiada por los profesionales del sector AECO (Arquitectura, Ingenier\u00eda, Construcci\u00f3n, Operaciones), que, conscientes de que BIM es el presente y el futuro, se lanzan en busca del <strong><span style=\"color: #3366ff;\"><a style=\"color: #3366ff;\" href=\"https:\/\/otonauta.com\/master\/bim\/\">mejor m\u00e1ster BIM<\/a><\/span><\/strong> del mercado.<\/p>\n<p align=\"JUSTIFY\"><strong>La revoluci\u00f3n BIM se extiende imparable.<\/strong><\/p>\n","protected":false},"excerpt":{"rendered":"<p>La estrategia de implantaci\u00f3n de la tecnolog\u00eda Building Information Modeling<\/p>\n","protected":false},"author":2,"featured_media":61540,"comment_status":"open","ping_status":"closed","sticky":false,"template":"","format":"standard","meta":{"om_disable_all_campaigns":false,"_monsterinsights_skip_tracking":false,"_monsterinsights_sitenote_active":false,"_monsterinsights_sitenote_note":"","_monsterinsights_sitenote_category":0,"_uf_show_specific_survey":0,"_uf_disable_surveys":false,"episode_type":"audio","audio_file":"","cover_image":"","cover_image_id":"","duration":"","filesize":"","date_recorded":"","explicit":"","block":"","filesize_raw":"","footnotes":""},"categories":[244],"tags":[7379],"series":[],"class_list":["post-61539","post","type-post","status-publish","format-standard","has-post-thumbnail","hentry","category-canal-de-arquitectura","tag-espacio-bim"],"aioseo_notices":[],"episode_featured_image":"https:\/\/stepienybarno.es\/blog\/wp-content\/uploads\/2024\/04\/light-abstract-scaled.jpg","episode_player_image":"https:\/\/stepienybarno.es\/blog\/wp-content\/uploads\/2020\/11\/stepienybarno-podcast-scaled.jpg","download_link":"","player_link":"","audio_player":false,"episode_data":{"playerMode":"dark","subscribeUrls":[],"rssFeedUrl":"https:\/\/stepienybarno.es\/blog\/feed\/podcast\/podcast-de-stepienybarno","embedCode":"<blockquote class=\"wp-embedded-content\" data-secret=\"v5yV9hMq2P\"><a href=\"https:\/\/stepienybarno.es\/blog\/2024\/04\/30\/plan-bim-la-modernizacion-del-sector-publico-esta-en-camino\/\">Plan BIM: la modernizaci\u00f3n del sector p\u00fablico est\u00e1 en camino<\/a><\/blockquote><iframe sandbox=\"allow-scripts\" security=\"restricted\" src=\"https:\/\/stepienybarno.es\/blog\/2024\/04\/30\/plan-bim-la-modernizacion-del-sector-publico-esta-en-camino\/embed\/#?secret=v5yV9hMq2P\" width=\"500\" height=\"350\" title=\"\u00abPlan BIM: la modernizaci\u00f3n del sector p\u00fablico est\u00e1 en camino\u00bb \u2014 Blog de STEPIEN Y BARNO - publicaci\u00f3n digital sobre arquitectura\" data-secret=\"v5yV9hMq2P\" frameborder=\"0\" marginwidth=\"0\" marginheight=\"0\" scrolling=\"no\" class=\"wp-embedded-content\"><\/iframe><script type=\"text\/javascript\">\n\/* <![CDATA[ *\/\n\/*! This file is auto-generated *\/\n!function(d,l){\"use strict\";l.querySelector&&d.addEventListener&&\"undefined\"!=typeof URL&&(d.wp=d.wp||{},d.wp.receiveEmbedMessage||(d.wp.receiveEmbedMessage=function(e){var t=e.data;if((t||t.secret||t.message||t.value)&&!\/[^a-zA-Z0-9]\/.test(t.secret)){for(var s,r,n,a=l.querySelectorAll('iframe[data-secret=\"'+t.secret+'\"]'),o=l.querySelectorAll('blockquote[data-secret=\"'+t.secret+'\"]'),c=new RegExp(\"^https?:$\",\"i\"),i=0;i<o.length;i++)o[i].style.display=\"none\";for(i=0;i<a.length;i++)s=a[i],e.source===s.contentWindow&&(s.removeAttribute(\"style\"),\"height\"===t.message?(1e3<(r=parseInt(t.value,10))?r=1e3:~~r<200&&(r=200),s.height=r):\"link\"===t.message&&(r=new URL(s.getAttribute(\"src\")),n=new URL(t.value),c.test(n.protocol))&&n.host===r.host&&l.activeElement===s&&(d.top.location.href=t.value))}},d.addEventListener(\"message\",d.wp.receiveEmbedMessage,!1),l.addEventListener(\"DOMContentLoaded\",function(){for(var e,t,s=l.querySelectorAll(\"iframe.wp-embedded-content\"),r=0;r<s.length;r++)(t=(e=s[r]).getAttribute(\"data-secret\"))||(t=Math.random().toString(36).substring(2,12),e.src+=\"#?secret=\"+t,e.setAttribute(\"data-secret\",t)),e.contentWindow.postMessage({message:\"ready\",secret:t},\"*\")},!1)))}(window,document);\n\/* ]]> *\/\n<\/script>\n"},"_links":{"self":[{"href":"https:\/\/stepienybarno.es\/blog\/wp-json\/wp\/v2\/posts\/61539"}],"collection":[{"href":"https:\/\/stepienybarno.es\/blog\/wp-json\/wp\/v2\/posts"}],"about":[{"href":"https:\/\/stepienybarno.es\/blog\/wp-json\/wp\/v2\/types\/post"}],"author":[{"embeddable":true,"href":"https:\/\/stepienybarno.es\/blog\/wp-json\/wp\/v2\/users\/2"}],"replies":[{"embeddable":true,"href":"https:\/\/stepienybarno.es\/blog\/wp-json\/wp\/v2\/comments?post=61539"}],"version-history":[{"count":1,"href":"https:\/\/stepienybarno.es\/blog\/wp-json\/wp\/v2\/posts\/61539\/revisions"}],"predecessor-version":[{"id":61541,"href":"https:\/\/stepienybarno.es\/blog\/wp-json\/wp\/v2\/posts\/61539\/revisions\/61541"}],"wp:featuredmedia":[{"embeddable":true,"href":"https:\/\/stepienybarno.es\/blog\/wp-json\/wp\/v2\/media\/61540"}],"wp:attachment":[{"href":"https:\/\/stepienybarno.es\/blog\/wp-json\/wp\/v2\/media?parent=61539"}],"wp:term":[{"taxonomy":"category","embeddable":true,"href":"https:\/\/stepienybarno.es\/blog\/wp-json\/wp\/v2\/categories?post=61539"},{"taxonomy":"post_tag","embeddable":true,"href":"https:\/\/stepienybarno.es\/blog\/wp-json\/wp\/v2\/tags?post=61539"},{"taxonomy":"series","embeddable":true,"href":"https:\/\/stepienybarno.es\/blog\/wp-json\/wp\/v2\/series?post=61539"}],"curies":[{"name":"wp","href":"https:\/\/api.w.org\/{rel}","templated":true}]}}