{"id":61790,"date":"2024-08-16T12:15:46","date_gmt":"2024-08-16T10:15:46","guid":{"rendered":"https:\/\/stepienybarno.es\/blog\/?p=61790"},"modified":"2024-08-21T12:36:52","modified_gmt":"2024-08-21T10:36:52","slug":"entre-arquitectos-y-talento-de-asemas","status":"publish","type":"post","link":"https:\/\/stepienybarno.es\/blog\/2024\/08\/16\/entre-arquitectos-y-talento-de-asemas\/","title":{"rendered":"\u201cEntre Arquitectos\u201d y \u201cTalento\u201d de ASEMAS"},"content":{"rendered":"<p>Nuestros amigos de Asemas, nos hacen llegar la siguiente informaci\u00f3n: Las campa\u00f1as de ASEMAS \u201cEntre Arquitectos\u201d y \u201cTalento\u201d optan a los premios del Colegio de Arquitectos de Madrid<\/p>\n<p><!--more--><\/p>\n<p style=\"text-align: center;\"><strong>&#8230;<\/strong><\/p>\n<h2>Los premios COAM 2024<\/h2>\n<p>ASEMAS, la mutua de los arquitectos, en su af\u00e1n por contribuir a la difusi\u00f3n de la<strong> cultura arquitect\u00f3nica<\/strong>, ha desarrollado dos campa\u00f1as de comunicaci\u00f3n \u201c<strong>Entre Arquitectos<\/strong>\u201d y \u201c<strong>Talento<\/strong>\u201d, en formato v\u00eddeo y con amplia difusi\u00f3n en redes sociales y medios especializados, con las que concurre a los premios COAM 2024 que organiza el Colegio de Arquitectos de Madrid<\/p>\n<p>ASEMAS opta con sus campa\u00f1as de comunicaci\u00f3n \u201cEntre Arquitectos\u201d y \u201cTalento\u201d al premio COAM Difusi\u00f3n 2024, un galard\u00f3n que reconoce aquellos trabajos que contribuyen a la difusi\u00f3n de la cultura arquitect\u00f3nica y que es otorgado por el Colegio de Arquitectos de Madrid.<\/p>\n<h2>\u00abEntre Arquitectos\u00bb<\/h2>\n<p>La campa\u00f1a \u00abEntre Arquitectos\u00bb resalta el potencial de los arquitectos espa\u00f1oles a trav\u00e9s de cuidadas entrevistas a prestigiosos arquitectos y despachos de arquitectura, en las que se muestran distintos enfoques del desarrollo de la profesi\u00f3n desde una perspectiva cercana y singular. Estos videos han sido difundidos en diferentes plataformas, redes sociales y medios del sector.<\/p>\n<p><img loading=\"lazy\" decoding=\"async\" class=\"alignnone size-large wp-image-61795\" src=\"https:\/\/stepienybarno.es\/blog\/wp-content\/uploads\/2024\/08\/asemas-mutua-seguro-arqutiectos-0.1-1024x452.png\" alt=\"asemas - mutua -seguro- arqutiectos\" width=\"911\" height=\"402\" srcset=\"https:\/\/stepienybarno.es\/blog\/wp-content\/uploads\/2024\/08\/asemas-mutua-seguro-arqutiectos-0.1-1024x452.png 1024w, https:\/\/stepienybarno.es\/blog\/wp-content\/uploads\/2024\/08\/asemas-mutua-seguro-arqutiectos-0.1-550x243.png 550w, https:\/\/stepienybarno.es\/blog\/wp-content\/uploads\/2024\/08\/asemas-mutua-seguro-arqutiectos-0.1-180x80.png 180w, https:\/\/stepienybarno.es\/blog\/wp-content\/uploads\/2024\/08\/asemas-mutua-seguro-arqutiectos-0.1-316x140.png 316w, https:\/\/stepienybarno.es\/blog\/wp-content\/uploads\/2024\/08\/asemas-mutua-seguro-arqutiectos-0.1.png 1186w\" sizes=\"(max-width: 911px) 100vw, 911px\" \/><\/p>\n<h2>\u00abTalento\u00bb<\/h2>\n<p>Por otro lado, la campa\u00f1a \u00abTalento\u00bb se centra en dar visibilidad semanalmente al trabajo de mujeres arquitectas y a los j\u00f3venes arquitectos espa\u00f1oles, reconociendo su contribuci\u00f3n diversa y plural a la arquitectura espa\u00f1ola. Esta iniciativa tiene como objetivo principal difundir el potencial que representan el presente y el futuro de nuestra arquitectura, desde diferentes rincones de nuestro pa\u00eds, dando difusi\u00f3n a excelentes trabajos que no tendr\u00edan suficiente visibilidad sin el respaldo de este tipo de campa\u00f1as.<\/p>\n<p><img loading=\"lazy\" decoding=\"async\" class=\"alignnone size-large wp-image-61802\" src=\"https:\/\/stepienybarno.es\/blog\/wp-content\/uploads\/2024\/08\/asemas-mutua-seguro-arqutiectos-0.2-1024x523.png\" alt=\"asemas - mutua -seguro- arqutiectos\" width=\"911\" height=\"465\" srcset=\"https:\/\/stepienybarno.es\/blog\/wp-content\/uploads\/2024\/08\/asemas-mutua-seguro-arqutiectos-0.2-1024x523.png 1024w, https:\/\/stepienybarno.es\/blog\/wp-content\/uploads\/2024\/08\/asemas-mutua-seguro-arqutiectos-0.2-550x281.png 550w, https:\/\/stepienybarno.es\/blog\/wp-content\/uploads\/2024\/08\/asemas-mutua-seguro-arqutiectos-0.2-180x92.png 180w, https:\/\/stepienybarno.es\/blog\/wp-content\/uploads\/2024\/08\/asemas-mutua-seguro-arqutiectos-0.2-316x161.png 316w, https:\/\/stepienybarno.es\/blog\/wp-content\/uploads\/2024\/08\/asemas-mutua-seguro-arqutiectos-0.2.png 1212w\" sizes=\"(max-width: 911px) 100vw, 911px\" \/><\/p>\n<p>Con estas propuestas, ASEMAS reafirma su compromiso con la difusi\u00f3n del talento arquitect\u00f3nico y el apoyo a los profesionales del sector.<\/p>\n<h4 style=\"text-align: center;\">M\u00e1s informaci\u00f3n en:<a href=\"https:\/\/www.asemas.es\/portal\/\" target=\"_blank\" rel=\"noopener\"> www.asemas.es<\/a><\/h4>\n<p>.<\/p>\n<pre>Te gustar\u00e1:<\/pre>\n<h4>\u201cEntre Arquitectos\u201d<\/h4>\n<blockquote class=\"wp-embedded-content\" data-secret=\"QNBXtJ5fdF\"><p><a href=\"https:\/\/stepienybarno.es\/blog\/2023\/03\/20\/entre-arquitectos\/\">\u201cEntre Arquitectos\u201d<\/a><\/p><\/blockquote>\n<p><iframe loading=\"lazy\" class=\"wp-embedded-content\" sandbox=\"allow-scripts\" security=\"restricted\" style=\"position: absolute; clip: rect(1px, 1px, 1px, 1px);\" title=\"\u00ab\u201cEntre Arquitectos\u201d\u00bb \u2014 Blog de STEPIEN Y BARNO - publicaci\u00f3n digital sobre arquitectura\" src=\"https:\/\/stepienybarno.es\/blog\/2023\/03\/20\/entre-arquitectos\/embed\/#?secret=mCsGnNH3uP#?secret=QNBXtJ5fdF\" data-secret=\"QNBXtJ5fdF\" width=\"600\" height=\"338\" frameborder=\"0\" marginwidth=\"0\" marginheight=\"0\" scrolling=\"no\"><\/iframe><\/p>\n<p>.<\/p>\n<h4>\u00abTalento\u00bb<\/h4>\n<blockquote class=\"wp-embedded-content\" data-secret=\"UO1496Me5k\"><p><a href=\"https:\/\/coamalaga.es\/agenda\/noticias\/actualidad\/asemas-con-el-talento-de-las-arquitectas\/\">ASEMAS con el talento de las arquitectas<\/a><\/p><\/blockquote>\n<p><iframe loading=\"lazy\" class=\"wp-embedded-content\" sandbox=\"allow-scripts\" security=\"restricted\" style=\"position: absolute; clip: rect(1px, 1px, 1px, 1px);\" title=\"\u00abASEMAS con el talento de las arquitectas\u00bb \u2014 Colegio de Arquitectos de M\u00e1laga\" src=\"https:\/\/coamalaga.es\/agenda\/noticias\/actualidad\/asemas-con-el-talento-de-las-arquitectas\/embed\/#?secret=0mZw1pcWbQ#?secret=UO1496Me5k\" data-secret=\"UO1496Me5k\" width=\"600\" height=\"338\" frameborder=\"0\" marginwidth=\"0\" marginheight=\"0\" scrolling=\"no\"><\/iframe><\/p>\n<p>.<\/p>\n<p><iframe loading=\"lazy\" title=\"Entre arquitectos - El arquitecto en su estudio - Alberto Campo Baeza\" width=\"911\" height=\"512\" src=\"https:\/\/www.youtube.com\/embed\/9SMYQb19D6s?feature=oembed\" frameborder=\"0\" allow=\"accelerometer; autoplay; clipboard-write; encrypted-media; gyroscope; picture-in-picture; web-share\" referrerpolicy=\"strict-origin-when-cross-origin\" allowfullscreen><\/iframe><\/p>\n<p>.<\/p>\n<pre>Te puede interesar:<\/pre>\n<p>\u00ab(&#8230;) EUROASEMAS nace para cubrir toda la gama de protecci\u00f3n tanto en el \u00e1mbito personal como profesional con la finalidad de ofrecer soluciones a medida. Un equipo de profesionales ofrecer\u00e1 un servicio especializado mediante un seguimiento continuo de los productos m\u00e1s competitivos del mercado asegurador, y ofrecer\u00e1 las mejores soluciones a medida de las necesidades, con controles de calidad permanentes y reportes peri\u00f3dicos de la gesti\u00f3n. Una cartera de productos que abarca desde Auto a Hogar, pasando por todo tipo de seguros para Empresa como Ciberriesgos, Despachos o Accidentes, as\u00ed como los seguros m\u00e1s completos y especiales para el sector de la Construcci\u00f3n incluyendo entre sus novedades la p\u00f3liza de Afianzamiento de cantidades anticipadas para proteger al comprador de una vivienda, y el seguro Decenal para garantizar los da\u00f1os de edificaci\u00f3n y estructura de edificios.\u00bb<\/p>\n<h4 class=\"entry-title\"><a href=\"https:\/\/stepienybarno.es\/blog\/2022\/04\/26\/euroasemas-integra-nuevas-soluciones-para-arquitectos-y-agentes-de-la-edificacion\/\" target=\"_blank\" rel=\"noopener\">EUROASEMAS integra nuevas soluciones para arquitectos y agentes de la edificaci\u00f3n<\/a><\/h4>\n<p>&#8230;<\/p>\n<p><img loading=\"lazy\" decoding=\"async\" class=\"size-full wp-image-61797 aligncenter\" src=\"https:\/\/stepienybarno.es\/blog\/wp-content\/uploads\/2024\/08\/asemas-mutua-seguro-arqutiectos-1.png\" alt=\"asemas - mutua -seguro- arqutiectos\" width=\"724\" height=\"430\" srcset=\"https:\/\/stepienybarno.es\/blog\/wp-content\/uploads\/2024\/08\/asemas-mutua-seguro-arqutiectos-1.png 724w, https:\/\/stepienybarno.es\/blog\/wp-content\/uploads\/2024\/08\/asemas-mutua-seguro-arqutiectos-1-550x327.png 550w, https:\/\/stepienybarno.es\/blog\/wp-content\/uploads\/2024\/08\/asemas-mutua-seguro-arqutiectos-1-180x107.png 180w, https:\/\/stepienybarno.es\/blog\/wp-content\/uploads\/2024\/08\/asemas-mutua-seguro-arqutiectos-1-316x188.png 316w\" sizes=\"(max-width: 724px) 100vw, 724px\" \/><\/p>\n<p style=\"text-align: center;\">&#8230;<\/p>\n<pre style=\"text-align: center;\">Post patrocinado por Asemas<\/pre>\n<p style=\"text-align: center;\">&#8230;<\/p>\n<p><img loading=\"lazy\" decoding=\"async\" class=\"alignnone size-full wp-image-61805\" src=\"https:\/\/stepienybarno.es\/blog\/wp-content\/uploads\/2024\/08\/0.0-asemas-mutua-seguro-arqutiectos.png\" alt=\"asemas - mutua -seguro- arqutiectos\" width=\"927\" height=\"627\" srcset=\"https:\/\/stepienybarno.es\/blog\/wp-content\/uploads\/2024\/08\/0.0-asemas-mutua-seguro-arqutiectos.png 927w, https:\/\/stepienybarno.es\/blog\/wp-content\/uploads\/2024\/08\/0.0-asemas-mutua-seguro-arqutiectos-550x372.png 550w, https:\/\/stepienybarno.es\/blog\/wp-content\/uploads\/2024\/08\/0.0-asemas-mutua-seguro-arqutiectos-180x122.png 180w, https:\/\/stepienybarno.es\/blog\/wp-content\/uploads\/2024\/08\/0.0-asemas-mutua-seguro-arqutiectos-316x214.png 316w\" sizes=\"(max-width: 927px) 100vw, 927px\" \/><\/p>\n<p>&#8230;<\/p>\n","protected":false},"excerpt":{"rendered":"<p>Nuestros amigos de Asemas, nos hacen llegar la siguiente informaci\u00f3n: Las campa\u00f1as de ASEMAS \u201cEntre Arquitectos\u201d y \u201cTalento\u201d optan a los premios del Colegio de Arquitectos de Madrid<\/p>\n","protected":false},"author":2,"featured_media":61805,"comment_status":"open","ping_status":"closed","sticky":false,"template":"","format":"standard","meta":{"om_disable_all_campaigns":false,"_monsterinsights_skip_tracking":false,"_monsterinsights_sitenote_active":false,"_monsterinsights_sitenote_note":"","_monsterinsights_sitenote_category":0,"_uf_show_specific_survey":0,"_uf_disable_surveys":false,"episode_type":"audio","audio_file":"","cover_image":"","cover_image_id":"","duration":"","filesize":"","date_recorded":"","explicit":"","block":"","filesize_raw":"","footnotes":""},"categories":[4],"tags":[2673,3167],"series":[],"class_list":["post-61790","post","type-post","status-publish","format-standard","has-post-thumbnail","hentry","category-arquilectura","tag-asemas","tag-post-patrocinado"],"aioseo_notices":[],"episode_featured_image":"https:\/\/stepienybarno.es\/blog\/wp-content\/uploads\/2024\/08\/0.0-asemas-mutua-seguro-arqutiectos.png","episode_player_image":"https:\/\/stepienybarno.es\/blog\/wp-content\/uploads\/2020\/11\/stepienybarno-podcast-scaled.jpg","download_link":"","player_link":"","audio_player":false,"episode_data":{"playerMode":"dark","subscribeUrls":[],"rssFeedUrl":"https:\/\/stepienybarno.es\/blog\/feed\/podcast\/podcast-de-stepienybarno","embedCode":"<blockquote class=\"wp-embedded-content\" data-secret=\"gJf302OsEN\"><a href=\"https:\/\/stepienybarno.es\/blog\/2024\/08\/16\/entre-arquitectos-y-talento-de-asemas\/\">\u201cEntre Arquitectos\u201d y \u201cTalento\u201d de ASEMAS<\/a><\/blockquote><iframe sandbox=\"allow-scripts\" security=\"restricted\" src=\"https:\/\/stepienybarno.es\/blog\/2024\/08\/16\/entre-arquitectos-y-talento-de-asemas\/embed\/#?secret=gJf302OsEN\" width=\"500\" height=\"350\" title=\"\u00ab\u201cEntre Arquitectos\u201d y \u201cTalento\u201d de ASEMAS\u00bb \u2014 Blog de STEPIEN Y BARNO - publicaci\u00f3n digital sobre arquitectura\" data-secret=\"gJf302OsEN\" frameborder=\"0\" marginwidth=\"0\" marginheight=\"0\" scrolling=\"no\" class=\"wp-embedded-content\"><\/iframe><script type=\"text\/javascript\">\n\/* <![CDATA[ *\/\n\/*! This file is auto-generated *\/\n!function(d,l){\"use strict\";l.querySelector&&d.addEventListener&&\"undefined\"!=typeof URL&&(d.wp=d.wp||{},d.wp.receiveEmbedMessage||(d.wp.receiveEmbedMessage=function(e){var t=e.data;if((t||t.secret||t.message||t.value)&&!\/[^a-zA-Z0-9]\/.test(t.secret)){for(var s,r,n,a=l.querySelectorAll('iframe[data-secret=\"'+t.secret+'\"]'),o=l.querySelectorAll('blockquote[data-secret=\"'+t.secret+'\"]'),c=new RegExp(\"^https?:$\",\"i\"),i=0;i<o.length;i++)o[i].style.display=\"none\";for(i=0;i<a.length;i++)s=a[i],e.source===s.contentWindow&&(s.removeAttribute(\"style\"),\"height\"===t.message?(1e3<(r=parseInt(t.value,10))?r=1e3:~~r<200&&(r=200),s.height=r):\"link\"===t.message&&(r=new URL(s.getAttribute(\"src\")),n=new URL(t.value),c.test(n.protocol))&&n.host===r.host&&l.activeElement===s&&(d.top.location.href=t.value))}},d.addEventListener(\"message\",d.wp.receiveEmbedMessage,!1),l.addEventListener(\"DOMContentLoaded\",function(){for(var e,t,s=l.querySelectorAll(\"iframe.wp-embedded-content\"),r=0;r<s.length;r++)(t=(e=s[r]).getAttribute(\"data-secret\"))||(t=Math.random().toString(36).substring(2,12),e.src+=\"#?secret=\"+t,e.setAttribute(\"data-secret\",t)),e.contentWindow.postMessage({message:\"ready\",secret:t},\"*\")},!1)))}(window,document);\n\/* ]]> *\/\n<\/script>\n"},"_links":{"self":[{"href":"https:\/\/stepienybarno.es\/blog\/wp-json\/wp\/v2\/posts\/61790"}],"collection":[{"href":"https:\/\/stepienybarno.es\/blog\/wp-json\/wp\/v2\/posts"}],"about":[{"href":"https:\/\/stepienybarno.es\/blog\/wp-json\/wp\/v2\/types\/post"}],"author":[{"embeddable":true,"href":"https:\/\/stepienybarno.es\/blog\/wp-json\/wp\/v2\/users\/2"}],"replies":[{"embeddable":true,"href":"https:\/\/stepienybarno.es\/blog\/wp-json\/wp\/v2\/comments?post=61790"}],"version-history":[{"count":14,"href":"https:\/\/stepienybarno.es\/blog\/wp-json\/wp\/v2\/posts\/61790\/revisions"}],"predecessor-version":[{"id":61808,"href":"https:\/\/stepienybarno.es\/blog\/wp-json\/wp\/v2\/posts\/61790\/revisions\/61808"}],"wp:featuredmedia":[{"embeddable":true,"href":"https:\/\/stepienybarno.es\/blog\/wp-json\/wp\/v2\/media\/61805"}],"wp:attachment":[{"href":"https:\/\/stepienybarno.es\/blog\/wp-json\/wp\/v2\/media?parent=61790"}],"wp:term":[{"taxonomy":"category","embeddable":true,"href":"https:\/\/stepienybarno.es\/blog\/wp-json\/wp\/v2\/categories?post=61790"},{"taxonomy":"post_tag","embeddable":true,"href":"https:\/\/stepienybarno.es\/blog\/wp-json\/wp\/v2\/tags?post=61790"},{"taxonomy":"series","embeddable":true,"href":"https:\/\/stepienybarno.es\/blog\/wp-json\/wp\/v2\/series?post=61790"}],"curies":[{"name":"wp","href":"https:\/\/api.w.org\/{rel}","templated":true}]}}