{"id":61844,"date":"2024-10-09T06:16:51","date_gmt":"2024-10-09T04:16:51","guid":{"rendered":"https:\/\/stepienybarno.es\/blog\/?p=61844"},"modified":"2024-10-09T14:10:45","modified_gmt":"2024-10-09T12:10:45","slug":"una-inteligencia-artificial-para-alberto-campo-baeza","status":"publish","type":"post","link":"https:\/\/stepienybarno.es\/blog\/2024\/10\/09\/una-inteligencia-artificial-para-alberto-campo-baeza\/","title":{"rendered":"Una INTELIGENCIA ARTIFICIAL para ALBERTO CAMPO BAEZA"},"content":{"rendered":"<p>Como bien sab\u00e9is, uno de nuestros arquitectos m\u00e1s admirados es Alberto Campo Baeza. No hace mucho os compartimos una entrevista bastante profunda que tuvimos el honor de hacerle. Para nosotros siempre es una de las figuras m\u00e1s importantes del panorama arquitect\u00f3nico. Un arquitecto con una trayectoria super solvente del cual se puede aprender much\u00edsimo.<br \/>\nAs\u00ed que, para seguir aprendiendo de \u00e9l, se nos ha ocurrido crear un GPT que contesta de manera muy clara y contundente a las preguntas que le podamos hacer de su obra.<\/p>\n<p><!--more--><\/p>\n<p style=\"text-align: center;\">&#8230;<\/p>\n<h2 style=\"text-align: center;\">GPT de Alberto CAMPO BAEZA \/ la Inteligencia artifical responde<\/h2>\n<p><iframe loading=\"lazy\" title=\"GPT de Alberto  CAMPO BAEZA \/ la  Inteligencia artifical responde\" width=\"911\" height=\"512\" src=\"https:\/\/www.youtube.com\/embed\/6-hBVqCJC-w?feature=oembed\" frameborder=\"0\" allow=\"accelerometer; autoplay; clipboard-write; encrypted-media; gyroscope; picture-in-picture; web-share\" referrerpolicy=\"strict-origin-when-cross-origin\" allowfullscreen><\/iframe><\/p>\n<h4 style=\"text-align: center;\">\u2026<\/h4>\n<h4 style=\"text-align: center;\"><span style=\"color: #ff0000;\">Una INTELIGENCIA ARTIFICIAL para ALBERTO CAMPO BAEZA<\/span><\/h4>\n<h4 style=\"text-align: center;\"><span style=\"color: #ff0000;\"><a style=\"color: #ff0000;\" href=\"https:\/\/chatgpt.com\/g\/g-LPzrnpsuq-ia-de-alberto-campo-baeza\" target=\"_blank\" rel=\"noopener\">Acceder aqu\u00ed y pregunta lo que quiereas sobre \u00e9l.<\/a><\/span><\/h4>\n<h4 style=\"text-align: center;\">\u2026<\/h4>\n<h2 style=\"text-align: center;\">\u00a0Vida, ideas y obra de\u00a0 ALBERTO CAMPO BAEZA*<\/h2>\n<h2><strong>1. La personalidad de Alberto Campo Baeza<\/strong><\/h2>\n<p>Alberto Campo Baeza (Valladolid, 1946) es una figura central en la arquitectura contempor\u00e1nea, no solo por sus<strong> obras<\/strong>, sino tambi\u00e9n por su notable<strong> carrera docente.<\/strong> Su car\u00e1cter est\u00e1 marcado por una profunda<strong> pasi\u00f3n por la belleza,<\/strong> algo que \u00e9l mismo describe como una b\u00fasqueda incansable a lo largo de su vida y obra. Se podr\u00eda decir que Campo Baeza es un idealista, un hombre que ha sabido combinar<strong> lo riguroso con lo po\u00e9tico,<\/strong> una mezcla entre<strong> racionalidad y sensibilidad<\/strong> que se refleja en cada uno de sus proyectos.<\/p>\n<p>Desde muy joven, Campo Baeza estuvo inmerso en un ambiente intelectual, y esa influencia lo acompa\u00f1\u00f3 a lo largo de su carrera. Su formaci\u00f3n estuvo influenciada por grandes maestros, como Alejandro de la Sota (ver al final del texto), con quien compart\u00eda la idea de una arquitectura sencilla pero cargada de significado. En numerosas entrevistas, Campo Baeza ha dejado claro que la b\u00fasqueda de la simplicidad no es una tarea f\u00e1cil; al contrario, requiere eliminar lo superfluo para llegar a lo esencial. De hecho, es conocido por rechazar proyectos en los que no sent\u00eda que podr\u00eda alcanzar esa<strong> pureza y libertad<\/strong> que tanto valora.<\/p>\n<p>El arquitecto tiene una vida marcada por la ense\u00f1anza. Como profesor, tanto en la Escuela T\u00e9cnica Superior de Arquitectura de Madrid como en otras universidades internacionales, ha dejado una huella profunda en varias generaciones de arquitectos. Su enfoque pedag\u00f3gico es directo: ense\u00f1ar a pensar antes que a construir, lo que refleja su convicci\u00f3n de que <strong>la arquitectura debe ser una idea construida.<\/strong> La ense\u00f1anza no es para \u00e9l solo un medio de transmitir conocimiento, sino un espacio de reflexi\u00f3n profunda, como queda claro en su libro <em>Aprendiendo a pensar<\/em>\u200b\u200b.<\/p>\n<h2><strong>2. Las ideas de Alberto Campo Baeza<\/strong><\/h2>\n<p>Campo Baeza ha expresado sus ideas arquitect\u00f3nicas de manera clara a lo largo de sus ensayos, conferencias y proyectos. Entre los conceptos que destacan est\u00e1 la \u00abidea construida\u00bb, que para \u00e9l significa que la arquitectura debe partir de una i<strong>dea clara<\/strong> que se concreta en la forma construida. Sus trabajos no son fruto de una b\u00fasqueda est\u00e9tica superficial, sino que est\u00e1n profundamente arraigados en una exploraci\u00f3n intelectual que va m\u00e1s all\u00e1 de las formas.<\/p>\n<p>Uno de los temas recurrentes en su discurso es la<strong> luz.<\/strong> Para Campo Baeza, la luz es el verdadero material de la arquitectura. A lo largo de su carrera ha demostrado un dominio magistral de la luz natural, utiliz\u00e1ndola para definir el espacio y dotarlo de un car\u00e1cter especial. Como \u00e9l mismo afirma, la luz es \u00abel material m\u00e1s lujoso\u00bb, y en cada uno de sus proyectos es trabajada con precisi\u00f3n matem\u00e1tica para alcanzar ese resultado sensorial tan caracter\u00edstico\u200b\u200b.<\/p>\n<p>Otro principio clave en su pensamiento es la <strong>gravedad,<\/strong> que junto con la luz, forma el n\u00facleo de su arquitectura. Seg\u00fan \u00e9l, la arquitectura est\u00e1 determinada por estas dos fuerzas: la gravedad, que organiza los espacios, y la luz, que los llena de vida. En este sentido, su arquitectura busca equilibrar estos dos elementos intangibles, algo que se ve claramente en proyectos como la Casa Tur\u00e9gano (1988), donde la luz se convierte en el protagonista absoluto del espacio.<\/p>\n<p>Campo Baeza tambi\u00e9n ha defendido una <strong>arquitectura esencial,<\/strong> que renuncie a lo innecesario. Esta b\u00fasqueda de la pureza est\u00e1 relacionada con su visi\u00f3n \u00e9tica de la arquitectura, donde la belleza tiene un papel central. Como ha afirmado en m\u00e1s de una ocasi\u00f3n, para \u00e9l, la belleza no es un lujo, sino una necesidad fundamental de la arquitectura, ya que es a trav\u00e9s de ella que los seres humanos pueden ser m\u00e1s felices\u200b.<\/p>\n<p><iframe loading=\"lazy\" title=\"Educaci\u00f3n y ense\u00f1anza de arquitectura \/ entrevista a Alberto Campo Baeza\" width=\"911\" height=\"512\" src=\"https:\/\/www.youtube.com\/embed\/sorQPWUS6cw?feature=oembed\" frameborder=\"0\" allow=\"accelerometer; autoplay; clipboard-write; encrypted-media; gyroscope; picture-in-picture; web-share\" referrerpolicy=\"strict-origin-when-cross-origin\" allowfullscreen><\/iframe><\/p>\n<h2><strong>3. Las obras de Alberto Campo Baeza<\/strong><\/h2>\n<p>El trabajo de Campo Baeza se caracteriza por una notable coherencia conceptual, una econom\u00eda formal y un uso excepcional de la luz natural. A lo largo de su carrera, ha desarrollado una serie de proyectos ic\u00f3nicos que reflejan sus ideas y principios arquitect\u00f3nicos.<\/p>\n<p>Una de sus primeras obras, la<strong> Casa Tur\u00e9gano<\/strong> (1988), es un ejemplo perfecto de c\u00f3mo utiliza la luz para definir el espacio. En esta vivienda, ubicada en Pozuelo de Alarc\u00f3n, Madrid, Campo Baeza cre\u00f3 una caja geom\u00e9trica sencilla que parece estar suspendida en el tiempo y el espacio. En su interior, la luz natural se convierte en el material principal, transformando el espacio y generando diferentes atm\u00f3sferas seg\u00fan la hora del d\u00eda. Este proyecto marc\u00f3 un punto de inflexi\u00f3n en su carrera, consolidando su reputaci\u00f3n como un maestro en el uso de la luz\u200b\u200b.<\/p>\n<p>Otro de sus proyectos m\u00e1s destacados es el<strong> Museo de la Memoria de Andaluc\u00eda<\/strong> (2009) en Granada. En este edificio, Campo Baeza utiliza una caja blanca minimalista que sirve como marco para la luz, que inunda los espacios interiores a trav\u00e9s de grandes ventanales y patios. La claridad de la geometr\u00eda y el uso preciso de la luz hacen de este museo un lugar de contemplaci\u00f3n y reflexi\u00f3n, muy acorde con su prop\u00f3sito\u200b.<\/p>\n<p>En 2012, Campo Baeza complet\u00f3 la<strong> Casa del Infinito en C\u00e1diz,<\/strong> una de sus obras m\u00e1s po\u00e9ticas y extremas. Esta casa se encuentra en un acantilado sobre el oc\u00e9ano Atl\u00e1ntico, y es un verdadero manifiesto de su visi\u00f3n arquitect\u00f3nica. La casa se organiza en un \u00fanico plano horizontal que parece fusionarse con el horizonte. La luz del sol y el reflejo del agua crean una atm\u00f3sfera casi m\u00edstica, mientras que el espacio es reducido a lo esencial, logrando esa \u00abpureza\u00bb que Campo Baeza tanto persigue en su obra\u200b.<\/p>\n<p>Otra obra relevante es la <strong>Caja Granada<\/strong> (2001), un banco que utiliza la luz como un elemento definitorio del espacio. Aqu\u00ed, el arquitecto juega con las sombras y los reflejos, permitiendo que la luz natural transforme el espacio de manera constante. A trav\u00e9s de una estructura s\u00f3lida y clara, Campo Baeza logra crear un edificio que responde tanto a sus principios est\u00e9ticos como a las necesidades funcionales del programa.<\/p>\n<p>En el \u00e1mbito educativo, no podemos olvidar el <strong>Pabell\u00f3n Polideportivo y Aulario de la Universidad Francisco de Vitoria,<\/strong> otro ejemplo de su rigor formal y de su capacidad para crear espacios donde la luz y la gravedad son protagonistas. Este edificio, que combina la sencillez estructural con una funcionalidad \u00f3ptima, ha sido elogiado por su claridad y por la forma en que invita a la reflexi\u00f3n arquitect\u00f3nica a trav\u00e9s de la experiencia espacial\u200b.<\/p>\n<p><img loading=\"lazy\" decoding=\"async\" class=\"aligncenter wp-image-61851 size-full\" src=\"https:\/\/stepienybarno.es\/blog\/wp-content\/uploads\/2024\/10\/Pabellon-Polideportivo-y-Aulario-de-la-Universidad-Francisco-de-Vitoria-Javier-Callejas-ALBERTO-CAMPO-BAEZA.jpg\" alt=\" Pabell\u00f3n Polideportivo y Aulario de la Universidad Francisco de Vitoria Javier Callejas - ALBERTO CAMPO BAEZA\" width=\"670\" height=\"416\" srcset=\"https:\/\/stepienybarno.es\/blog\/wp-content\/uploads\/2024\/10\/Pabellon-Polideportivo-y-Aulario-de-la-Universidad-Francisco-de-Vitoria-Javier-Callejas-ALBERTO-CAMPO-BAEZA.jpg 670w, https:\/\/stepienybarno.es\/blog\/wp-content\/uploads\/2024\/10\/Pabellon-Polideportivo-y-Aulario-de-la-Universidad-Francisco-de-Vitoria-Javier-Callejas-ALBERTO-CAMPO-BAEZA-550x341.jpg 550w, https:\/\/stepienybarno.es\/blog\/wp-content\/uploads\/2024\/10\/Pabellon-Polideportivo-y-Aulario-de-la-Universidad-Francisco-de-Vitoria-Javier-Callejas-ALBERTO-CAMPO-BAEZA-180x112.jpg 180w, https:\/\/stepienybarno.es\/blog\/wp-content\/uploads\/2024\/10\/Pabellon-Polideportivo-y-Aulario-de-la-Universidad-Francisco-de-Vitoria-Javier-Callejas-ALBERTO-CAMPO-BAEZA-316x196.jpg 316w\" sizes=\"(max-width: 670px) 100vw, 670px\" \/><\/p>\n<h6 style=\"text-align: center;\">Fotograf\u00eda: Javier Callejas (su fot\u00f3grafo de confianza de los \u00faltimos a\u00f1os)<\/h6>\n<h4 style=\"text-align: center;\"><a href=\"https:\/\/stepienybarno.es\/blog\/wp-content\/uploads\/2024\/10\/\u00bfCuales-han-sido-las-influencias-en-ALBERTO-CAMPO-BAEZA.pdf\" target=\"_blank\" rel=\"noopener\"><b>\u00bfCu\u00e1les han sido las influencias en ALBERTO CAMPO BAEZA?<\/b><\/a><\/h4>\n<h4 style=\"text-align: center;\"><a href=\"https:\/\/stepienybarno.es\/blog\/wp-content\/uploads\/2024\/10\/\u00bfCuales-han-sido-las-influencias-en-ALBERTO-CAMPO-BAEZA.pdf\" target=\"_blank\" rel=\"noopener\">Acceder al PDF<\/a><\/h4>\n<h4 style=\"text-align: center;\">&#8230;<\/h4>\n<h6 style=\"text-align: center;\">*Y s\u00ed, como pod\u00edas suponer, todo el texto sobre Vida, ideas y obra de\u00a0 ALBERTO CAMPO BAEZA<\/h6>\n<h6 style=\"text-align: center;\">nos lo ofreci\u00f3 directametne el GPT de Alberto Campo Baeza<\/h6>\n<h4 style=\"text-align: center;\">\u2026<\/h4>\n<h4 style=\"text-align: center;\"><span style=\"color: #ff0000;\">Una INTELIGENCIA ARTIFICIAL para ALBERTO CAMPO BAEZA<\/span><\/h4>\n<h4 style=\"text-align: center;\"><span style=\"color: #ff0000;\"><a style=\"color: #ff0000;\" href=\"https:\/\/chatgpt.com\/g\/g-LPzrnpsuq-ia-de-alberto-campo-baeza\" target=\"_blank\" rel=\"noopener\">Acceder aqu\u00ed y pregunta lo que quiereas sobre \u00e9l.<\/a><\/span><\/h4>\n<h4 style=\"text-align: center;\">\u2026<\/h4>\n<h3 style=\"text-align: center;\">Los mejores proyectos de ALBERTO CAMPO BAEZA<\/h3>\n<h3 style=\"text-align: center;\"><a href=\"https:\/\/stepienybarno.es\/blog\/2024\/05\/12\/10-obras-imprescindibles-de-alberto-campo-baeza\/\" target=\"_blank\" rel=\"noopener\">ver aqu\u00ed.<\/a><\/h3>\n<p style=\"text-align: center;\">&#8230;<\/p>\n<pre>No te pierdas la entrevista que le hicimos:<\/pre>\n<p><iframe loading=\"lazy\" title=\"Alberto Campo Baeza, el arquitecto que redescubri\u00f3 la luz como material de arquitectura\" width=\"911\" height=\"512\" src=\"https:\/\/www.youtube.com\/embed\/JzNur-ISuZo?feature=oembed\" frameborder=\"0\" allow=\"accelerometer; autoplay; clipboard-write; encrypted-media; gyroscope; picture-in-picture; web-share\" referrerpolicy=\"strict-origin-when-cross-origin\" allowfullscreen><\/iframe><\/p>\n<p style=\"text-align: center;\">.<\/p>\n<p><iframe loading=\"lazy\" title=\"Educaci\u00f3n y ense\u00f1anza de arquitectura \/ entrevista a Alberto Campo Baeza\" width=\"911\" height=\"512\" src=\"https:\/\/www.youtube.com\/embed\/sorQPWUS6cw?feature=oembed\" frameborder=\"0\" allow=\"accelerometer; autoplay; clipboard-write; encrypted-media; gyroscope; picture-in-picture; web-share\" referrerpolicy=\"strict-origin-when-cross-origin\" allowfullscreen><\/iframe><\/p>\n<p>&#8230;<\/p>\n<pre>Tambi\u00e9n te puede gustar<\/pre>\n<h4 class=\"single_post_title_main\">Entrevistas, conferencias y publicaciones de Alberto Campo Baeza<\/h4>\n<p><a href=\"https:\/\/escuelaarquitectura.es\/conferencias-y-entrevistas-de-alberto-campo-baeza-arquitecturaypersona\/\">Ver aqu\u00ed.<\/a><\/p>\n<p>.<\/p>\n<h4>Concepto hasta la terminaci\u00f3n: Casa Raumplan por Alberto Campo Baeza<\/h4>\n<p><a href=\"https:\/\/stepienybarno.es\/blog\/2021\/01\/13\/concepto-hasta-la-terminacion-casa-raumplan-por-alberto-campo-baeza\/\" target=\"_blank\" rel=\"noopener\">Ver aqu\u00ed<\/a><\/p>\n<p>.<\/p>\n<p>Entrevista con Alberto Campo Baeza \/ El docente que conoc\u00eda profundamente a sus alumnos<\/p>\n<blockquote class=\"wp-embedded-content\" data-secret=\"pvdvrl9xNz\"><p><a href=\"https:\/\/escuelaarquitectura.es\/entrevista-con-alberto-campo-baeza-el-docente-que-conocia-profundamente-a-sus-alumnos\/\">Entrevista con Alberto Campo Baeza \/ El docente que conoc\u00eda profundamente a sus alumnos<\/a><\/p><\/blockquote>\n<p><iframe loading=\"lazy\" class=\"wp-embedded-content\" sandbox=\"allow-scripts\" security=\"restricted\" style=\"position: absolute; clip: rect(1px, 1px, 1px, 1px);\" title=\"\u00abEntrevista con Alberto Campo Baeza \/ El docente que conoc\u00eda profundamente a sus alumnos\u00bb \u2014 Escuela de Arquitectura\" src=\"https:\/\/escuelaarquitectura.es\/entrevista-con-alberto-campo-baeza-el-docente-que-conocia-profundamente-a-sus-alumnos\/embed\/#?secret=m7OsPaksvJ#?secret=pvdvrl9xNz\" data-secret=\"pvdvrl9xNz\" width=\"600\" height=\"338\" frameborder=\"0\" marginwidth=\"0\" marginheight=\"0\" scrolling=\"no\"><\/iframe><\/p>\n<p>.<\/p>\n<p><img loading=\"lazy\" decoding=\"async\" class=\"alignnone size-large wp-image-61848\" src=\"https:\/\/stepienybarno.es\/blog\/wp-content\/uploads\/2024\/10\/bocetos-campo-baeza-arquitectura-1024x403.png\" alt=\"Alberto Campo Baeza bocetos - arquitectura\" width=\"911\" height=\"359\" srcset=\"https:\/\/stepienybarno.es\/blog\/wp-content\/uploads\/2024\/10\/bocetos-campo-baeza-arquitectura-1024x403.png 1024w, https:\/\/stepienybarno.es\/blog\/wp-content\/uploads\/2024\/10\/bocetos-campo-baeza-arquitectura-550x216.png 550w, https:\/\/stepienybarno.es\/blog\/wp-content\/uploads\/2024\/10\/bocetos-campo-baeza-arquitectura-180x71.png 180w, https:\/\/stepienybarno.es\/blog\/wp-content\/uploads\/2024\/10\/bocetos-campo-baeza-arquitectura-316x124.png 316w, https:\/\/stepienybarno.es\/blog\/wp-content\/uploads\/2024\/10\/bocetos-campo-baeza-arquitectura.png 1439w\" sizes=\"(max-width: 911px) 100vw, 911px\" \/><\/p>\n<p>.<\/p>\n<p><img loading=\"lazy\" decoding=\"async\" class=\"aligncenter size-full wp-image-61853\" src=\"https:\/\/stepienybarno.es\/blog\/wp-content\/uploads\/2024\/10\/GPT-UFV-Campo.png\" alt=\"GPT UFV Campo baeza _ IA\" width=\"999\" height=\"591\" srcset=\"https:\/\/stepienybarno.es\/blog\/wp-content\/uploads\/2024\/10\/GPT-UFV-Campo.png 999w, https:\/\/stepienybarno.es\/blog\/wp-content\/uploads\/2024\/10\/GPT-UFV-Campo-550x325.png 550w, https:\/\/stepienybarno.es\/blog\/wp-content\/uploads\/2024\/10\/GPT-UFV-Campo-180x106.png 180w, https:\/\/stepienybarno.es\/blog\/wp-content\/uploads\/2024\/10\/GPT-UFV-Campo-316x187.png 316w\" sizes=\"(max-width: 999px) 100vw, 999px\" \/><\/p>\n<p>.<\/p>\n<p>&nbsp;<\/p>\n","protected":false},"excerpt":{"rendered":"<p>Como bien sab\u00e9is, uno de nuestros arquitectos m\u00e1s admirados es<\/p>\n","protected":false},"author":2,"featured_media":61853,"comment_status":"open","ping_status":"closed","sticky":false,"template":"","format":"standard","meta":{"om_disable_all_campaigns":false,"_monsterinsights_skip_tracking":false,"_monsterinsights_sitenote_active":false,"_monsterinsights_sitenote_note":"","_monsterinsights_sitenote_category":0,"_uf_show_specific_survey":0,"_uf_disable_surveys":false,"episode_type":"audio","audio_file":"","cover_image":"","cover_image_id":"","duration":"","filesize":"","date_recorded":"","explicit":"","block":"","filesize_raw":"","footnotes":""},"categories":[4],"tags":[650,9,6193],"series":[],"class_list":["post-61844","post","type-post","status-publish","format-standard","has-post-thumbnail","hentry","category-arquilectura","tag-alberto-campo-baeza","tag-arquitectura","tag-arquitectura-espanola"],"aioseo_notices":[],"episode_featured_image":"https:\/\/stepienybarno.es\/blog\/wp-content\/uploads\/2024\/10\/GPT-UFV-Campo.png","episode_player_image":"https:\/\/stepienybarno.es\/blog\/wp-content\/uploads\/2020\/11\/stepienybarno-podcast-scaled.jpg","download_link":"","player_link":"","audio_player":false,"episode_data":{"playerMode":"dark","subscribeUrls":[],"rssFeedUrl":"https:\/\/stepienybarno.es\/blog\/feed\/podcast\/podcast-de-stepienybarno","embedCode":"<blockquote class=\"wp-embedded-content\" data-secret=\"b6P8V8RiI1\"><a href=\"https:\/\/stepienybarno.es\/blog\/2024\/10\/09\/una-inteligencia-artificial-para-alberto-campo-baeza\/\">Una INTELIGENCIA ARTIFICIAL para ALBERTO CAMPO BAEZA<\/a><\/blockquote><iframe sandbox=\"allow-scripts\" security=\"restricted\" src=\"https:\/\/stepienybarno.es\/blog\/2024\/10\/09\/una-inteligencia-artificial-para-alberto-campo-baeza\/embed\/#?secret=b6P8V8RiI1\" width=\"500\" height=\"350\" title=\"\u00abUna INTELIGENCIA ARTIFICIAL para ALBERTO CAMPO BAEZA\u00bb \u2014 Blog de STEPIEN Y BARNO - publicaci\u00f3n digital sobre arquitectura\" data-secret=\"b6P8V8RiI1\" frameborder=\"0\" marginwidth=\"0\" marginheight=\"0\" scrolling=\"no\" class=\"wp-embedded-content\"><\/iframe><script type=\"text\/javascript\">\n\/* <![CDATA[ *\/\n\/*! This file is auto-generated *\/\n!function(d,l){\"use strict\";l.querySelector&&d.addEventListener&&\"undefined\"!=typeof URL&&(d.wp=d.wp||{},d.wp.receiveEmbedMessage||(d.wp.receiveEmbedMessage=function(e){var t=e.data;if((t||t.secret||t.message||t.value)&&!\/[^a-zA-Z0-9]\/.test(t.secret)){for(var s,r,n,a=l.querySelectorAll('iframe[data-secret=\"'+t.secret+'\"]'),o=l.querySelectorAll('blockquote[data-secret=\"'+t.secret+'\"]'),c=new RegExp(\"^https?:$\",\"i\"),i=0;i<o.length;i++)o[i].style.display=\"none\";for(i=0;i<a.length;i++)s=a[i],e.source===s.contentWindow&&(s.removeAttribute(\"style\"),\"height\"===t.message?(1e3<(r=parseInt(t.value,10))?r=1e3:~~r<200&&(r=200),s.height=r):\"link\"===t.message&&(r=new URL(s.getAttribute(\"src\")),n=new URL(t.value),c.test(n.protocol))&&n.host===r.host&&l.activeElement===s&&(d.top.location.href=t.value))}},d.addEventListener(\"message\",d.wp.receiveEmbedMessage,!1),l.addEventListener(\"DOMContentLoaded\",function(){for(var e,t,s=l.querySelectorAll(\"iframe.wp-embedded-content\"),r=0;r<s.length;r++)(t=(e=s[r]).getAttribute(\"data-secret\"))||(t=Math.random().toString(36).substring(2,12),e.src+=\"#?secret=\"+t,e.setAttribute(\"data-secret\",t)),e.contentWindow.postMessage({message:\"ready\",secret:t},\"*\")},!1)))}(window,document);\n\/* ]]> *\/\n<\/script>\n"},"_links":{"self":[{"href":"https:\/\/stepienybarno.es\/blog\/wp-json\/wp\/v2\/posts\/61844"}],"collection":[{"href":"https:\/\/stepienybarno.es\/blog\/wp-json\/wp\/v2\/posts"}],"about":[{"href":"https:\/\/stepienybarno.es\/blog\/wp-json\/wp\/v2\/types\/post"}],"author":[{"embeddable":true,"href":"https:\/\/stepienybarno.es\/blog\/wp-json\/wp\/v2\/users\/2"}],"replies":[{"embeddable":true,"href":"https:\/\/stepienybarno.es\/blog\/wp-json\/wp\/v2\/comments?post=61844"}],"version-history":[{"count":17,"href":"https:\/\/stepienybarno.es\/blog\/wp-json\/wp\/v2\/posts\/61844\/revisions"}],"predecessor-version":[{"id":61866,"href":"https:\/\/stepienybarno.es\/blog\/wp-json\/wp\/v2\/posts\/61844\/revisions\/61866"}],"wp:featuredmedia":[{"embeddable":true,"href":"https:\/\/stepienybarno.es\/blog\/wp-json\/wp\/v2\/media\/61853"}],"wp:attachment":[{"href":"https:\/\/stepienybarno.es\/blog\/wp-json\/wp\/v2\/media?parent=61844"}],"wp:term":[{"taxonomy":"category","embeddable":true,"href":"https:\/\/stepienybarno.es\/blog\/wp-json\/wp\/v2\/categories?post=61844"},{"taxonomy":"post_tag","embeddable":true,"href":"https:\/\/stepienybarno.es\/blog\/wp-json\/wp\/v2\/tags?post=61844"},{"taxonomy":"series","embeddable":true,"href":"https:\/\/stepienybarno.es\/blog\/wp-json\/wp\/v2\/series?post=61844"}],"curies":[{"name":"wp","href":"https:\/\/api.w.org\/{rel}","templated":true}]}}