{"id":62073,"date":"2025-01-17T20:49:11","date_gmt":"2025-01-17T18:49:11","guid":{"rendered":"https:\/\/stepienybarno.es\/blog\/?p=62073"},"modified":"2025-01-20T18:41:49","modified_gmt":"2025-01-20T16:41:49","slug":"10-conferencias-que-no-te-puedes-perder-si-te-interesa-la-arquitectura","status":"publish","type":"post","link":"https:\/\/stepienybarno.es\/blog\/2025\/01\/17\/10-conferencias-que-no-te-puedes-perder-si-te-interesa-la-arquitectura\/","title":{"rendered":"10 conferencias que no te puedes perder si te interesa la arquitectura."},"content":{"rendered":"<p>Te presentamos 10 conferencias o charlas magistrales, en castellano, que no te puedes perder si te interesa la arquitectura.<\/p>\n<p>Aunque no somos los m\u00e1s amantes del mundo de un se\u00f1or subido en la tarima sentando c\u00e1tedra, tambi\u00e9n es cierto que hay conferencias que son maravillosas y no nos podemos perder. Clases magistrales de las que<strong> aprendemos mucho en muy poco tiempo.\u00a0<\/strong><\/p>\n<p>Por ello, hemos hecho una selecci\u00f3n de las que nos parecen imprescindibles para que las tengas a golpe de click.<\/p>\n<p>\u00bfVamos con ellas?<\/p>\n<p style=\"text-align: center;\">&#8230;<\/p>\n<p><!--more--><\/p>\n<h2 class=\"style-scope ytd-watch-metadata\">Emilio Tu\u00f1\u00f3n \/ Igualdad y diversidad<\/h2>\n<p><iframe loading=\"lazy\" title=\"Conferencia de Emilio TU\u00d1ON  1-3_ Igualdad y diversidad\" width=\"911\" height=\"512\" src=\"https:\/\/www.youtube.com\/embed\/B9EidP3KsMw?feature=oembed\" frameborder=\"0\" allow=\"accelerometer; autoplay; clipboard-write; encrypted-media; gyroscope; picture-in-picture; web-share\" referrerpolicy=\"strict-origin-when-cross-origin\" allowfullscreen><\/iframe><\/p>\n<h2 class=\"style-scope ytd-watch-metadata\">Jaime Sarmiento \/ Glenn Murcutt<\/h2>\n<p><iframe loading=\"lazy\" title=\"Charla del profesor Jaime Sarmiento sobre Glenn Murcutt. 11 de septiembre 2020\" width=\"911\" height=\"683\" src=\"https:\/\/www.youtube.com\/embed\/55Jpjfew3_E?feature=oembed\" frameborder=\"0\" allow=\"accelerometer; autoplay; clipboard-write; encrypted-media; gyroscope; picture-in-picture; web-share\" referrerpolicy=\"strict-origin-when-cross-origin\" allowfullscreen><\/iframe><\/p>\n<h2>Pablo Ramos \/ Peter Zumthor<\/h2>\n<p><iframe loading=\"lazy\" title=\"La obra de Peter Zumthor en profundidad: Arquitectura para los sentidos\" width=\"911\" height=\"512\" src=\"https:\/\/www.youtube.com\/embed\/XMoByiYodiE?feature=oembed\" frameborder=\"0\" allow=\"accelerometer; autoplay; clipboard-write; encrypted-media; gyroscope; picture-in-picture; web-share\" referrerpolicy=\"strict-origin-when-cross-origin\" allowfullscreen><\/iframe><\/p>\n<h2>Anatxu Zabalbeascoa<\/h2>\n<p><iframe loading=\"lazy\" title=\"Conferencia de Anatxu Zabalbeascoa\" width=\"911\" height=\"512\" src=\"https:\/\/www.youtube.com\/embed\/9Zo9ACyvYFA?feature=oembed\" frameborder=\"0\" allow=\"accelerometer; autoplay; clipboard-write; encrypted-media; gyroscope; picture-in-picture; web-share\" referrerpolicy=\"strict-origin-when-cross-origin\" allowfullscreen><\/iframe><\/p>\n<h2 class=\"style-scope ytd-watch-metadata\">\u00a0Luis Fern\u00e1ndez-Galiano \/ Alvar Aalto<\/h2>\n<p><iframe loading=\"lazy\" title=\"Alvar Aalto | Luis Fern\u00e1ndez-Galiano\" width=\"911\" height=\"512\" src=\"https:\/\/www.youtube.com\/embed\/hnQ5dLObhBY?feature=oembed\" frameborder=\"0\" allow=\"accelerometer; autoplay; clipboard-write; encrypted-media; gyroscope; picture-in-picture; web-share\" referrerpolicy=\"strict-origin-when-cross-origin\" allowfullscreen><\/iframe><\/p>\n<h2 class=\"style-scope ytd-watch-metadata\">Izaskun Chinchilla \/ La arquitectura en la ciudad de los cuidados<\/h2>\n<p><iframe loading=\"lazy\" title=\"Clase Magistral de Izaskun Chinchilla: La arquitectura en la ciudad de los cuidados\" width=\"911\" height=\"512\" src=\"https:\/\/www.youtube.com\/embed\/STQ3Rmx_7LY?feature=oembed\" frameborder=\"0\" allow=\"accelerometer; autoplay; clipboard-write; encrypted-media; gyroscope; picture-in-picture; web-share\" referrerpolicy=\"strict-origin-when-cross-origin\" allowfullscreen><\/iframe><\/p>\n<h2 class=\"style-scope ytd-watch-metadata\">Santiago de Molina \/ La casa amenazada<\/h2>\n<p><iframe loading=\"lazy\" title=\"SEMANA DE LA ARQUITECTURA 2020 _ SA20: Conferencia Santiago de Molina\" width=\"911\" height=\"512\" src=\"https:\/\/www.youtube.com\/embed\/G3tQ-3Nz0pM?feature=oembed\" frameborder=\"0\" allow=\"accelerometer; autoplay; clipboard-write; encrypted-media; gyroscope; picture-in-picture; web-share\" referrerpolicy=\"strict-origin-when-cross-origin\" allowfullscreen><\/iframe><\/p>\n<div class=\"hHq9Z\">\n<div data-hveid=\"CAoQAA\" data-ved=\"2ahUKEwiI_fX3tv2KAxXf0QIHHW6yFCwQlcAGegQIChAA\">\n<div class=\"KsRP6\">\n<div class=\"MDY31c\">\n<div class=\"QpPSMb\">\n<div class=\"DoxwDb\">\n<h2 class=\"PZPZlf ssJ7i xgAzOe\" role=\"heading\" aria-level=\"2\" data-attrid=\"title\">Jos\u00e9 Manuel L\u00f3pez Pel\u00e1ez\/ CODERCH \u00b7 DE LA SOTA \u00b7 FISAC<\/h2>\n<\/div>\n<\/div>\n<\/div>\n<\/div>\n<\/div>\n<\/div>\n<p><iframe loading=\"lazy\" title=\"Conferencia CODERCH \u00b7 DE LA SOTA \u00b7 FISAC TRES MAESTROS Jos\u00e9 Manuel L\u00d3PEZ PEL\u00c1EZ 131024\" width=\"911\" height=\"512\" src=\"https:\/\/www.youtube.com\/embed\/ovkV5A51spk?feature=oembed\" frameborder=\"0\" allow=\"accelerometer; autoplay; clipboard-write; encrypted-media; gyroscope; picture-in-picture; web-share\" referrerpolicy=\"strict-origin-when-cross-origin\" allowfullscreen><\/iframe><\/p>\n<h2 class=\"style-scope ytd-watch-metadata\">\u00a0Zaida Muxi \/ La ciudad en femenino plural<\/h2>\n<p><iframe loading=\"lazy\" title=\"Conferencia ZAIDA MUXI Workshop La ciudad en femenino plural\" width=\"911\" height=\"512\" src=\"https:\/\/www.youtube.com\/embed\/ceihsmQxS_E?feature=oembed\" frameborder=\"0\" allow=\"accelerometer; autoplay; clipboard-write; encrypted-media; gyroscope; picture-in-picture; web-share\" referrerpolicy=\"strict-origin-when-cross-origin\" allowfullscreen><\/iframe><\/p>\n<h2>Shunichiro Higashi \/ Arquitectura Japonesa<\/h2>\n<p><iframe loading=\"lazy\" title=\"La forma y el Color en la Arquitectura Japonesa\" width=\"911\" height=\"512\" src=\"https:\/\/www.youtube.com\/embed\/DVvC3A1r7kc?feature=oembed\" frameborder=\"0\" allow=\"accelerometer; autoplay; clipboard-write; encrypted-media; gyroscope; picture-in-picture; web-share\" referrerpolicy=\"strict-origin-when-cross-origin\" allowfullscreen><\/iframe><\/p>\n<p>.<\/p>\n<pre>Tambi\u00e9n te gustar\u00e1:<\/pre>\n<h4 class=\"entry-title\"><a href=\"https:\/\/stepienybarno.es\/blog\/2022\/03\/15\/debate-asemas-el-dia-a-dia-de-un-estudio-de-arquitectura-2\/\" target=\"_blank\" rel=\"noopener\">Debate: El d\u00eda a d\u00eda de un estudio de Arquitectura<\/a><\/h4>\n<p>&nbsp;<\/p>\n","protected":false},"excerpt":{"rendered":"<p>Te presentamos 10 conferencias o charlas magistrales, en castellano, que no te puedes perder si te interesa la arquitectura.<br \/>\nAunque no somos los m\u00e1s amantes del mundo de un se\u00f1or subido en la tarima sentando c\u00e1tedra, tambi\u00e9n es cierto que hay conferencias que son maravillosas y no nos podemos perder. Clases magistrales de las que aprendemos mucho en muy poco tiempo.\u00a0<br \/>\nPor ello, hemos hecho una selecci\u00f3n de las que nos parecen imprescindibles para que las tengas a golpe de click.<br \/>\n\u00bfVamos con ellas?<\/p>\n","protected":false},"author":2,"featured_media":62078,"comment_status":"open","ping_status":"closed","sticky":false,"template":"","format":"standard","meta":{"om_disable_all_campaigns":false,"_monsterinsights_skip_tracking":false,"_monsterinsights_sitenote_active":false,"_monsterinsights_sitenote_note":"","_monsterinsights_sitenote_category":0,"_uf_show_specific_survey":0,"_uf_disable_surveys":false,"episode_type":"audio","audio_file":"","cover_image":"","cover_image_id":"","duration":"","filesize":"","date_recorded":"","explicit":"","block":"","filesize_raw":"","footnotes":""},"categories":[34],"tags":[9],"series":[],"class_list":["post-62073","post","type-post","status-publish","format-standard","has-post-thumbnail","hentry","category-actualidad","tag-arquitectura"],"aioseo_notices":[],"episode_featured_image":"https:\/\/stepienybarno.es\/blog\/wp-content\/uploads\/2025\/01\/10-conferencias-arquitectura-destacada.png","episode_player_image":"https:\/\/stepienybarno.es\/blog\/wp-content\/uploads\/2020\/11\/stepienybarno-podcast-scaled.jpg","download_link":"","player_link":"","audio_player":false,"episode_data":{"playerMode":"dark","subscribeUrls":[],"rssFeedUrl":"https:\/\/stepienybarno.es\/blog\/feed\/podcast\/podcast-de-stepienybarno","embedCode":"<blockquote class=\"wp-embedded-content\" data-secret=\"4RGeb7cGRz\"><a href=\"https:\/\/stepienybarno.es\/blog\/2025\/01\/17\/10-conferencias-que-no-te-puedes-perder-si-te-interesa-la-arquitectura\/\">10 conferencias que no te puedes perder si te interesa la arquitectura.<\/a><\/blockquote><iframe sandbox=\"allow-scripts\" security=\"restricted\" src=\"https:\/\/stepienybarno.es\/blog\/2025\/01\/17\/10-conferencias-que-no-te-puedes-perder-si-te-interesa-la-arquitectura\/embed\/#?secret=4RGeb7cGRz\" width=\"500\" height=\"350\" title=\"\u00ab10 conferencias que no te puedes perder si te interesa la arquitectura.\u00bb \u2014 Blog de STEPIEN Y BARNO - publicaci\u00f3n digital sobre arquitectura\" data-secret=\"4RGeb7cGRz\" frameborder=\"0\" marginwidth=\"0\" marginheight=\"0\" scrolling=\"no\" class=\"wp-embedded-content\"><\/iframe><script type=\"text\/javascript\">\n\/* <![CDATA[ *\/\n\/*! This file is auto-generated *\/\n!function(d,l){\"use strict\";l.querySelector&&d.addEventListener&&\"undefined\"!=typeof URL&&(d.wp=d.wp||{},d.wp.receiveEmbedMessage||(d.wp.receiveEmbedMessage=function(e){var t=e.data;if((t||t.secret||t.message||t.value)&&!\/[^a-zA-Z0-9]\/.test(t.secret)){for(var s,r,n,a=l.querySelectorAll('iframe[data-secret=\"'+t.secret+'\"]'),o=l.querySelectorAll('blockquote[data-secret=\"'+t.secret+'\"]'),c=new RegExp(\"^https?:$\",\"i\"),i=0;i<o.length;i++)o[i].style.display=\"none\";for(i=0;i<a.length;i++)s=a[i],e.source===s.contentWindow&&(s.removeAttribute(\"style\"),\"height\"===t.message?(1e3<(r=parseInt(t.value,10))?r=1e3:~~r<200&&(r=200),s.height=r):\"link\"===t.message&&(r=new URL(s.getAttribute(\"src\")),n=new URL(t.value),c.test(n.protocol))&&n.host===r.host&&l.activeElement===s&&(d.top.location.href=t.value))}},d.addEventListener(\"message\",d.wp.receiveEmbedMessage,!1),l.addEventListener(\"DOMContentLoaded\",function(){for(var e,t,s=l.querySelectorAll(\"iframe.wp-embedded-content\"),r=0;r<s.length;r++)(t=(e=s[r]).getAttribute(\"data-secret\"))||(t=Math.random().toString(36).substring(2,12),e.src+=\"#?secret=\"+t,e.setAttribute(\"data-secret\",t)),e.contentWindow.postMessage({message:\"ready\",secret:t},\"*\")},!1)))}(window,document);\n\/* ]]> *\/\n<\/script>\n"},"_links":{"self":[{"href":"https:\/\/stepienybarno.es\/blog\/wp-json\/wp\/v2\/posts\/62073"}],"collection":[{"href":"https:\/\/stepienybarno.es\/blog\/wp-json\/wp\/v2\/posts"}],"about":[{"href":"https:\/\/stepienybarno.es\/blog\/wp-json\/wp\/v2\/types\/post"}],"author":[{"embeddable":true,"href":"https:\/\/stepienybarno.es\/blog\/wp-json\/wp\/v2\/users\/2"}],"replies":[{"embeddable":true,"href":"https:\/\/stepienybarno.es\/blog\/wp-json\/wp\/v2\/comments?post=62073"}],"version-history":[{"count":4,"href":"https:\/\/stepienybarno.es\/blog\/wp-json\/wp\/v2\/posts\/62073\/revisions"}],"predecessor-version":[{"id":62077,"href":"https:\/\/stepienybarno.es\/blog\/wp-json\/wp\/v2\/posts\/62073\/revisions\/62077"}],"wp:featuredmedia":[{"embeddable":true,"href":"https:\/\/stepienybarno.es\/blog\/wp-json\/wp\/v2\/media\/62078"}],"wp:attachment":[{"href":"https:\/\/stepienybarno.es\/blog\/wp-json\/wp\/v2\/media?parent=62073"}],"wp:term":[{"taxonomy":"category","embeddable":true,"href":"https:\/\/stepienybarno.es\/blog\/wp-json\/wp\/v2\/categories?post=62073"},{"taxonomy":"post_tag","embeddable":true,"href":"https:\/\/stepienybarno.es\/blog\/wp-json\/wp\/v2\/tags?post=62073"},{"taxonomy":"series","embeddable":true,"href":"https:\/\/stepienybarno.es\/blog\/wp-json\/wp\/v2\/series?post=62073"}],"curies":[{"name":"wp","href":"https:\/\/api.w.org\/{rel}","templated":true}]}}