{"id":62159,"date":"2025-05-27T12:01:39","date_gmt":"2025-05-27T10:01:39","guid":{"rendered":"https:\/\/stepienybarno.es\/blog\/?p=62159"},"modified":"2025-05-28T13:27:46","modified_gmt":"2025-05-28T11:27:46","slug":"vicens-y-ramos-la-funcionalidad-sagrada-en-la-arquitectura","status":"publish","type":"post","link":"https:\/\/stepienybarno.es\/blog\/2025\/05\/27\/vicens-y-ramos-la-funcionalidad-sagrada-en-la-arquitectura\/","title":{"rendered":"Vicens y Ramos, la funcionalidad sagrada en la arquitectura."},"content":{"rendered":"<p>Vicens + Ramos destacan por su compromiso con la calidad y la excelencia en cada proyecto, fusionando rigor t\u00e9cnico con sensibilidad est\u00e9tica.<\/p>\n<p>Su arquitectura se caracteriza por la contundencia volum\u00e9trica (aunque lejos del formalismo), la riqueza espacial y un manejo preciso de la luz.<\/p>\n<p>Buscan sorprender al usuario a trav\u00e9s de la materialidad y la forma, mientras mantienen un enfoque intelectual y profundo. Su obra integra tradici\u00f3n y modernidad, creando espacios significativos y trascendentales.<\/p>\n<p>Si quieres saber m\u00e1s de este potente estudio de arquitectura, est\u00e1s en el lugar adecuado.<\/p>\n<p><!--more--><\/p>\n<p style=\"text-align: center;\">\u2026<\/p>\n<h2 style=\"text-align: left;\">Entrevista a Nacho Vicens<\/h2>\n<p><iframe loading=\"lazy\" title=\"Ignacio Vicens sobre arquitectura, inspiraci\u00f3n y legado\" width=\"911\" height=\"512\" src=\"https:\/\/www.youtube.com\/embed\/-YYxZAGIB0U?feature=oembed\" frameborder=\"0\" allow=\"accelerometer; autoplay; clipboard-write; encrypted-media; gyroscope; picture-in-picture; web-share\" referrerpolicy=\"strict-origin-when-cross-origin\" allowfullscreen><\/iframe><\/p>\n<p style=\"text-align: center;\">\u2026<\/p>\n<p><img loading=\"lazy\" decoding=\"async\" class=\"alignnone wp-image-62176 size-large\" src=\"https:\/\/stepienybarno.es\/blog\/wp-content\/uploads\/2025\/05\/ramos-vicens-arquitectos-1024x681.jpg\" alt=\"ramos - vicens - arquitectos\" width=\"911\" height=\"606\" srcset=\"https:\/\/stepienybarno.es\/blog\/wp-content\/uploads\/2025\/05\/ramos-vicens-arquitectos-1024x681.jpg 1024w, https:\/\/stepienybarno.es\/blog\/wp-content\/uploads\/2025\/05\/ramos-vicens-arquitectos-550x366.jpg 550w, https:\/\/stepienybarno.es\/blog\/wp-content\/uploads\/2025\/05\/ramos-vicens-arquitectos-180x120.jpg 180w, https:\/\/stepienybarno.es\/blog\/wp-content\/uploads\/2025\/05\/ramos-vicens-arquitectos-1536x1022.jpg 1536w, https:\/\/stepienybarno.es\/blog\/wp-content\/uploads\/2025\/05\/ramos-vicens-arquitectos-2048x1363.jpg 2048w, https:\/\/stepienybarno.es\/blog\/wp-content\/uploads\/2025\/05\/ramos-vicens-arquitectos-316x210.jpg 316w\" sizes=\"(max-width: 911px) 100vw, 911px\" \/><\/p>\n<p>&#8230;<\/p>\n<h2>10 Proyectos destacados de Vicens + Ramos:<\/h2>\n<h3 class=\"style-scope ytd-watch-metadata\">1. Vivienda Unifamliar en el Pantano de San Juan<\/h3>\n<p>La Casa en el Pantano de San Juan, dise\u00f1ada por Vicens &amp; Ramos, es un volumen de hormig\u00f3n cerrado al exterior que se abre con grandes ventanales hacia el paisaje del embalse. Su dise\u00f1o sobrio y escult\u00f3rico busca integrarse con el entorno natural, ofreciendo privacidad y vistas privilegiadas.<\/p>\n<p><iframe loading=\"lazy\" title=\"Vicens + Ramos Arquitectos: Vivienda Unifamliar en el Pantano de San Juan\" width=\"911\" height=\"512\" src=\"https:\/\/www.youtube.com\/embed\/NBCE6f-RyYk?feature=oembed\" frameborder=\"0\" allow=\"accelerometer; autoplay; clipboard-write; encrypted-media; gyroscope; picture-in-picture; web-share\" referrerpolicy=\"strict-origin-when-cross-origin\" allowfullscreen><\/iframe><\/p>\n<p>&nbsp;<\/p>\n<h3>2. Iglesia de Santa M\u00f3nica<\/h3>\n<p>Este complejo integra iglesia, capilla, oficinas parroquiales y vivienda del sacerdote, envuelto en una piel de acero cort\u00e9n que le confiere una imagen escult\u00f3rica y unificada.<\/p>\n<div id=\"attachment_62178\" style=\"width: 468px\" class=\"wp-caption alignnone\"><img loading=\"lazy\" decoding=\"async\" aria-describedby=\"caption-attachment-62178\" class=\"size-medium wp-image-62178\" src=\"https:\/\/stepienybarno.es\/blog\/wp-content\/uploads\/2025\/05\/iglesia_santa_monica-458x550.jpg\" alt=\"\" width=\"458\" height=\"550\" srcset=\"https:\/\/stepienybarno.es\/blog\/wp-content\/uploads\/2025\/05\/iglesia_santa_monica-458x550.jpg 458w, https:\/\/stepienybarno.es\/blog\/wp-content\/uploads\/2025\/05\/iglesia_santa_monica-583x700.jpg 583w, https:\/\/stepienybarno.es\/blog\/wp-content\/uploads\/2025\/05\/iglesia_santa_monica-150x180.jpg 150w, https:\/\/stepienybarno.es\/blog\/wp-content\/uploads\/2025\/05\/iglesia_santa_monica-316x379.jpg 316w, https:\/\/stepienybarno.es\/blog\/wp-content\/uploads\/2025\/05\/iglesia_santa_monica.jpg 916w\" sizes=\"(max-width: 458px) 100vw, 458px\" \/><p id=\"caption-attachment-62178\" class=\"wp-caption-text\">Fotograf\u00eda: Cortes\u00eda de Vicens y Ramos<\/p><\/div>\n<h3 data-start=\"817\" data-end=\"853\">3. Iglesia Parroquial en C\u00f3rdoba<\/h3>\n<p>Un templo donde la luz natural se convierte en protagonista, filtr\u00e1ndose a trav\u00e9s de un plano curvo que conecta el espacio interior con el lucernario superior, creando una atm\u00f3sfera espiritual.<\/p>\n<div id=\"attachment_62179\" style=\"width: 560px\" class=\"wp-caption alignnone\"><img loading=\"lazy\" decoding=\"async\" aria-describedby=\"caption-attachment-62179\" class=\"size-medium wp-image-62179\" src=\"https:\/\/stepienybarno.es\/blog\/wp-content\/uploads\/2025\/05\/iglesia_parroquial_cordoba-550x550.jpg\" alt=\"\" width=\"550\" height=\"550\" srcset=\"https:\/\/stepienybarno.es\/blog\/wp-content\/uploads\/2025\/05\/iglesia_parroquial_cordoba-550x550.jpg 550w, https:\/\/stepienybarno.es\/blog\/wp-content\/uploads\/2025\/05\/iglesia_parroquial_cordoba-180x180.jpg 180w, https:\/\/stepienybarno.es\/blog\/wp-content\/uploads\/2025\/05\/iglesia_parroquial_cordoba-224x224.jpg 224w, https:\/\/stepienybarno.es\/blog\/wp-content\/uploads\/2025\/05\/iglesia_parroquial_cordoba-316x317.jpg 316w, https:\/\/stepienybarno.es\/blog\/wp-content\/uploads\/2025\/05\/iglesia_parroquial_cordoba.jpg 1277w\" sizes=\"(max-width: 550px) 100vw, 550px\" \/><p id=\"caption-attachment-62179\" class=\"wp-caption-text\">Fotograf\u00eda: Ignacio Vicens<\/p><\/div>\n<h3>4. Coliseo de las Tres Culturas (Madrid)<\/h3>\n<p>Un centro dedicado a las artes esc\u00e9nicas y musicales, concebido como un conjunto de vol\u00famenes que enmarcan una plaza monumental, con una cubierta ajardinada que acoge un museo de escultura al aire libre.<\/p>\n<div id=\"attachment_62181\" style=\"width: 560px\" class=\"wp-caption alignnone\"><img loading=\"lazy\" decoding=\"async\" aria-describedby=\"caption-attachment-62181\" class=\"size-medium wp-image-62181\" src=\"https:\/\/stepienybarno.es\/blog\/wp-content\/uploads\/2025\/05\/coliseo-3-culturas-550x194.jpg\" alt=\"\" width=\"550\" height=\"194\" srcset=\"https:\/\/stepienybarno.es\/blog\/wp-content\/uploads\/2025\/05\/coliseo-3-culturas-550x194.jpg 550w, https:\/\/stepienybarno.es\/blog\/wp-content\/uploads\/2025\/05\/coliseo-3-culturas-1024x361.jpg 1024w, https:\/\/stepienybarno.es\/blog\/wp-content\/uploads\/2025\/05\/coliseo-3-culturas-180x64.jpg 180w, https:\/\/stepienybarno.es\/blog\/wp-content\/uploads\/2025\/05\/coliseo-3-culturas-1536x542.jpg 1536w, https:\/\/stepienybarno.es\/blog\/wp-content\/uploads\/2025\/05\/coliseo-3-culturas-316x112.jpg 316w, https:\/\/stepienybarno.es\/blog\/wp-content\/uploads\/2025\/05\/coliseo-3-culturas.jpg 1802w\" sizes=\"(max-width: 550px) 100vw, 550px\" \/><p id=\"caption-attachment-62181\" class=\"wp-caption-text\">fuente: Vicens + Ramos<\/p><\/div>\n<h3>5. Capilla Universitaria (Madrid)<\/h3>\n<p>Un espacio de recogimiento dise\u00f1ado para el \u00e1mbito universitario, donde la simplicidad formal y la luz natural fomentan la introspecci\u00f3n.<\/p>\n<div id=\"attachment_62182\" style=\"width: 560px\" class=\"wp-caption alignnone\"><img loading=\"lazy\" decoding=\"async\" aria-describedby=\"caption-attachment-62182\" class=\"size-medium wp-image-62182\" src=\"https:\/\/stepienybarno.es\/blog\/wp-content\/uploads\/2025\/05\/interior-capilla-universitaria-madrid-550x389.jpg\" alt=\"\" width=\"550\" height=\"389\" srcset=\"https:\/\/stepienybarno.es\/blog\/wp-content\/uploads\/2025\/05\/interior-capilla-universitaria-madrid-550x389.jpg 550w, https:\/\/stepienybarno.es\/blog\/wp-content\/uploads\/2025\/05\/interior-capilla-universitaria-madrid-990x700.jpg 990w, https:\/\/stepienybarno.es\/blog\/wp-content\/uploads\/2025\/05\/interior-capilla-universitaria-madrid-180x127.jpg 180w, https:\/\/stepienybarno.es\/blog\/wp-content\/uploads\/2025\/05\/interior-capilla-universitaria-madrid-1536x1086.jpg 1536w, https:\/\/stepienybarno.es\/blog\/wp-content\/uploads\/2025\/05\/interior-capilla-universitaria-madrid-316x223.jpg 316w, https:\/\/stepienybarno.es\/blog\/wp-content\/uploads\/2025\/05\/interior-capilla-universitaria-madrid.jpg 1920w\" sizes=\"(max-width: 550px) 100vw, 550px\" \/><p id=\"caption-attachment-62182\" class=\"wp-caption-text\">Infograf\u00eda: theDreamers.es<\/p><\/div>\n<h3>6. Vivienda Unifamiliar en Las Encinas (Pozuelo de Alarc\u00f3n, Madrid)<\/h3>\n<p>Una casa que se integra en el paisaje mediante el uso de piedra natural y vol\u00famenes que se adaptan a la topograf\u00eda, creando espacios interiores llenos de luz y conexi\u00f3n con el entorno.<\/p>\n<div id=\"attachment_62183\" style=\"width: 560px\" class=\"wp-caption alignnone\"><img loading=\"lazy\" decoding=\"async\" aria-describedby=\"caption-attachment-62183\" class=\"size-medium wp-image-62183\" src=\"https:\/\/stepienybarno.es\/blog\/wp-content\/uploads\/2025\/05\/vivienda-unifamiliar-las-encinas-vicens-y-ramos-550x428.jpg\" alt=\"\" width=\"550\" height=\"428\" srcset=\"https:\/\/stepienybarno.es\/blog\/wp-content\/uploads\/2025\/05\/vivienda-unifamiliar-las-encinas-vicens-y-ramos-550x428.jpg 550w, https:\/\/stepienybarno.es\/blog\/wp-content\/uploads\/2025\/05\/vivienda-unifamiliar-las-encinas-vicens-y-ramos-900x700.jpg 900w, https:\/\/stepienybarno.es\/blog\/wp-content\/uploads\/2025\/05\/vivienda-unifamiliar-las-encinas-vicens-y-ramos-180x140.jpg 180w, https:\/\/stepienybarno.es\/blog\/wp-content\/uploads\/2025\/05\/vivienda-unifamiliar-las-encinas-vicens-y-ramos-316x246.jpg 316w, https:\/\/stepienybarno.es\/blog\/wp-content\/uploads\/2025\/05\/vivienda-unifamiliar-las-encinas-vicens-y-ramos.jpg 1285w\" sizes=\"(max-width: 550px) 100vw, 550px\" \/><p id=\"caption-attachment-62183\" class=\"wp-caption-text\">Fotograf\u00eda: Vicens + Ramos<\/p><\/div>\n<h3>7. Edificio Consemancha (Ciudad Real)<\/h3>\n<p>Un edificio de oficinas que destaca por su fachada din\u00e1mica y su juego de vol\u00famenes, creando una imagen contempor\u00e1nea y funcional.<\/p>\n<div id=\"attachment_62184\" style=\"width: 560px\" class=\"wp-caption alignnone\"><img loading=\"lazy\" decoding=\"async\" aria-describedby=\"caption-attachment-62184\" class=\"size-medium wp-image-62184\" src=\"https:\/\/stepienybarno.es\/blog\/wp-content\/uploads\/2025\/05\/edificio-consemancha-550x360.jpg\" alt=\"\" width=\"550\" height=\"360\" srcset=\"https:\/\/stepienybarno.es\/blog\/wp-content\/uploads\/2025\/05\/edificio-consemancha-550x360.jpg 550w, https:\/\/stepienybarno.es\/blog\/wp-content\/uploads\/2025\/05\/edificio-consemancha-1024x670.jpg 1024w, https:\/\/stepienybarno.es\/blog\/wp-content\/uploads\/2025\/05\/edificio-consemancha-180x118.jpg 180w, https:\/\/stepienybarno.es\/blog\/wp-content\/uploads\/2025\/05\/edificio-consemancha-1536x1005.jpg 1536w, https:\/\/stepienybarno.es\/blog\/wp-content\/uploads\/2025\/05\/edificio-consemancha-316x207.jpg 316w, https:\/\/stepienybarno.es\/blog\/wp-content\/uploads\/2025\/05\/edificio-consemancha.jpg 1796w\" sizes=\"(max-width: 550px) 100vw, 550px\" \/><p id=\"caption-attachment-62184\" class=\"wp-caption-text\">Fotograf\u00eda: Eugeni Pons<\/p><\/div>\n<h3>8. Vivienda unifamiliar en Talavera de la Reina (Toledo)<\/h3>\n<p>Una casa que se adapta al terreno inclinado, utilizando materiales locales y una disposici\u00f3n que maximiza las vistas y la luz natural.<\/p>\n<div id=\"attachment_62186\" style=\"width: 560px\" class=\"wp-caption alignnone\"><img loading=\"lazy\" decoding=\"async\" aria-describedby=\"caption-attachment-62186\" class=\"size-medium wp-image-62186\" src=\"https:\/\/stepienybarno.es\/blog\/wp-content\/uploads\/2025\/05\/vivienda-unifamiliar-en-talavera-de-la-reina-550x309.jpg\" alt=\"\" width=\"550\" height=\"309\" srcset=\"https:\/\/stepienybarno.es\/blog\/wp-content\/uploads\/2025\/05\/vivienda-unifamiliar-en-talavera-de-la-reina-550x309.jpg 550w, https:\/\/stepienybarno.es\/blog\/wp-content\/uploads\/2025\/05\/vivienda-unifamiliar-en-talavera-de-la-reina-1024x576.jpg 1024w, https:\/\/stepienybarno.es\/blog\/wp-content\/uploads\/2025\/05\/vivienda-unifamiliar-en-talavera-de-la-reina-180x101.jpg 180w, https:\/\/stepienybarno.es\/blog\/wp-content\/uploads\/2025\/05\/vivienda-unifamiliar-en-talavera-de-la-reina-316x178.jpg 316w, https:\/\/stepienybarno.es\/blog\/wp-content\/uploads\/2025\/05\/vivienda-unifamiliar-en-talavera-de-la-reina.jpg 1280w\" sizes=\"(max-width: 550px) 100vw, 550px\" \/><p id=\"caption-attachment-62186\" class=\"wp-caption-text\">Fotograf\u00eda: Estudio Vicens+Ramos<br \/>Antxon Hern\u00e1ndez<\/p><\/div>\n<h3>9. Vivienda Unifamiliar en La Moraleja V<\/h3>\n<p>La casa podr\u00eda ser definida por un laberinto de jardines, luces y vistas que aparecen y desaparecen de manera sorprendente, aparentando que estamos en una estructura desconcertante cuando en realidad la vivienda tiene una forma tremendamente regular y ordenada.<\/p>\n<div id=\"attachment_62187\" style=\"width: 560px\" class=\"wp-caption alignnone\"><img loading=\"lazy\" decoding=\"async\" aria-describedby=\"caption-attachment-62187\" class=\"size-medium wp-image-62187\" src=\"https:\/\/stepienybarno.es\/blog\/wp-content\/uploads\/2025\/05\/vivienda-unifamiliar-en-la-moraleja-550x415.jpg\" alt=\"\" width=\"550\" height=\"415\" srcset=\"https:\/\/stepienybarno.es\/blog\/wp-content\/uploads\/2025\/05\/vivienda-unifamiliar-en-la-moraleja-550x415.jpg 550w, https:\/\/stepienybarno.es\/blog\/wp-content\/uploads\/2025\/05\/vivienda-unifamiliar-en-la-moraleja-927x700.jpg 927w, https:\/\/stepienybarno.es\/blog\/wp-content\/uploads\/2025\/05\/vivienda-unifamiliar-en-la-moraleja-180x136.jpg 180w, https:\/\/stepienybarno.es\/blog\/wp-content\/uploads\/2025\/05\/vivienda-unifamiliar-en-la-moraleja-1536x1160.jpg 1536w, https:\/\/stepienybarno.es\/blog\/wp-content\/uploads\/2025\/05\/vivienda-unifamiliar-en-la-moraleja-316x239.jpg 316w, https:\/\/stepienybarno.es\/blog\/wp-content\/uploads\/2025\/05\/vivienda-unifamiliar-en-la-moraleja.jpg 1920w\" sizes=\"(max-width: 550px) 100vw, 550px\" \/><p id=\"caption-attachment-62187\" class=\"wp-caption-text\">Fotograf\u00eda: Pablo Vicens<\/p><\/div>\n<h3 class=\"entry-title\">10. Facultad Ciencias de la Informaci\u00f3n<\/h3>\n<p>Premios COAVN 1997 de EDIFICACI\u00d3N: Edificio de \u00abCiencias Sociales de la Universidad de Navarra\u00bb en Pamplona (Ignacio Vicens y Hualde y Jos\u00e9 Antonio Ramos Abengozar)<\/p>\n<div class=\"fluidvids\"><iframe loading=\"lazy\" class=\"youtube-player\" src=\"https:\/\/www.youtube.com\/embed\/9Z3GgmoWrbM?version=3&amp;rel=1&amp;showsearch=0&amp;showinfo=1&amp;iv_load_policy=1&amp;fs=1&amp;hl=es-ES&amp;autohide=2&amp;wmode=transparent\" width=\"1200\" height=\"675\" sandbox=\"allow-scripts allow-same-origin allow-popups allow-presentation\" allowfullscreen=\"allowfullscreen\" data-fluidvids=\"loaded\" data-mce-fragment=\"1\"><\/iframe><\/div>\n<p align=\"left\">\u00bfOs apetece recorrer el edificio de Ciencias de la Informaci\u00f3n de Vicens y Ramos?<\/p>\n<p align=\"left\">\u00a1Pues todos a bailar!<\/p>\n<p><iframe loading=\"lazy\" title=\"LIPDUB EN FCOM NAVARRA\" width=\"911\" height=\"512\" src=\"https:\/\/www.youtube.com\/embed\/mI3m0tnVrmg?feature=oembed\" frameborder=\"0\" allow=\"accelerometer; autoplay; clipboard-write; encrypted-media; gyroscope; picture-in-picture; web-share\" referrerpolicy=\"strict-origin-when-cross-origin\" allowfullscreen><\/iframe><\/p>\n<p>&nbsp;<\/p>\n<p style=\"text-align: center;\">&#8230;<\/p>\n<h2 style=\"text-align: left;\">Patxi Mangado piensa en Vicens + Ramos<\/h2>\n<p style=\"text-align: center;\">Resumen:<\/p>\n<p data-start=\"0\" data-end=\"581\">Su obra no requiere justificaciones externas ni discursos ideol\u00f3gicos a\u00f1adidos: su mera presencia comunica con fuerza y profundidad. Esta arquitectura se percibe como una disciplina vital e intelectual, que integra pensamiento, espacialidad y forma. Sus autores, al igual que sus proyectos, son intensos y firmes, alejados de la tibieza o la b\u00fasqueda de identidad superficial; en cambio, persiguen una unidad profunda y constante en su trabajo.<\/p>\n<p data-start=\"583\" data-end=\"1216\">Una de las caracter\u00edsticas principales de su obra es la <strong data-start=\"639\" data-end=\"667\">contundencia volum\u00e9trica<\/strong>, visible en edificios que parecen construidos \u201cde una sola pieza\u201d, con plantas compactas y organizaci\u00f3n densa. Este efecto lo logran gracias al uso inteligente de la <strong data-start=\"834\" data-end=\"848\">compacidad<\/strong>, la <strong data-start=\"853\" data-end=\"879\">excavaci\u00f3n del volumen<\/strong> y una cuidada <strong data-start=\"894\" data-end=\"920\">elecci\u00f3n de materiales<\/strong>. El resultado es una arquitectura expresiva que dialoga con la luz, las sombras y las referencias culturales como Le Corbusier o la arquitectura brasile\u00f1a. Las <strong data-start=\"1081\" data-end=\"1107\">ventanas retranqueadas<\/strong> y los huecos tras rejillas abstractas son soluciones formales que refuerzan el juego volum\u00e9trico y lum\u00ednico.<\/p>\n<p data-start=\"1218\" data-end=\"1726\">Otra constante es la <strong data-start=\"1239\" data-end=\"1259\">riqueza espacial<\/strong>. Aunque sus vol\u00famenes son compactos, sus interiores revelan una complejidad sorprendente, gracias al uso magistral de la <strong data-start=\"1381\" data-end=\"1392\">secci\u00f3n<\/strong> y, sobre todo, de la <strong data-start=\"1414\" data-end=\"1421\">luz<\/strong>. Esta luz modela y esculpe los espacios, creando recorridos ricos en matices y secuencias espaciales que se van desvelando poco a poco. La <strong data-start=\"1561\" data-end=\"1573\">sorpresa<\/strong> es, de hecho, una estrategia y un fin en s\u00ed mismo: sus obras nunca son completamente predecibles, y siempre invitan a nuevas lecturas y descubrimientos.<\/p>\n<p data-start=\"1728\" data-end=\"2002\">Su arquitectura tambi\u00e9n se nutre de un vasto <strong data-start=\"1773\" data-end=\"1797\">mundo de referencias<\/strong>, desde figuras reconocibles como Jacobsen hasta arquitecturas m\u00e1s an\u00f3nimas o sutiles. Este conocimiento profundo no se presenta como exhibici\u00f3n intelectual, sino como parte natural de su proceso creativo.<\/p>\n<p data-start=\"2004\" data-end=\"2490\">Otro aspecto clave es la <strong data-start=\"2029\" data-end=\"2045\">materialidad<\/strong>. El uso del hormig\u00f3n y los muros continuos revela una atenci\u00f3n exquisita por la textura, los reflejos, las juntas y los acabados. Esta materialidad no obedece a las imposiciones del mercado, sino a una visi\u00f3n casi artesanal, ideol\u00f3gica, donde el <strong data-start=\"2292\" data-end=\"2303\">detalle<\/strong> no es un a\u00f1adido sino parte esencial del proyecto. La construcci\u00f3n se convierte as\u00ed en un proceso de transformaci\u00f3n cuidadosa que refleja una filosof\u00eda de trabajo cercana a la artesan\u00eda.<\/p>\n<p data-start=\"2492\" data-end=\"2916\" data-is-last-node=\"\" data-is-only-node=\"\">Finalmente, el texto hace una menci\u00f3n especial a Nacho Vicens como docente. Su labor educativa es tan generosa como su arquitectura, transmitiendo con intensidad y entrega tanto su conocimiento como su entusiasmo. Se destaca su capacidad para combinar la fuerza cr\u00edtica con la sensibilidad, ayudando a alumnos y amigos con sabidur\u00eda y pasi\u00f3n. As\u00ed, Vicens no solo se admira como arquitecto, sino, sobre todo, como ser humano.<\/p>\n<p style=\"text-align: center;\"><a href=\"https:\/\/www.coam.org\/media\/Default%20Files\/fundacion\/biblioteca\/revista-arquitectura-100\/2000-2008\/docs\/revista-articulos\/revista-arquitectura-2007-n350-pag04-05.pdf\">Texto completo aqu\u00ed.<\/a><\/p>\n<p style=\"text-align: center;\">&#8230;<\/p>\n<h2>Filosof\u00eda del estudio Vicens + Ramos<\/h2>\n<h3><strong>Rigor y Excelencia en la Arquitectura<\/strong><\/h3>\n<h5><strong>Compromiso con la Calidad en Todos los Proyectos<\/strong><\/h5>\n<p>El estudio de arquitectura de Ignacio Vicens y Jos\u00e9 Antonio Ramos se distingue por su firme compromiso con la calidad y la excelencia en cada uno de sus proyectos. Cada obra se aborda con dedicaci\u00f3n, buscando la perfecci\u00f3n no solo en la ejecuci\u00f3n, sino en la transformaci\u00f3n del espacio. Para ellos, la arquitectura es una <strong>disciplina intelectual y art\u00edstica<\/strong> que debe enriquecer <strong>la vida cotidiana de quienes la habitan,<\/strong> y cada proyecto es una oportunidad para <strong>mejorar el entorno.<\/strong><\/p>\n<p>Este enfoque trasciende lo inmediato. La arquitectura no se limita a responder a necesidades funcionales, sino que busca una reflexi\u00f3n profunda que se manifiesta en cada proyecto. Para Vicens y Ramos, la arquitectura debe <strong>conectar con lo m\u00e1s profundo del ser humano<\/strong> y ofrecer una visi\u00f3n que vaya m\u00e1s all\u00e1 de lo superficial.<\/p>\n<h5><strong>Filosof\u00eda de Trabajo y Relaci\u00f3n con el Cliente<\/strong><\/h5>\n<p>Vicens y Ramos mantienen una relaci\u00f3n cercana con el cliente, enfocada en una <strong>colaboraci\u00f3n activa.<\/strong> No solo cumplen con los requisitos del encargo, sino que educan sobre la importancia de la arquitectura como arte y herramienta de transformaci\u00f3n. A trav\u00e9s de este enfoque, los clientes comprenden c\u00f3mo las proporciones, los materiales y la organizaci\u00f3n espacial impactan en su vida cotidiana. <strong>La obra no solo es funcional, sino que est\u00e1 pensada para generar una experiencia enriquecedora.<\/strong><\/p>\n<p>Adem\u00e1s, se esfuerzan por que sus proyectos se integren armoniosamente en su contexto urbano y cultural.<\/p>\n<h5><strong>La Filosof\u00eda de la Arquitectura como Disciplina Intelectual<\/strong><\/h5>\n<p>La arquitectura, para Vicens y Ramos, es mucho m\u00e1s que un proceso t\u00e9cnico: <strong>es una disciplina intelectual que debe conectar con la raz\u00f3n y el alma<\/strong>. Su enfoque no sigue las modas, sino que responde de manera aut\u00e9ntica a las necesidades del proyecto, sin perder su esencia. En sus obras se combinan influencias de grandes arquitectos como Le Corbusier y de arquitecturas m\u00e1s simples y an\u00f3nimas, lo que les permite crear espacios que no solo son visualmente impactantes, sino tambi\u00e9n intelectualmente ricos.<\/p>\n<p>Vicens y Ramos entienden la arquitectura como una disciplina que debe combinar <strong>rigor t\u00e9cnico, claridad conceptual y sensibilidad est\u00e9tica, <\/strong>para crear obras que trascienden lo superficial y logran una conexi\u00f3n profunda con el espacio.<\/p>\n<h3><strong>La Contundencia Volum\u00e9trica y la Riqueza Espacial<\/strong><\/h3>\n<h5><strong>La Contundencia Volum\u00e9trica como Elemento Identitario<\/strong><\/h5>\n<p>La contundencia volum\u00e9trica es una caracter\u00edstica clave en la obra de Vicens y Ramos. Cada uno de sus proyectos se resuelve como<strong> una pieza \u00fanica, s\u00f3lida y definida, que transmite una presencia fuerte y compacta<\/strong>. La forma es clara y precisa, sin adornos innecesarios. Este enfoque volum\u00e9trico busca crear un <strong>sentido de unidad<\/strong> en cada edificio, destacando su car\u00e1cter sin necesidad de elementos adicionales.<\/p>\n<p>El trabajo con la compacidad y la excavaci\u00f3n de los vol\u00famenes permite que sus proyectos tengan una relaci\u00f3n arm\u00f3nica con el entorno, sin imponer una est\u00e9tica ajena, sino integr\u00e1ndose de manera natural en el espacio.<\/p>\n<h5><strong>Riqueza Espacial y la Importancia de la Luz<\/strong><\/h5>\n<p>La <strong>riqueza espacial<\/strong> es otro rasgo distintivo de su arquitectura. Aunque sus edificios tienen formas exteriores contundentes, su interior es mucho m\u00e1s complejo. Vicens y Ramos logran crear ambientes ricos y sofisticados a trav\u00e9s del manejo de la secci\u00f3n y la<strong> luz<\/strong>. La luz se convierte en un elemento fundamental para esculpir el espacio interior, creando <strong>atm\u00f3sferas \u00fanicas y cambiantes seg\u00fan la incidencia de la luz a lo largo del d\u00eda.<\/strong><\/p>\n<p>Ejemplos como la Iglesia del Asilo de Alc\u00e1zar y la Casa de las Matas muestran c\u00f3mo la luz se convierte en un agente transformador, generando efectos dram\u00e1ticos que enriquecen la experiencia del visitante. La luz no solo ilumina, sino que define la calidad y el car\u00e1cter de los espacios.<\/p>\n<h5><strong>La Sorpresa como Elemento Continuo en la Obra<\/strong><\/h5>\n<p>Una caracter\u00edstica clave en la obra de Vicens y Ramos es la <strong>b\u00fasqueda de la sorpresa.<\/strong> En sus proyectos, buscan que la obra no sea predecible, sino que invite a la exploraci\u00f3n continua. Los edificios est\u00e1n dise\u00f1ados para ofrecer nuevas lecturas y perspectivas, tanto en su exterior como en su interior. Esta sorpresa no es un efecto superficial, sino <strong>que enriquece la experiencia del usuario, manteniendo su inter\u00e9s y emoci\u00f3n a lo largo del tiempo.<\/strong><\/p>\n<p>Este enfoque hace que cada proyecto tenga una vida propia, en constante cambio, lo que refuerza la <strong>conexi\u00f3n emocional entre el edificio y quienes lo habitan.<\/strong><\/p>\n<h3><strong>Materialidad, Tradici\u00f3n y Aproximaci\u00f3n Espiritual<\/strong><\/h3>\n<h5><strong>El Uso Refinado de Materiales<\/strong><\/h5>\n<p>El uso de materiales es fundamental en la obra de Vicens y Ramos. Los materiales no son solo funcionales, sino que tienen un papel esencial en la creaci\u00f3n de la <strong>identidad del proyecto.<\/strong> Trabajan con materiales como el hormig\u00f3n, la piedra y el acero de manera que no solo sean duraderos, sino que contribuyan a la solidez visual y emocional de los edificios. <strong>La materialidad est\u00e1 pensada para reforzar la contundencia volum\u00e9trica y la riqueza espacial, y cada detalle es tratado con gran precisi\u00f3n.<\/strong><\/p>\n<p>La obra de Vicens y Ramos no se basa en la acumulaci\u00f3n de elementos decorativos, sino en una integraci\u00f3n refinada de materiales que aportan un car\u00e1cter propio a cada obra. <strong>La calidad y la est\u00e9tica de los materiales son una extensi\u00f3n de la filosof\u00eda de trabajo del estudio.<\/strong><\/p>\n<h5><strong>Una Aproximaci\u00f3n a la Arquitectura Religiosa<\/strong><\/h5>\n<p>La arquitectura religiosa ha sido un desaf\u00edo para la modernidad, pero Vicens y Ramos han logrado integrarla de manera exitosa. En obras como la Iglesia de Santa M\u00f3nica en Madrid, la arquitectura religiosa se aborda <strong>desde una perspectiva contempor\u00e1nea sin perder su conexi\u00f3n con lo espiritual.<\/strong> Han sabido crear espacios que son tanto funcionales como capaces de inspirar una experiencia trascendental, respetando la tradici\u00f3n pero con un enfoque renovador.<\/p>\n<p>Este enfoque tambi\u00e9n se refleja en obras como el crematorio de Alc\u00e1zar de San Juan, que aunque de car\u00e1cter m\u00e1s secular, responde a una necesidad emocional y espiritual similar, utilizando la arquitectura para conectar con los <strong>sentimientos humanos m\u00e1s profundos.<\/strong><\/p>\n<h5><strong>Su Contribuci\u00f3n a la Historia de la Arquitectura Espa\u00f1ola Contempor\u00e1nea<\/strong><\/h5>\n<p>La obra de Vicens y Ramos ocupa un lugar destacado en la historia de la arquitectura contempor\u00e1nea en Espa\u00f1a. Han logrado destacarse no solo por su capacidad t\u00e9cnica, sino tambi\u00e9n por su compromiso con la creaci\u00f3n de espacios significativos que <strong>respetan el contexto y las tradiciones locales<\/strong>. Sus proyectos, aunque diversos, comparten una b\u00fasqueda constante de la excelencia arquitect\u00f3nica.<\/p>\n<p>A lo largo de su carrera, tambi\u00e9n han tenido una influencia significativa en la formaci\u00f3n de nuevas generaciones de arquitectos. Como catedr\u00e1ticos, han transmitido su conocimiento y pasi\u00f3n a los estudiantes, destac\u00e1ndose por su generosidad y dedicaci\u00f3n a la ense\u00f1anza, lo que refleja el compromiso del estudio con la arquitectura como una disciplina que se enriquece a trav\u00e9s <strong>del intercambio de ideas y conocimientos.<\/strong><\/p>\n<h2 class=\"single_post_title_main\" style=\"text-align: left;\">Ignacio Vicens sobre arquitectura, inspiraci\u00f3n y legado<\/h2>\n<blockquote class=\"wp-embedded-content\" data-secret=\"pv5bCrQsqP\"><p><a href=\"https:\/\/escuelaarquitectura.es\/ignacio-vicens-sobre-arquitectura-inspiracion-y-legado\/\">Ignacio Vicens sobre arquitectura, inspiraci\u00f3n y legado<\/a><\/p><\/blockquote>\n<p><iframe loading=\"lazy\" class=\"wp-embedded-content\" sandbox=\"allow-scripts\" security=\"restricted\" style=\"position: absolute; visibility: hidden;\" title=\"\u00abIgnacio Vicens sobre arquitectura, inspiraci\u00f3n y legado\u00bb \u2014 Escuela de Arquitectura\" src=\"https:\/\/escuelaarquitectura.es\/ignacio-vicens-sobre-arquitectura-inspiracion-y-legado\/embed\/#?secret=o1z8NHPln3#?secret=pv5bCrQsqP\" data-secret=\"pv5bCrQsqP\" width=\"600\" height=\"338\" frameborder=\"0\" marginwidth=\"0\" marginheight=\"0\" scrolling=\"no\"><\/iframe><\/p>\n<pre>No te pierdas:<\/pre>\n<h5>\u00a0Tesis Doctoral de Ramos: <span class=\"titulo\">Teresianum<\/span><\/h5>\n<p>Dirigida por\u00a0<a href=\"https:\/\/arquitecturaypersona.com\/alberto-campo-baeza\/\">Alberto Campo Baeza<\/a><\/p>\n<p><em>\u00abEs un estudio te\u00f3rico-pr\u00e1ctico en base al libro de las Moradas de Santa Teresa. Se estructura a trav\u00e9s de un proyecto arquitect\u00f3nico como m\u00e9todo de investigaci\u00f3n, indagando en el campo espec\u00edfico del arquitecto, en su propia y singular tarea, al tiempo racional y po\u00e9tica. El proyecto sigue la estela marcada por el Panteum de Terragni.\u00bb<\/em><\/p>\n<p><a href=\"https:\/\/dialnet.unirioja.es\/servlet\/tesis?codigo=185619\">+ Info AQU\u00cd<\/a><\/p>\n<p>.<\/p>\n<h5 class=\"article-header__heading article-header__heading--s3\">Ignacio Vicens, el arquitecto de reyes y papas: \u00abMuchos universitarios salen sin ideas ni valores\u00bb<\/h5>\n<p id=\"paragraph_6\" class=\"paragraph\" data-mrf-recirculation=\"links-parrafos\"><strong>\u00bfCree que hoy est\u00e1 mal visto hablar de belleza?<\/strong><\/p>\n<p id=\"paragraph_7\" class=\"paragraph\" data-gtm-vis-recent-on-screen1664348_109=\"1171\" data-gtm-vis-first-on-screen1664348_109=\"1171\" data-gtm-vis-total-visible-time1664348_109=\"100\" data-gtm-vis-has-fired1664348_109=\"1\" data-mrf-recirculation=\"links-parrafos\">Est\u00e1 muy en la l\u00ednea de las categor\u00edas fuertes. Hoy en d\u00eda es inusual, pero yo quiero seguir hablando de bondad, de verdad y de belleza. Porque la belleza es la que nos salva en este mundo y la arquitectura puede poner orden, dignidad y belleza en nuestra vida.<\/p>\n<p data-gtm-vis-recent-on-screen1664348_109=\"1171\" data-gtm-vis-first-on-screen1664348_109=\"1171\" data-gtm-vis-total-visible-time1664348_109=\"100\" data-gtm-vis-has-fired1664348_109=\"1\" data-mrf-recirculation=\"links-parrafos\"><a href=\"https:\/\/www.elespanol.com\/enclave-ods\/referentes\/20220425\/ignacio-vicens-arquitecto-reyes-universitarios-sin-valores\/666933571_0.html\" target=\"_blank\" rel=\"noopener\">Acceder<\/a><\/p>\n<pre>Tambi\u00e9n te gustar\u00e1:<\/pre>\n<h5 class=\"style-scope ytd-watch-metadata\">\u00abMAESTROS de la ARQUITECTURA\u00bb. 8\u00aa SESION: I. VICENS HUALDE<\/h5>\n<p><iframe loading=\"lazy\" title=\"&quot;MAESTROS de la ARQUITECTURA&quot;. 8\u00aa SESION: I. VICENS HUALDE\" width=\"911\" height=\"512\" src=\"https:\/\/www.youtube.com\/embed\/pXHyavSp1Wk?feature=oembed\" frameborder=\"0\" allow=\"accelerometer; autoplay; clipboard-write; encrypted-media; gyroscope; picture-in-picture; web-share\" referrerpolicy=\"strict-origin-when-cross-origin\" allowfullscreen><\/iframe><\/p>\n<p>.<\/p>\n<h5 class=\"single_post_title_main\">Entrevistas, conferencias y publicaciones de Jos\u00e9 Antonio Ramos #arquitecturaypersona<\/h5>\n<blockquote class=\"wp-embedded-content\" data-secret=\"T92sJW1Jbl\"><p><a href=\"https:\/\/escuelaarquitectura.es\/entrevistas-conferencias-y-publicaciones-de-jose-antonio-ramos-arquitecturaypersona\/\">Entrevistas, conferencias y publicaciones de Jos\u00e9 Antonio Ramos #arquitecturaypersona<\/a><\/p><\/blockquote>\n<p><iframe loading=\"lazy\" class=\"wp-embedded-content\" sandbox=\"allow-scripts\" security=\"restricted\" style=\"position: absolute; visibility: hidden;\" title=\"\u00abEntrevistas, conferencias y publicaciones de Jos\u00e9 Antonio Ramos #arquitecturaypersona\u00bb \u2014 Escuela de Arquitectura\" src=\"https:\/\/escuelaarquitectura.es\/entrevistas-conferencias-y-publicaciones-de-jose-antonio-ramos-arquitecturaypersona\/embed\/#?secret=hwtPkLQg9K#?secret=T92sJW1Jbl\" data-secret=\"T92sJW1Jbl\" width=\"600\" height=\"338\" frameborder=\"0\" marginwidth=\"0\" marginheight=\"0\" scrolling=\"no\"><\/iframe><\/p>\n<p>&#8230;<\/p>\n<h6>Versi\u00f3n extendida del texto previo:<\/h6>\n<h3 data-start=\"350\" data-end=\"398\"><strong data-start=\"354\" data-end=\"398\">I. Rigor y Excelencia en la Arquitectura<\/strong><\/h3>\n<h4 data-start=\"400\" data-end=\"456\">1. Compromiso con la Calidad en Todos los Proyectos<\/h4>\n<p data-start=\"458\" data-end=\"1134\">El estudio de arquitectura de Ignacio Vicens y Jos\u00e9 Antonio Ramos se caracteriza por un compromiso profundo con la calidad y la excelencia en cada uno de los proyectos que emprenden. Este rigor se aplica tanto a los encargos m\u00e1s simples como a los m\u00e1s complejos, sin distinciones de tipo p\u00fablico o privado. Cada obra se trata con la misma dedicaci\u00f3n, buscando siempre la perfecci\u00f3n en la ejecuci\u00f3n. La obra de estos arquitectos se nutre de su visi\u00f3n de la arquitectura como una disciplina intelectual, que no solo debe responder a las necesidades funcionales del cliente, sino tambi\u00e9n elevar su experiencia cotidiana, buscando siempre enriquecer la vida de quienes la habitan.<\/p>\n<p data-start=\"1136\" data-end=\"1691\">Este enfoque no se limita a un simple cumplimiento de encargos, sino que implica un esfuerzo constante por trascender lo inmediato y lo superficial. Para Vicens y Ramos, cada proyecto es una oportunidad de hacer arquitectura como una disciplina art\u00edstica y reflexiva, donde el espacio no es solo un conjunto de vol\u00famenes, sino una experiencia sensorial que debe ser vivida. La importancia de la \u00abverdadera arquitectura\u00bb est\u00e1 presente en cada uno de sus trabajos, donde el objetivo final es generar espacios que conecten con lo m\u00e1s profundo del ser humano.<\/p>\n<h4 data-start=\"1693\" data-end=\"1747\">2. Filosof\u00eda de Trabajo y Relaci\u00f3n con el Cliente<\/h4>\n<p data-start=\"1749\" data-end=\"2649\">Una de las claves de la filosof\u00eda del estudio es la relaci\u00f3n cercana con el cliente. Vicens y Ramos no se limitan a cumplir con los requisitos del encargo, sino que se implican profundamente en el proceso de creaci\u00f3n y desarrollo de cada proyecto. Para ellos, la arquitectura no solo es una cuesti\u00f3n de dise\u00f1o, sino tambi\u00e9n de formaci\u00f3n. La mayor\u00eda de sus clientes no solo reciben un edificio, sino que tambi\u00e9n aprenden sobre la importancia de la arquitectura como una herramienta para transformar el entorno y la vida cotidiana. En su trabajo, la formaci\u00f3n de los clientes es tan importante como la creaci\u00f3n de los espacios. Les ense\u00f1an la relevancia de las proporciones, la importancia de las decisiones est\u00e9ticas y el impacto que estos elementos tienen en la calidad de vida. A trav\u00e9s de un enfoque pedag\u00f3gico y generoso, logran que sus clientes comprendan la verdadera belleza de la arquitectura.<\/p>\n<p data-start=\"2651\" data-end=\"3038\">El estudio tambi\u00e9n busca proyectar con una visi\u00f3n integral, teniendo en cuenta el contexto urbano y cultural en el que se inserta cada proyecto. Desde el punto de vista de los arquitectos, el dise\u00f1o no debe ser una imposici\u00f3n sobre el lugar, sino una respuesta sensible a su entorno, que complemente y potencie la identidad del lugar sin romper con su historia ni con su entorno natural.<\/p>\n<h4 data-start=\"3040\" data-end=\"3107\">3. La Filosof\u00eda de la Arquitectura como Disciplina Intelectual<\/h4>\n<p data-start=\"3109\" data-end=\"3677\">La arquitectura para Vicens y Ramos es mucho m\u00e1s que un proceso t\u00e9cnico; es una disciplina intelectual que debe conectar con la raz\u00f3n y el alma. Su trabajo no sigue modas ni se somete a las tendencias de la \u00e9poca, sino que busca tener una respuesta sincera y profunda a los retos arquitect\u00f3nicos. En sus obras, se encuentran referencias tanto a la arquitectura moderna de grandes maestros como Le Corbusier, como a la arquitectura m\u00e1s sencilla y an\u00f3nima, mostrando una capacidad de s\u00edntesis y una riqueza intelectual que se encuentra en cada detalle de sus proyectos.<\/p>\n<p data-start=\"3679\" data-end=\"4174\">La arquitectura de Vicens y Ramos se distingue por su solidez ideol\u00f3gica, que no se deriva de imposiciones pol\u00edticas ni de modas de turno, sino de una reflexi\u00f3n constante sobre el significado del espacio, la forma y la luz. Este enfoque filos\u00f3fico impregna cada proyecto, desde los edificios religiosos hasta las viviendas de lujo. La arquitectura, para ellos, es una disciplina que debe ser rigurosa, reflexiva y, sobre todo, capaz de generar una conexi\u00f3n emocional con quienes la experimentan.<\/p>\n<hr data-start=\"4176\" data-end=\"4179\" \/>\n<h3 data-start=\"4181\" data-end=\"4242\"><strong data-start=\"4185\" data-end=\"4242\">II. La Contundencia Volum\u00e9trica y la Riqueza Espacial<\/strong><\/h3>\n<h4 data-start=\"4244\" data-end=\"4305\">4. La Contundencia Volum\u00e9trica como Elemento Identitario<\/h4>\n<p data-start=\"4307\" data-end=\"4907\">La contundencia volum\u00e9trica es una de las caracter\u00edsticas m\u00e1s destacadas de la obra de Vicens y Ramos. Esta cualidad se logra mediante el manejo preciso de la compacidad y la excavaci\u00f3n de los vol\u00famenes. El resultado es una arquitectura s\u00f3lida, que transmite una presencia indiscutible y definida. En cada uno de sus proyectos, los arquitectos utilizan el volumen de manera sabia, organizando los espacios de forma sencilla pero densa. Este enfoque volum\u00e9trico permite que cada edificio se perciba como una pieza \u00fanica, cuyas proporciones y relaciones internas le otorgan una gran estabilidad visual.<\/p>\n<p data-start=\"4909\" data-end=\"5325\">La obra de Vicens y Ramos no busca la fragilidad ni la ligereza, sino que transmite una sensaci\u00f3n de solidez y permanencia. Cada elemento volum\u00e9trico est\u00e1 cuidadosamente tratado para reforzar el car\u00e1cter del proyecto y generar una relaci\u00f3n armoniosa con el entorno. A trav\u00e9s de la compacidad y la excavaci\u00f3n, los arquitectos logran crear formas poderosas que se integran sin esfuerzo en el contexto urbano y natural.<\/p>\n<h4 data-start=\"5327\" data-end=\"5378\">5. Riqueza Espacial y la Importancia de la Luz<\/h4>\n<p data-start=\"5380\" data-end=\"5810\">La riqueza espacial es otra de las grandes virtudes del trabajo de Vicens y Ramos. La forma exterior de sus edificios no siempre refleja la complejidad de lo que ocurre en su interior. El uso de la luz es crucial para crear ambientes que se desenvuelven con una rica profundidad. La luz no solo ilumina, sino que se convierte en un elemento escult\u00f3rico que define los espacios, marca las transiciones y aporta una atm\u00f3sfera \u00fanica.<\/p>\n<p data-start=\"5812\" data-end=\"6321\">Este manejo elaborado de la luz es uno de los sellos distintivos del estudio. A trav\u00e9s de la variaci\u00f3n de las aperturas y los voladizos, la luz se filtra, se proyecta o se refleja, generando contrastes que dan car\u00e1cter a cada uno de los ambientes interiores. Los lucernarios escult\u00f3ricos en iglesias y otras obras de culto, como la Iglesia del Asilo de Alc\u00e1zar, son ejemplos sobresalientes de c\u00f3mo la luz se convierte en un agente de transformaci\u00f3n del espacio, que ayuda a definir el car\u00e1cter de los lugares.<\/p>\n<h4 data-start=\"6323\" data-end=\"6376\">6. La Sorpresa como Elemento Continuo en la Obra<\/h4>\n<p data-start=\"6378\" data-end=\"6997\">Vicens y Ramos entienden la sorpresa como un principio esencial en su arquitectura. La sorpresa no se limita a un efecto superficial, sino que se convierte en un instrumento fundamental para mantener al usuario o visitante comprometido con el espacio. En cada uno de sus proyectos, buscan que la obra siga dialogando con el usuario, invitando a nuevas lecturas y reinterpretaciones del espacio. Esta constante capacidad para sorprender hace que la obra no sea est\u00e1tica ni predecible, sino que se vuelva un espacio vivo, en el que la experiencia cambia con el paso del tiempo, las estaciones y las interacciones humanas.<\/p>\n<p data-start=\"6999\" data-end=\"7483\">La capacidad de sorprender tambi\u00e9n se refleja en los juegos de luces y sombras que se producen en los vol\u00famenes excavados o las fachadas tratadas con materiales como el hormig\u00f3n. Cada vez que el visitante se acerca a la obra, puede descubrir algo nuevo o tener una nueva perspectiva sobre lo que ve. Este enfoque de la sorpresa no solo enriquece la experiencia visual, sino que tambi\u00e9n invita a una reflexi\u00f3n m\u00e1s profunda sobre la relaci\u00f3n entre el ser humano y el espacio construido.<\/p>\n<hr data-start=\"7485\" data-end=\"7488\" \/>\n<h3 data-start=\"7490\" data-end=\"7552\"><strong data-start=\"7494\" data-end=\"7552\">III. Materialidad, Tradici\u00f3n y Aproximaci\u00f3n Espiritual<\/strong><\/h3>\n<h4 data-start=\"7554\" data-end=\"7591\">7. El Uso Refinado de Materiales<\/h4>\n<p data-start=\"7593\" data-end=\"8096\">La materialidad es una constante en el trabajo de Vicens y Ramos, y es tratada con una atenci\u00f3n meticulosa que refleja un compromiso con la calidad en cada detalle. Los materiales que eligen, como el hormig\u00f3n, la piedra y el acero, son seleccionados no solo por su funcionalidad, sino tambi\u00e9n por su capacidad para expresar una cierta filosof\u00eda del espacio. La expresi\u00f3n de la materialidad es precisa y est\u00e1 pensada para contribuir a la contundencia volum\u00e9trica y a la riqueza espacial de los proyectos.<\/p>\n<p data-start=\"8098\" data-end=\"8568\">En su trabajo, los detalles no son elementos a\u00f1adidos al final, sino que forman parte integral del proceso de dise\u00f1o. La construcci\u00f3n de los materiales, la textura de los muros, las juntas y los reflejos no son aspectos secundarios, sino elementos que enriquecen la experiencia arquitect\u00f3nica. Este enfoque de la materialidad, basado en el trabajo preciso y artesanal de los materiales, les permite evitar lo superficial y acercarse a una arquitectura s\u00f3lida y profunda.<\/p>\n<h4 data-start=\"8570\" data-end=\"8622\">8. Una Aproximaci\u00f3n a la Arquitectura Religiosa<\/h4>\n<p data-start=\"8624\" data-end=\"9180\">El estudio de arquitectura ha logrado tambi\u00e9n una integraci\u00f3n exitosa de la modernidad con lo espiritual, particularmente en la arquitectura religiosa. La Iglesia de Santa M\u00f3nica en Madrid y el crematorio de Alc\u00e1zar de San Juan son ejemplos de c\u00f3mo Vicens y Ramos abordan con sensibilidad y profundidad los encargos que requieren un enfoque m\u00e1s trascendental. Estas obras muestran que no solo est\u00e1n interesados en lo material, sino tambi\u00e9n en lo espiritual, tratando de conectar la arquitectura con las emociones y sentimientos m\u00e1s elevados del ser humano.<\/p>\n<p data-start=\"9182\" data-end=\"9544\">La arquitectura religiosa moderna a menudo se enfrenta a desaf\u00edos, especialmente en una sociedad que tiende a ser cada vez m\u00e1s secular. Sin embargo, Vicens y Ramos han demostrado que es posible hacer una arquitectura religiosa que responda a las necesidades espirituales de los fieles sin perder su car\u00e1cter contempor\u00e1neo y su capacidad de trascender lo ef\u00edmero.<\/p>\n<h4 data-start=\"9546\" data-end=\"9625\">9. Su Contribuci\u00f3n a la Historia de la Arquitectura Espa\u00f1ola Contempor\u00e1nea<\/h4>\n<p data-start=\"9627\" data-end=\"10073\">La obra de Vicens y Ramos se inserta en la historia de la arquitectura espa\u00f1ola contempor\u00e1nea como un ejemplo de sensibilidad y compromiso. En un contexto donde a menudo se da mayor valor a lo ef\u00edmero y lo superficial, ellos han logrado mantenerse fieles a su filosof\u00eda de calidad, discreci\u00f3n y rigor. Sus proyectos, aunque pueden parecer dispares en t\u00e9rminos de su escala o programa, comparten una misma b\u00fasqueda de la excelencia arquitect\u00f3nica.<\/p>\n<p data-start=\"10075\" data-end=\"10537\">Por \u00faltimo, la docencia de Ignacio Vicens es otro pilar fundamental de su enfoque. A lo largo de su carrera como catedr\u00e1tico en la Escuela T\u00e9cnica Superior de Arquitectura de Madrid, ha transmitido su pasi\u00f3n por la arquitectura a generaciones de estudiantes. Su enfoque pedag\u00f3gico, basado en la ilusi\u00f3n y el rigor, demuestra el compromiso de Vicens y Ramos no solo con la arquitectura, sino tambi\u00e9n con la formaci\u00f3n de futuros arquitectos que seguir\u00e1n su legado.<\/p>\n<p>&#8230;<\/p>\n<p><img loading=\"lazy\" decoding=\"async\" class=\"size-medium wp-image-62167 aligncenter\" src=\"https:\/\/stepienybarno.es\/blog\/wp-content\/uploads\/2025\/05\/vicens-ramos-arquitectos-550x277.jpg\" alt=\"vicens - ramos - arquitectos\" width=\"550\" height=\"277\" srcset=\"https:\/\/stepienybarno.es\/blog\/wp-content\/uploads\/2025\/05\/vicens-ramos-arquitectos-550x277.jpg 550w, https:\/\/stepienybarno.es\/blog\/wp-content\/uploads\/2025\/05\/vicens-ramos-arquitectos-1024x515.jpg 1024w, https:\/\/stepienybarno.es\/blog\/wp-content\/uploads\/2025\/05\/vicens-ramos-arquitectos-180x91.jpg 180w, https:\/\/stepienybarno.es\/blog\/wp-content\/uploads\/2025\/05\/vicens-ramos-arquitectos-316x159.jpg 316w, https:\/\/stepienybarno.es\/blog\/wp-content\/uploads\/2025\/05\/vicens-ramos-arquitectos.jpg 1249w\" sizes=\"(max-width: 550px) 100vw, 550px\" \/><\/p>\n<p>&#8230;<\/p>\n","protected":false},"excerpt":{"rendered":"<p>Vicens + Ramos se destacan por su compromiso con la calidad y la excelencia en cada proyecto, fusionando rigor t\u00e9cnico con sensibilidad est\u00e9tica.<br \/>\nSu arquitectura se caracteriza por la contundencia volum\u00e9trica (aunque lejos del formalismo), la riqueza espacial y un manejo preciso de la luz.<br \/>\nBuscan sorprender al usuario a trav\u00e9s de la materialidad y la forma, mientras mantienen un enfoque intelectual y profundo. Su obra integra tradici\u00f3n y modernidad, creando espacios significativos y trascendentales.<br \/>\nSi quieres saber m\u00e1s de este potente estudio de arquitectura est\u00e1s en el lugar adecuado.<\/p>\n","protected":false},"author":2,"featured_media":62176,"comment_status":"open","ping_status":"closed","sticky":false,"template":"","format":"standard","meta":{"om_disable_all_campaigns":false,"_monsterinsights_skip_tracking":false,"_monsterinsights_sitenote_active":false,"_monsterinsights_sitenote_note":"","_monsterinsights_sitenote_category":0,"_uf_show_specific_survey":0,"_uf_disable_surveys":false,"episode_type":"audio","audio_file":"","cover_image":"","cover_image_id":"","duration":"","filesize":"","date_recorded":"","explicit":"","block":"","filesize_raw":"","footnotes":""},"categories":[34,4],"tags":[478],"series":[],"class_list":["post-62159","post","type-post","status-publish","format-standard","has-post-thumbnail","hentry","category-actualidad","category-arquilectura","tag-vicens-y-ramos"],"aioseo_notices":[],"episode_featured_image":"https:\/\/stepienybarno.es\/blog\/wp-content\/uploads\/2025\/05\/ramos-vicens-arquitectos-scaled.jpg","episode_player_image":"https:\/\/stepienybarno.es\/blog\/wp-content\/uploads\/2020\/11\/stepienybarno-podcast-scaled.jpg","download_link":"","player_link":"","audio_player":false,"episode_data":{"playerMode":"dark","subscribeUrls":[],"rssFeedUrl":"https:\/\/stepienybarno.es\/blog\/feed\/podcast\/podcast-de-stepienybarno","embedCode":"<blockquote class=\"wp-embedded-content\" data-secret=\"eHNEIVX1Wc\"><a href=\"https:\/\/stepienybarno.es\/blog\/2025\/05\/27\/vicens-y-ramos-la-funcionalidad-sagrada-en-la-arquitectura\/\">Vicens y Ramos, la funcionalidad sagrada en la arquitectura.<\/a><\/blockquote><iframe sandbox=\"allow-scripts\" security=\"restricted\" src=\"https:\/\/stepienybarno.es\/blog\/2025\/05\/27\/vicens-y-ramos-la-funcionalidad-sagrada-en-la-arquitectura\/embed\/#?secret=eHNEIVX1Wc\" width=\"500\" height=\"350\" title=\"\u00abVicens y Ramos, la funcionalidad sagrada en la arquitectura.\u00bb \u2014 Blog de STEPIEN Y BARNO - publicaci\u00f3n digital sobre arquitectura\" data-secret=\"eHNEIVX1Wc\" frameborder=\"0\" marginwidth=\"0\" marginheight=\"0\" scrolling=\"no\" class=\"wp-embedded-content\"><\/iframe><script type=\"text\/javascript\">\n\/* <![CDATA[ *\/\n\/*! This file is auto-generated *\/\n!function(d,l){\"use strict\";l.querySelector&&d.addEventListener&&\"undefined\"!=typeof URL&&(d.wp=d.wp||{},d.wp.receiveEmbedMessage||(d.wp.receiveEmbedMessage=function(e){var t=e.data;if((t||t.secret||t.message||t.value)&&!\/[^a-zA-Z0-9]\/.test(t.secret)){for(var s,r,n,a=l.querySelectorAll('iframe[data-secret=\"'+t.secret+'\"]'),o=l.querySelectorAll('blockquote[data-secret=\"'+t.secret+'\"]'),c=new RegExp(\"^https?:$\",\"i\"),i=0;i<o.length;i++)o[i].style.display=\"none\";for(i=0;i<a.length;i++)s=a[i],e.source===s.contentWindow&&(s.removeAttribute(\"style\"),\"height\"===t.message?(1e3<(r=parseInt(t.value,10))?r=1e3:~~r<200&&(r=200),s.height=r):\"link\"===t.message&&(r=new URL(s.getAttribute(\"src\")),n=new URL(t.value),c.test(n.protocol))&&n.host===r.host&&l.activeElement===s&&(d.top.location.href=t.value))}},d.addEventListener(\"message\",d.wp.receiveEmbedMessage,!1),l.addEventListener(\"DOMContentLoaded\",function(){for(var e,t,s=l.querySelectorAll(\"iframe.wp-embedded-content\"),r=0;r<s.length;r++)(t=(e=s[r]).getAttribute(\"data-secret\"))||(t=Math.random().toString(36).substring(2,12),e.src+=\"#?secret=\"+t,e.setAttribute(\"data-secret\",t)),e.contentWindow.postMessage({message:\"ready\",secret:t},\"*\")},!1)))}(window,document);\n\/* ]]> *\/\n<\/script>\n"},"_links":{"self":[{"href":"https:\/\/stepienybarno.es\/blog\/wp-json\/wp\/v2\/posts\/62159"}],"collection":[{"href":"https:\/\/stepienybarno.es\/blog\/wp-json\/wp\/v2\/posts"}],"about":[{"href":"https:\/\/stepienybarno.es\/blog\/wp-json\/wp\/v2\/types\/post"}],"author":[{"embeddable":true,"href":"https:\/\/stepienybarno.es\/blog\/wp-json\/wp\/v2\/users\/2"}],"replies":[{"embeddable":true,"href":"https:\/\/stepienybarno.es\/blog\/wp-json\/wp\/v2\/comments?post=62159"}],"version-history":[{"count":18,"href":"https:\/\/stepienybarno.es\/blog\/wp-json\/wp\/v2\/posts\/62159\/revisions"}],"predecessor-version":[{"id":62189,"href":"https:\/\/stepienybarno.es\/blog\/wp-json\/wp\/v2\/posts\/62159\/revisions\/62189"}],"wp:featuredmedia":[{"embeddable":true,"href":"https:\/\/stepienybarno.es\/blog\/wp-json\/wp\/v2\/media\/62176"}],"wp:attachment":[{"href":"https:\/\/stepienybarno.es\/blog\/wp-json\/wp\/v2\/media?parent=62159"}],"wp:term":[{"taxonomy":"category","embeddable":true,"href":"https:\/\/stepienybarno.es\/blog\/wp-json\/wp\/v2\/categories?post=62159"},{"taxonomy":"post_tag","embeddable":true,"href":"https:\/\/stepienybarno.es\/blog\/wp-json\/wp\/v2\/tags?post=62159"},{"taxonomy":"series","embeddable":true,"href":"https:\/\/stepienybarno.es\/blog\/wp-json\/wp\/v2\/series?post=62159"}],"curies":[{"name":"wp","href":"https:\/\/api.w.org\/{rel}","templated":true}]}}