{"id":6242,"date":"2012-09-17T12:40:33","date_gmt":"2012-09-17T10:40:33","guid":{"rendered":"https:\/\/www.stepienybarno.es\/blog\/?p=6242"},"modified":"2012-09-17T12:40:33","modified_gmt":"2012-09-17T10:40:33","slug":"jose-miguel-iribas-y-el-espacio-colectivo","status":"publish","type":"post","link":"https:\/\/stepienybarno.es\/blog\/2012\/09\/17\/jose-miguel-iribas-y-el-espacio-colectivo\/","title":{"rendered":"JOS\u00c9 MIGUEL IRIBAS Y EL ESPACIO COLECTIVO"},"content":{"rendered":"<p align=\"left\">\n<p align=\"center\"><img loading=\"lazy\" decoding=\"async\" class=\"aligncenter size-full wp-image-6243\" title=\"Jos\u00e9 Miguel Iribas 350 stepienybarno\" src=\"https:\/\/stepienybarno.es\/blog\/wp-content\/uploads\/2012\/09\/Jos\u00e9-Miguel-Iribas-350-stepienybarno-.jpg\" alt=\"Jos\u00e9 Miguel Iribas 350 stepienybarno\" width=\"350\" height=\"239\" srcset=\"https:\/\/stepienybarno.es\/blog\/wp-content\/uploads\/2012\/09\/Jos\u00e9-Miguel-Iribas-350-stepienybarno-.jpg 350w, https:\/\/stepienybarno.es\/blog\/wp-content\/uploads\/2012\/09\/Jos\u00e9-Miguel-Iribas-350-stepienybarno--180x123.jpg 180w, https:\/\/stepienybarno.es\/blog\/wp-content\/uploads\/2012\/09\/Jos\u00e9-Miguel-Iribas-350-stepienybarno--316x216.jpg 316w\" sizes=\"(max-width: 350px) 100vw, 350px\" \/><\/p>\n<p align=\"center\">\n<p align=\"left\">Interesante reflexi\u00f3n del soci\u00f3logo navarro especializado en urbanismo y turismo, Jos\u00e9 Miguel Iribas, dentro del Campus Ultzama del que hoy mismo os hablaremos un poco m\u00e1s.<\/p>\n<p align=\"left\"><!--more--><\/p>\n<p align=\"left\">\n<p style=\"text-align: center;\"><img loading=\"lazy\" decoding=\"async\" class=\"aligncenter size-medium wp-image-6244\" title=\"Jos\u00e9 Miguel Iribas 500 stepienybarno\" src=\"https:\/\/stepienybarno.es\/blog\/wp-content\/uploads\/2012\/09\/Jos\u00e9-Miguel-Iribas-500-stepienybarno--349x350.jpg\" alt=\"Jos\u00e9 Miguel Iribas 500 stepienybarno\" width=\"349\" height=\"350\" \/><\/p>\n<p align=\"center\">Acceder a la informaci\u00f3n, <a href=\"http:\/\/www.youtube.com\/watch?v=IHMsXPRBQOc&amp;list=HL1347874766&amp;feature=mh_lolz\">aqu\u00ed.<\/a><\/p>\n<p align=\"left\">\n<p align=\"left\">\n<p align=\"left\">Noticia seleccionada por el Canal de arquitectura STEPIENYBARNO.<\/p>\n<p align=\"left\"><a href=\"http:\/\/www.linkedin.com\/company\/stepienybarno\">STEPIENYBARNO EN LINKEDIN<\/a><\/p>\n<p align=\"left\"><a href=\"http:\/\/twitter.com\/stepienybarno\/stepienybarno\">STEPIENYBARNO EN TWITTER<\/a><\/p>\n<p align=\"left\"><a href=\"https:\/\/www.facebook.com\/pages\/BLOG-DE-STEPIENYBARNO\/78001079029\">STEPIENYBARNO EN FACEBOOK<\/a><\/p>\n<p align=\"left\">\n<p align=\"left\">*Stepienybarno est\u00e1 formado por Agnieszka Stepien y Lorenzo Barn\u00f3 y desde mayo del 2009 estamos en la red con\u00a0 la presente publicaci\u00f3n digital (Blog) de arquitectura.<\/p>\n<p align=\"left\">Nuestra actividad se sustenta en tres pilares b\u00e1sicos: la investigaci\u00f3n, la publicaci\u00f3n (comunicaci\u00f3n y difusi\u00f3n) y la redacci\u00f3n de proyectos de arquitectura.<\/p>\n<p align=\"left\">A su vez, somos socios cofundadores de <a href=\"http:\/\/sinergiasostenible.org\/\">SINERGIA SOSTENIBLE<\/a> y redactores de <a href=\"http:\/\/www.laciudadviva.org\/blogs\/?author=45\">LA CIUDAD VIVA<\/a>.<\/p>\n<p align=\"left\">\n<p align=\"left\">* Los editores de esta publicaci\u00f3n digital no nos hacemos cargo de de los comentarios y\u00a0 conceptos vertidos en los textos firmados por otras personas, siendo \u00e9stos de responsabilidad exclusiva de sus autores.<\/p>\n<p>* Tu comentario podr\u00e1 ser moderado, por lo tanto, aunque aparezca inmediatamente al ser publicado en la entrada, los editores de esta publicaci\u00f3n digital nos reservamos el derecho tanto de editarlo (si fuera necesario, para hacerlo m\u00e1s legible) como de eliminarlo en el caso de que se usen expresiones incorrectas (descalificaciones, palabras malsonantes\u2026). A su vez, si quieres comentar desde el anonimato puedes hacerlo, aunque, nosotros personalmente, agradecemos que tod@s nos podamos identificar.<\/p>\n","protected":false},"excerpt":{"rendered":"<p>Interesante reflexi\u00f3n del soci\u00f3logo navarro especializado en urbanismo y turismo,<\/p>\n","protected":false},"author":2,"featured_media":0,"comment_status":"open","ping_status":"closed","sticky":false,"template":"","format":"standard","meta":{"om_disable_all_campaigns":false,"_monsterinsights_skip_tracking":false,"_monsterinsights_sitenote_active":false,"_monsterinsights_sitenote_note":"","_monsterinsights_sitenote_category":0,"_uf_show_specific_survey":0,"_uf_disable_surveys":false,"episode_type":"","audio_file":"","cover_image":"","cover_image_id":"","duration":"","filesize":"","date_recorded":"","explicit":"","block":"","filesize_raw":"","footnotes":""},"categories":[34,244,17],"tags":[4274,1940,1939,779,54],"series":[],"class_list":["post-6242","post","type-post","status-publish","format-standard","hentry","category-actualidad","category-canal-de-arquitectura","category-urbanismo","tag-actualidad","tag-campus-ultzama","tag-espacio-colectivo","tag-jose-miguel-iribas","tag-urbanismo-sostenible"],"aioseo_notices":[],"episode_featured_image":false,"episode_player_image":"https:\/\/stepienybarno.es\/blog\/wp-content\/uploads\/2020\/11\/stepienybarno-podcast-scaled.jpg","download_link":"","player_link":"","audio_player":false,"episode_data":{"playerMode":"dark","subscribeUrls":[],"rssFeedUrl":"https:\/\/stepienybarno.es\/blog\/feed\/podcast\/podcast-de-stepienybarno","embedCode":"<blockquote class=\"wp-embedded-content\" data-secret=\"fQtleWuspi\"><a href=\"https:\/\/stepienybarno.es\/blog\/2012\/09\/17\/jose-miguel-iribas-y-el-espacio-colectivo\/\">JOS\u00c9 MIGUEL IRIBAS Y EL ESPACIO COLECTIVO<\/a><\/blockquote><iframe sandbox=\"allow-scripts\" security=\"restricted\" src=\"https:\/\/stepienybarno.es\/blog\/2012\/09\/17\/jose-miguel-iribas-y-el-espacio-colectivo\/embed\/#?secret=fQtleWuspi\" width=\"500\" height=\"350\" title=\"\u00abJOS\u00c9 MIGUEL IRIBAS Y EL ESPACIO COLECTIVO\u00bb \u2014 Blog de STEPIEN Y BARNO - publicaci\u00f3n digital sobre arquitectura\" data-secret=\"fQtleWuspi\" frameborder=\"0\" marginwidth=\"0\" marginheight=\"0\" scrolling=\"no\" class=\"wp-embedded-content\"><\/iframe><script type=\"text\/javascript\">\n\/* <![CDATA[ *\/\n\/*! This file is auto-generated *\/\n!function(d,l){\"use strict\";l.querySelector&&d.addEventListener&&\"undefined\"!=typeof URL&&(d.wp=d.wp||{},d.wp.receiveEmbedMessage||(d.wp.receiveEmbedMessage=function(e){var t=e.data;if((t||t.secret||t.message||t.value)&&!\/[^a-zA-Z0-9]\/.test(t.secret)){for(var s,r,n,a=l.querySelectorAll('iframe[data-secret=\"'+t.secret+'\"]'),o=l.querySelectorAll('blockquote[data-secret=\"'+t.secret+'\"]'),c=new RegExp(\"^https?:$\",\"i\"),i=0;i<o.length;i++)o[i].style.display=\"none\";for(i=0;i<a.length;i++)s=a[i],e.source===s.contentWindow&&(s.removeAttribute(\"style\"),\"height\"===t.message?(1e3<(r=parseInt(t.value,10))?r=1e3:~~r<200&&(r=200),s.height=r):\"link\"===t.message&&(r=new URL(s.getAttribute(\"src\")),n=new URL(t.value),c.test(n.protocol))&&n.host===r.host&&l.activeElement===s&&(d.top.location.href=t.value))}},d.addEventListener(\"message\",d.wp.receiveEmbedMessage,!1),l.addEventListener(\"DOMContentLoaded\",function(){for(var e,t,s=l.querySelectorAll(\"iframe.wp-embedded-content\"),r=0;r<s.length;r++)(t=(e=s[r]).getAttribute(\"data-secret\"))||(t=Math.random().toString(36).substring(2,12),e.src+=\"#?secret=\"+t,e.setAttribute(\"data-secret\",t)),e.contentWindow.postMessage({message:\"ready\",secret:t},\"*\")},!1)))}(window,document);\n\/* ]]> *\/\n<\/script>\n"},"_links":{"self":[{"href":"https:\/\/stepienybarno.es\/blog\/wp-json\/wp\/v2\/posts\/6242"}],"collection":[{"href":"https:\/\/stepienybarno.es\/blog\/wp-json\/wp\/v2\/posts"}],"about":[{"href":"https:\/\/stepienybarno.es\/blog\/wp-json\/wp\/v2\/types\/post"}],"author":[{"embeddable":true,"href":"https:\/\/stepienybarno.es\/blog\/wp-json\/wp\/v2\/users\/2"}],"replies":[{"embeddable":true,"href":"https:\/\/stepienybarno.es\/blog\/wp-json\/wp\/v2\/comments?post=6242"}],"version-history":[{"count":2,"href":"https:\/\/stepienybarno.es\/blog\/wp-json\/wp\/v2\/posts\/6242\/revisions"}],"predecessor-version":[{"id":6246,"href":"https:\/\/stepienybarno.es\/blog\/wp-json\/wp\/v2\/posts\/6242\/revisions\/6246"}],"wp:attachment":[{"href":"https:\/\/stepienybarno.es\/blog\/wp-json\/wp\/v2\/media?parent=6242"}],"wp:term":[{"taxonomy":"category","embeddable":true,"href":"https:\/\/stepienybarno.es\/blog\/wp-json\/wp\/v2\/categories?post=6242"},{"taxonomy":"post_tag","embeddable":true,"href":"https:\/\/stepienybarno.es\/blog\/wp-json\/wp\/v2\/tags?post=6242"},{"taxonomy":"series","embeddable":true,"href":"https:\/\/stepienybarno.es\/blog\/wp-json\/wp\/v2\/series?post=6242"}],"curies":[{"name":"wp","href":"https:\/\/api.w.org\/{rel}","templated":true}]}}