{"id":6247,"date":"2012-09-17T13:23:59","date_gmt":"2012-09-17T11:23:59","guid":{"rendered":"https:\/\/www.stepienybarno.es\/blog\/?p=6247"},"modified":"2012-09-17T15:20:38","modified_gmt":"2012-09-17T13:20:38","slug":"la-belleza-reto-y-servicio","status":"publish","type":"post","link":"https:\/\/stepienybarno.es\/blog\/2012\/09\/17\/la-belleza-reto-y-servicio\/","title":{"rendered":"LA BELLEZA: RETO Y SERVICIO."},"content":{"rendered":"<p align=\"center\">\n<p align=\"center\"><img loading=\"lazy\" decoding=\"async\" class=\"aligncenter size-full wp-image-6248\" title=\"0. canon belleza grecia leonardo le corbusier modulor stepienybarno  350\" src=\"https:\/\/stepienybarno.es\/blog\/wp-content\/uploads\/2012\/09\/0.-canon-belleza-grecia-leonardo-le-corbusier-modulor-stepienybarno-350.jpg\" alt=\"0. canon belleza grecia leonardo le corbusier modulor stepienybarno  350\" width=\"350\" height=\"171\" srcset=\"https:\/\/stepienybarno.es\/blog\/wp-content\/uploads\/2012\/09\/0.-canon-belleza-grecia-leonardo-le-corbusier-modulor-stepienybarno-350.jpg 350w, https:\/\/stepienybarno.es\/blog\/wp-content\/uploads\/2012\/09\/0.-canon-belleza-grecia-leonardo-le-corbusier-modulor-stepienybarno-350-180x88.jpg 180w, https:\/\/stepienybarno.es\/blog\/wp-content\/uploads\/2012\/09\/0.-canon-belleza-grecia-leonardo-le-corbusier-modulor-stepienybarno-350-316x154.jpg 316w\" sizes=\"(max-width: 350px) 100vw, 350px\" \/><\/p>\n<p>Hace unos d\u00edas se celebraba una nueva edici\u00f3n del <em><a href=\"http:\/\/www.arquitecturaysociedad.com\/seminarios-talleres\/campus-ultzama-internacional-2012-belleza-reto-servicio\">Campus Ultzama,<\/a><\/em> organizado por <em>La Fundaci\u00f3n Arquitectura y Sociedad <\/em>y dirigido por el arquitecto <em>Jos\u00e9 Manuel Pozo<\/em>.<\/p>\n<p><em>Stepienybarno<\/em> tuvo la suerte de ser invitado para vivir de cerca el transcurso del mismo. As\u00ed que, si quer\u00e9is saber c\u00f3mo lo vimos, no ten\u00e9is m\u00e1s que seguir leyendo.<\/p>\n<p><!--more--><\/p>\n<p>El evento dur\u00f3 tres d\u00edas y en \u00e9l se combinaban sesiones cerradas en la propia <em>Ultzama<\/em> y otras en abierto en el Museo de la <em>Fundaci\u00f3n Oteiza<\/em>. Por lo tanto, como pod\u00e9is imaginar, fueron muchas horas de exposici\u00f3n y de debate y no es nuestra intenci\u00f3n hacer una cr\u00f3nica detallada de todo ello. Con estas l\u00edneas, pretendemos, m\u00e1s bien, rescatar algunas de las ideas o impresiones que m\u00e1s nos llamaron la atenci\u00f3n.<\/p>\n<p>Para empezar, seguro que m\u00e1s de uno se extra\u00f1ara por el propio t\u00edtulo de las jornadas y la verdad es que nosotros tampoco lo ve\u00edamos nada claro. Tres d\u00edas hablando de la belleza, en un principio, parec\u00eda excesivo. Por un lado, es cierto que hay muchos otros temas sobre los que pod\u00edan haber versado las jornadas, sin duda alguna, pero este, a pesar de no parecer muy actual, termin\u00f3 dando bastante juego.<\/p>\n<p>Y \u00bfpor qu\u00e9 dio juego? Pues, precisamente, porque se convirti\u00f3 en la excusa perfecta para <strong>hablar de arquitectura desde muy diferentes puntos de vista.<\/strong> S\u00ed, ya\u2026 alguno seguir\u00e1 pensando \u201c<em>pero hay temas mucho m\u00e1s importantes sobre los que pensar y hablar<\/em>\u201d. S\u00ed pero no, <a href=\"http:\/\/arquitextonica.net\/\">que dir\u00eda un amigo nuestro<\/a>. <strong>S\u00ed<\/strong>, y ojal\u00e1 haya m\u00e1s foros, como este, donde se pueda hablar del estado de la profesi\u00f3n o de c\u00f3mo est\u00e1n nuestras escuelas de arquitectura, por poner un ejemplo. Y <strong>no<\/strong>, porque, al final, la arquitectura se tiene que seguir realizando y cuanto mejor sea \u00e9sta, evidentemente, la sociedad a la que servimos nos lo agradecer\u00e1.<\/p>\n<p align=\"center\"><img loading=\"lazy\" decoding=\"async\" class=\"aligncenter size-medium wp-image-6249\" title=\"1. IMG_8955 general _ Ultzama campus _ stepienybarno _ sociedad y arquitectura_   500\" src=\"https:\/\/stepienybarno.es\/blog\/wp-content\/uploads\/2012\/09\/1.-IMG_8955-general-_-Ultzama-campus-_-stepienybarno-_-sociedad-y-arquitectura_-500--350x203.jpg\" alt=\"1. IMG_8955 general _ Ultzama campus _ stepienybarno _ sociedad y arquitectura_   500\" width=\"350\" height=\"203\" \/><\/p>\n<p>Pero bueno, al grano, que nos despistamos; los lugares elegidos para las jornadas eran dos edificios estupendos que, sin duda, ayudaban a que llegara la inspiraci\u00f3n. A su vez, el d\u00eda se divid\u00eda en dos partes, por las ma\u00f1anas se comenzaba con un breve pero acertado resumen del d\u00eda anterior por el periodista <em>Ll\u00e1tzer Moix<\/em> al que segu\u00edan exposiciones y debates, que, como decimos, eran a puerta cerrada. Por las tardes, nuevamente, exposici\u00f3n de los ponentes y debate abierto al p\u00fablico, moderado, igualmente, por <em> Moix.<\/em><\/p>\n<p>Destacar la interesante mezcla de gente muy joven, que est\u00e1 dando sus primeros pasos en este mundillo, con la de otros arquitectos con m\u00e1s experiencia. Cierto es que, la gran mayor\u00eda de los participantes eran arquitectos pero tambi\u00e9n hab\u00eda alg\u00fan \u201c<em>infiltrado<\/em>\u201d, como <em>Jos\u00e9 Miguel Iribas<\/em>, que puso el necesario contrapunto al discurso arquitect\u00f3nico. De hecho, quiz\u00e1s fue eso lo que m\u00e1s echamos de menos; por un lado que en las sesiones m\u00e1s privadas hubiera m\u00e1s voces divergentes o que llegasen desde la antropolog\u00eda o el arte y, por otro lado, que en las sesiones abiertas se hubiera dejado m\u00e1s tiempo para poder entablar un verdadero di\u00e1logo con el p\u00fablico asistente. Es decir, <strong>buscar la forma de estar todav\u00eda m\u00e1s cerca de la sociedad<\/strong>. En este punto nos parece importante el llamamiento de <em>Jos\u00e9 Manuel Pozo<\/em> a \u201cser m\u00e1s cr\u00edticos con nosotros mismos, para poder dar ejemplo, y, desde ah\u00ed, desde la sinceridad, intentar resultar m\u00e1s cre\u00edbles\u201d; a lo que <em>Juan Miguel Ochotorena <\/em>apunt\u00f3 que \u201clos arquitectos tendr\u00edamos que confiar m\u00e1s en la propia sociedad a la que servimos\u201d.<\/p>\n<p align=\"center\"><img loading=\"lazy\" decoding=\"async\" class=\"aligncenter size-medium wp-image-6250\" title=\"2. IMG_8924 Gonzalo Byrne + Jos\u00e9 Manuel Pozo 2  _ Ultzama campus _ stepienybarno _ sociedad y arquitectura_  500\" src=\"https:\/\/stepienybarno.es\/blog\/wp-content\/uploads\/2012\/09\/2.-IMG_8924-Gonzalo-Byrne-+-Jos\u00e9-Manuel-Pozo-2-_-Ultzama-campus-_-stepienybarno-_-sociedad-y-arquitectura_-500--350x233.jpg\" alt=\"2. IMG_8924 Gonzalo Byrne + Jos\u00e9 Manuel Pozo 2  _ Ultzama campus _ stepienybarno _ sociedad y arquitectura_  500\" width=\"350\" height=\"233\" \/><\/p>\n<p align=\"center\"><span style=\"color: #888888;\">Gonzalo Byrne<em> + <\/em>Jos\u00e9 Manuel Pozo<\/span><\/p>\n<p>Por otro lado, y para ser justos, hay que reconocer que fueron varios los ponentes que se salieron de la propia disciplina para intentar acotar el t\u00e9rmino; sin ir m\u00e1s lejos, <em>Arturo Franco<\/em>, que realiz\u00f3 una ponencia impecable en la que apel\u00f3 a la descarga del peso de la raz\u00f3n. Tambi\u00e9n, coment\u00f3 que en contraposici\u00f3n al exceso de imagen y moda que nos venden desde mil sitios, \u201c<strong>nada hab\u00eda m\u00e1s bello que una mujer cuando acababa de dar a luz<\/strong>\u201d. Igualmente, habl\u00f3 de la \u201cbelleza potencial\u201d trayendo el ejemplo de \u201clo bello que puede ser un revolver antes de haber realizado un disparo\u201d y c\u00f3mo en el mismo momento en que ejecuta su acci\u00f3n deja de poseer cualquier rasgo de belleza.<\/p>\n<p>Tambi\u00e9n, <em>Ignacio Dahl Rocha<\/em>, afirm\u00f3 que, quiz\u00e1s, <strong>la belleza se encuentre en un estado intermedio entre lo banal y la ret\u00f3rica (lo formal).<\/strong> Es decir que si no arriesgamos lo suficiente, podemos quedarnos en una arquitectura de muy poco inter\u00e9s; pero avis\u00f3 que, la l\u00ednea que separa este estado de los fuegos de artificio es muy delgada y, en muchas ocasiones, se llega al espect\u00e1culo por el riesgo asumido, perdi\u00e9ndose igualmente la idea de belleza. Sobre esto mismo hablaba <em>Franco<\/em> cuando apelaba a \u201ccierto grado de insensatez en la arquitectura\u201d; para, desde ese riesgo, poder llegar a propuestas con m\u00e1s inter\u00e9s.<\/p>\n<p align=\"center\"><img loading=\"lazy\" decoding=\"async\" class=\"aligncenter size-medium wp-image-6251\" title=\"3. IMG_9059 Ignacio Dahl Rocha  _ Ultzama campus _ stepienybarno _ sociedad y arquitectura_ 500\" src=\"https:\/\/stepienybarno.es\/blog\/wp-content\/uploads\/2012\/09\/3.-IMG_9059-Ignacio-Dahl-Rocha-_-Ultzama-campus-_-stepienybarno-_-sociedad-y-arquitectura_-500--350x275.jpg\" alt=\"3. IMG_9059 Ignacio Dahl Rocha  _ Ultzama campus _ stepienybarno _ sociedad y arquitectura_ 500\" width=\"350\" height=\"275\" \/><\/p>\n<p align=\"center\"><span style=\"color: #888888;\">Ignacio Dahl Rocha<\/span><\/p>\n<p align=\"left\">En general, hubo bastante consenso en <strong>encontrar la belleza en la arquitectura tranquila y ajustada<\/strong>. Todos estaban de acuerdo en que, los excesos arquitect\u00f3nicos de los \u00faltimos a\u00f1os se escapaban de lleno del propio concepto de belleza e incluso de la propia arquitectura. Rescatamos, siguiendo esta idea, las palabras de <em>Carlos Quintans<\/em>, \u201cnuestra vieja Europa est\u00e1 construida y construida en exceso. La falta de educaci\u00f3n y de compromiso y sobre todo el negocio nos han dejado un terreno lleno de excesos: de superficies, de disonancias y en menor medida, aunque es lo que m\u00e1s ha transcendido, exceso de egos.\u201d<\/p>\n<p align=\"left\">\n<p align=\"center\"><img loading=\"lazy\" decoding=\"async\" class=\"aligncenter size-medium wp-image-6252\" title=\"4. IMG_9078 Luis Suarez + Juan Ignacio Baixas Figueras +  Asier Santas  _ Ultzama campus _ stepienybarno _ sociedad y arquitectura_  500\" src=\"https:\/\/stepienybarno.es\/blog\/wp-content\/uploads\/2012\/09\/4.-IMG_9078-Luis-Suarez-+-Juan-Ignacio-Baixas-Figueras-+-Asier-Santas-_-Ultzama-campus-_-stepienybarno-_-sociedad-y-arquitectura_-500--350x169.jpg\" alt=\"4. IMG_9078 Luis Suarez + Juan Ignacio Baixas Figueras +  Asier Santas  _ Ultzama campus _ stepienybarno _ sociedad y arquitectura_  500\" width=\"350\" height=\"169\" \/><\/p>\n<p align=\"center\"><span style=\"color: #888888;\">Luis Suarez + <em>Juan Ignacio<\/em> Baixas Figueras + \u00a0Asier Santas<\/span><\/p>\n<p align=\"left\">\n<p><em>Juan Ignacio<\/em> Baixas Figueras<em>, director<\/em> de la <em>Escuela de <\/em><em>Arquitectura<\/em><em> <\/em><em>de la Pontificia Universidad Cat\u00f3lica<\/em> en donde defienden \u201c<strong>una \u00e9tica de la creatividad<\/strong>\u201d, apunt\u00f3 que \u201cse ha perdido la idea de la que obra es m\u00e1s importante que el arquitecto\u201d y se da muchas veces prioridad a las imagenes de la obra o, lo que es peor, a las propias fotos del arquitecto antes que a la misma arquitectura. M\u00e1s adelante, <em>Franco<\/em> coment\u00f3 que los proyectos no son nuestros hijos, sino que \u201c<strong>nosotros somos los hijos y los proyectos son los padres<\/strong>\u201d, pues, desde la humildad, \u201csiempre tenemos que aprender de ellos\u201d.<\/p>\n<p align=\"center\"><img loading=\"lazy\" decoding=\"async\" class=\"aligncenter size-medium wp-image-6253\" title=\"5. IMG_8983 rec Juan Ignacio Baixas Figueras + Patxi Mangado _ Ultzama campus _ stepienybarno _ sociedad y arquitectura_   500\" src=\"https:\/\/stepienybarno.es\/blog\/wp-content\/uploads\/2012\/09\/5.-IMG_8983-rec-Juan-Ignacio-Baixas-Figueras-+-Patxi-Mangado-_-Ultzama-campus-_-stepienybarno-_-sociedad-y-arquitectura_-500--350x212.jpg\" alt=\"5. IMG_8983 rec Juan Ignacio Baixas Figueras + Patxi Mangado _ Ultzama campus _ stepienybarno _ sociedad y arquitectura_   500\" width=\"350\" height=\"212\" \/><\/p>\n<p align=\"center\"><em><span style=\"color: #888888;\">Patxi Mangado +\u00a0<em>Juan Ignacio<\/em><span style=\"text-align: -webkit-center;\"> Baixas Figueras <\/span><\/span><\/em><\/p>\n<p align=\"left\">\n<p>No faltaron ejemplos, por parte de los ponentes, de <strong>arquitectura austera, ordenada y comedida, integrada en el medio y que con muy poco era capaz de hacer mucho. <\/strong>En palabras de m\u00e1s de un ponente: \u201ces importante que la mano del arquitecto se ve\u00eda muy poquito\u201d. \u00a0Aun as\u00ed, echamos en falta un mayor esfuerzo en explicar c\u00f3mo se pasa de esas ideas iniciales a la obra ya construida.<\/p>\n<p>A su vez, se destac\u00f3 la importancia de \u201clas atm\u00f3sferas\u201d y de realizar, en palabras de <em>Patxi Mangado,<\/em> \u201cuna arquitectura que sea confortable\u201d. El mismo arquitecto y, a su vez, patrono de la <em>Fundaci\u00f3n Arquitectura y Sociedad<\/em>, tambi\u00e9n apunt\u00f3 que quiz\u00e1s era <strong>m\u00e1s f\u00e1cil se\u00f1alar d\u00f3nde no estaba la belleza en la arquitectura que lo que era verdaderamente la belleza. <\/strong>En cualquier caso, en su opini\u00f3n, la clave estaba en<strong> \u201cdar m\u00e1s que lo que nos exige la sociedad\u201d<\/strong><\/p>\n<p>Ponencias como la de <em>Su\u00e1rez \u2013 Santas, Jorge Vidal<\/em> o el propio <em>Quintans<\/em> tambi\u00e9n iban en esta l\u00ednea.<\/p>\n<p align=\"center\"><img loading=\"lazy\" decoding=\"async\" class=\"aligncenter size-medium wp-image-6254\" title=\"6. IMG_8942 Jorge Vidal inv _ Ultzama campus _ stepienybarno _ sociedad y arquitectura_  500\" src=\"https:\/\/stepienybarno.es\/blog\/wp-content\/uploads\/2012\/09\/6.-IMG_8942-Jorge-Vidal-inv-_-Ultzama-campus-_-stepienybarno-_-sociedad-y-arquitectura_-500--350x258.jpg\" alt=\"6. IMG_8942 Jorge Vidal inv _ Ultzama campus _ stepienybarno _ sociedad y arquitectura_  500\" width=\"350\" height=\"258\" \/><\/p>\n<p align=\"center\"><em><span style=\"color: #888888;\">Jorge Vidal<\/span><\/em><\/p>\n<p>Otra de las ideas que desde un principio sobre sobrevolaba el ambiente era si la belleza se puede, o se debe, buscar desde un planteamiento arquitect\u00f3nico a priori. En este sentido <em>Carlos Rubio<\/em>, trajo a primer plano a <em>Picasso<\/em> con su m\u00edtica frase, \u201c<strong>la belleza se encuentra cuando no se busca directamente<\/strong>\u201d. Tambi\u00e9n <em>Arturo Franco <\/em>afirm\u00f3: \u201cno me interesa para nada la b\u00fasqueda de la belleza\u201d. Como pod\u00e9is suponer lo importante de esta rotunda afirmaci\u00f3n es la palabra \u201cb\u00fasqueda\u201d.<\/p>\n<p>Otra de las intervenciones que nos gust\u00f3 mucho fue la de la joven arquitecta palestina <em>Ranad Shqeirat <\/em>quien destaco <strong>la importancia de la cuarta dimensi\u00f3n: el tiempo<\/strong>. Tambi\u00e9n, avis\u00f3 de lo dif\u00edcil que eran las pol\u00edticas de rehabilitaci\u00f3n y que encontrar el t\u00e9rmino medio entre intervenciones conservacionistas y otras que tengan una mirada m\u00e1s actual no era nada f\u00e1cil.<\/p>\n<p>Nos habl\u00f3 de sentido <strong>de pertenencia, de identidad, de memoria, de ni\u00f1os\u2026 en fin de una ciudad \u201cinvisible\u201d,<\/strong> pero que en su valor y en su recuperaci\u00f3n hay una gran belleza dando el protagonismo al usuario en vez de a la propia arquitectura.<\/p>\n<p>De hecho, este es otro de los puntos que echamos de menos en las jornadas, m\u00e1s referencias a la escala de ciudad.<\/p>\n<p>Por ello, es de agradecer que el discurso de <em>Jos\u00e9 Miguel Iribas<\/em> estuviera enmarcado en la escala territorial.<\/p>\n<p>Dada la espantosa definici\u00f3n que hace la <em>RAE<\/em> del t\u00e9rmino de la ciudad, Iribas intent\u00f3 mejorarla apoy\u00e1ndose en una visi\u00f3n mucho m\u00e1s inmaterial que material de la misma. <strong>No se cans\u00f3 de hablar de espacio p\u00fablico y de factores como el intercambio, la diversidad o la complejidad que ayudan a que, realmente, haya \u00a0una mayor cohesi\u00f3n social y convivencia entre los ciudadanos.<\/strong><\/p>\n<p>A este respecto, desde nuestra experiencia con la asociaci\u00f3n <em>Sinergia Sostenible<\/em> realizando talleres infantiles en el espacio p\u00fablico, creemos que, son los m\u00e1s peque\u00f1os los m\u00e1s claro tienen d\u00f3nde est\u00e1 la belleza. Les cuesta dos milisegundos localizarla y cuando la ven la disfrutan a tope. Seguramente, como tambi\u00e9n coment\u00f3 el soci\u00f3logo de origen navarro, la clave est\u00e1 en entender la belleza m\u00e1s all\u00e1 de lo meramente visual ya que gracias al resto de los sentidos se puede localizar m\u00e1s f\u00e1cilmente. Y, ciertamente, la arquitectura, muchas veces, ha olvidado su parte m\u00e1s \u201cdionisiaca\u201d en el que el \u00a0\u201cvalor del rumor del agua o el olor de la vegetaci\u00f3n\u201d son sus valores preferidos.<\/p>\n<p align=\"center\"><img loading=\"lazy\" decoding=\"async\" class=\"aligncenter size-medium wp-image-6255\" title=\"7. IMG_9029 Jos\u00e9 Miguel Iribas _ Ultzama campus _ stepienybarno _ sociedad y arquitectura_  500\" src=\"https:\/\/stepienybarno.es\/blog\/wp-content\/uploads\/2012\/09\/7.-IMG_9029-Jos\u00e9-Miguel-Iribas-_-Ultzama-campus-_-stepienybarno-_-sociedad-y-arquitectura_-500--350x238.jpg\" alt=\"7. IMG_9029 Jos\u00e9 Miguel Iribas _ Ultzama campus _ stepienybarno _ sociedad y arquitectura_  500\" width=\"350\" height=\"238\" \/><\/p>\n<p align=\"center\"><span style=\"color: #888888;\">Jos\u00e9 Miguel Iribas<\/span><\/p>\n<p align=\"center\"><span style=\"color: #888888;\">Ver v\u00eddeo, <a href=\"http:\/\/www.youtube.com\/watch?v=IHMsXPRBQOc&amp;list=HL1347874766&amp;feature=mh_lolz\">aqu\u00ed.<\/a><\/span><\/p>\n<p>Y no nos gustar\u00eda terminar este post sin comentar algo de las ponencias de <em>Dami\u00e1n Capano<\/em> y <em>Esteban Salcedo<\/em>. Ambos jovenc\u00edsimos arquitectos que prepararon a fondo su intervenci\u00f3n. De <em>Capano<\/em>, aunque es dif\u00edcil rescatar s\u00f3lo una idea, destacamos la importancia que dio a <strong>la relaci\u00f3n entre est\u00e9tica y sostenibilidad<\/strong>. Creemos que este es un tema importante, pues, a veces, asumimos con demasiada facilidad nuevas est\u00e9ticas derivadas de una arquitectura supuestamente bioclim\u00e1tica. La realidad suele ser bien diferente. Ni estos artilugios <em>bio-eco-sostenibles <\/em>suelen resultar tan eficientes como nos quieren hacer creer; ni el paisaje ni la ciudad pueden asumir con tanta facilidad elementos que tienen un lenguaje tan extra\u00f1o.<\/p>\n<p>Con esto no queremos decir nada en contra de la sostenibilidad, nada m\u00e1s lejos de nuestra intenci\u00f3n; simplemente que, nos parece interesante pararnos un momento a meditar sobre el tema y seguir investigando en lo que es, realmente, la sostenibilidad y no lo que nos venden ciertas empresas m\u00e1s interesadas en su propio beneficio que en el del planeta. Tambi\u00e9n, Quintans, en esta l\u00ednea, afirm\u00f3 que, muchas veces la supuesta \u201ceficiencia energ\u00e9tica es un fraude\u201d y que \u201c<strong>las normativas estas hechas a base de muchas mentiras<\/strong>\u201d.<\/p>\n<p align=\"center\"><img loading=\"lazy\" decoding=\"async\" class=\"aligncenter size-medium wp-image-6256\" title=\"8. IMG_8970 Dami\u00e1n Capano rec _ Ultzama campus _ stepienybarno _ sociedad y arquitectura_  500\" src=\"https:\/\/stepienybarno.es\/blog\/wp-content\/uploads\/2012\/09\/8.-IMG_8970-Dami\u00e1n-Capano-rec-_-Ultzama-campus-_-stepienybarno-_-sociedad-y-arquitectura_-500--350x172.jpg\" alt=\"8. IMG_8970 Dami\u00e1n Capano rec _ Ultzama campus _ stepienybarno _ sociedad y arquitectura_  500\" width=\"350\" height=\"172\" \/><\/p>\n<p align=\"center\"><em><span style=\"color: #888888;\">Dami\u00e1n Capano<\/span><\/em><\/p>\n<p><em>Esteban Salcedo<\/em>, arquitecto murciano y colaborador de estudios como <em>Elisa Valero<\/em> o <em>Nouvel,<\/em> comenz\u00f3 su ponencia homenajeando a su madre y sus consejos. Seg\u00fan comentaba, siendo peque\u00f1ito, le dec\u00eda \u201c<strong><em>no inventes<\/em><\/strong>\u201d, y desde este \u201c<em>mantra<\/em>\u201d ha seguido avanzando; intentado ver y entender \u00a0qu\u00e9 es lo que otros hab\u00edan hecho antes y, desde ah\u00ed, partir en sus propuestas.<\/p>\n<p>M\u00e1s adelante y enlazando con esta primera idea realiz\u00f3 un <strong>elogio a la pereza<\/strong>, incidiendo en la importancia que hoy en d\u00eda tiene todo el proceso de postproducci\u00f3n, poniendo en crisis el propio concepto de autor\u00eda.<\/p>\n<p>Finalmente, nos habl\u00f3 de los<em> situacionistas<\/em> y nos ense\u00f1\u00f3 varias im\u00e1genes de lo que denomin\u00f3: \u201c<em>cuT up cItY<\/em>\u201d<\/p>\n<p align=\"center\"><img loading=\"lazy\" decoding=\"async\" class=\"aligncenter size-medium wp-image-6257\" title=\"9. IMG_8978 Esteban Salcedo _ Ultzama campus _ stepienybarno _ sociedad y arquitectura_  500\" src=\"https:\/\/stepienybarno.es\/blog\/wp-content\/uploads\/2012\/09\/9.-IMG_8978-Esteban-Salcedo-_-Ultzama-campus-_-stepienybarno-_-sociedad-y-arquitectura_-500--350x227.jpg\" alt=\"9. IMG_8978 Esteban Salcedo _ Ultzama campus _ stepienybarno _ sociedad y arquitectura_  500\" width=\"350\" height=\"227\" \/><\/p>\n<p style=\"text-align: center;\" align=\"center\"><em><span style=\"color: #999999;\"><a href=\"http:\/\/www.nkarquitectura.com\/es\/\">Esteban Salcedo <\/a><\/span><\/em><\/p>\n<p>La propia idea de belleza, seguramente, por mucho que se intente definir, <strong>es un concepto totalmente inatrapable<\/strong>. Adem\u00e1s, puede que dependa de muchas\u00a0 <strong>subjetividades<\/strong> \u2013comentaba <em>Gonzalo Byrne <\/em>que <em>Alvaro Siza,<\/em> hasta que \u201cno ve\u00eda el proyecto lo suficientemente feo no paraba\u201d- y de la <strong>\u00e9poca<\/strong> en la que nos encontramos, como dec\u00eda <em>Carlos Rubio<\/em>, \u201cla belleza es algo c\u00edclico\u201d. Con lo cual, habr\u00eda muchos tipos de belleza, incluso de fealdades realmente bellas, pero todas ellas, sin lugar a dudas, igualmente escurridizas. De hecho, <em>Mariano Gonz\u00e1lez <\/em>puso encima del tablero la pregunta de que si la buena arquitectura tiene (o no) que coincidir necesariamente con la belleza.<\/p>\n<p align=\"center\"><img loading=\"lazy\" decoding=\"async\" class=\"aligncenter size-medium wp-image-6258\" title=\"10 IMG_8945 Gonzalo Byrne _ Ultzama campus _ stepienybarno _ sociedad y arquitectura_  500\" src=\"https:\/\/stepienybarno.es\/blog\/wp-content\/uploads\/2012\/09\/10-IMG_8945-Gonzalo-Byrne-_-Ultzama-campus-_-stepienybarno-_-sociedad-y-arquitectura_-500--350x219.jpg\" alt=\"10 IMG_8945 Gonzalo Byrne _ Ultzama campus _ stepienybarno _ sociedad y arquitectura_  500\" width=\"350\" height=\"219\" \/><\/p>\n<p align=\"center\"><em><span style=\"color: #888888;\">Gonzalo Byrne<\/span><\/em><\/p>\n<p>Y ya para terminar este art\u00edculo, y por poner alg\u00fan \u201c<em>pero<\/em>\u201d, personalmente, nos hubiera gustado cierta reflexi\u00f3n sobre <strong>el origen de la belleza.<\/strong> Creemos, muchas veces, rebobinando en el tiempo se pueden encontrar muchas claves para usarlas en el momento presente. Seguramente, no es algo f\u00e1cil y, a lo mejor, tendr\u00eda que ir ligado de <strong>la aparici\u00f3n del propio concepto de arte<\/strong> m\u00e1s de 30.000 a\u00f1os atr\u00e1s. Pero este es un tema apasionante y nos podemos liar mucho con \u00e9l. Mejor os contamos m\u00e1s sobre ello desde nuestro pr\u00f3ximo post para La ciudad Viva.<\/p>\n<p>Tambi\u00e9n nos gustar\u00eda destacar el buen ambiente reinante entre los participantes, y, como suele ser habitual en estos casos, la importancia que tiene la vidilla de los \u201cpasillos\u201d. Para nosotros, fue todo un lujo compartir estos d\u00edas con gente de tanto nivel y de la que pudimos aprender tanto.<\/p>\n<p>Mil gracias, nuevamente, a la organizaci\u00f3n por habernos invitado y quedamos con ganas de las nuevas ediciones del Campus.<\/p>\n<blockquote>\n<p align=\"center\"><img loading=\"lazy\" decoding=\"async\" class=\"aligncenter size-medium wp-image-6259\" title=\"11. IMG_8887 gen lat _ Ultzama campus _ stepienybarno _ sociedad y arquitectura_   500\" src=\"https:\/\/stepienybarno.es\/blog\/wp-content\/uploads\/2012\/09\/11.-IMG_8887-gen-lat-_-Ultzama-campus-_-stepienybarno-_-sociedad-y-arquitectura_-500--350x208.jpg\" alt=\"11. IMG_8887 gen lat _ Ultzama campus _ stepienybarno _ sociedad y arquitectura_   500\" width=\"350\" height=\"208\" \/><\/p>\n<p style=\"text-align: center;\" align=\"center\"><span style=\"color: #333333;\">Organizaci\u00f3n:<em> Fundaci\u00f3n Arquitectura y Sociedad<\/em><\/span><\/p>\n<p style=\"text-align: center;\" align=\"center\"><span style=\"color: #333333;\">Direcci\u00f3n: <em>Jos\u00e9 Manuel Pozo<\/em><\/span><\/p>\n<p style=\"text-align: center;\" align=\"center\"><span style=\"color: #333333;\">Patrocinador: <a href=\"http:\/\/www.losan.es\/\"><span style=\"color: #333333;\">Grupo Los\u00e1n<\/span><\/a><\/span><\/p>\n<p>* Este art\u00edculo ha sido escrito con car\u00e1cter divulgativo y sin ning\u00fan tipo de \u00e1nimo de lucro. As\u00ed que, si te apetece <strong>compartirlo<\/strong> en cualquier otro medio, estaremos encantados de que lo hagas siempre y cuando cites el lugar donde lo has encontrado.<\/p>\n<p>Autores de la entrada: <a href=\"http:\/\/www.facebook.com\/col.prudant#!\/StepienybarnoCANAL\">Stepienybarno<\/a><\/p>\n<p><a href=\"http:\/\/www.linkedin.com\/company\/stepienybarno\">STEPIENYBARNO EN LINKEDIN<\/a><\/p>\n<p><a href=\"http:\/\/twitter.com\/stepienybarno\/stepienybarno\">STEPIENYBARNO EN TWITTER<\/a><\/p>\n<p align=\"left\"><a href=\"https:\/\/www.facebook.com\/pages\/BLOG-DE-STEPIENYBARNO\/78001079029\">STEPIENYBARNO EN FACEBOOK<\/a><\/p>\n<p>* Stepienybarno est\u00e1 formado por Agnieszka Stepien y Lorenzo Barn\u00f3 y desde mayo del 2009 estamos en la red con\u00a0 la presente publicaci\u00f3n digital (Blog) de arquitectura.<\/p>\n<p>Nuestra actividad se sustenta en tres pilares b\u00e1sicos: la investigaci\u00f3n, la publicaci\u00f3n y la redacci\u00f3n de proyectos de arquitectura.<\/p>\n<p>A su vez, somos socios cofundadores de <a href=\"http:\/\/sinergiasostenible.org\/\">SINERGIA SOSTENIBLE<\/a> y redactores de <a href=\"http:\/\/www.laciudadviva.org\/blogs\/?author=45\">LA CIUDAD VIVA<\/a>.<\/p>\n<p align=\"left\">* Los editores de esta publicaci\u00f3n digital no nos hacemos cargo de de los comentarios y\u00a0 conceptos vertidos en los textos firmados por otras personas, siendo \u00e9stos de responsabilidad exclusiva de sus autores.<\/p>\n<p>* Tu comentario pudiera ser moderado, por lo tanto, aunque aparezca inmediatamente al ser publicado en la entrada, los editores de esta publicaci\u00f3n digital nos reservamos el derecho tanto de editarlo (si fuera necesario, para hacerlo m\u00e1s legible) como de eliminarlo en el caso de que se usen expresiones incorrectas (descalificaciones, palabras malsonantes\u2026). A su vez, si quieres comentar desde el anonimato puedes hacerlo, aunque, nosotros personalmente, agradecemos que tod@s nos podamos identificar.<\/p><\/blockquote>\n","protected":false},"excerpt":{"rendered":"\n<p>Hace unos d\u00edas se celebraba una nueva edici\u00f3n del Campus Ultzama, organizado por La Fundaci\u00f3n Arquitectura y Sociedad y dirigido por el arquitecto Jos\u00e9 Manuel Pozo.<\/p>\n<p>Stepienybarno tuvo la suerte de ser invitado para vivir de cerca el transcurso del mismo. As\u00ed que, si quer\u00e9is saber c\u00f3mo lo vimos, no ten\u00e9is m\u00e1s que seguir leyendo.<\/p>\n","protected":false},"author":2,"featured_media":0,"comment_status":"open","ping_status":"closed","sticky":false,"template":"","format":"standard","meta":{"om_disable_all_campaigns":false,"_monsterinsights_skip_tracking":false,"_monsterinsights_sitenote_active":false,"_monsterinsights_sitenote_note":"","_monsterinsights_sitenote_category":0,"_uf_show_specific_survey":0,"_uf_disable_surveys":false,"episode_type":"","audio_file":"","cover_image":"","cover_image_id":"","duration":"","filesize":"","date_recorded":"","explicit":"","block":"","filesize_raw":"","footnotes":""},"categories":[34],"tags":[4274,9,1237,413,1940,291,1943,1944,1919,1926,1948,1941,1050,1927,1026,779,1946,1947,776,414,1942,108,1923,1945,1949],"series":[],"class_list":["post-6247","post","type-post","status-publish","format-standard","hentry","category-actualidad","tag-actualidad","tag-arquitectura","tag-arturo-franco","tag-asier-santas","tag-campus-ultzama","tag-carlos-quintans","tag-carlos-rubio","tag-cut-up-city","tag-damian-capano","tag-esteban-salcedo","tag-fundacion-oteiza","tag-gonzalo-byrne","tag-ignacio-dahl-rocha","tag-jorge-vidal","tag-jose-manuel-pozo","tag-jose-miguel-iribas","tag-juan-ignacio-baixas-figueras","tag-juan-miguel-ochotorena","tag-llatzer-moix","tag-luis-suarez","tag-mariano-gonzalez","tag-patxi-mangado","tag-ranad-shqeirat","tag-suarez--santas","tag-ultzama"],"aioseo_notices":[],"episode_featured_image":false,"episode_player_image":"https:\/\/stepienybarno.es\/blog\/wp-content\/uploads\/2020\/11\/stepienybarno-podcast-scaled.jpg","download_link":"","player_link":"","audio_player":false,"episode_data":{"playerMode":"dark","subscribeUrls":[],"rssFeedUrl":"https:\/\/stepienybarno.es\/blog\/feed\/podcast\/podcast-de-stepienybarno","embedCode":"<blockquote class=\"wp-embedded-content\" data-secret=\"xXqBDbGYjX\"><a href=\"https:\/\/stepienybarno.es\/blog\/2012\/09\/17\/la-belleza-reto-y-servicio\/\">LA BELLEZA: RETO Y SERVICIO.<\/a><\/blockquote><iframe sandbox=\"allow-scripts\" security=\"restricted\" src=\"https:\/\/stepienybarno.es\/blog\/2012\/09\/17\/la-belleza-reto-y-servicio\/embed\/#?secret=xXqBDbGYjX\" width=\"500\" height=\"350\" title=\"\u00abLA BELLEZA: RETO Y SERVICIO.\u00bb \u2014 Blog de STEPIEN Y BARNO - publicaci\u00f3n digital sobre arquitectura\" data-secret=\"xXqBDbGYjX\" frameborder=\"0\" marginwidth=\"0\" marginheight=\"0\" scrolling=\"no\" class=\"wp-embedded-content\"><\/iframe><script type=\"text\/javascript\">\n\/* <![CDATA[ *\/\n\/*! This file is auto-generated *\/\n!function(d,l){\"use strict\";l.querySelector&&d.addEventListener&&\"undefined\"!=typeof URL&&(d.wp=d.wp||{},d.wp.receiveEmbedMessage||(d.wp.receiveEmbedMessage=function(e){var t=e.data;if((t||t.secret||t.message||t.value)&&!\/[^a-zA-Z0-9]\/.test(t.secret)){for(var s,r,n,a=l.querySelectorAll('iframe[data-secret=\"'+t.secret+'\"]'),o=l.querySelectorAll('blockquote[data-secret=\"'+t.secret+'\"]'),c=new RegExp(\"^https?:$\",\"i\"),i=0;i<o.length;i++)o[i].style.display=\"none\";for(i=0;i<a.length;i++)s=a[i],e.source===s.contentWindow&&(s.removeAttribute(\"style\"),\"height\"===t.message?(1e3<(r=parseInt(t.value,10))?r=1e3:~~r<200&&(r=200),s.height=r):\"link\"===t.message&&(r=new URL(s.getAttribute(\"src\")),n=new URL(t.value),c.test(n.protocol))&&n.host===r.host&&l.activeElement===s&&(d.top.location.href=t.value))}},d.addEventListener(\"message\",d.wp.receiveEmbedMessage,!1),l.addEventListener(\"DOMContentLoaded\",function(){for(var e,t,s=l.querySelectorAll(\"iframe.wp-embedded-content\"),r=0;r<s.length;r++)(t=(e=s[r]).getAttribute(\"data-secret\"))||(t=Math.random().toString(36).substring(2,12),e.src+=\"#?secret=\"+t,e.setAttribute(\"data-secret\",t)),e.contentWindow.postMessage({message:\"ready\",secret:t},\"*\")},!1)))}(window,document);\n\/* ]]> *\/\n<\/script>\n"},"_links":{"self":[{"href":"https:\/\/stepienybarno.es\/blog\/wp-json\/wp\/v2\/posts\/6247"}],"collection":[{"href":"https:\/\/stepienybarno.es\/blog\/wp-json\/wp\/v2\/posts"}],"about":[{"href":"https:\/\/stepienybarno.es\/blog\/wp-json\/wp\/v2\/types\/post"}],"author":[{"embeddable":true,"href":"https:\/\/stepienybarno.es\/blog\/wp-json\/wp\/v2\/users\/2"}],"replies":[{"embeddable":true,"href":"https:\/\/stepienybarno.es\/blog\/wp-json\/wp\/v2\/comments?post=6247"}],"version-history":[{"count":6,"href":"https:\/\/stepienybarno.es\/blog\/wp-json\/wp\/v2\/posts\/6247\/revisions"}],"predecessor-version":[{"id":6266,"href":"https:\/\/stepienybarno.es\/blog\/wp-json\/wp\/v2\/posts\/6247\/revisions\/6266"}],"wp:attachment":[{"href":"https:\/\/stepienybarno.es\/blog\/wp-json\/wp\/v2\/media?parent=6247"}],"wp:term":[{"taxonomy":"category","embeddable":true,"href":"https:\/\/stepienybarno.es\/blog\/wp-json\/wp\/v2\/categories?post=6247"},{"taxonomy":"post_tag","embeddable":true,"href":"https:\/\/stepienybarno.es\/blog\/wp-json\/wp\/v2\/tags?post=6247"},{"taxonomy":"series","embeddable":true,"href":"https:\/\/stepienybarno.es\/blog\/wp-json\/wp\/v2\/series?post=6247"}],"curies":[{"name":"wp","href":"https:\/\/api.w.org\/{rel}","templated":true}]}}