{"id":6480,"date":"2012-10-15T19:47:48","date_gmt":"2012-10-15T17:47:48","guid":{"rendered":"https:\/\/www.stepienybarno.es\/blog\/?p=6480"},"modified":"2012-10-15T19:47:48","modified_gmt":"2012-10-15T17:47:48","slug":"jornada-la-arquitectura-espanola-en-el-mundo-arabe","status":"publish","type":"post","link":"https:\/\/stepienybarno.es\/blog\/2012\/10\/15\/jornada-la-arquitectura-espanola-en-el-mundo-arabe\/","title":{"rendered":"JORNADA: LA ARQUITECTURA ESPA\u00d1OLA EN EL MUNDO \u00c1RABE"},"content":{"rendered":"<p style=\"text-align: center;\"><img loading=\"lazy\" decoding=\"async\" class=\"aligncenter size-full wp-image-6481\" title=\"arquitectura espa\u00f1ola munco arabe consejo arquitectos _ stepienybarno\" src=\"https:\/\/stepienybarno.es\/blog\/wp-content\/uploads\/2012\/10\/arquitectura-espa\u00f1ola-munco-arabe-consejo-arquitectos-_-stepienybarno-.jpg\" alt=\"arquitectura espa\u00f1ola munco arabe consejo arquitectos _ stepienybarno\" width=\"350\" height=\"201\" srcset=\"https:\/\/stepienybarno.es\/blog\/wp-content\/uploads\/2012\/10\/arquitectura-espa\u00f1ola-munco-arabe-consejo-arquitectos-_-stepienybarno-.jpg 350w, https:\/\/stepienybarno.es\/blog\/wp-content\/uploads\/2012\/10\/arquitectura-espa\u00f1ola-munco-arabe-consejo-arquitectos-_-stepienybarno--180x103.jpg 180w, https:\/\/stepienybarno.es\/blog\/wp-content\/uploads\/2012\/10\/arquitectura-espa\u00f1ola-munco-arabe-consejo-arquitectos-_-stepienybarno--316x181.jpg 316w\" sizes=\"(max-width: 350px) 100vw, 350px\" \/><\/p>\n<p align=\"left\">Jornada que se celebrar\u00e1 el 23 de octubre a las 18.30 en Casa \u00c1rabe sobre \u00abLa Arquitectura espa\u00f1ola en el mundo \u00c1rabe\u00bb.<\/p>\n<p align=\"left\"><!--more--><\/p>\n<p align=\"left\">\nEsta jornada est\u00e1 organizada por el Ministerio de Asuntos Exteriores y el CSCAE para difundir la Marca Espa\u00f1a de Arquitectura en el mundo \u00c1rabe.<br \/>\nParticipan, Fuensanta Nieto, Marck Fenwick, Joaqu\u00edn L\u00f3pez- Goicoechea,Jordi L\u00f3pez Claver\u00eda, Cesar Ru\u00edz Larrea y el director general de Tecniberia que presentar\u00e1n casos de \u00e9xito en estos pa\u00edses.<\/p>\n<p align=\"left\">\n<p align=\"left\">M\u00e1s informaci\u00f3n, <a href=\"http:\/\/www.cscae.com\/index.php?option=com_content&amp;view=article&amp;id=2187:la-arquitectura-espanola-en-el-mundo-arabe-exitos-y-buenas-perspectivas-como-marca-espana&amp;catid=58:internacional&amp;Itemid=102#.UHvuPQTiZkc.twitter\">aqu\u00ed.<\/a><\/p>\n<p align=\"left\">\n<p align=\"left\">\n<p align=\"left\">* Este art\u00edculo ha sido escrito con car\u00e1cter divulgativo y sin ning\u00fan tipo de \u00e1nimo de lucro. As\u00ed que, si te apetece compartirlo en cualquier otro medio, estaremos encantados de que lo hagas siempre y cuando cites el lugar donde lo has encontrado.<\/p>\n<p align=\"left\">\n<p align=\"left\">Autores de la entrada: <a href=\"http:\/\/www.facebook.com\/col.prudant#!\/StepienybarnoCANAL\">Stepienybarno<\/a><\/p>\n<p align=\"left\"><a href=\"http:\/\/www.linkedin.com\/company\/stepienybarno\">STEPIENYBARNO EN LINKEDIN<\/a><\/p>\n<p align=\"left\"><a href=\"http:\/\/twitter.com\/stepienybarno\/stepienybarno\">STEPIENYBARNO EN TWITTER<\/a><\/p>\n<p align=\"left\"><a href=\"https:\/\/www.facebook.com\/pages\/BLOG-DE-STEPIENYBARNO\/78001079029\">STEPIENYBARNO EN FACEBOOK<\/a><\/p>\n<p align=\"left\">\n<p align=\"left\">* Stepienybarno est\u00e1 formado por Agnieszka Stepien y Lorenzo Barn\u00f3 y desde mayo del 2009 estamos en la red con\u00a0 la presente publicaci\u00f3n digital (Blog) de arquitectura.<\/p>\n<p align=\"left\">Nuestra actividad se sustenta en tres pilares b\u00e1sicos: la investigaci\u00f3n, la publicaci\u00f3n y la redacci\u00f3n de proyectos de arquitectura.<\/p>\n<p align=\"left\">A su vez, somos socios cofundadores de <a href=\"http:\/\/sinergiasostenible.org\/\">SINERGIA SOSTENIBLE<\/a> y redactores de <a href=\"http:\/\/www.laciudadviva.org\/blogs\/?author=45\">LA CIUDAD VIVA<\/a>.<\/p>\n<p align=\"left\">* Los editores de esta publicaci\u00f3n digital no nos hacemos cargo de de los comentarios y\u00a0 conceptos vertidos en los textos firmados por otras personas, siendo \u00e9stos de responsabilidad exclusiva de sus autores.<\/p>\n<p align=\"left\">* Tu comentario pudiera ser moderado, por lo tanto, aunque aparezca inmediatamente al ser publicado en la entrada, los editores de esta publicaci\u00f3n digital nos reservamos el derecho tanto de editarlo (si fuera necesario, para hacerlo m\u00e1s legible) como de eliminarlo en el caso de que se usen expresiones incorrectas (descalificaciones, palabras malsonantes\u2026). A su vez, si quieres comentar desde el anonimato puedes hacerlo, aunque, nosotros personalmente, agradecemos que tod@s nos podamos identificar.<\/p>\n","protected":false},"excerpt":{"rendered":"<p>Jornada que se celebrar\u00e1 el 23 de octubre a las 18.30 en Casa \u00c1rabe sobre \u00abLa Arquitectura espa\u00f1ola en el mundo \u00c1rabe\u00bb.<\/p>\n","protected":false},"author":2,"featured_media":0,"comment_status":"open","ping_status":"closed","sticky":false,"template":"","format":"standard","meta":{"om_disable_all_campaigns":false,"_monsterinsights_skip_tracking":false,"_monsterinsights_sitenote_active":false,"_monsterinsights_sitenote_note":"","_monsterinsights_sitenote_category":0,"_uf_show_specific_survey":0,"_uf_disable_surveys":false,"episode_type":"","audio_file":"","cover_image":"","cover_image_id":"","duration":"","filesize":"","date_recorded":"","explicit":"","block":"","filesize_raw":"","footnotes":""},"categories":[34,244],"tags":[4274,9,1985],"series":[],"class_list":["post-6480","post","type-post","status-publish","format-standard","hentry","category-actualidad","category-canal-de-arquitectura","tag-actualidad","tag-arquitectura","tag-cscae"],"aioseo_notices":[],"episode_featured_image":false,"episode_player_image":"https:\/\/stepienybarno.es\/blog\/wp-content\/uploads\/2020\/11\/stepienybarno-podcast-scaled.jpg","download_link":"","player_link":"","audio_player":false,"episode_data":{"playerMode":"dark","subscribeUrls":[],"rssFeedUrl":"https:\/\/stepienybarno.es\/blog\/feed\/podcast\/podcast-de-stepienybarno","embedCode":"<blockquote class=\"wp-embedded-content\" data-secret=\"Qqp92FFc9O\"><a href=\"https:\/\/stepienybarno.es\/blog\/2012\/10\/15\/jornada-la-arquitectura-espanola-en-el-mundo-arabe\/\">JORNADA: LA ARQUITECTURA ESPA\u00d1OLA EN EL MUNDO \u00c1RABE<\/a><\/blockquote><iframe sandbox=\"allow-scripts\" security=\"restricted\" src=\"https:\/\/stepienybarno.es\/blog\/2012\/10\/15\/jornada-la-arquitectura-espanola-en-el-mundo-arabe\/embed\/#?secret=Qqp92FFc9O\" width=\"500\" height=\"350\" title=\"\u00abJORNADA: LA ARQUITECTURA ESPA\u00d1OLA EN EL MUNDO \u00c1RABE\u00bb \u2014 Blog de STEPIEN Y BARNO - publicaci\u00f3n digital sobre arquitectura\" data-secret=\"Qqp92FFc9O\" frameborder=\"0\" marginwidth=\"0\" marginheight=\"0\" scrolling=\"no\" class=\"wp-embedded-content\"><\/iframe><script type=\"text\/javascript\">\n\/* <![CDATA[ *\/\n\/*! This file is auto-generated *\/\n!function(d,l){\"use strict\";l.querySelector&&d.addEventListener&&\"undefined\"!=typeof URL&&(d.wp=d.wp||{},d.wp.receiveEmbedMessage||(d.wp.receiveEmbedMessage=function(e){var t=e.data;if((t||t.secret||t.message||t.value)&&!\/[^a-zA-Z0-9]\/.test(t.secret)){for(var s,r,n,a=l.querySelectorAll('iframe[data-secret=\"'+t.secret+'\"]'),o=l.querySelectorAll('blockquote[data-secret=\"'+t.secret+'\"]'),c=new RegExp(\"^https?:$\",\"i\"),i=0;i<o.length;i++)o[i].style.display=\"none\";for(i=0;i<a.length;i++)s=a[i],e.source===s.contentWindow&&(s.removeAttribute(\"style\"),\"height\"===t.message?(1e3<(r=parseInt(t.value,10))?r=1e3:~~r<200&&(r=200),s.height=r):\"link\"===t.message&&(r=new URL(s.getAttribute(\"src\")),n=new URL(t.value),c.test(n.protocol))&&n.host===r.host&&l.activeElement===s&&(d.top.location.href=t.value))}},d.addEventListener(\"message\",d.wp.receiveEmbedMessage,!1),l.addEventListener(\"DOMContentLoaded\",function(){for(var e,t,s=l.querySelectorAll(\"iframe.wp-embedded-content\"),r=0;r<s.length;r++)(t=(e=s[r]).getAttribute(\"data-secret\"))||(t=Math.random().toString(36).substring(2,12),e.src+=\"#?secret=\"+t,e.setAttribute(\"data-secret\",t)),e.contentWindow.postMessage({message:\"ready\",secret:t},\"*\")},!1)))}(window,document);\n\/* ]]> *\/\n<\/script>\n"},"_links":{"self":[{"href":"https:\/\/stepienybarno.es\/blog\/wp-json\/wp\/v2\/posts\/6480"}],"collection":[{"href":"https:\/\/stepienybarno.es\/blog\/wp-json\/wp\/v2\/posts"}],"about":[{"href":"https:\/\/stepienybarno.es\/blog\/wp-json\/wp\/v2\/types\/post"}],"author":[{"embeddable":true,"href":"https:\/\/stepienybarno.es\/blog\/wp-json\/wp\/v2\/users\/2"}],"replies":[{"embeddable":true,"href":"https:\/\/stepienybarno.es\/blog\/wp-json\/wp\/v2\/comments?post=6480"}],"version-history":[{"count":2,"href":"https:\/\/stepienybarno.es\/blog\/wp-json\/wp\/v2\/posts\/6480\/revisions"}],"predecessor-version":[{"id":6483,"href":"https:\/\/stepienybarno.es\/blog\/wp-json\/wp\/v2\/posts\/6480\/revisions\/6483"}],"wp:attachment":[{"href":"https:\/\/stepienybarno.es\/blog\/wp-json\/wp\/v2\/media?parent=6480"}],"wp:term":[{"taxonomy":"category","embeddable":true,"href":"https:\/\/stepienybarno.es\/blog\/wp-json\/wp\/v2\/categories?post=6480"},{"taxonomy":"post_tag","embeddable":true,"href":"https:\/\/stepienybarno.es\/blog\/wp-json\/wp\/v2\/tags?post=6480"},{"taxonomy":"series","embeddable":true,"href":"https:\/\/stepienybarno.es\/blog\/wp-json\/wp\/v2\/series?post=6480"}],"curies":[{"name":"wp","href":"https:\/\/api.w.org\/{rel}","templated":true}]}}