{"id":6911,"date":"2012-11-21T10:02:00","date_gmt":"2012-11-21T08:02:00","guid":{"rendered":"https:\/\/www.stepienybarno.es\/blog\/?p=6911"},"modified":"2012-12-02T11:09:34","modified_gmt":"2012-12-02T09:09:34","slug":"casa-tp","status":"publish","type":"post","link":"https:\/\/stepienybarno.es\/blog\/2012\/11\/21\/casa-tp\/","title":{"rendered":"CASA TP"},"content":{"rendered":"<p align=\"left\">\n<p style=\"text-align: center;\"><img loading=\"lazy\" decoding=\"async\" class=\"aligncenter size-full wp-image-6912\" title=\"0. portada  casa TP alcolea tarrago arquitectos stepienybarno 350\" src=\"https:\/\/stepienybarno.es\/blog\/wp-content\/uploads\/2012\/11\/0.-portada-casa-TP-alcolea-tarrago-arquitectos-stepienybarno-350-.jpg\" alt=\"0. portada  casa TP alcolea tarrago arquitectos stepienybarno 350\" width=\"350\" height=\"215\" srcset=\"https:\/\/stepienybarno.es\/blog\/wp-content\/uploads\/2012\/11\/0.-portada-casa-TP-alcolea-tarrago-arquitectos-stepienybarno-350-.jpg 350w, https:\/\/stepienybarno.es\/blog\/wp-content\/uploads\/2012\/11\/0.-portada-casa-TP-alcolea-tarrago-arquitectos-stepienybarno-350--180x111.jpg 180w, https:\/\/stepienybarno.es\/blog\/wp-content\/uploads\/2012\/11\/0.-portada-casa-TP-alcolea-tarrago-arquitectos-stepienybarno-350--316x194.jpg 316w\" sizes=\"(max-width: 350px) 100vw, 350px\" \/><\/p>\n<p align=\"left\">Aunque, los que nos segu\u00eds desde hace tiempo, bien sab\u00e9is que no solemos publicar proyectos de arquitectura, vamos a saltarnos la \u201cnorma\u201d y hoy os dejamos con un interesante (incluso en la forma de contarlo) proyecto de la joven pareja de arquitectos Rub\u00e9n Alcolea y Jorge T\u00e1rrago.<\/p>\n<p align=\"left\"><!--more--><\/p>\n<p align=\"left\">Aqu\u00ed van las im\u00e1genes y texto que nos mandan del proyecto:<\/p>\n<p align=\"center\">\n<p align=\"center\"><img loading=\"lazy\" decoding=\"async\" class=\"aligncenter size-full wp-image-6913\" title=\"1.1 casa TP alcolea tarrago arquitectos stepienybarno 500\" src=\"https:\/\/stepienybarno.es\/blog\/wp-content\/uploads\/2012\/11\/1.1-casa-TP-alcolea-tarrago-arquitectos-stepienybarno-500-.jpg\" alt=\"1.1 casa TP alcolea tarrago arquitectos stepienybarno 500\" width=\"500\" height=\"162\" srcset=\"https:\/\/stepienybarno.es\/blog\/wp-content\/uploads\/2012\/11\/1.1-casa-TP-alcolea-tarrago-arquitectos-stepienybarno-500-.jpg 500w, https:\/\/stepienybarno.es\/blog\/wp-content\/uploads\/2012\/11\/1.1-casa-TP-alcolea-tarrago-arquitectos-stepienybarno-500--180x58.jpg 180w, https:\/\/stepienybarno.es\/blog\/wp-content\/uploads\/2012\/11\/1.1-casa-TP-alcolea-tarrago-arquitectos-stepienybarno-500--316x102.jpg 316w\" sizes=\"(max-width: 500px) 100vw, 500px\" \/><\/p>\n<p align=\"left\"><em>\u201cLa Casa TP se enclava en un solar elevado, con una pendiente pronunciada, abri\u00e9ndose a las vistas sobre la meseta castellana y los campos de cereal. Es un volumen rotundo y reconocible de piedra, monol\u00edtico, que se horada para incorporar el paisaje a la vivienda en algunos puntos escogidos. Se trata de un volumen arraigado en el entorno pr\u00f3ximo, fundado en una geometr\u00eda arquet\u00edpica, la casa como topos cultural, sin renunciar a lenguajes originales en su interpretaci\u00f3n y manipulaci\u00f3n topogr\u00e1fica\u201d.<\/em><\/p>\n<p align=\"left\"><em> <\/em><\/p>\n<p align=\"center\"><img loading=\"lazy\" decoding=\"async\" class=\"aligncenter size-full wp-image-6914\" title=\"1.2 casa TP alcolea tarrago arquitectos stepienybarno 500\" src=\"https:\/\/stepienybarno.es\/blog\/wp-content\/uploads\/2012\/11\/1.2-casa-TP-alcolea-tarrago-arquitectos-stepienybarno-500-.jpg\" alt=\"1.2 casa TP alcolea tarrago arquitectos stepienybarno 500\" width=\"500\" height=\"359\" srcset=\"https:\/\/stepienybarno.es\/blog\/wp-content\/uploads\/2012\/11\/1.2-casa-TP-alcolea-tarrago-arquitectos-stepienybarno-500-.jpg 500w, https:\/\/stepienybarno.es\/blog\/wp-content\/uploads\/2012\/11\/1.2-casa-TP-alcolea-tarrago-arquitectos-stepienybarno-500--180x129.jpg 180w, https:\/\/stepienybarno.es\/blog\/wp-content\/uploads\/2012\/11\/1.2-casa-TP-alcolea-tarrago-arquitectos-stepienybarno-500--316x227.jpg 316w\" sizes=\"(max-width: 500px) 100vw, 500px\" \/><\/p>\n<p align=\"left\">\n<p align=\"left\">As\u00ed es como nos hemos referido siempre a esta casa. Nos gusta describir los proyectos con pocas palabras, aunque esto conlleve ciertos peligros. M\u00e1s todav\u00eda en esta casa, muy modesta en todos los sentidos, y en la que se entremezclan muchos de los t\u00f3picos de las primeras obras de unos arquitectos j\u00f3venes. Los ingredientes: cierta inexperiencia, suplida por la ilusi\u00f3n y mucha dedicaci\u00f3n, un presupuesto implacable, un familiar como cliente y un vecino muy inc\u00f3modo.<\/p>\n<p align=\"center\">\n<p align=\"center\"><img loading=\"lazy\" decoding=\"async\" class=\"aligncenter size-full wp-image-6915\" title=\"2 casa TP alcolea tarrago arquitectos stepienybarno 500\" src=\"https:\/\/stepienybarno.es\/blog\/wp-content\/uploads\/2012\/11\/2-casa-TP-alcolea-tarrago-arquitectos-stepienybarno-500-.jpg\" alt=\"2 casa TP alcolea tarrago arquitectos stepienybarno 500\" width=\"500\" height=\"411\" srcset=\"https:\/\/stepienybarno.es\/blog\/wp-content\/uploads\/2012\/11\/2-casa-TP-alcolea-tarrago-arquitectos-stepienybarno-500-.jpg 500w, https:\/\/stepienybarno.es\/blog\/wp-content\/uploads\/2012\/11\/2-casa-TP-alcolea-tarrago-arquitectos-stepienybarno-500--180x148.jpg 180w, https:\/\/stepienybarno.es\/blog\/wp-content\/uploads\/2012\/11\/2-casa-TP-alcolea-tarrago-arquitectos-stepienybarno-500--316x260.jpg 316w\" sizes=\"(max-width: 500px) 100vw, 500px\" \/><\/p>\n<p align=\"left\">\n<p align=\"left\">Las plantas son muy sencillas y atienden a unas necesidades normales de una pareja joven que decide vivir y formar una familia en un pueblo de las cercan\u00edas de Burgos. Y las decisiones tomadas conjuntamente en el proceso del proyecto tambi\u00e9n lo son. Es una obra todav\u00eda inacabada (culpa del vecino inc\u00f3modo). Las fotograf\u00edas son sinceras, no mienten.<\/p>\n<p align=\"center\">\n<p align=\"center\"><img loading=\"lazy\" decoding=\"async\" class=\"aligncenter size-full wp-image-6916\" title=\"3 casa TP alcolea tarrago arquitectos stepienybarno 500\" src=\"https:\/\/stepienybarno.es\/blog\/wp-content\/uploads\/2012\/11\/3-casa-TP-alcolea-tarrago-arquitectos-stepienybarno-500-.jpg\" alt=\"3 casa TP alcolea tarrago arquitectos stepienybarno 500\" width=\"500\" height=\"245\" srcset=\"https:\/\/stepienybarno.es\/blog\/wp-content\/uploads\/2012\/11\/3-casa-TP-alcolea-tarrago-arquitectos-stepienybarno-500-.jpg 500w, https:\/\/stepienybarno.es\/blog\/wp-content\/uploads\/2012\/11\/3-casa-TP-alcolea-tarrago-arquitectos-stepienybarno-500--180x88.jpg 180w, https:\/\/stepienybarno.es\/blog\/wp-content\/uploads\/2012\/11\/3-casa-TP-alcolea-tarrago-arquitectos-stepienybarno-500--316x155.jpg 316w\" sizes=\"(max-width: 500px) 100vw, 500px\" \/><\/p>\n<p align=\"left\">\n<p align=\"left\">Usamos pocas palabras porque nuestra mayor aspiraci\u00f3n y la de los clientes fue, casi \u00fanicamente, la de perseguir lo corriente. No hay que desechar nunca esta enga\u00f1osa palabra. Se entiende mejor si reconocemos que es a partir de lo corriente como construimos la mayor\u00eda de nuestras percepciones. Nos sentimos c\u00f3modos con aquello que conocemos. Es natural sentirse as\u00ed con lo que nos resulta familiar. Lo cotidiano, envuelto en formas y arquetipos reconocibles nos resulta tranquilizador. Y aqu\u00ed, evidentemente, juega un papel decisivo la percepci\u00f3n visual. El ni\u00f1o con cabeza de casa de juguete de la fotograf\u00eda nos gusta tanto porque evoca muy bien estas ideas.<\/p>\n<p align=\"left\">\n<p align=\"center\"><img loading=\"lazy\" decoding=\"async\" class=\"aligncenter size-full wp-image-6917\" title=\"4.  ni\u00f1o casa TP alcolea tarrago arquitectos stepienybarno 500\" src=\"https:\/\/stepienybarno.es\/blog\/wp-content\/uploads\/2012\/11\/4.-ni\u00f1o-casa-TP-alcolea-tarrago-arquitectos-stepienybarno-500-.jpg\" alt=\"4.  ni\u00f1o casa TP alcolea tarrago arquitectos stepienybarno 500\" width=\"500\" height=\"273\" srcset=\"https:\/\/stepienybarno.es\/blog\/wp-content\/uploads\/2012\/11\/4.-ni\u00f1o-casa-TP-alcolea-tarrago-arquitectos-stepienybarno-500-.jpg 500w, https:\/\/stepienybarno.es\/blog\/wp-content\/uploads\/2012\/11\/4.-ni\u00f1o-casa-TP-alcolea-tarrago-arquitectos-stepienybarno-500--180x98.jpg 180w, https:\/\/stepienybarno.es\/blog\/wp-content\/uploads\/2012\/11\/4.-ni\u00f1o-casa-TP-alcolea-tarrago-arquitectos-stepienybarno-500--316x173.jpg 316w\" sizes=\"(max-width: 500px) 100vw, 500px\" \/><\/p>\n<p align=\"center\"><img loading=\"lazy\" decoding=\"async\" class=\"aligncenter size-full wp-image-6919\" title=\"5 casa TP alcolea tarrago arquitectos stepienybarno 500\" src=\"https:\/\/stepienybarno.es\/blog\/wp-content\/uploads\/2012\/11\/5-casa-TP-alcolea-tarrago-arquitectos-stepienybarno-500-1.jpg\" alt=\"5 casa TP alcolea tarrago arquitectos stepienybarno 500\" width=\"500\" height=\"297\" srcset=\"https:\/\/stepienybarno.es\/blog\/wp-content\/uploads\/2012\/11\/5-casa-TP-alcolea-tarrago-arquitectos-stepienybarno-500-1.jpg 500w, https:\/\/stepienybarno.es\/blog\/wp-content\/uploads\/2012\/11\/5-casa-TP-alcolea-tarrago-arquitectos-stepienybarno-500-1-180x107.jpg 180w, https:\/\/stepienybarno.es\/blog\/wp-content\/uploads\/2012\/11\/5-casa-TP-alcolea-tarrago-arquitectos-stepienybarno-500-1-316x188.jpg 316w\" sizes=\"(max-width: 500px) 100vw, 500px\" \/><\/p>\n<p align=\"left\">\n<p align=\"left\">En esta casa, el sentido de lo posible es muy acentuado. Quiz\u00e1 no es extremadamente refinada, y adem\u00e1s nos hemos equivocado unas cuantas veces (un aprendizaje necesario), pero tambi\u00e9n pensamos que es capaz de evocar esa percepci\u00f3n visual seductora del arquetipo que hace que nos sintamos c\u00f3modos. Y estamos convencidos de que, cuando vaya tomando su forma definitiva, este amoldamiento y compromiso con lo cotidiano seguir\u00e1 siendo su mejor virtud.<\/p>\n<p align=\"center\">\n<p align=\"center\"><img loading=\"lazy\" decoding=\"async\" class=\"aligncenter size-full wp-image-6920\" title=\"6  llegada casa TP alcolea tarrago arquitectos stepienybarno 500\" src=\"https:\/\/stepienybarno.es\/blog\/wp-content\/uploads\/2012\/11\/6-llegada-casa-TP-alcolea-tarrago-arquitectos-stepienybarno-500-.jpg\" alt=\"6  llegada casa TP alcolea tarrago arquitectos stepienybarno 500\" width=\"500\" height=\"245\" srcset=\"https:\/\/stepienybarno.es\/blog\/wp-content\/uploads\/2012\/11\/6-llegada-casa-TP-alcolea-tarrago-arquitectos-stepienybarno-500-.jpg 500w, https:\/\/stepienybarno.es\/blog\/wp-content\/uploads\/2012\/11\/6-llegada-casa-TP-alcolea-tarrago-arquitectos-stepienybarno-500--180x88.jpg 180w, https:\/\/stepienybarno.es\/blog\/wp-content\/uploads\/2012\/11\/6-llegada-casa-TP-alcolea-tarrago-arquitectos-stepienybarno-500--316x155.jpg 316w\" sizes=\"(max-width: 500px) 100vw, 500px\" \/><\/p>\n<p align=\"left\">\n<p align=\"left\">\n<blockquote>\n<blockquote>\n<p align=\"left\">Otros proyectos de Rub\u00e9n Alcolea y Jorge T\u00e1rrago:<\/p>\n<p align=\"left\">\n<p align=\"left\">&#8211; Casa MP en Sesma, a puntito de terminarse.\u00a0<a href=\"http:\/\/www.alcoleatarrago.com\/casa-mp-en-sesma\/\">Acceder<\/a><\/p>\n<p align=\"left\">&#8211; pista polideportiva en Palafolls.\u00a0<em><a href=\"http:\/\/tectonicablog.com\/?p=12272\">Acceder<\/a><\/em><\/p>\n<\/blockquote>\n<\/blockquote>\n<blockquote>\n<p align=\"left\">Web de los arquitectos: http:\/\/www.alcoleatarrago.com\/<\/p>\n<\/blockquote>\n<p align=\"left\">\n<p align=\"left\">\n<p align=\"left\">\n<p align=\"left\">\n<blockquote>\n<p align=\"left\">* Este art\u00edculo ha sido escrito con car\u00e1cter divulgativo y sin ning\u00fan tipo de \u00e1nimo de lucro. As\u00ed que, si te apetece <strong>compartirlo<\/strong> en cualquier otro medio, estaremos encantados de que lo hagas siempre y cuando cites el lugar donde lo has encontrado.<\/p>\n<p align=\"left\">\n<p align=\"left\">Autores de la entrada: <a href=\"http:\/\/www.facebook.com\/col.prudant#!\/StepienybarnoCANAL\">Stepienybarno<\/a><\/p>\n<p align=\"left\"><a href=\"http:\/\/www.linkedin.com\/company\/stepienybarno\">STEPIENYBARNO EN LINKEDIN<\/a><\/p>\n<p align=\"left\"><a href=\"http:\/\/twitter.com\/stepienybarno\/stepienybarno\">STEPIENYBARNO EN TWITTER<\/a><\/p>\n<p align=\"left\"><a href=\"https:\/\/www.facebook.com\/pages\/BLOG-DE-STEPIENYBARNO\/78001079029\">STEPIENYBARNO EN FACEBOOK<\/a><\/p>\n<p align=\"left\">\n<p align=\"left\">* Stepienybarno est\u00e1 formado por Agnieszka Stepien y Lorenzo Barn\u00f3 y desde mayo del 2009 estamos en la red con\u00a0 la presente publicaci\u00f3n digital (Blog) de arquitectura.<\/p>\n<p align=\"left\">Nuestra actividad se sustenta en tres pilares b\u00e1sicos: la investigaci\u00f3n, la publicaci\u00f3n y la redacci\u00f3n de proyectos de arquitectura.<\/p>\n<p align=\"left\">A su vez, somos socios cofundadores de <a href=\"http:\/\/sinergiasostenible.org\/\">SINERGIA SOSTENIBLE<\/a> y redactores de <a href=\"http:\/\/www.laciudadviva.org\/blogs\/?author=45\">LA CIUDAD VIVA<\/a>.<\/p>\n<p align=\"left\">* Los editores de esta publicaci\u00f3n digital no nos hacemos cargo de de los comentarios y\u00a0 conceptos vertidos en los textos firmados por otras personas, siendo \u00e9stos de responsabilidad exclusiva de sus autores.<\/p>\n<p align=\"left\">* Tu comentario pudiera ser moderado, por lo tanto, aunque aparezca inmediatamente al ser publicado en la entrada, los editores de esta publicaci\u00f3n digital nos reservamos el derecho tanto de editarlo (si fuera necesario, para hacerlo m\u00e1s legible) como de eliminarlo en el caso de que se usen expresiones incorrectas (descalificaciones, palabras malsonantes\u2026). A su vez, si quieres comentar desde el anonimato puedes hacerlo, aunque, nosotros personalmente, agradecemos que tod@s nos podamos identificar.<\/p>\n<p align=\"left\">\n<\/blockquote>\n<p align=\"left\">\n<p align=\"left\">\n<p align=\"left\">\n","protected":false},"excerpt":{"rendered":"\n<p>Aunque, los que nos segu\u00eds desde hace tiempo, bien sab\u00e9is que no solemos publicar proyectos de arquitectura, vamos a saltarnos la \u201cnorma\u201d y hoy os dejamos con un interesante (incluso en la forma de contarlo) proyecto de la joven pareja de arquitectos Rub\u00e9n Alcolea y Jorge T\u00e1rrago.<\/p>\n","protected":false},"author":2,"featured_media":0,"comment_status":"open","ping_status":"closed","sticky":false,"template":"","format":"standard","meta":{"om_disable_all_campaigns":false,"_monsterinsights_skip_tracking":false,"_monsterinsights_sitenote_active":false,"_monsterinsights_sitenote_note":"","_monsterinsights_sitenote_category":0,"_uf_show_specific_survey":0,"_uf_disable_surveys":false,"episode_type":"","audio_file":"","cover_image":"","cover_image_id":"","duration":"","filesize":"","date_recorded":"","explicit":"","block":"","filesize_raw":"","footnotes":""},"categories":[34,4,244],"tags":[4274,9,905,1993],"series":[],"class_list":["post-6911","post","type-post","status-publish","format-standard","hentry","category-actualidad","category-arquilectura","category-canal-de-arquitectura","tag-actualidad","tag-arquitectura","tag-jorge-tarrago","tag-ruben-alcolea"],"aioseo_notices":[],"episode_featured_image":false,"episode_player_image":"https:\/\/stepienybarno.es\/blog\/wp-content\/uploads\/2020\/11\/stepienybarno-podcast-scaled.jpg","download_link":"","player_link":"","audio_player":false,"episode_data":{"playerMode":"dark","subscribeUrls":[],"rssFeedUrl":"https:\/\/stepienybarno.es\/blog\/feed\/podcast\/podcast-de-stepienybarno","embedCode":"<blockquote class=\"wp-embedded-content\" data-secret=\"Ym5KUWOLT9\"><a href=\"https:\/\/stepienybarno.es\/blog\/2012\/11\/21\/casa-tp\/\">CASA TP<\/a><\/blockquote><iframe sandbox=\"allow-scripts\" security=\"restricted\" src=\"https:\/\/stepienybarno.es\/blog\/2012\/11\/21\/casa-tp\/embed\/#?secret=Ym5KUWOLT9\" width=\"500\" height=\"350\" title=\"\u00abCASA TP\u00bb \u2014 Blog de STEPIEN Y BARNO - publicaci\u00f3n digital sobre arquitectura\" data-secret=\"Ym5KUWOLT9\" frameborder=\"0\" marginwidth=\"0\" marginheight=\"0\" scrolling=\"no\" class=\"wp-embedded-content\"><\/iframe><script type=\"text\/javascript\">\n\/* <![CDATA[ *\/\n\/*! This file is auto-generated *\/\n!function(d,l){\"use strict\";l.querySelector&&d.addEventListener&&\"undefined\"!=typeof URL&&(d.wp=d.wp||{},d.wp.receiveEmbedMessage||(d.wp.receiveEmbedMessage=function(e){var t=e.data;if((t||t.secret||t.message||t.value)&&!\/[^a-zA-Z0-9]\/.test(t.secret)){for(var s,r,n,a=l.querySelectorAll('iframe[data-secret=\"'+t.secret+'\"]'),o=l.querySelectorAll('blockquote[data-secret=\"'+t.secret+'\"]'),c=new RegExp(\"^https?:$\",\"i\"),i=0;i<o.length;i++)o[i].style.display=\"none\";for(i=0;i<a.length;i++)s=a[i],e.source===s.contentWindow&&(s.removeAttribute(\"style\"),\"height\"===t.message?(1e3<(r=parseInt(t.value,10))?r=1e3:~~r<200&&(r=200),s.height=r):\"link\"===t.message&&(r=new URL(s.getAttribute(\"src\")),n=new URL(t.value),c.test(n.protocol))&&n.host===r.host&&l.activeElement===s&&(d.top.location.href=t.value))}},d.addEventListener(\"message\",d.wp.receiveEmbedMessage,!1),l.addEventListener(\"DOMContentLoaded\",function(){for(var e,t,s=l.querySelectorAll(\"iframe.wp-embedded-content\"),r=0;r<s.length;r++)(t=(e=s[r]).getAttribute(\"data-secret\"))||(t=Math.random().toString(36).substring(2,12),e.src+=\"#?secret=\"+t,e.setAttribute(\"data-secret\",t)),e.contentWindow.postMessage({message:\"ready\",secret:t},\"*\")},!1)))}(window,document);\n\/* ]]> *\/\n<\/script>\n"},"_links":{"self":[{"href":"https:\/\/stepienybarno.es\/blog\/wp-json\/wp\/v2\/posts\/6911"}],"collection":[{"href":"https:\/\/stepienybarno.es\/blog\/wp-json\/wp\/v2\/posts"}],"about":[{"href":"https:\/\/stepienybarno.es\/blog\/wp-json\/wp\/v2\/types\/post"}],"author":[{"embeddable":true,"href":"https:\/\/stepienybarno.es\/blog\/wp-json\/wp\/v2\/users\/2"}],"replies":[{"embeddable":true,"href":"https:\/\/stepienybarno.es\/blog\/wp-json\/wp\/v2\/comments?post=6911"}],"version-history":[{"count":3,"href":"https:\/\/stepienybarno.es\/blog\/wp-json\/wp\/v2\/posts\/6911\/revisions"}],"predecessor-version":[{"id":6922,"href":"https:\/\/stepienybarno.es\/blog\/wp-json\/wp\/v2\/posts\/6911\/revisions\/6922"}],"wp:attachment":[{"href":"https:\/\/stepienybarno.es\/blog\/wp-json\/wp\/v2\/media?parent=6911"}],"wp:term":[{"taxonomy":"category","embeddable":true,"href":"https:\/\/stepienybarno.es\/blog\/wp-json\/wp\/v2\/categories?post=6911"},{"taxonomy":"post_tag","embeddable":true,"href":"https:\/\/stepienybarno.es\/blog\/wp-json\/wp\/v2\/tags?post=6911"},{"taxonomy":"series","embeddable":true,"href":"https:\/\/stepienybarno.es\/blog\/wp-json\/wp\/v2\/series?post=6911"}],"curies":[{"name":"wp","href":"https:\/\/api.w.org\/{rel}","templated":true}]}}