{"id":705,"date":"2009-06-21T21:26:58","date_gmt":"2009-06-21T19:26:58","guid":{"rendered":"https:\/\/www.stepienybarno.es\/blog\/?p=705"},"modified":"2009-06-22T08:18:02","modified_gmt":"2009-06-22T06:18:02","slug":"el-tiempo-contruye","status":"publish","type":"post","link":"https:\/\/stepienybarno.es\/blog\/2009\/06\/21\/el-tiempo-contruye\/","title":{"rendered":"EL TIEMPO CONSTRUYE"},"content":{"rendered":"<p class=\"blog\" style=\"MARGIN: 0cm 0cm 0pt; TEXT-ALIGN: center\" align=\"center\">\u00a0<\/p>\n<p class=\"blog\" style=\"margin: 0cm 0cm 0pt;\" align=\"center\">\u00a0<\/p>\n<p class=\"blog\" style=\"margin: 0cm 0cm 0pt;\" align=\"center\"><span style=\"FONT-SIZE: 11pt; LINE-HEIGHT: 150%\"><span style=\"font-family: Arial;\"><a href=\"https:\/\/stepienybarno.es\/blog\/wp-content\/uploads\/2009\/06\/tiempo_construye_.jpg\"><img loading=\"lazy\" decoding=\"async\" class=\"alignnone size-full wp-image-706\" title=\"tiempo_construye_\" src=\"https:\/\/stepienybarno.es\/blog\/wp-content\/uploads\/2009\/06\/tiempo_construye_.jpg\" alt=\"tiempo_construye_\" width=\"300\" height=\"427\" srcset=\"https:\/\/stepienybarno.es\/blog\/wp-content\/uploads\/2009\/06\/tiempo_construye_.jpg 300w, https:\/\/stepienybarno.es\/blog\/wp-content\/uploads\/2009\/06\/tiempo_construye_-126x180.jpg 126w, https:\/\/stepienybarno.es\/blog\/wp-content\/uploads\/2009\/06\/tiempo_construye_-281x400.jpg 281w\" sizes=\"(max-width: 300px) 100vw, 300px\" \/><\/a><\/span><\/span><\/p>\n<p class=\"blog\" style=\"MARGIN: 0cm 0cm 0pt; TEXT-ALIGN: left\" align=\"left\"><span style=\"FONT-SIZE: 11pt; LINE-HEIGHT: 150%\"><span style=\"font-family: Arial;\">\u00a0<\/span><\/span><\/p>\n<p class=\"blog\" style=\"MARGIN: 0cm 0cm 0pt; TEXT-ALIGN: left\" align=\"left\"><span style=\"FONT-SIZE: 11pt; LINE-HEIGHT: 150%\"><span style=\"font-family: Arial;\">Diego Torres, Fernando Garc\u00eda Huidobro y Nicol\u00e1s Tugas, son un equipo de<span style=\"mso-spacerun: yes\">\u00a0 <\/span>j\u00f3venes arquitectos que llevan a cabo un riguroso estudio de lo que hace treinta a\u00f1os supuso<span style=\"mso-spacerun: yes\">\u00a0 <\/span>la puesta en marcha de la avanzada propuesta de vivienda social del conjunto llamado PREVI, al norte de Lima en Per\u00fa. Todo queda perfectamente documentado en el libro de la editorial GG; el tiempo construye.<\/span><\/span><\/p>\n<p class=\"blog\" style=\"MARGIN: 0cm 0cm 0pt; TEXT-ALIGN: left\" align=\"left\">\u00a0<\/p>\n<p class=\"blog\" style=\"MARGIN: 0cm 0cm 0pt; TEXT-ALIGN: left\" align=\"left\"><span style=\"FONT-SIZE: 11pt; LINE-HEIGHT: 150%\"><span style=\"font-family: Arial;\"><!--more--><\/span><\/span><\/p>\n<p class=\"blog\" style=\"MARGIN: 0cm 0cm 0pt; TEXT-ALIGN: left\" align=\"left\"><span style=\"FONT-SIZE: 11pt; LINE-HEIGHT: 150%\"><span style=\"font-family: Arial;\">\u00a0<\/span><\/span><\/p>\n<p class=\"blog\" style=\"MARGIN: 0cm 0cm 0pt; TEXT-ALIGN: left\" align=\"left\"><span style=\"FONT-SIZE: 11pt; LINE-HEIGHT: 150%\"><span style=\"font-family: Arial;\">La propuesta del PREVI, supuso una alternativa a la vivienda social en altura que en los a\u00f1os cincuenta se venia tomando como \u00fanica opci\u00f3n valida. Esta alternativa apost\u00f3 por la baja altura y<span style=\"mso-spacerun: yes\">\u00a0 <\/span>la alta densidad. En el libro sus autores nos cuentan de manera amena y gr\u00e1fica como ha evolucionado toda esta aventura social-aquitectonica.<\/span><\/span><\/p>\n<p class=\"blog\" style=\"MARGIN: 0cm 0cm 0pt; TEXT-ALIGN: left\" align=\"left\"><span style=\"FONT-SIZE: 11pt; LINE-HEIGHT: 150%\"><span style=\"font-family: Arial;\">\u00a0<\/span><\/span><\/p>\n<p class=\"blog\" style=\"MARGIN: 0cm 0cm 0pt; TEXT-ALIGN: left\" align=\"left\"><span style=\"FONT-SIZE: 11pt; LINE-HEIGHT: 150%\"><span style=\"font-family: Arial;\">La consecuencia de este trabajo les llev\u00f3 a su participaci\u00f3n en el proyecto ELEMENTAL, liderado por Alejandro Aravena.<\/span><\/span><\/p>\n<p class=\"blog\" style=\"MARGIN: 0cm 0cm 0pt; TEXT-ALIGN: left\" align=\"left\">\u00a0<\/p>\n<p class=\"blog\" style=\"MARGIN: 0cm 0cm 0pt; TEXT-ALIGN: left\" align=\"left\">\u00a0<\/p>\n<p class=\"blog\" style=\"margin: 0cm 0cm 0pt; text-align: center;\"><span style=\"FONT-SIZE: 11pt; LINE-HEIGHT: 150%\"><span style=\"font-family: Arial;\"><a href=\"https:\/\/stepienybarno.es\/blog\/wp-content\/uploads\/2009\/06\/tiempo_construye-2.jpg\"><\/a><\/span><\/span><\/p>\n<p class=\"blog\" style=\"margin: 0cm 0cm 0pt; text-align: center;\"><span style=\"FONT-SIZE: 11pt; LINE-HEIGHT: 150%\"><span style=\"font-family: Arial;\"><a href=\"https:\/\/stepienybarno.es\/blog\/wp-content\/uploads\/2009\/06\/el-tiempo-construye-antesydespues.jpg\"><img loading=\"lazy\" decoding=\"async\" class=\"alignnone size-full wp-image-711\" title=\"el-tiempo-construye-antesydespues\" src=\"https:\/\/stepienybarno.es\/blog\/wp-content\/uploads\/2009\/06\/el-tiempo-construye-antesydespues.jpg\" alt=\"el-tiempo-construye-antesydespues\" width=\"1024\" height=\"634\" srcset=\"https:\/\/stepienybarno.es\/blog\/wp-content\/uploads\/2009\/06\/el-tiempo-construye-antesydespues.jpg 1024w, https:\/\/stepienybarno.es\/blog\/wp-content\/uploads\/2009\/06\/el-tiempo-construye-antesydespues-180x111.jpg 180w, https:\/\/stepienybarno.es\/blog\/wp-content\/uploads\/2009\/06\/el-tiempo-construye-antesydespues-550x341.jpg 550w, https:\/\/stepienybarno.es\/blog\/wp-content\/uploads\/2009\/06\/el-tiempo-construye-antesydespues-316x196.jpg 316w\" sizes=\"(max-width: 1024px) 100vw, 1024px\" \/><\/a><\/span><\/span><\/p>\n<p class=\"blog\" style=\"MARGIN: 0cm 0cm 0pt; TEXT-ALIGN: left\" align=\"left\"><span style=\"FONT-SIZE: 11pt; LINE-HEIGHT: 150%\"><span style=\"font-family: Arial;\">\u00a0<\/span><\/span><\/p>\n<p class=\"blog\" style=\"MARGIN: 0cm 0cm 0pt; TEXT-ALIGN: left\" align=\"left\"><span style=\"FONT-SIZE: 11pt; LINE-HEIGHT: 150%\"><span style=\"font-family: Arial;\">Os dejamos con el explicativo texto de la contraportada del libro,<\/span><\/span><\/p>\n<p class=\"blog\" style=\"MARGIN: 0cm 0cm 0pt; TEXT-ALIGN: left\" align=\"left\"><span style=\"FONT-SIZE: 11pt; LINE-HEIGHT: 150%\"><span style=\"font-family: Arial;\"><em>El PREVI (Proyecto Experimental de Vivienda) de Lima, gestado en 1967, constituye uno de los experimentos construidos de vivienda social m\u00e1s ambiciosos, no s\u00f3lo por la cantidad de variables planteadas, sino tambi\u00e9n porque reuni\u00f3 de forma in\u00e9dita a singulares personalidades del panorama arquitect\u00f3nico de la \u00e9poca, como Aldo van Eyck, Charles Correa, James Stirling, Christopher Alexander, Atelier 5, Fumihiko Maki, Candilis, Josic y Woods, entre otros. Juntos debatieron, con sus propuestas de vivienda progresiva de baja densidad, diversas formas de hacer ciudad en un contexto de recursos limitados y urbanizaci\u00f3n urgente.<\/em><\/span><\/span><\/p>\n<p class=\"blog\" style=\"MARGIN: 0cm 0cm 0pt; TEXT-ALIGN: left\" align=\"left\"><span style=\"FONT-SIZE: 11pt; LINE-HEIGHT: 150%\"><span style=\"font-family: Arial;\"><em>Este estudio sobre la propuesta del PREVI despu\u00e9s de m\u00e1s de tres d\u00e9cadas no pretende s\u00f3lo el rescate de la obra original a partir de un planteamiento \u2018arqueol\u00f3gico\u2019 que ponga en valor la obra de autor escondida tras las constantes intervenciones por parte de sus habitantes, sino poner en tela de juicio la idea de vivienda como soluci\u00f3n habitacional, el papel del arquitecto en el proceso y los elementos de dise\u00f1o con recursos escasos. Pretende, asimismo, rescatar la idea de unidades vecinales, la relaci\u00f3n entre espacio p\u00fablico y comunidad, los valores y posibilidades de un urbanismo m\u00e1s abierto y las diferentes estructuras familiares frente a la actual estandarizaci\u00f3n del usuario.<\/em><\/span><\/span><\/p>\n<p class=\"blog\" style=\"MARGIN: 0cm 0cm 0pt; TEXT-ALIGN: left\" align=\"left\"><span style=\"FONT-SIZE: 11pt; LINE-HEIGHT: 150%\"><span style=\"font-family: Arial;\"><em>En pa\u00edses con pocos recursos, el esfuerzo de cada uno de sus habitantes debe aprovecharse. La casa entendida como plataforma de transformaciones da un giro total al problema de la vivienda, pues no s\u00f3lo permite satisfacer las necesidades variables de los usuarios, sino que tambi\u00e9n enriquece el tejido social y los mecanismos econ\u00f3micos de los barrios. Este enfoque, puede producir un retorno de las inversiones p\u00fablicas a largo plazo y, en consecuencia, una transferencia de los recursos para inversiones sociales a otros \u00e1mbitos.<\/em><\/span><\/span><\/p>\n<p class=\"blog\" style=\"MARGIN: 0cm 0cm 0pt; TEXT-ALIGN: left\" align=\"left\"><span style=\"FONT-SIZE: 11pt; LINE-HEIGHT: 150%\"><br style=\"mso-special-character: line-break\" \/><br style=\"mso-special-character: line-break\" \/><\/span><\/p>\n<p class=\"blog\" style=\"MARGIN: 0cm 0cm 0pt; TEXT-ALIGN: left\" align=\"left\"><span style=\"FONT-SIZE: 11pt; LINE-HEIGHT: 150%\"><span style=\"font-family: Arial;\">\u00a0<\/span><\/span><\/p>\n","protected":false},"excerpt":{"rendered":"\n<p>Diego Torres, Fernando Garc\u00eda Huidobro y Nicol\u00e1s Tugas, son un equipo de  j\u00f3venes arquitectos que llevan a cabo un riguroso estudio de lo que hace treinta a\u00f1os supuso  la puesta en marcha de la avanzada propuesta de vivienda social del conjunto llamado PREVI, al norte de Lima en Per\u00fa. Todo queda perfectamente documentado en el libro de la editorial GG; el tiempo construye.<\/p>\n","protected":false},"author":2,"featured_media":0,"comment_status":"open","ping_status":"closed","sticky":false,"template":"","format":"standard","meta":{"om_disable_all_campaigns":false,"_monsterinsights_skip_tracking":false,"_monsterinsights_sitenote_active":false,"_monsterinsights_sitenote_note":"","_monsterinsights_sitenote_category":0,"_uf_show_specific_survey":0,"_uf_disable_surveys":false,"episode_type":"","audio_file":"","cover_image":"","cover_image_id":"","duration":"","filesize":"","date_recorded":"","explicit":"","block":"","filesize_raw":"","footnotes":""},"categories":[4,15],"tags":[4274,9,39,4271,4272,54],"series":[],"class_list":["post-705","post","type-post","status-publish","format-standard","hentry","category-arquilectura","category-sostenibilidad","tag-actualidad","tag-arquitectura","tag-chile","tag-sostenibilidad","tag-urbanismo","tag-urbanismo-sostenible"],"aioseo_notices":[],"episode_featured_image":false,"episode_player_image":"https:\/\/stepienybarno.es\/blog\/wp-content\/uploads\/2020\/11\/stepienybarno-podcast-scaled.jpg","download_link":"","player_link":"","audio_player":false,"episode_data":{"playerMode":"dark","subscribeUrls":[],"rssFeedUrl":"https:\/\/stepienybarno.es\/blog\/feed\/podcast\/podcast-de-stepienybarno","embedCode":"<blockquote class=\"wp-embedded-content\" data-secret=\"QvzDGpwNJX\"><a href=\"https:\/\/stepienybarno.es\/blog\/2009\/06\/21\/el-tiempo-contruye\/\">EL TIEMPO CONSTRUYE<\/a><\/blockquote><iframe sandbox=\"allow-scripts\" security=\"restricted\" src=\"https:\/\/stepienybarno.es\/blog\/2009\/06\/21\/el-tiempo-contruye\/embed\/#?secret=QvzDGpwNJX\" width=\"500\" height=\"350\" title=\"\u00abEL TIEMPO CONSTRUYE\u00bb \u2014 Blog de STEPIEN Y BARNO - publicaci\u00f3n digital sobre arquitectura\" data-secret=\"QvzDGpwNJX\" frameborder=\"0\" marginwidth=\"0\" marginheight=\"0\" scrolling=\"no\" class=\"wp-embedded-content\"><\/iframe><script type=\"text\/javascript\">\n\/* <![CDATA[ *\/\n\/*! This file is auto-generated *\/\n!function(d,l){\"use strict\";l.querySelector&&d.addEventListener&&\"undefined\"!=typeof URL&&(d.wp=d.wp||{},d.wp.receiveEmbedMessage||(d.wp.receiveEmbedMessage=function(e){var t=e.data;if((t||t.secret||t.message||t.value)&&!\/[^a-zA-Z0-9]\/.test(t.secret)){for(var s,r,n,a=l.querySelectorAll('iframe[data-secret=\"'+t.secret+'\"]'),o=l.querySelectorAll('blockquote[data-secret=\"'+t.secret+'\"]'),c=new RegExp(\"^https?:$\",\"i\"),i=0;i<o.length;i++)o[i].style.display=\"none\";for(i=0;i<a.length;i++)s=a[i],e.source===s.contentWindow&&(s.removeAttribute(\"style\"),\"height\"===t.message?(1e3<(r=parseInt(t.value,10))?r=1e3:~~r<200&&(r=200),s.height=r):\"link\"===t.message&&(r=new URL(s.getAttribute(\"src\")),n=new URL(t.value),c.test(n.protocol))&&n.host===r.host&&l.activeElement===s&&(d.top.location.href=t.value))}},d.addEventListener(\"message\",d.wp.receiveEmbedMessage,!1),l.addEventListener(\"DOMContentLoaded\",function(){for(var e,t,s=l.querySelectorAll(\"iframe.wp-embedded-content\"),r=0;r<s.length;r++)(t=(e=s[r]).getAttribute(\"data-secret\"))||(t=Math.random().toString(36).substring(2,12),e.src+=\"#?secret=\"+t,e.setAttribute(\"data-secret\",t)),e.contentWindow.postMessage({message:\"ready\",secret:t},\"*\")},!1)))}(window,document);\n\/* ]]> *\/\n<\/script>\n"},"_links":{"self":[{"href":"https:\/\/stepienybarno.es\/blog\/wp-json\/wp\/v2\/posts\/705"}],"collection":[{"href":"https:\/\/stepienybarno.es\/blog\/wp-json\/wp\/v2\/posts"}],"about":[{"href":"https:\/\/stepienybarno.es\/blog\/wp-json\/wp\/v2\/types\/post"}],"author":[{"embeddable":true,"href":"https:\/\/stepienybarno.es\/blog\/wp-json\/wp\/v2\/users\/2"}],"replies":[{"embeddable":true,"href":"https:\/\/stepienybarno.es\/blog\/wp-json\/wp\/v2\/comments?post=705"}],"version-history":[{"count":6,"href":"https:\/\/stepienybarno.es\/blog\/wp-json\/wp\/v2\/posts\/705\/revisions"}],"predecessor-version":[{"id":715,"href":"https:\/\/stepienybarno.es\/blog\/wp-json\/wp\/v2\/posts\/705\/revisions\/715"}],"wp:attachment":[{"href":"https:\/\/stepienybarno.es\/blog\/wp-json\/wp\/v2\/media?parent=705"}],"wp:term":[{"taxonomy":"category","embeddable":true,"href":"https:\/\/stepienybarno.es\/blog\/wp-json\/wp\/v2\/categories?post=705"},{"taxonomy":"post_tag","embeddable":true,"href":"https:\/\/stepienybarno.es\/blog\/wp-json\/wp\/v2\/tags?post=705"},{"taxonomy":"series","embeddable":true,"href":"https:\/\/stepienybarno.es\/blog\/wp-json\/wp\/v2\/series?post=705"}],"curies":[{"name":"wp","href":"https:\/\/api.w.org\/{rel}","templated":true}]}}