{"id":7154,"date":"2012-12-10T10:22:26","date_gmt":"2012-12-10T08:22:26","guid":{"rendered":"https:\/\/www.stepienybarno.es\/blog\/?p=7154"},"modified":"2012-12-10T10:24:27","modified_gmt":"2012-12-10T08:24:27","slug":"charla-de-stepienybarno-en-master-de-eficiencia-energetica-y-arquitectura-bioclimatica","status":"publish","type":"post","link":"https:\/\/stepienybarno.es\/blog\/2012\/12\/10\/charla-de-stepienybarno-en-master-de-eficiencia-energetica-y-arquitectura-bioclimatica\/","title":{"rendered":"CHARLA DE STEPIENYBARNO EN MASTER DE EFICIENCIA ENERG\u00c9TICA Y ARQUITECTURA BIOCLIM\u00c1TICA"},"content":{"rendered":"<p align=\"left\">\n<p align=\"left\">\n<p align=\"center\"><img loading=\"lazy\" decoding=\"async\" class=\"aligncenter size-full wp-image-7155\" title=\"arquitectura, sostenibilidad y \u00e9tica._ STEPIENYBARNO PAISAJE TRANSVERSAL MASTER 350\" src=\"https:\/\/stepienybarno.es\/blog\/wp-content\/uploads\/2012\/12\/arquitectura-sostenibilidad-y-\u00e9tica._-STEPIENYBARNO-PAISAJE-TRANSVERSAL-MASTER-350-.jpg\" alt=\"arquitectura, sostenibilidad y \u00e9tica._ STEPIENYBARNO PAISAJE TRANSVERSAL MASTER 350\" width=\"350\" height=\"202\" srcset=\"https:\/\/stepienybarno.es\/blog\/wp-content\/uploads\/2012\/12\/arquitectura-sostenibilidad-y-\u00e9tica._-STEPIENYBARNO-PAISAJE-TRANSVERSAL-MASTER-350-.jpg 350w, https:\/\/stepienybarno.es\/blog\/wp-content\/uploads\/2012\/12\/arquitectura-sostenibilidad-y-\u00e9tica._-STEPIENYBARNO-PAISAJE-TRANSVERSAL-MASTER-350--180x104.jpg 180w, https:\/\/stepienybarno.es\/blog\/wp-content\/uploads\/2012\/12\/arquitectura-sostenibilidad-y-\u00e9tica._-STEPIENYBARNO-PAISAJE-TRANSVERSAL-MASTER-350--316x182.jpg 316w\" sizes=\"(max-width: 350px) 100vw, 350px\" \/><\/p>\n<p align=\"left\">\n<p align=\"left\">Hace unos meses, durante los encuentros que se organizaron con la asociaci\u00f3n ASA en el MEEYAB de la Universidad Camilo Jos\u00e9 Cela,\u00a0 tuvimos la suerte de que Miguel \u00c1ngel D\u00edaz Camacho, director del\u00a0m\u00e1ster, nos invitar\u00e1 a pasar una intensa tarde con ellos.<\/p>\n<p align=\"left\">Junto a la presidenta de la asociaci\u00f3n <a href=\"http:\/\/www.sostenibilidadyarquitectura.com\/\">ASA<\/a>, <a href=\"https:\/\/stepienybarno.es\/blog\/2011\/10\/20\/arquitectura-sostenibilidad-y-etica\/\">Mar\u00eda Jes\u00fas Gonz\u00e1lez<\/a>, y Paco Casas, de <a href=\"http:\/\/brijuniarquitectos.com\/\">Brijuni arquitectos<\/a>, fuimos a dar una ponencia sobre un tema que nos pareci\u00f3 interesante: arquitectura, sostenibilidad y \u00e9tica.<\/p>\n<p align=\"left\">Seguro que, alg\u00fan d\u00eda escribimos alg\u00fan post sobre nuestra intervenci\u00f3n; pero, mientras tanto, aqu\u00ed os dejamos una mini entrevista que se encargaban de realizar los chicos de <a href=\"http:\/\/www.paisajetransversal.org\/\">Paisaje Transversal.<\/a><\/p>\n<p align=\"left\"><!--more--><\/p>\n<p align=\"left\">\n<p align=\"left\">\n<blockquote>\n<p style=\"text-align: center;\">Acceder a la mini-entrevista, <a href=\"http:\/\/www.paisajetransversal.org\/2012\/09\/arquitectura-etica-y-sostenibilidad-ii.html\">aqu\u00ed.<\/a><\/p>\n<\/blockquote>\n<p align=\"left\">\n<p align=\"left\">\n<p>* Este art\u00edculo ha sido escrito con car\u00e1cter divulgativo y sin ning\u00fan tipo de \u00e1nimo de lucro. As\u00ed que, si te apetece <strong>compartirlo<\/strong> en cualquier otro medio, estaremos encantados de que lo hagas siempre y cuando cites el lugar donde lo has encontrado.<\/p>\n<p>Autores de la entrada: <a href=\"http:\/\/www.facebook.com\/col.prudant#!\/StepienybarnoCANAL\">Stepienybarno<\/a><\/p>\n<p><a href=\"http:\/\/www.linkedin.com\/company\/stepienybarno\">STEPIENYBARNO EN LINKEDIN<\/a><\/p>\n<p><a href=\"http:\/\/twitter.com\/stepienybarno\/stepienybarno\">STEPIENYBARNO EN TWITTER<\/a><\/p>\n<p align=\"left\"><a href=\"https:\/\/www.facebook.com\/pages\/BLOG-DE-STEPIENYBARNO\/78001079029\">STEPIENYBARNO EN FACEBOOK<\/a><\/p>\n<p>* Stepienybarno est\u00e1 formado por Agnieszka Stepien y Lorenzo Barn\u00f3 y desde mayo del 2009 estamos en la red con\u00a0 la presente publicaci\u00f3n digital (Blog) de arquitectura.<\/p>\n<p>Nuestra actividad se sustenta en tres pilares b\u00e1sicos: la investigaci\u00f3n, la publicaci\u00f3n y la redacci\u00f3n de proyectos de arquitectura.<\/p>\n<p>A su vez, somos socios cofundadores de <a href=\"http:\/\/sinergiasostenible.org\/\">SINERGIA SOSTENIBLE<\/a> y redactores de <a href=\"http:\/\/www.laciudadviva.org\/blogs\/?author=45\">LA CIUDAD VIVA<\/a>.<\/p>\n<p align=\"left\">* Los editores de esta publicaci\u00f3n digital no nos hacemos cargo de de los comentarios y\u00a0 conceptos vertidos en los textos firmados por otras personas, siendo \u00e9stos de responsabilidad exclusiva de sus autores.<\/p>\n<p>* Tu comentario pudiera ser moderado, por lo tanto, aunque aparezca inmediatamente al ser publicado en la entrada, los editores de esta publicaci\u00f3n digital nos reservamos el derecho tanto de editarlo (si fuera necesario, para hacerlo m\u00e1s legible) como de eliminarlo en el caso de que se usen expresiones incorrectas (descalificaciones, palabras malsonantes\u2026). A su vez, si quieres comentar desde el anonimato puedes hacerlo, aunque, nosotros personalmente, agradecemos que tod@s nos podamos identificar.<\/p>\n","protected":false},"excerpt":{"rendered":"\n<p>Hace unos meses, durante los encuentros que se organizaron con la asociaci\u00f3n ASA en el MEEYAB de la Universidad Camilo Jos\u00e9 Cela,  tuvimos la suerte de que Miguel \u00c1ngel D\u00edaz Camacho, director del master, nos invitar\u00e1 a pasar una intensa tarde con ellos.<\/p>\n<p>Junto a la presidenta de la asociaci\u00f3n ASA, Mar\u00eda Jes\u00fas Gonz\u00e1lez, y Paco Casas, de Brijuni arquitectos, fuimos a dar una ponencia sobre un tema que nos pareci\u00f3 interesante: arquitectura, sostenibilidad y \u00e9tica.<\/p>\n<p>Seguro que, alg\u00fan d\u00eda escribimos alg\u00fan post sobre nuestra intervenci\u00f3n; pero, mientras tanto, aqu\u00ed os dejamos una mini entrevista que se encargaban de realizar los chicos de Paisaje Transversal.<\/p>\n","protected":false},"author":2,"featured_media":0,"comment_status":"open","ping_status":"closed","sticky":false,"template":"","format":"standard","meta":{"om_disable_all_campaigns":false,"_monsterinsights_skip_tracking":false,"_monsterinsights_sitenote_active":false,"_monsterinsights_sitenote_note":"","_monsterinsights_sitenote_category":0,"_uf_show_specific_survey":0,"_uf_disable_surveys":false,"episode_type":"","audio_file":"","cover_image":"","cover_image_id":"","duration":"","filesize":"","date_recorded":"","explicit":"","block":"","filesize_raw":"","footnotes":""},"categories":[1010,34,4,15],"tags":[4274,9,879,873,2088,2090,2087,2089,952,465,243,4271,54],"series":[],"class_list":["post-7154","post","type-post","status-publish","format-standard","hentry","category-urbanismorealya-urbanismo","category-actualidad","category-arquilectura","category-sostenibilidad","tag-actualidad","tag-arquitectura","tag-asa","tag-brijuni-arquitectos","tag-camilo-jose-cela","tag-etica","tag-maria-jesus-gonzalez","tag-meeyab","tag-miguel-angel-diaz-camacho","tag-paco-casas","tag-paisaje-transversal","tag-sostenibilidad","tag-urbanismo-sostenible"],"aioseo_notices":[],"episode_featured_image":false,"episode_player_image":"https:\/\/stepienybarno.es\/blog\/wp-content\/uploads\/2020\/11\/stepienybarno-podcast-scaled.jpg","download_link":"","player_link":"","audio_player":false,"episode_data":{"playerMode":"dark","subscribeUrls":[],"rssFeedUrl":"https:\/\/stepienybarno.es\/blog\/feed\/podcast\/podcast-de-stepienybarno","embedCode":"<blockquote class=\"wp-embedded-content\" data-secret=\"Br0rYugZ8R\"><a href=\"https:\/\/stepienybarno.es\/blog\/2012\/12\/10\/charla-de-stepienybarno-en-master-de-eficiencia-energetica-y-arquitectura-bioclimatica\/\">CHARLA DE STEPIENYBARNO EN MASTER DE EFICIENCIA ENERG\u00c9TICA Y ARQUITECTURA BIOCLIM\u00c1TICA<\/a><\/blockquote><iframe sandbox=\"allow-scripts\" security=\"restricted\" src=\"https:\/\/stepienybarno.es\/blog\/2012\/12\/10\/charla-de-stepienybarno-en-master-de-eficiencia-energetica-y-arquitectura-bioclimatica\/embed\/#?secret=Br0rYugZ8R\" width=\"500\" height=\"350\" title=\"\u00abCHARLA DE STEPIENYBARNO EN MASTER DE EFICIENCIA ENERG\u00c9TICA Y ARQUITECTURA BIOCLIM\u00c1TICA\u00bb \u2014 Blog de STEPIEN Y BARNO - publicaci\u00f3n digital sobre arquitectura\" data-secret=\"Br0rYugZ8R\" frameborder=\"0\" marginwidth=\"0\" marginheight=\"0\" scrolling=\"no\" class=\"wp-embedded-content\"><\/iframe><script type=\"text\/javascript\">\n\/* <![CDATA[ *\/\n\/*! This file is auto-generated *\/\n!function(d,l){\"use strict\";l.querySelector&&d.addEventListener&&\"undefined\"!=typeof URL&&(d.wp=d.wp||{},d.wp.receiveEmbedMessage||(d.wp.receiveEmbedMessage=function(e){var t=e.data;if((t||t.secret||t.message||t.value)&&!\/[^a-zA-Z0-9]\/.test(t.secret)){for(var s,r,n,a=l.querySelectorAll('iframe[data-secret=\"'+t.secret+'\"]'),o=l.querySelectorAll('blockquote[data-secret=\"'+t.secret+'\"]'),c=new RegExp(\"^https?:$\",\"i\"),i=0;i<o.length;i++)o[i].style.display=\"none\";for(i=0;i<a.length;i++)s=a[i],e.source===s.contentWindow&&(s.removeAttribute(\"style\"),\"height\"===t.message?(1e3<(r=parseInt(t.value,10))?r=1e3:~~r<200&&(r=200),s.height=r):\"link\"===t.message&&(r=new URL(s.getAttribute(\"src\")),n=new URL(t.value),c.test(n.protocol))&&n.host===r.host&&l.activeElement===s&&(d.top.location.href=t.value))}},d.addEventListener(\"message\",d.wp.receiveEmbedMessage,!1),l.addEventListener(\"DOMContentLoaded\",function(){for(var e,t,s=l.querySelectorAll(\"iframe.wp-embedded-content\"),r=0;r<s.length;r++)(t=(e=s[r]).getAttribute(\"data-secret\"))||(t=Math.random().toString(36).substring(2,12),e.src+=\"#?secret=\"+t,e.setAttribute(\"data-secret\",t)),e.contentWindow.postMessage({message:\"ready\",secret:t},\"*\")},!1)))}(window,document);\n\/* ]]> *\/\n<\/script>\n"},"_links":{"self":[{"href":"https:\/\/stepienybarno.es\/blog\/wp-json\/wp\/v2\/posts\/7154"}],"collection":[{"href":"https:\/\/stepienybarno.es\/blog\/wp-json\/wp\/v2\/posts"}],"about":[{"href":"https:\/\/stepienybarno.es\/blog\/wp-json\/wp\/v2\/types\/post"}],"author":[{"embeddable":true,"href":"https:\/\/stepienybarno.es\/blog\/wp-json\/wp\/v2\/users\/2"}],"replies":[{"embeddable":true,"href":"https:\/\/stepienybarno.es\/blog\/wp-json\/wp\/v2\/comments?post=7154"}],"version-history":[{"count":4,"href":"https:\/\/stepienybarno.es\/blog\/wp-json\/wp\/v2\/posts\/7154\/revisions"}],"predecessor-version":[{"id":7157,"href":"https:\/\/stepienybarno.es\/blog\/wp-json\/wp\/v2\/posts\/7154\/revisions\/7157"}],"wp:attachment":[{"href":"https:\/\/stepienybarno.es\/blog\/wp-json\/wp\/v2\/media?parent=7154"}],"wp:term":[{"taxonomy":"category","embeddable":true,"href":"https:\/\/stepienybarno.es\/blog\/wp-json\/wp\/v2\/categories?post=7154"},{"taxonomy":"post_tag","embeddable":true,"href":"https:\/\/stepienybarno.es\/blog\/wp-json\/wp\/v2\/tags?post=7154"},{"taxonomy":"series","embeddable":true,"href":"https:\/\/stepienybarno.es\/blog\/wp-json\/wp\/v2\/series?post=7154"}],"curies":[{"name":"wp","href":"https:\/\/api.w.org\/{rel}","templated":true}]}}