{"id":7249,"date":"2012-12-21T10:18:44","date_gmt":"2012-12-21T08:18:44","guid":{"rendered":"https:\/\/www.stepienybarno.es\/blog\/?p=7249"},"modified":"2020-04-14T12:57:01","modified_gmt":"2020-04-14T10:57:01","slug":"decalogo-de-las-virtudes-del-arquitecto","status":"publish","type":"post","link":"https:\/\/stepienybarno.es\/blog\/2012\/12\/21\/decalogo-de-las-virtudes-del-arquitecto\/","title":{"rendered":"DEC\u00c1LOGO DE LAS VIRTUDES DEL ARQUITECTO"},"content":{"rendered":"<p style=\"margin-bottom: 0cm; line-height: 150%; text-align: center;\"><span style=\"font-family: 'Arial', sans-serif;\"><span style=\"font-size: x-small;\"><img loading=\"lazy\" decoding=\"async\" class=\"aligncenter size-full wp-image-7250\" title=\"x decalogo virtudes fortalezas arquitecto stepienybarno copia\" src=\"https:\/\/stepienybarno.es\/blog\/wp-content\/uploads\/2012\/12\/x-decalogo-virtudes-fortalezas-arquitecto-stepienybarno-copia.jpg\" alt=\"x decalogo virtudes fortalezas arquitecto stepienybarno copia\" width=\"350\" height=\"350\" srcset=\"https:\/\/stepienybarno.es\/blog\/wp-content\/uploads\/2012\/12\/x-decalogo-virtudes-fortalezas-arquitecto-stepienybarno-copia.jpg 350w, https:\/\/stepienybarno.es\/blog\/wp-content\/uploads\/2012\/12\/x-decalogo-virtudes-fortalezas-arquitecto-stepienybarno-copia-180x180.jpg 180w, https:\/\/stepienybarno.es\/blog\/wp-content\/uploads\/2012\/12\/x-decalogo-virtudes-fortalezas-arquitecto-stepienybarno-copia-224x224.jpg 224w, https:\/\/stepienybarno.es\/blog\/wp-content\/uploads\/2012\/12\/x-decalogo-virtudes-fortalezas-arquitecto-stepienybarno-copia-316x316.jpg 316w\" sizes=\"(max-width: 350px) 100vw, 350px\" \/><br \/>\n<\/span><\/span><\/p>\n<p style=\"margin-bottom: 0cm; line-height: 150%;\" align=\"LEFT\"><span style=\"font-family: 'Arial', sans-serif;\"><span style=\"font-size: x-small;\">Aprovechando que hoy se puede cumplir una temible profec\u00eda maya, hemos pensado que ser\u00e1 mejor que por lo menos nos pille con actitud positiva. Por ello, nos hemos puesto de acuerdo una buena cuadrilla para organizar un post colaborativo, a modo de dec\u00e1logo, que da fe de que los arquitectos, a pesar de lo que algunos puedan pensar, algo tenemos de bueno por el mero hecho de ser arquitectos.<\/span><\/span><\/p>\n<p style=\"margin-bottom: 0cm; line-height: 150%;\" align=\"LEFT\"><span style=\"font-family: 'Arial', sans-serif;\"><span style=\"font-size: x-small;\">Y no, no nos hemos olvidado de lo mal que est\u00e1 todo, pero un poco de luz, de vez en cuando, tampoco est\u00e1 mal, no?<\/span><\/span><\/p>\n<p style=\"margin-bottom: 0cm; line-height: 150%;\" align=\"LEFT\"><span style=\"font-family: 'Arial', sans-serif;\"><span style=\"font-size: x-small;\">A ver que os parece el post; ya nos contareis. <\/span><\/span><\/p>\n<p style=\"margin-bottom: 0cm; line-height: 150%;\" align=\"LEFT\"><!--more--><\/p>\n<blockquote>\n<p style=\"margin-bottom: 0cm; line-height: 150%;\" align=\"LEFT\">\u201c<span style=\"font-family: 'Arial', sans-serif;\"><span style=\"font-size: x-small;\"><strong>DEC\u00c1LOGO DE LAS VIRTUDES DEL ARQUITECTO\u201d<\/strong><\/span><\/span><\/p>\n<p style=\"margin-bottom: 0cm; line-height: 150%;\" align=\"LEFT\"><span style=\"font-family: 'Arial', sans-serif;\"><span style=\"font-size: x-small;\"><strong>1. Lectores de la realidad compleja.<\/strong><\/span><\/span><\/p>\n<p style=\"margin-bottom: 0cm; line-height: 150%;\" align=\"LEFT\"><span style=\"font-family: 'Arial', sans-serif;\"><span style=\"font-size: x-small;\">Capacidad de leer cada situaci\u00f3n (sea o no puramente arquitect\u00f3nica) de manera transversal y con un zoom muy amplio.<\/span><\/span><\/p>\n<p style=\"margin-bottom: 0cm; line-height: 150%;\" align=\"LEFT\"><span style=\"font-family: 'Arial', sans-serif;\"><span style=\"font-size: x-small;\"><br \/>\n<strong>2. Excelencia<\/strong><\/span><\/span><\/p>\n<p style=\"margin-bottom: 0cm; line-height: 150%;\" align=\"LEFT\"><span style=\"font-family: 'Arial', sans-serif;\"><span style=\"font-size: x-small;\">Adem\u00e1s de resolver los problemas que nos encontremos, tratamos de\u00a0construir\u00a0una realidad todav\u00eda mejor. <\/span><\/span><\/p>\n<p style=\"margin-bottom: 0cm; line-height: 150%;\" align=\"LEFT\"><span style=\"font-family: 'Arial', sans-serif;\"><span style=\"font-size: x-small;\"><strong>3. Capacidad de diagn\u00f3stico<\/strong><\/span><\/span><\/p>\n<p style=\"margin-bottom: 0cm; line-height: 150%;\" align=\"LEFT\"><span style=\"font-family: 'Arial', sans-serif;\"><span style=\"font-size: x-small;\">Los arquitectos somos capaces de describir,\u00a0analizar y reflexionar sobre nuestro entorno desde una formaci\u00f3n t\u00e9cnica y\u00a0humanista. <\/span><\/span><\/p>\n<p style=\"margin-bottom: 0cm; line-height: 150%;\" align=\"LEFT\"><span style=\"font-family: 'Arial', sans-serif;\"><span style=\"font-size: x-small;\"><strong>4. Mediadores<\/strong><\/span><\/span><\/p>\n<p style=\"margin-bottom: 0cm; line-height: 150%;\" align=\"LEFT\"><span style=\"font-family: 'Arial', sans-serif;\"><span style=\"font-size: x-small;\">Capacidad de mediaci\u00f3n con la sociedad pudiendo representar\u00a0gr\u00e1ficamente las soluciones a los problemas. <\/span><\/span><\/p>\n<p style=\"margin-bottom: 0cm; line-height: 150%;\" align=\"LEFT\"><span style=\"font-family: 'Arial', sans-serif;\"><span style=\"font-size: x-small;\"><strong>5.\u00a0Catalizadores de sinergias<\/strong><\/span><\/span><\/p>\n<p style=\"margin-bottom: 0cm; line-height: 150%;\" align=\"LEFT\"><span style=\"font-family: 'Arial', sans-serif;\"><span style=\"font-size: x-small;\">Enorme capacidad de provocar sinergias positivas entre diferentes agentes, con el claro objetivo\u00a0del bien com\u00fan. <\/span><\/span><\/p>\n<p style=\"margin-bottom: 0cm; line-height: 150%;\" align=\"LEFT\"><span style=\"font-family: 'Arial', sans-serif;\"><span style=\"font-size: x-small;\"><strong>6. Visi\u00f3n<\/strong><\/span><\/span><\/p>\n<p style=\"margin-bottom: 0cm; line-height: 150%;\" align=\"LEFT\"><span style=\"font-family: 'Arial', sans-serif;\"><span style=\"font-size: x-small;\">Un especial y enriquecedor modo de ver el mundo (diferente de artistas, lud\u00f3patas, soci\u00f3logos, fil\u00f3sofos, esten\u00f3grafos y otros no menos respetables vicios y profesiones). <\/span><\/span><\/p>\n<p style=\"margin-bottom: 0cm; line-height: 150%;\" align=\"LEFT\"><span style=\"font-family: 'Arial', sans-serif;\"><span style=\"font-size: x-small;\"><strong>7. Adaptaci\u00f3n<\/strong><\/span><\/span><\/p>\n<p style=\"margin-bottom: 0cm; line-height: 150%;\" align=\"LEFT\"><span style=\"font-family: 'Arial', sans-serif;\"><span style=\"font-size: x-small;\">Gran capacidad de trabajo, de adaptaci\u00f3n y de mejora. Una que no siempre se ve reflejada en las\u00a0instituciones\u00a0que los forman o los representan y que ojal\u00e1 las invada en un futuro\u00a0pr\u00f3ximo. <\/span><\/span><\/p>\n<p style=\"margin-bottom: 0cm; line-height: 150%;\" align=\"LEFT\"><span style=\"font-family: 'Arial', sans-serif;\"><span style=\"font-size: x-small;\"><strong>8. Capacidad de resiliencia.<\/strong><\/span><\/span><\/p>\n<p style=\"margin-bottom: 0cm; line-height: 150%;\" align=\"LEFT\"><span style=\"font-family: 'Arial', sans-serif;\"><span style=\"font-size: x-small;\">Lo cual nos permite salir fortalecidos de situaciones adversas ofreciendo una respuesta creativa. <\/span><\/span><\/p>\n<p style=\"margin-bottom: 0cm; line-height: 150%;\" align=\"LEFT\"><span style=\"font-family: 'Arial', sans-serif;\"><span style=\"font-size: x-small;\"><strong>9. Optimismo<\/strong><\/span><\/span><\/p>\n<p style=\"margin-bottom: 0cm; line-height: 150%;\" align=\"LEFT\"><span style=\"font-family: 'Arial', sans-serif;\"><span style=\"font-size: x-small;\">Un optimismo capaz de que hagamos cosas como \u00e9sta.<\/span><\/span><\/p>\n<p style=\"margin-bottom: 0cm; line-height: 150%;\" align=\"LEFT\"><span style=\"font-family: 'Arial', sans-serif;\"><span style=\"font-size: x-small;\"><strong>10. Paciencia<\/strong><\/span><\/span><\/p>\n<p style=\"margin-bottom: 0cm; line-height: 150%;\" align=\"LEFT\"><span style=\"font-family: 'Arial', sans-serif;\"><span style=\"font-size: x-small;\">Con la que esta cayendo, con lo que hay que ver escuchar y leer, ninguno ha agarrado aun una\u00a0motosierra. Lo que, sin duda, es de agradecer y digno de encomio. <\/span><\/span><\/p>\n<p style=\"margin-bottom: 0cm; line-height: 150%;\" align=\"LEFT\"><span style=\"font-family: 'Arial', sans-serif;\"><span style=\"font-size: x-small;\">* Autores del dec\u00e1logo:<a href=\"http:\/\/danielmoyano.net\/ccad\/\"> Daniel Moyano<\/a> + <a href=\"http:\/\/www.vaumm.com\/\">Vaumm<\/a> + <a href=\"http:\/\/softarq.tumblr.com\/\">luis llopis y eva chac\u00f3n <\/a>+ Stepienybarno + <a href=\"http:\/\/brijuniarquitectos.com\/\">Brijuni<\/a> + <a href=\"http:\/\/nmas1.wordpress.com\/\">n+1<\/a> +<a href=\"http:\/\/www.santiagodemolina.com\/\"> Santiago de Molina<\/a> + <a href=\"http:\/\/www.semisotano.es\/\">Semis\u00f3tano<\/a> +<a href=\"http:\/\/www.madc-arquitectos.com\/\"> MADC <\/a>+<a href=\"http:\/\/www.mmasa.net\/\"> Mmasa<\/a> + <a href=\"http:\/\/arquitextonica.net\/\">Arquitextonica<\/a> + <a href=\"http:\/\/danielayalaserrano.tumblr.com\/\">Daniel Ayala<\/a> <\/span><\/span><\/p>\n<p style=\"margin-bottom: 0cm; line-height: 150%;\" align=\"LEFT\"><span style=\"font-family: 'Arial', sans-serif;\"><span style=\"font-size: x-small;\">Y, por supuesto, ahora es vuestro turno! Seguro que a alguno se le ocurre alguna m\u00e1s! <\/span><\/span><\/p>\n<\/blockquote>\n<p style=\"margin-top: 0.22cm; margin-bottom: 0.22cm; background: #ffffff;\"><span style=\"color: #888888;\"><span style=\"font-family: 'Arial', sans-serif;\"><span style=\"font-size: x-small;\">* Este art\u00edculo ha sido escrito con car\u00e1cter divulgativo y sin ning\u00fan tipo de \u00e1nimo de lucro. As\u00ed que, si te apetece <strong>compartirlo<\/strong> en cualquier otro medio, estaremos encantados de que lo hagas siempre y cuando cites el lugar donde lo has encontrado.<\/span><\/span><\/span><\/p>\n<p style=\"margin-top: 0.22cm; margin-bottom: 0.22cm; background: #ffffff;\"><span style=\"font-family: 'Arial', sans-serif;\"><span style=\"font-size: x-small;\"><span style=\"color: #000000;\">Autores de la entrada: <\/span><a href=\"http:\/\/www.facebook.com\/col.prudant#!\/StepienybarnoCANAL\"><span style=\"color: #5e5e5e;\">Stepienybarno<\/span><\/a><\/span><\/span><\/p>\n<p style=\"margin-bottom: 0cm; line-height: 150%;\" align=\"JUSTIFY\"><span style=\"font-family: 'Arial', sans-serif;\"><span style=\"font-size: x-small;\"><span style=\"color: #0000ff;\"><span style=\"text-decoration: underline;\"><a href=\"http:\/\/www.linkedin.com\/company\/stepienybarno\">STEPIENYBARNO EN LINKEDIN<\/a><\/span><\/span><\/span><\/span><\/p>\n<p style=\"margin-bottom: 0cm; line-height: 150%;\" align=\"JUSTIFY\"><span style=\"font-family: 'Arial', sans-serif;\"><span style=\"font-size: x-small;\"><span style=\"color: #0000ff;\"><span style=\"text-decoration: underline;\"><a href=\"http:\/\/twitter.com\/stepienybarno\/stepienybarno\">STEPIENYBARNO EN TWITTER<\/a><\/span><\/span><\/span><\/span><\/p>\n<p style=\"margin-bottom: 0cm; line-height: 150%;\" align=\"LEFT\"><span style=\"font-family: 'Arial', sans-serif;\"><span style=\"font-size: x-small;\"><span style=\"color: #0000ff;\"><span style=\"text-decoration: underline;\"><a href=\"https:\/\/www.facebook.com\/pages\/BLOG-DE-STEPIENYBARNO\/78001079029\">STEPIENYBARNO EN FACEBOOK<\/a><\/span><\/span><\/span><\/span><\/p>\n<p style=\"margin-top: 0.22cm; margin-bottom: 0.22cm; background: #ffffff;\"><span style=\"color: #888888;\"><span style=\"font-family: 'Arial', sans-serif;\"><span style=\"font-size: x-small;\">* Stepienybarno est\u00e1 formado por Agnieszka Stepien y Lorenzo Barn\u00f3 y desde mayo del 2009 estamos en la red con la presente publicaci\u00f3n digital (Blog) de arquitectura. <\/span><\/span><\/span><\/p>\n<p style=\"margin-top: 0.22cm; margin-bottom: 0.22cm; background: #ffffff;\"><span style=\"color: #888888;\"><span style=\"font-family: 'Arial', sans-serif;\"><span style=\"font-size: x-small;\">Nuestra actividad se sustenta en tres pilares b\u00e1sicos: la investigaci\u00f3n, la publicaci\u00f3n y la redacci\u00f3n de proyectos de arquitectura.<\/span><\/span><\/span><\/p>\n<p style=\"margin-top: 0.22cm; margin-bottom: 0.22cm; background: #ffffff;\"><span style=\"font-family: 'Arial', sans-serif;\"><span style=\"font-size: x-small;\"><span style=\"color: #888888;\">A su vez, somos socios cofundadores de <a href=\"http:\/\/sinergiasostenible.org\/\">SINERGIA SOSTENIBLE<\/a> y redactores de <a href=\"http:\/\/www.laciudadviva.org\/blogs\/?author=45\">LA CIUDAD VIVA<\/a>.<\/span><\/span><\/span><\/p>\n<p style=\"margin-bottom: 0cm; line-height: 150%;\" align=\"LEFT\"><span style=\"color: #808080;\"><span style=\"font-family: 'Arial', sans-serif;\"><span style=\"font-size: x-small;\">* Los editores de esta publicaci\u00f3n digital no nos hacemos cargo de de los comentarios y conceptos vertidos en los textos firmados por otras personas, siendo \u00e9stos de responsabilidad exclusiva de sus autores.<\/span><\/span><\/span><\/p>\n<p style=\"margin-bottom: 0cm; line-height: 150%;\" align=\"JUSTIFY\"><span style=\"color: #808080;\"><span style=\"font-family: 'Arial', sans-serif;\"><span style=\"font-size: x-small;\">* Tu comentario pudiera ser moderado, por lo tanto, aunque aparezca inmediatamente al ser publicado en la entrada, los editores de esta publicaci\u00f3n digital nos reservamos el derecho tanto de editarlo (si fuera necesario, para hacerlo m\u00e1s legible) como de eliminarlo en el caso de que se usen expresiones incorrectas (descalificaciones, palabras malsonantes\u2026). A su vez, si quieres comentar desde el anonimato puedes hacerlo, aunque, nosotros personalmente, agradecemos que tod@s nos podamos identificar.<\/span><\/span><\/span><\/p>\n","protected":false},"excerpt":{"rendered":"\n<p>Aprovechando que hoy se puede cumplir una temible profec\u00eda maya, hemos pensado que ser\u00e1 mejor que por lo menos nos pille con actitud positiva. Por ello, nos hemos puesto de acuerdo una buena cuadrilla para organizar un post colaborativo, a modo de dec\u00e1logo, que da fe de que los arquitectos, a pesar de lo que algunos puedan pensar, algo tenemos de bueno por el mero hecho de ser arquitectos.<\/p>\n<p>Y no, no nos hemos olvidado de lo mal que est\u00e1 todo, pero un poco de luz, de vez en cuando, tampoco est\u00e1 mal, no?<\/p>\n<p>A ver que os parece el post; ya nos contareis. <\/p>\n","protected":false},"author":2,"featured_media":7250,"comment_status":"open","ping_status":"closed","sticky":false,"template":"","format":"standard","meta":{"om_disable_all_campaigns":false,"_monsterinsights_skip_tracking":false,"_monsterinsights_sitenote_active":false,"_monsterinsights_sitenote_note":"","_monsterinsights_sitenote_category":0,"_uf_show_specific_survey":0,"_uf_disable_surveys":false,"episode_type":"audio","audio_file":"","cover_image":"","cover_image_id":"","duration":"","filesize":"","date_recorded":"","explicit":"","block":"","filesize_raw":"","footnotes":""},"categories":[34,4,2976],"tags":[4274,9],"series":[],"class_list":["post-7249","post","type-post","status-publish","format-standard","has-post-thumbnail","hentry","category-actualidad","category-arquilectura","category-profesion-arquitecto","tag-actualidad","tag-arquitectura"],"aioseo_notices":[],"episode_featured_image":"https:\/\/stepienybarno.es\/blog\/wp-content\/uploads\/2012\/12\/x-decalogo-virtudes-fortalezas-arquitecto-stepienybarno-copia.jpg","episode_player_image":"https:\/\/stepienybarno.es\/blog\/wp-content\/uploads\/2020\/11\/stepienybarno-podcast-scaled.jpg","download_link":"","player_link":"","audio_player":false,"episode_data":{"playerMode":"dark","subscribeUrls":[],"rssFeedUrl":"https:\/\/stepienybarno.es\/blog\/feed\/podcast\/podcast-de-stepienybarno","embedCode":"<blockquote class=\"wp-embedded-content\" data-secret=\"48a9Z2RyAf\"><a href=\"https:\/\/stepienybarno.es\/blog\/2012\/12\/21\/decalogo-de-las-virtudes-del-arquitecto\/\">DEC\u00c1LOGO DE LAS VIRTUDES DEL ARQUITECTO<\/a><\/blockquote><iframe sandbox=\"allow-scripts\" security=\"restricted\" src=\"https:\/\/stepienybarno.es\/blog\/2012\/12\/21\/decalogo-de-las-virtudes-del-arquitecto\/embed\/#?secret=48a9Z2RyAf\" width=\"500\" height=\"350\" title=\"\u00abDEC\u00c1LOGO DE LAS VIRTUDES DEL ARQUITECTO\u00bb \u2014 Blog de STEPIEN Y BARNO - publicaci\u00f3n digital sobre arquitectura\" data-secret=\"48a9Z2RyAf\" frameborder=\"0\" marginwidth=\"0\" marginheight=\"0\" scrolling=\"no\" class=\"wp-embedded-content\"><\/iframe><script type=\"text\/javascript\">\n\/* <![CDATA[ *\/\n\/*! This file is auto-generated *\/\n!function(d,l){\"use strict\";l.querySelector&&d.addEventListener&&\"undefined\"!=typeof URL&&(d.wp=d.wp||{},d.wp.receiveEmbedMessage||(d.wp.receiveEmbedMessage=function(e){var t=e.data;if((t||t.secret||t.message||t.value)&&!\/[^a-zA-Z0-9]\/.test(t.secret)){for(var s,r,n,a=l.querySelectorAll('iframe[data-secret=\"'+t.secret+'\"]'),o=l.querySelectorAll('blockquote[data-secret=\"'+t.secret+'\"]'),c=new RegExp(\"^https?:$\",\"i\"),i=0;i<o.length;i++)o[i].style.display=\"none\";for(i=0;i<a.length;i++)s=a[i],e.source===s.contentWindow&&(s.removeAttribute(\"style\"),\"height\"===t.message?(1e3<(r=parseInt(t.value,10))?r=1e3:~~r<200&&(r=200),s.height=r):\"link\"===t.message&&(r=new URL(s.getAttribute(\"src\")),n=new URL(t.value),c.test(n.protocol))&&n.host===r.host&&l.activeElement===s&&(d.top.location.href=t.value))}},d.addEventListener(\"message\",d.wp.receiveEmbedMessage,!1),l.addEventListener(\"DOMContentLoaded\",function(){for(var e,t,s=l.querySelectorAll(\"iframe.wp-embedded-content\"),r=0;r<s.length;r++)(t=(e=s[r]).getAttribute(\"data-secret\"))||(t=Math.random().toString(36).substring(2,12),e.src+=\"#?secret=\"+t,e.setAttribute(\"data-secret\",t)),e.contentWindow.postMessage({message:\"ready\",secret:t},\"*\")},!1)))}(window,document);\n\/* ]]> *\/\n<\/script>\n"},"_links":{"self":[{"href":"https:\/\/stepienybarno.es\/blog\/wp-json\/wp\/v2\/posts\/7249"}],"collection":[{"href":"https:\/\/stepienybarno.es\/blog\/wp-json\/wp\/v2\/posts"}],"about":[{"href":"https:\/\/stepienybarno.es\/blog\/wp-json\/wp\/v2\/types\/post"}],"author":[{"embeddable":true,"href":"https:\/\/stepienybarno.es\/blog\/wp-json\/wp\/v2\/users\/2"}],"replies":[{"embeddable":true,"href":"https:\/\/stepienybarno.es\/blog\/wp-json\/wp\/v2\/comments?post=7249"}],"version-history":[{"count":7,"href":"https:\/\/stepienybarno.es\/blog\/wp-json\/wp\/v2\/posts\/7249\/revisions"}],"predecessor-version":[{"id":41104,"href":"https:\/\/stepienybarno.es\/blog\/wp-json\/wp\/v2\/posts\/7249\/revisions\/41104"}],"wp:featuredmedia":[{"embeddable":true,"href":"https:\/\/stepienybarno.es\/blog\/wp-json\/wp\/v2\/media\/7250"}],"wp:attachment":[{"href":"https:\/\/stepienybarno.es\/blog\/wp-json\/wp\/v2\/media?parent=7249"}],"wp:term":[{"taxonomy":"category","embeddable":true,"href":"https:\/\/stepienybarno.es\/blog\/wp-json\/wp\/v2\/categories?post=7249"},{"taxonomy":"post_tag","embeddable":true,"href":"https:\/\/stepienybarno.es\/blog\/wp-json\/wp\/v2\/tags?post=7249"},{"taxonomy":"series","embeddable":true,"href":"https:\/\/stepienybarno.es\/blog\/wp-json\/wp\/v2\/series?post=7249"}],"curies":[{"name":"wp","href":"https:\/\/api.w.org\/{rel}","templated":true}]}}