{"id":728,"date":"2009-06-24T23:08:07","date_gmt":"2009-06-24T21:08:07","guid":{"rendered":"https:\/\/www.stepienybarno.es\/blog\/?p=728"},"modified":"2009-06-24T23:08:07","modified_gmt":"2009-06-24T21:08:07","slug":"entrevista-con-jose-farina-parte-iii-%e2%80%93-educacion","status":"publish","type":"post","link":"https:\/\/stepienybarno.es\/blog\/2009\/06\/24\/entrevista-con-jose-farina-parte-iii-%e2%80%93-educacion\/","title":{"rendered":"ENTREVISTA con JOSE FARI\u00d1A parte III \u2013 Educaci\u00f3n"},"content":{"rendered":"<p class=\"EstiloCenturyGothic11ptJustificadoInterlineado15lneas\" style=\"margin: 0cm 0cm 0pt;\"><span style=\"line-height: 150%; font-family: Arial; mso-bidi-font-size: 11.0pt;\"><span style=\"font-size: small;\"><\/span><\/span><\/p>\n<p class=\"EstiloCenturyGothic11ptJustificadoInterlineado15lneas\" style=\"margin: 0cm 0cm 0pt; text-align: center;\"><span style=\"line-height: 150%; font-family: Arial; mso-bidi-font-size: 11.0pt;\"><span style=\"font-size: small;\"><a href=\"https:\/\/stepienybarno.es\/blog\/wp-content\/uploads\/2009\/06\/el-blog-de-jose-farina.jpg\"><img loading=\"lazy\" decoding=\"async\" class=\"alignnone size-full wp-image-729\" title=\"el-blog-de-jose-farina\" src=\"https:\/\/stepienybarno.es\/blog\/wp-content\/uploads\/2009\/06\/el-blog-de-jose-farina.jpg\" alt=\"el-blog-de-jose-farina\" width=\"759\" height=\"143\" srcset=\"https:\/\/stepienybarno.es\/blog\/wp-content\/uploads\/2009\/06\/el-blog-de-jose-farina.jpg 759w, https:\/\/stepienybarno.es\/blog\/wp-content\/uploads\/2009\/06\/el-blog-de-jose-farina-180x34.jpg 180w, https:\/\/stepienybarno.es\/blog\/wp-content\/uploads\/2009\/06\/el-blog-de-jose-farina-550x104.jpg 550w, https:\/\/stepienybarno.es\/blog\/wp-content\/uploads\/2009\/06\/el-blog-de-jose-farina-316x60.jpg 316w\" sizes=\"(max-width: 759px) 100vw, 759px\" \/><\/a><\/span><\/span><\/p>\n<p class=\"EstiloCenturyGothic11ptJustificadoInterlineado15lneas\" style=\"margin: 0cm 0cm 0pt;\"><span style=\"line-height: 150%; font-family: Arial; mso-bidi-font-size: 11.0pt;\"><span style=\"font-size: small;\">\u00a0<\/span><\/span><\/p>\n<p class=\"EstiloCenturyGothic11ptJustificadoInterlineado15lneas\" style=\"margin: 0cm 0cm 0pt;\"><span style=\"line-height: 150%; font-family: Arial; mso-bidi-font-size: 11.0pt;\"><span style=\"font-size: small;\">Hoy os presentamos la tercera parte de la entrevista que Jos\u00e9 Fari\u00f1a tuvo a bien concedernos. Como hab\u00e9is visto este hombre fue capaz de resumir lo imposible, en un ejercicio de s\u00edntesis espectacular. Nuevamente agradecerle desde aqu\u00ed la enorme paciencia y dedicaci\u00f3n que ha mostrado con nosotros. La verdad es que ha sido un lujo y un honor el poder entrevistar a un hombre como \u00e9l. <\/span><\/span><\/p>\n<p class=\"EstiloCenturyGothic11ptJustificadoInterlineado15lneas\" style=\"margin: 0cm 0cm 0pt;\"><span style=\"line-height: 150%; font-family: Arial; mso-bidi-font-size: 11.0pt;\"><span style=\"font-size: small;\">\u00a0<\/span><\/span><\/p>\n<p class=\"EstiloCenturyGothic11ptJustificadoInterlineado15lneas\" style=\"margin: 0cm 0cm 0pt;\"><span style=\"line-height: 150%; font-family: Arial; mso-bidi-font-size: 11.0pt;\"><!--more--><\/span><\/p>\n<p class=\"EstiloCenturyGothic11ptJustificadoInterlineado15lneas\" style=\"margin: 0cm 0cm 0pt;\"><span style=\"line-height: 150%; font-family: Arial; mso-bidi-font-size: 11.0pt;\"><span style=\"font-size: small;\">\u00a0<\/span><\/span><\/p>\n<p class=\"EstiloCenturyGothic11ptJustificadoInterlineado15lneas\" style=\"margin: 0cm 0cm 0pt;\"><span style=\"text-transform: uppercase; line-height: 150%; font-family: Arial; mso-bidi-font-size: 11.0pt;\"><span style=\"font-size: small;\">\u201cUna actitud \u00e9tica, de compromiso social y personal, es la base fundamental de todas las fortalezas y virtudes personales\u201d<\/span><\/span><\/p>\n<p class=\"EstiloCenturyGothic11ptJustificadoInterlineado15lneas\" style=\"margin: 0cm 0cm 0pt;\"><span style=\"text-transform: uppercase; line-height: 150%; font-family: Arial; mso-bidi-font-size: 11.0pt;\"><span style=\"font-size: small;\">\u00a0<\/span><\/span><\/p>\n<p class=\"EstiloCenturyGothic11ptJustificadoInterlineado15lneas\" style=\"margin: 0cm 0cm 0pt;\"><span style=\"line-height: 150%; font-family: Arial; mso-bidi-font-size: 11.0pt;\"><span style=\"font-size: small;\">\u00a0<\/span><\/span><\/p>\n<p class=\"EstiloCenturyGothic11ptJustificadoInterlineado15lneas\" style=\"margin: 0cm 0cm 0pt;\"><span style=\"line-height: 150%; font-family: Arial; mso-bidi-font-size: 11.0pt;\"><span style=\"font-size: small;\"><span style=\"color: #888888;\">&#8211; \u00bfCuales son las caracter\u00edsticas que debe tener un buen profesor de arquitectura?<\/span><\/span><\/span><\/p>\n<p class=\"EstiloCenturyGothic11ptJustificadoInterlineado15lneas\" style=\"margin: 0cm 0cm 0pt;\"><span style=\"line-height: 150%; font-family: Arial; mso-bidi-font-size: 11.0pt;\"><span style=\"font-size: small;\">Es muy complicada la pregunta y me la he hecho muchas veces cuando he estado en tribunales de concursos de profesorado. Dir\u00eda que las mismas que debe tener un profesor de m\u00fasica o de canto: posibilitar que el alumno encuentre su camino ense\u00f1\u00e1ndole las t\u00e9cnicas m\u00ednimas que le permitan hacerlo. Sin el conocimiento de la t\u00e9cnica es imposible que pueda llevar sus ideas adelante. Pero si se le machaca su creatividad para imponer la del profesor no habremos conseguido un buen arquitecto. Luego est\u00e1 la \u00e9tica, \u00faltimamente demasiado menospreciada, pero fundamental para formar al alumno como persona. <\/span><\/span><\/p>\n<p class=\"EstiloCenturyGothic11ptJustificadoInterlineado15lneas\" style=\"margin: 0cm 0cm 0pt;\"><span style=\"line-height: 150%; font-family: Arial; mso-bidi-font-size: 11.0pt;\"><span style=\"font-size: small;\">\u00a0<\/span><\/span><\/p>\n<p class=\"EstiloCenturyGothic11ptJustificadoInterlineado15lneas\" style=\"margin: 0cm 0cm 0pt;\"><span style=\"line-height: 150%; font-family: Arial; mso-bidi-font-size: 11.0pt;\"><span style=\"font-size: small;\"><span style=\"color: #888888;\">&#8211; \u00bfQu\u00e9 fortalezas o virtudes personales crees que se manifiestan a la hora de realizar tu actividad diaria sobre todo en tema de la ense\u00f1anza?<\/span><\/span><\/span><\/p>\n<p class=\"EstiloCenturyGothic11ptJustificadoInterlineado15lneas\" style=\"margin: 0cm 0cm 0pt;\"><span style=\"line-height: 150%; font-family: Arial; mso-bidi-font-size: 11.0pt;\"><span style=\"font-size: small;\">Antes mencion\u00e9 la \u00e9tica como una caracter\u00edstica fundamental que debe tener un buen profesor (no s\u00f3lo de arquitectura). Pienso que una actitud \u00e9tica, de compromiso social y personal, es la base fundamental de todas las fortalezas y virtudes personales. Sin ella se podr\u00e1n formar m\u00e1quinas perfectas, pero no personas comprometidas con la sociedad de su tiempo.<\/span><\/span><\/p>\n<p class=\"EstiloCenturyGothic11ptJustificadoInterlineado15lneas\" style=\"margin: 0cm 0cm 0pt;\"><span style=\"line-height: 150%; font-family: Arial; mso-bidi-font-size: 11.0pt;\"><span style=\"font-size: small;\">\u00a0<\/span><\/span><\/p>\n<p class=\"EstiloCenturyGothic11ptJustificadoInterlineado15lneas\" style=\"margin: 0cm 0cm 0pt;\"><span style=\"line-height: 150%; font-family: Arial; mso-bidi-font-size: 11.0pt;\"><span style=\"font-size: small;\"><span style=\"color: #888888;\">&#8211; \u00bfHasta que punto queda espacio para la utop\u00eda o los planteamientos con un cierto grado de fantas\u00eda dentro del \u00e1mbito universitario?<\/span><\/span><\/span><\/p>\n<p class=\"EstiloCenturyGothic11ptJustificadoInterlineado15lneas\" style=\"margin: 0cm 0cm 0pt;\"><span style=\"line-height: 150%; font-family: Arial; mso-bidi-font-size: 11.0pt;\"><span style=\"font-size: small;\">Me temo que queda poco espacio. Dado que soy un \u201cbicho raro\u201d (licenciado en derecho, arquitecto y t\u00e9cnico urbanista, tambi\u00e9n profesor de ciencias ambientales y paisaje) tengo relaci\u00f3n con campos muy distintos del conocimiento. En muchos de ellos, por ejemplo en casi todas las ingenier\u00edas, sencillamente no existe. En el campo jur\u00eddico (aunque parezca incre\u00edble) a veces si que nos encontramos con posibilidades de expandir la imaginaci\u00f3n y plantear utop\u00edas. Pero el \u00e1rea de conocimiento que m\u00e1s posibilidades deja al alumno es arquitectura, aunque existe una cierta corriente (que viene de lejos) que pretende convertir al arquitecto en una especie de pseudoingeniero. Particularmente pienso que es un error.<\/span><\/span><\/p>\n<p class=\"EstiloCenturyGothic11ptJustificadoInterlineado15lneas\" style=\"margin: 0cm 0cm 0pt;\"><span style=\"line-height: 150%; font-family: Arial; mso-bidi-font-size: 11.0pt;\"><span style=\"font-size: small;\">\u00a0<\/span><\/span><\/p>\n<p class=\"EstiloCenturyGothic11ptJustificadoInterlineado15lneas\" style=\"margin: 0cm 0cm 0pt;\"><span style=\"line-height: 150%; font-family: Arial; mso-bidi-font-size: 11.0pt;\"><span style=\"font-size: small;\"><span style=\"color: #888888;\">&#8211; \u00bf consideras importante el tema de la lectura dentro del \u00e1mbito de la arquitectura?<\/span><\/span><\/span><\/p>\n<p class=\"EstiloCenturyGothic11ptJustificadoInterlineado15lneas\" style=\"margin: 0cm 0cm 0pt;\"><span style=\"line-height: 150%; font-family: Arial; mso-bidi-font-size: 11.0pt;\"><span style=\"font-size: small;\">Igual de importante que los viajes. Antes he mencionado el tema de la \u00e9tica y el compromiso. La \u00e9tica y el compromiso no surgen de la nada sino de una formaci\u00f3n que lleva tiempo y trabajo. Y parte muy importante de esta formaci\u00f3n est\u00e1 en los libros. Hoy en d\u00eda para leer un libro no es necesario acudir a una biblioteca. Yo ha hace a\u00f1os que casi no compro libros en papel (aunque algunos, sobre todo poes\u00eda y novelas, si) sino que los leo directamente en formato electr\u00f3nico en la pantalla del ordenador. <\/span><\/span><\/p>\n<p class=\"EstiloCenturyGothic11ptJustificadoInterlineado15lneas\" style=\"margin: 0cm 0cm 0pt;\"><span style=\"line-height: 150%; font-family: Arial; mso-bidi-font-size: 11.0pt;\"><span style=\"font-size: small;\">\u00a0<\/span><\/span><\/p>\n<p class=\"EstiloCenturyGothic11ptJustificadoInterlineado15lneas\" style=\"margin: 0cm 0cm 0pt;\"><span style=\"line-height: 150%; font-family: Arial; mso-bidi-font-size: 11.0pt;\"><span style=\"font-size: small;\"><span style=\"color: #888888;\">&#8211; \u00bfCu\u00e1l es el mejor recuerdo que guardas de todos estos a\u00f1os dedicado a la docencia?<\/span><\/span><\/span><\/p>\n<p class=\"EstiloCenturyGothic11ptJustificadoInterlineado15lneas\" style=\"margin: 0cm 0cm 0pt;\"><span style=\"line-height: 150%; font-family: Arial; mso-bidi-font-size: 11.0pt;\"><span style=\"font-size: small;\">Muchos, muchos. No quiero citar nombres, pero cuando veo algunos edificios o planes que han redactado los que han sido mis alumnos a veces casi lloro de la emoci\u00f3n.<\/span><\/span><\/p>\n<p class=\"MsoNormal\" style=\"margin: 0cm 0cm 0pt;\"><span style=\"font-family: Arial;\"><span style=\"font-size: small;\">\u00a0<\/span><\/span><\/p>\n","protected":false},"excerpt":{"rendered":"<p>\u00a0 Hoy os presentamos la tercera parte de la entrevista<\/p>\n","protected":false},"author":2,"featured_media":0,"comment_status":"open","ping_status":"closed","sticky":false,"template":"","format":"standard","meta":{"om_disable_all_campaigns":false,"_monsterinsights_skip_tracking":false,"_monsterinsights_sitenote_active":false,"_monsterinsights_sitenote_note":"","_monsterinsights_sitenote_category":0,"_uf_show_specific_survey":0,"_uf_disable_surveys":false,"episode_type":"","audio_file":"","cover_image":"","cover_image_id":"","duration":"","filesize":"","date_recorded":"","explicit":"","block":"","filesize_raw":"","footnotes":""},"categories":[63],"tags":[9,65,4271,4272,54],"series":[],"class_list":["post-728","post","type-post","status-publish","format-standard","hentry","category-arqui-entrevista","tag-arquitectura","tag-educacion","tag-sostenibilidad","tag-urbanismo","tag-urbanismo-sostenible"],"aioseo_notices":[],"episode_featured_image":false,"episode_player_image":"https:\/\/stepienybarno.es\/blog\/wp-content\/uploads\/2020\/11\/stepienybarno-podcast-scaled.jpg","download_link":"","player_link":"","audio_player":false,"episode_data":{"playerMode":"dark","subscribeUrls":[],"rssFeedUrl":"https:\/\/stepienybarno.es\/blog\/feed\/podcast\/podcast-de-stepienybarno","embedCode":"<blockquote class=\"wp-embedded-content\" data-secret=\"deMopG78f0\"><a href=\"https:\/\/stepienybarno.es\/blog\/2009\/06\/24\/entrevista-con-jose-farina-parte-iii-%e2%80%93-educacion\/\">ENTREVISTA con JOSE FARI\u00d1A parte III \u2013 Educaci\u00f3n<\/a><\/blockquote><iframe sandbox=\"allow-scripts\" security=\"restricted\" src=\"https:\/\/stepienybarno.es\/blog\/2009\/06\/24\/entrevista-con-jose-farina-parte-iii-%e2%80%93-educacion\/embed\/#?secret=deMopG78f0\" width=\"500\" height=\"350\" title=\"\u00abENTREVISTA con JOSE FARI\u00d1A parte III \u2013 Educaci\u00f3n\u00bb \u2014 Blog de STEPIEN Y BARNO - publicaci\u00f3n digital sobre arquitectura\" data-secret=\"deMopG78f0\" frameborder=\"0\" marginwidth=\"0\" marginheight=\"0\" scrolling=\"no\" class=\"wp-embedded-content\"><\/iframe><script type=\"text\/javascript\">\n\/* <![CDATA[ *\/\n\/*! This file is auto-generated *\/\n!function(d,l){\"use strict\";l.querySelector&&d.addEventListener&&\"undefined\"!=typeof URL&&(d.wp=d.wp||{},d.wp.receiveEmbedMessage||(d.wp.receiveEmbedMessage=function(e){var t=e.data;if((t||t.secret||t.message||t.value)&&!\/[^a-zA-Z0-9]\/.test(t.secret)){for(var s,r,n,a=l.querySelectorAll('iframe[data-secret=\"'+t.secret+'\"]'),o=l.querySelectorAll('blockquote[data-secret=\"'+t.secret+'\"]'),c=new RegExp(\"^https?:$\",\"i\"),i=0;i<o.length;i++)o[i].style.display=\"none\";for(i=0;i<a.length;i++)s=a[i],e.source===s.contentWindow&&(s.removeAttribute(\"style\"),\"height\"===t.message?(1e3<(r=parseInt(t.value,10))?r=1e3:~~r<200&&(r=200),s.height=r):\"link\"===t.message&&(r=new URL(s.getAttribute(\"src\")),n=new URL(t.value),c.test(n.protocol))&&n.host===r.host&&l.activeElement===s&&(d.top.location.href=t.value))}},d.addEventListener(\"message\",d.wp.receiveEmbedMessage,!1),l.addEventListener(\"DOMContentLoaded\",function(){for(var e,t,s=l.querySelectorAll(\"iframe.wp-embedded-content\"),r=0;r<s.length;r++)(t=(e=s[r]).getAttribute(\"data-secret\"))||(t=Math.random().toString(36).substring(2,12),e.src+=\"#?secret=\"+t,e.setAttribute(\"data-secret\",t)),e.contentWindow.postMessage({message:\"ready\",secret:t},\"*\")},!1)))}(window,document);\n\/* ]]> *\/\n<\/script>\n"},"_links":{"self":[{"href":"https:\/\/stepienybarno.es\/blog\/wp-json\/wp\/v2\/posts\/728"}],"collection":[{"href":"https:\/\/stepienybarno.es\/blog\/wp-json\/wp\/v2\/posts"}],"about":[{"href":"https:\/\/stepienybarno.es\/blog\/wp-json\/wp\/v2\/types\/post"}],"author":[{"embeddable":true,"href":"https:\/\/stepienybarno.es\/blog\/wp-json\/wp\/v2\/users\/2"}],"replies":[{"embeddable":true,"href":"https:\/\/stepienybarno.es\/blog\/wp-json\/wp\/v2\/comments?post=728"}],"version-history":[{"count":2,"href":"https:\/\/stepienybarno.es\/blog\/wp-json\/wp\/v2\/posts\/728\/revisions"}],"predecessor-version":[{"id":731,"href":"https:\/\/stepienybarno.es\/blog\/wp-json\/wp\/v2\/posts\/728\/revisions\/731"}],"wp:attachment":[{"href":"https:\/\/stepienybarno.es\/blog\/wp-json\/wp\/v2\/media?parent=728"}],"wp:term":[{"taxonomy":"category","embeddable":true,"href":"https:\/\/stepienybarno.es\/blog\/wp-json\/wp\/v2\/categories?post=728"},{"taxonomy":"post_tag","embeddable":true,"href":"https:\/\/stepienybarno.es\/blog\/wp-json\/wp\/v2\/tags?post=728"},{"taxonomy":"series","embeddable":true,"href":"https:\/\/stepienybarno.es\/blog\/wp-json\/wp\/v2\/series?post=728"}],"curies":[{"name":"wp","href":"https:\/\/api.w.org\/{rel}","templated":true}]}}