{"id":7311,"date":"2013-01-03T12:22:46","date_gmt":"2013-01-03T10:22:46","guid":{"rendered":"https:\/\/www.stepienybarno.es\/blog\/?p=7311"},"modified":"2014-05-15T20:21:26","modified_gmt":"2014-05-15T18:21:26","slug":"porque-la-arquitectura-no-es-un-juego-marqnifestacion","status":"publish","type":"post","link":"https:\/\/stepienybarno.es\/blog\/2013\/01\/03\/porque-la-arquitectura-no-es-un-juego-marqnifestacion\/","title":{"rendered":"PORQUE LA ARQUITECTURA NO ES UN JUEGO  #MARQNIFESTACI\u00d3N"},"content":{"rendered":"<p align=\"left\">\n<p style=\"text-align: center;\"><img loading=\"lazy\" decoding=\"async\" class=\"aligncenter size-full wp-image-7312\" title=\"lego-architecture-villa-savoye-box-  #Marqnifestaci\u00f3n LSP STEPIENYBARNO COAM 350\" src=\"https:\/\/stepienybarno.es\/blog\/wp-content\/uploads\/2013\/01\/lego-architecture-villa-savoye-box-Marqnifestaci\u00f3n-LSP-STEPIENYBARNO-COAM-350-.jpg\" alt=\"lego-architecture-villa-savoye-box-  #Marqnifestaci\u00f3n LSP STEPIENYBARNO COAM 350\" width=\"350\" height=\"290\" srcset=\"https:\/\/stepienybarno.es\/blog\/wp-content\/uploads\/2013\/01\/lego-architecture-villa-savoye-box-Marqnifestaci\u00f3n-LSP-STEPIENYBARNO-COAM-350-.jpg 350w, https:\/\/stepienybarno.es\/blog\/wp-content\/uploads\/2013\/01\/lego-architecture-villa-savoye-box-Marqnifestaci\u00f3n-LSP-STEPIENYBARNO-COAM-350--180x149.jpg 180w, https:\/\/stepienybarno.es\/blog\/wp-content\/uploads\/2013\/01\/lego-architecture-villa-savoye-box-Marqnifestaci\u00f3n-LSP-STEPIENYBARNO-COAM-350--316x262.jpg 316w\" sizes=\"(max-width: 350px) 100vw, 350px\" \/><\/p>\n<p align=\"left\">\n<p align=\"left\">Convocada para hoy, Jueves 3 de enero, a las 17.30 delante del\u00a0COAM\u00a0 <a href=\"https:\/\/twitter.com\/search?q=%23Marqnifestaci%C3%B3n&amp;src=hash\">#MARQNIFESTACI\u00d3N<\/a><\/p>\n<p align=\"left\">\u00bfEl asunto? os lo contamos a continuaci\u00f3n.<\/p>\n<p align=\"left\"><!--more--><\/p>\n<p align=\"left\">\n<p align=\"left\">\n<p align=\"left\">El Ministerio de Econom\u00eda, de la mano de Luis de Guindos, est\u00e1 preparando la puntilla para una de las profesiones m\u00e1s vapuleadas por la crisis: la arquitectura.<\/p>\n<p align=\"left\">Se trata de un antreproyecto de <a href=\"http:\/\/www.slideshare.net\/dmontero1977\/anteproyecto-ley-servicios-profesionales\">Ley de Servicios Profesionales<\/a> que abogando por una serie de forzad\u00edsimos\u00a0 razonamientos como \u201cmejorar la competitividad de un sector que supone alrededor del 30% del empleo universitario\u201d, pretende regular competencias en materia de arquitectura. \u00a0El texto apuesta por que \u00a0<strong>la exclusividad de proyectar edificios<\/strong> residenciales, \u00a0culturales, docentes o religiosos, hasta ahora en manos de los arquitectos y sus respectivas direcciones de obra (arquitectos + aparejadores), pasen a ser competencia tambi\u00e9n de ingenieros e ingenieros t\u00e9cnicos. <strong>Una ley sobre competencias que m\u00e1s bien parece lo contrario<\/strong>: sobre incompetencias e \u00bfincompetentes? legisladores.<\/p>\n<p align=\"left\">\n<p align=\"left\">Vayamos por partes. Cierto es que, para construir <strong>gran parte del parque edificatorio<\/strong> que se levant\u00f3 durante la burbuja, no hac\u00eda falta ser Alvar Aalto.\u00a0 Estamos hablando de un peque\u00f1o porcentaje de arquitectos que construyeron muchas, sin duda, demasiadas, viviendas al servicio de un sector inmobiliario que con la permisividad de nuestros pol\u00edticos macizaron media Espa\u00f1a.<\/p>\n<p align=\"left\">Aun as\u00ed, incluso para este tipo de \u201carquitectura\u201d, los arquitectos, dentro del peque\u00f1o margen de maniobra que puedan tener, lo hacen mejor que un ingeniero. \u00bfLa raz\u00f3n? Sencillamente, que en la carrera de arquitectura, durante 5 intensos a\u00f1os m\u00e1s otro de Fin de Carrera, te preparan espec\u00edficamente para esto. Un ingeniero, m\u00e1s all\u00e1 de que el edificio se sostenga y pueda tener sus correctas instalaciones, no tiene preparaci\u00f3n espec\u00edfica en el tema.<\/p>\n<p align=\"left\">A su vez, llevar una correcta <strong>direcci\u00f3n de obra<\/strong> no es tan f\u00e1cil como pudiera parecer y el tandem &#8211; <strong>arquitecto + aparejador<\/strong> &#8211; se ha demostrado m\u00e1s que eficiente en este terreno. Nuevamente, la preparaci\u00f3n durante ambas carreras es el principal argumento que debe mantenerse para que no cambien las competencias.<\/p>\n<p align=\"left\">\n<p align=\"left\">Pero si en vez de \u201cconstrucciones\u201d hablamos de arquitectura, aqu\u00ed no hay mucho que rascar. La arquitectura no es un juego; no se es arquitecto de la noche a la ma\u00f1ana y para serlo hace falta una gran preparaci\u00f3n y un gran amor por la propia arquitectura. S\u00ed, s\u00ed, amor con todas sus letras; la arquitectura, <strong>la buena arquitectura, no es una carrera, es una forma de vida. Es complicado ser arquitecto de 8 a 3. <\/strong>Los arquitectos so\u00f1amos con la arquitectura, tanto despiertos como, muchas veces, dormidos. Y no so\u00f1amos con la edificaci\u00f3n, so\u00f1amos con lo que hay detr\u00e1s de los ladrillos, con lo que no se ve y responde directamente a las necesidades de la esencia del hombre. \u00bf<strong>Se puede construir arquitectura sin saber quien es <a href=\"http:\/\/www.laeditorialvirtual.com.ar\/pages\/heidegger\/heidegger_construirhabitarpensar.htm\">Heidedegger<\/a>? <\/strong>No, no; lo mismo que ning\u00fan callista puede operar a coraz\u00f3n abierto, los ingenieros no pueden proyectar arquitectura.<\/p>\n<p align=\"left\">\n<p align=\"left\">Por otro lado, y aunque creemos que los legisladores no estaban pensando en esto, <strong>Mies, Le Corbusier o Frank Lloyd Wright\u00a0 no eran arquitectos, o mejor dicho s\u00ed eran arquitectos, pero no estudiaron la carrera de arquitectura.<\/strong> Por lo tanto, y aunque parezca contradictorio con lo que hemos expresado en el p\u00e1rrafo anterior, s\u00ed se puede construir arquitectura sin tener el t\u00edtulo; de hecho, uno de los mejores arquitectos que conocemos es aparejador de formaci\u00f3n. Pero una cosa es que una persona, tenga la formaci\u00f3n original que tenga, pueda llegar auto-formarse para ser arquitecto y otra es que todos los ingenieros puedan, por que s\u00ed, proyectar arquitectura.<\/p>\n<p align=\"left\">\n<p align=\"left\">Sin embargo, este asunto, a pesar de su repercusi\u00f3n medi\u00e1tica y trascendencia para el futuro de la profesi\u00f3n, <strong>no es el mayor problema que tenemos los arquitectos.<\/strong> Sin duda, hay muchos otros frentes donde tenemos que echar el resto para poder sobrevivir como profesi\u00f3n y en muchos de ellos ninguna culpa tienen nuestros legisladores.<\/p>\n<p align=\"left\">Sobre estos temas hemos hablado y hablaremos hasta la saciedad en este mismo blog; pero, hoy conviene centrarnos en este nuevo atropello a los arquitectos. No est\u00e1 bien, en esta ocasi\u00f3n, hacer le\u00f1a del \u00e1rbol ca\u00eddo.<\/p>\n<p align=\"left\"><strong>La ley no mejorar\u00e1 nada; lo \u00fanico que conseguir\u00e1 es que para repartir las escasas migajas del pastel arquitect\u00f3nico haya navajazos por doquier.<\/strong> Al final, como casi siempre, primar\u00e1 lo m\u00e1s r\u00e1pido y barato y en eso los arquitectos, que tenemos otras virtudes, no somos los mejores.<\/p>\n<p align=\"left\">Si la ley sale adelante, los arquitectos tendremos un futuro todav\u00eda m\u00e1s negro y la sociedad quedar\u00e1 privada de buena parte de arquitectura.<\/p>\n<p align=\"left\">\n<p align=\"left\">En fin, es como si para ser pol\u00edtico, cambiar leyes y dirigir nuestro futuro, pudiera serlo cualquiera. Ah! que s\u00ed que puede. Pues eso; NO al nuevo anteproyecto de Ley de Servicios Profesionales<\/p>\n<p align=\"left\">\n<p align=\"left\">\n<blockquote>\n<p align=\"left\">M\u00e1s informaci\u00f3n sobre el proyecto de la Ley de Servicios Profesionales:<\/p>\n<p align=\"left\">En N+1, <a href=\"https:\/\/stepienybarno.es\/blog\/2013\/01\/03\/nueva-ley-de-servicios-profesionales-la-de-cal-y-la-de-arena\/\">aqu\u00ed<\/a><\/p>\n<p align=\"left\">En Edgar Gonzalez, <a href=\"http:\/\/www.edgargonzalez.com\/2012\/12\/31\/ley-de-servicios-profesionales\/\">aqu\u00ed.<\/a><\/p>\n<p align=\"left\">En Cscae, <a href=\"http:\/\/www.cscae.com\/index.php?option=com_content&amp;view=article&amp;id=2323:comunicado-a-todos-los-arquitectos-soblre-la-ley-de-servicios-profesionales&amp;catid=150:presidencia-cscae&amp;Itemid=332\">aqu\u00ed. <\/a><\/p>\n<p align=\"left\">El anteproyecto, <a href=\"http:\/\/www.slideshare.net\/dmontero1977\/anteproyecto-ley-servicios-profesionales\">aqu\u00ed.<\/a><\/p>\n<\/blockquote>\n<p align=\"left\">\n<p align=\"left\">Noticia seleccionada por el Canal de arquitectura STEPIENYBARNO.<\/p>\n<p align=\"left\"><a href=\"http:\/\/www.linkedin.com\/company\/stepienybarno\">STEPIENYBARNO EN LINKEDIN<\/a><\/p>\n<p align=\"left\"><a href=\"http:\/\/twitter.com\/stepienybarno\/stepienybarno\">STEPIENYBARNO EN TWITTER<\/a><\/p>\n<p align=\"left\"><a href=\"https:\/\/www.facebook.com\/pages\/BLOG-DE-STEPIENYBARNO\/78001079029\">STEPIENYBARNO EN FACEBOOK<\/a><\/p>\n<p align=\"left\">\n<p align=\"left\">*Stepienybarno est\u00e1 formado por Agnieszka Stepien y Lorenzo Barn\u00f3 y desde mayo del 2009 estamos en la red con\u00a0 la presente publicaci\u00f3n digital (Blog) de arquitectura.<\/p>\n<p align=\"left\">Nuestra actividad se sustenta en tres pilares b\u00e1sicos: la investigaci\u00f3n, la publicaci\u00f3n (comunicaci\u00f3n y difusi\u00f3n) y la redacci\u00f3n de proyectos de arquitectura.<\/p>\n<p align=\"left\">A su vez, somos socios cofundadores de <a href=\"http:\/\/sinergiasostenible.org\/\">SINERGIA SOSTENIBLE<\/a> y redactores de <a href=\"http:\/\/www.laciudadviva.org\/blogs\/?author=45\">LA CIUDAD VIVA<\/a>.<\/p>\n<p align=\"left\">\n<p align=\"left\">* Los editores de esta publicaci\u00f3n digital no nos hacemos cargo de de los comentarios y\u00a0 conceptos vertidos en los textos firmados por otras personas, siendo \u00e9stos de responsabilidad exclusiva de sus autores.<\/p>\n<p align=\"left\">\n<p align=\"left\">* Tu comentario podr\u00e1 ser moderado, por lo tanto, aunque aparezca inmediatamente al ser publicado en la entrada, los editores de esta publicaci\u00f3n digital nos reservamos el derecho tanto de editarlo (si fuera necesario, para hacerlo m\u00e1s legible) como de eliminarlo en el caso de que se usen expresiones incorrectas (descalificaciones, palabras malsonantes\u2026). A su vez, si quieres comentar desde el anonimato puedes hacerlo, aunque, nosotros personalmente, agradecemos que tod@s nos podamos identificar.<\/p>\n","protected":false},"excerpt":{"rendered":"<p>Convocada para hoy, Jueves 3 de enero, a las 17.30 delante del COAM  #MARQNIFESTACI\u00d3N<\/p>\n<p>\u00bfEl asunto? os lo contamos a continuaci\u00f3n.<\/p>\n","protected":false},"author":2,"featured_media":0,"comment_status":"open","ping_status":"closed","sticky":false,"template":"","format":"standard","meta":{"om_disable_all_campaigns":false,"_monsterinsights_skip_tracking":false,"_monsterinsights_sitenote_active":false,"_monsterinsights_sitenote_note":"","_monsterinsights_sitenote_category":0,"_uf_show_specific_survey":0,"_uf_disable_surveys":false,"episode_type":"","audio_file":"","cover_image":"","cover_image_id":"","duration":"","filesize":"","date_recorded":"","explicit":"","block":"","filesize_raw":"","footnotes":""},"categories":[34,4,2976],"tags":[2134,4274,9,874],"series":[],"class_list":["post-7311","post","type-post","status-publish","format-standard","hentry","category-actualidad","category-arquilectura","category-profesion-arquitecto","tag-marqnifestacion","tag-actualidad","tag-arquitectura","tag-coam"],"aioseo_notices":[],"episode_featured_image":false,"episode_player_image":"https:\/\/stepienybarno.es\/blog\/wp-content\/uploads\/2020\/11\/stepienybarno-podcast-scaled.jpg","download_link":"","player_link":"","audio_player":false,"episode_data":{"playerMode":"dark","subscribeUrls":[],"rssFeedUrl":"https:\/\/stepienybarno.es\/blog\/feed\/podcast\/podcast-de-stepienybarno","embedCode":"<blockquote class=\"wp-embedded-content\" data-secret=\"jD8qBnWDZw\"><a href=\"https:\/\/stepienybarno.es\/blog\/2013\/01\/03\/porque-la-arquitectura-no-es-un-juego-marqnifestacion\/\">PORQUE LA ARQUITECTURA NO ES UN JUEGO  #MARQNIFESTACI\u00d3N<\/a><\/blockquote><iframe sandbox=\"allow-scripts\" security=\"restricted\" src=\"https:\/\/stepienybarno.es\/blog\/2013\/01\/03\/porque-la-arquitectura-no-es-un-juego-marqnifestacion\/embed\/#?secret=jD8qBnWDZw\" width=\"500\" height=\"350\" title=\"\u00abPORQUE LA ARQUITECTURA NO ES UN JUEGO  #MARQNIFESTACI\u00d3N\u00bb \u2014 Blog de STEPIEN Y BARNO - publicaci\u00f3n digital sobre arquitectura\" data-secret=\"jD8qBnWDZw\" frameborder=\"0\" marginwidth=\"0\" marginheight=\"0\" scrolling=\"no\" class=\"wp-embedded-content\"><\/iframe><script type=\"text\/javascript\">\n\/* <![CDATA[ *\/\n\/*! This file is auto-generated *\/\n!function(d,l){\"use strict\";l.querySelector&&d.addEventListener&&\"undefined\"!=typeof URL&&(d.wp=d.wp||{},d.wp.receiveEmbedMessage||(d.wp.receiveEmbedMessage=function(e){var t=e.data;if((t||t.secret||t.message||t.value)&&!\/[^a-zA-Z0-9]\/.test(t.secret)){for(var s,r,n,a=l.querySelectorAll('iframe[data-secret=\"'+t.secret+'\"]'),o=l.querySelectorAll('blockquote[data-secret=\"'+t.secret+'\"]'),c=new RegExp(\"^https?:$\",\"i\"),i=0;i<o.length;i++)o[i].style.display=\"none\";for(i=0;i<a.length;i++)s=a[i],e.source===s.contentWindow&&(s.removeAttribute(\"style\"),\"height\"===t.message?(1e3<(r=parseInt(t.value,10))?r=1e3:~~r<200&&(r=200),s.height=r):\"link\"===t.message&&(r=new URL(s.getAttribute(\"src\")),n=new URL(t.value),c.test(n.protocol))&&n.host===r.host&&l.activeElement===s&&(d.top.location.href=t.value))}},d.addEventListener(\"message\",d.wp.receiveEmbedMessage,!1),l.addEventListener(\"DOMContentLoaded\",function(){for(var e,t,s=l.querySelectorAll(\"iframe.wp-embedded-content\"),r=0;r<s.length;r++)(t=(e=s[r]).getAttribute(\"data-secret\"))||(t=Math.random().toString(36).substring(2,12),e.src+=\"#?secret=\"+t,e.setAttribute(\"data-secret\",t)),e.contentWindow.postMessage({message:\"ready\",secret:t},\"*\")},!1)))}(window,document);\n\/* ]]> *\/\n<\/script>\n"},"_links":{"self":[{"href":"https:\/\/stepienybarno.es\/blog\/wp-json\/wp\/v2\/posts\/7311"}],"collection":[{"href":"https:\/\/stepienybarno.es\/blog\/wp-json\/wp\/v2\/posts"}],"about":[{"href":"https:\/\/stepienybarno.es\/blog\/wp-json\/wp\/v2\/types\/post"}],"author":[{"embeddable":true,"href":"https:\/\/stepienybarno.es\/blog\/wp-json\/wp\/v2\/users\/2"}],"replies":[{"embeddable":true,"href":"https:\/\/stepienybarno.es\/blog\/wp-json\/wp\/v2\/comments?post=7311"}],"version-history":[{"count":3,"href":"https:\/\/stepienybarno.es\/blog\/wp-json\/wp\/v2\/posts\/7311\/revisions"}],"predecessor-version":[{"id":7314,"href":"https:\/\/stepienybarno.es\/blog\/wp-json\/wp\/v2\/posts\/7311\/revisions\/7314"}],"wp:attachment":[{"href":"https:\/\/stepienybarno.es\/blog\/wp-json\/wp\/v2\/media?parent=7311"}],"wp:term":[{"taxonomy":"category","embeddable":true,"href":"https:\/\/stepienybarno.es\/blog\/wp-json\/wp\/v2\/categories?post=7311"},{"taxonomy":"post_tag","embeddable":true,"href":"https:\/\/stepienybarno.es\/blog\/wp-json\/wp\/v2\/tags?post=7311"},{"taxonomy":"series","embeddable":true,"href":"https:\/\/stepienybarno.es\/blog\/wp-json\/wp\/v2\/series?post=7311"}],"curies":[{"name":"wp","href":"https:\/\/api.w.org\/{rel}","templated":true}]}}