{"id":749,"date":"2009-06-29T23:52:17","date_gmt":"2009-06-29T21:52:17","guid":{"rendered":"https:\/\/www.stepienybarno.es\/blog\/?p=749"},"modified":"2009-06-29T23:56:37","modified_gmt":"2009-06-29T21:56:37","slug":"la-alhambra-y-la-sostenibilidad","status":"publish","type":"post","link":"https:\/\/stepienybarno.es\/blog\/2009\/06\/29\/la-alhambra-y-la-sostenibilidad\/","title":{"rendered":"LA ALHAMBRA Y LA SOSTENIBILIDAD"},"content":{"rendered":"<p class=\"blog\" style=\"margin: 0cm 0cm 0pt; text-align: center;\"><span style=\"font-size: 11pt; line-height: 150%; mso-bidi-font-family: Arial;\"><span style=\"font-family: Arial;\"><a href=\"https:\/\/stepienybarno.es\/blog\/wp-content\/uploads\/2009\/06\/alhambra-noche-jpg.jpg\"><img loading=\"lazy\" decoding=\"async\" class=\"alignnone size-full wp-image-750\" title=\"alhambra-noche-jpg\" src=\"https:\/\/stepienybarno.es\/blog\/wp-content\/uploads\/2009\/06\/alhambra-noche-jpg.jpg\" alt=\"alhambra-noche-jpg\" width=\"350\" height=\"243\" srcset=\"https:\/\/stepienybarno.es\/blog\/wp-content\/uploads\/2009\/06\/alhambra-noche-jpg.jpg 350w, https:\/\/stepienybarno.es\/blog\/wp-content\/uploads\/2009\/06\/alhambra-noche-jpg-180x125.jpg 180w, https:\/\/stepienybarno.es\/blog\/wp-content\/uploads\/2009\/06\/alhambra-noche-jpg-316x219.jpg 316w\" sizes=\"(max-width: 350px) 100vw, 350px\" \/><\/a><\/span><\/span><\/p>\n<p class=\"blog\" style=\"margin: 0cm 0cm 0pt; text-align: center;\"><span style=\"font-size: 11pt; line-height: 150%; mso-bidi-font-family: Arial;\"><span style=\"color: #888888;\">\u00a0foto stepienybarno<\/span><\/span><\/p>\n<p class=\"blog\" style=\"margin: 0cm 0cm 0pt; text-align: left;\" align=\"left\">\u00a0<\/p>\n<p class=\"blog\" style=\"margin: 0cm 0cm 0pt; text-align: left;\" align=\"left\"><span style=\"font-size: 11pt; line-height: 150%; mso-bidi-font-family: Arial;\"><span style=\"font-family: Arial;\">Hoy os presentamos esta interesante reflexi\u00f3n que hemos encontrado sobre como la Alhambra era un ejemplo de sostenibilidad. Desde luego que ante un edifico como este, donde se pueden derramar r\u00edos de tinta no es su aspecto m\u00e1s destacado, pero a\u00fan as\u00ed nos parec\u00eda un buen ejemplo de edifico donde comulgar\u00edan la buena arquitectura con la sostenibilidad.<\/span><\/span><\/p>\n<p class=\"blog\" style=\"margin: 0cm 0cm 0pt; text-align: left;\" align=\"left\"><span style=\"font-size: 11pt; line-height: 150%; mso-bidi-font-family: Arial;\"><span style=\"font-family: Arial;\">\u00a0<\/span><\/span><\/p>\n<p class=\"blog\" style=\"margin: 0cm 0cm 0pt; text-align: left;\"><span style=\"font-size: 11pt; line-height: 150%; mso-bidi-font-family: Arial;\"><!--more--><\/span><\/p>\n<p class=\"blog\" style=\"margin: 0cm 0cm 0pt; text-align: left;\" align=\"left\"><span style=\"font-size: 11pt; line-height: 150%; mso-bidi-font-family: Arial;\"><span style=\"font-family: Arial;\">\u00a0<\/span><\/span><\/p>\n<p class=\"blog\" style=\"margin: 0cm 0cm 0pt; text-align: left;\" align=\"left\"><strong style=\"mso-bidi-font-weight: normal;\"><span style=\"font-size: 11pt; line-height: 150%; mso-bidi-font-family: Arial;\"><span style=\"font-family: Arial;\">La Alhambra es un modelo de edificio sostenible, adaptado a la ciudad<br \/>\n<\/span><\/span><\/strong><span style=\"font-size: 11pt; line-height: 150%; mso-bidi-font-family: Arial;\"><br \/>\n<span style=\"font-family: Arial;\">El historiador y cr\u00edtico J. R. Curtis y el arquitecto y catedr\u00e1tico Juan Miguel Hern\u00e1ndez debaten sobre el monumento nazar\u00ed <\/span><\/span><\/p>\n<p class=\"blog\" style=\"margin: 0cm 0cm 0pt; text-align: left;\" align=\"left\"><span style=\"font-size: 11pt; line-height: 150%; mso-bidi-font-family: Arial;\"><span style=\"font-family: Arial;\">\u00a0<\/span><\/span><\/p>\n<p class=\"blog\" style=\"margin: 0cm 0cm 0pt; text-align: left;\" align=\"left\"><span style=\"font-size: 11pt; line-height: 150%; mso-bidi-font-family: Arial;\"><span style=\"font-family: Arial;\">Asistir a una charla sobre arquitectura sostenible a mediod\u00eda, cuando el sol cae de lleno sobre el c\u00edrculo del Palacio de Carlos V, convirtiendo lo que podr\u00eda ser agradable en una verdadera tortura, no es f\u00e1cil, pero s\u00ed da lugar a determinadas reflexiones, precisamente, sobre este tema tan de moda que se engloba bajo el abstracto t\u00e9rmino de arquitectura sostenible.<\/span><\/span><\/p>\n<p class=\"blog\" style=\"margin: 0cm 0cm 0pt; text-align: left;\" align=\"left\"><span style=\"font-size: 11pt; line-height: 150%; mso-bidi-font-family: Arial;\"><span style=\"font-family: Arial;\">\u00a0<\/span><\/span><\/p>\n<p class=\"blog\" style=\"margin: 0cm 0cm 0pt; text-align: left;\" align=\"left\"><span style=\"font-size: 11pt; line-height: 150%; mso-bidi-font-family: Arial;\"><span style=\"font-family: Arial;\">\u00abEsta situaci\u00f3n asfixiante no se dar\u00eda, por ejemplo, aqu\u00ed al lado, en la Alhambra, que es un modelo de edificio sostenible, adaptado completamente al clima de esta ciudad, que juega con la luz y con las sombras, con el agua, creando un microclima ideal para un d\u00eda de sol como \u00e9ste\u00bb, dijo el historiador y cr\u00edtico ingl\u00e9s, William J. R. Curtis.<\/span><\/span><\/p>\n<p class=\"blog\" style=\"margin: 0cm 0cm 0pt; text-align: left;\" align=\"left\"><span style=\"font-size: 11pt; line-height: 150%; mso-bidi-font-family: Arial;\"><span style=\"font-family: Arial;\">\u00a0<\/span><\/span><\/p>\n<p class=\"blog\" style=\"margin: 0cm 0cm 0pt; text-align: left;\" align=\"left\"><span style=\"font-size: 11pt; line-height: 150%; mso-bidi-font-family: Arial;\"><span style=\"font-family: Arial;\">\u00abLa Alhambra logra una integraci\u00f3n magistral de espacios abiertos, pabellones y estanques, es un laberinto de patios, senderos serpenteantes y ejes sutiles, que descubre unos recursos siempre v\u00e1lidos para regular la temperatura, para que fluyan las brisas, para filtrar la luz y enmarcar las vistas. La arquitectura de la Alhambra transforma los materiales de la naturaleza para insinuar un reino ideal\u00bb, a\u00f1adi\u00f3.<\/span><\/span><\/p>\n<p class=\"blog\" style=\"margin: 0cm 0cm 0pt; text-align: left;\" align=\"left\"><span style=\"font-size: 11pt; line-height: 150%; mso-bidi-font-family: Arial;\"><span style=\"font-family: Arial;\">\u00a0<\/span><\/span><\/p>\n<p class=\"blog\" style=\"margin: 0cm 0cm 0pt; text-align: left;\" align=\"left\"><span style=\"font-size: 11pt; line-height: 150%; mso-bidi-font-family: Arial;\"><span style=\"font-family: Arial;\">En opini\u00f3n de Curtis, que comparti\u00f3 debate con el arquitecto y catedr\u00e1tico Juan Miguel Hern\u00e1ndez de Le\u00f3n, los grandes edificios \u00abtransmiten antes de que se les entiendan, cautivan tanto el cuerpo como la mente, se meten en nuestro mundo interior, seduci\u00e9ndonos. La Alhambra conjuga la luz, el espacio, el agua y la geometr\u00eda, y atrae directamente los sentidos\u00bb.<\/span><\/span><\/p>\n<p class=\"blog\" style=\"margin: 0cm 0cm 0pt; text-align: left;\" align=\"left\"><span style=\"font-size: 11pt; line-height: 150%; mso-bidi-font-family: Arial;\"><span style=\"font-family: Arial;\">\u00a0<\/span><\/span><\/p>\n<p class=\"blog\" style=\"margin: 0cm 0cm 0pt; text-align: left;\" align=\"left\"><span style=\"font-size: 11pt; line-height: 150%; mso-bidi-font-family: Arial;\"><span style=\"font-family: Arial;\">Espejo, lente o cristal<\/span><\/span><\/p>\n<p class=\"blog\" style=\"margin: 0cm 0cm 0pt; text-align: left;\" align=\"left\"><span style=\"font-size: 11pt; line-height: 150%; mso-bidi-font-family: Arial;\"><span style=\"font-family: Arial;\">\u00a0<\/span><\/span><\/p>\n<p class=\"blog\" style=\"margin: 0cm 0cm 0pt; text-align: left;\" align=\"left\"><span style=\"font-size: 11pt; line-height: 150%; mso-bidi-font-family: Arial;\"><span style=\"font-family: Arial;\">El cr\u00edtico e historiador ingl\u00e9s apunt\u00f3 que no se trata de imitar la Alhambra, sino de tenerla de \u00abespejo, lente o quiz\u00e1s como cristal a trav\u00e9s del que se reflejen verdades e ideas\u00bb. El palacio granadino \u00abposee m\u00faltiples identidades en sus im\u00e1genes y formas. Proporciona un denso texto que se leer\u00e1 y releer\u00e1 de las formas m\u00e1s inesperadas. Hoy, la Alhambra obsesiona a los que est\u00e1n preocupados con la b\u00fasqueda de un equilibrio adecuado entre lo local y lo universal\u00bb.<\/span><\/span><\/p>\n<p class=\"blog\" style=\"margin: 0cm 0cm 0pt; text-align: left;\" align=\"left\"><span style=\"font-size: 11pt; line-height: 150%; mso-bidi-font-family: Arial;\"><span style=\"font-family: Arial;\">\u00a0<\/span><\/span><\/p>\n<p class=\"blog\" style=\"margin: 0cm 0cm 0pt; text-align: left;\" align=\"left\"><span style=\"font-size: 11pt; line-height: 150%; mso-bidi-font-family: Arial;\"><span style=\"font-family: Arial;\">Adem\u00e1s, el monumento proporciona \u00abnumerosas lecciones a los dise\u00f1adores que se preocupan por el paisaje y las fronteras entre lo natural y lo artificial. Atrae a aquellos que piensan que el papel de la arquitectura es intensificar la percepci\u00f3n\u00bb.<\/span><\/span><\/p>\n<p class=\"blog\" style=\"margin: 0cm 0cm 0pt; text-align: left;\" align=\"left\"><span style=\"font-size: 11pt; line-height: 150%; mso-bidi-font-family: Arial;\"><span style=\"font-family: Arial;\">\u00a0<\/span><\/span><\/p>\n<p class=\"blog\" style=\"margin: 0cm 0cm 0pt; text-align: left;\" align=\"left\"><span style=\"font-size: 11pt; line-height: 150%; mso-bidi-font-family: Arial;\"><span style=\"font-family: Arial;\">Comprender los principios de la arquitectura del pasado y transformarlos en t\u00e9rminos modernos es la clave. \u00abEn un periodo de crisis y locura, cuando las viejas convicciones sobre la relaci\u00f3n entre la cultura humana y la naturaleza se encuentran amenazadas, est\u00e1 bien recordar que lo mejor de lo nuevo, a veces, puede depender de la metamorfosis inteligente de lo antiguo\u00bb.<\/span><\/span><\/p>\n<p class=\"blog\" style=\"margin: 0cm 0cm 0pt; text-align: left;\" align=\"left\"><span style=\"font-size: 11pt; line-height: 150%; mso-bidi-font-family: Arial;\"><span style=\"font-family: Arial;\">\u00a0<\/span><\/span><\/p>\n<p class=\"blog\" style=\"margin: 0cm 0cm 0pt; text-align: left;\" align=\"left\"><span style=\"font-size: 11pt; line-height: 150%; mso-bidi-font-family: Arial;\"><span style=\"font-family: Arial;\">En su interesante meditaci\u00f3n, Curtis coment\u00f3 que la arquitectura ha sufrido, \u00faltimamente, \u00ablos excesos del capitalismo globalizado y la privatizaci\u00f3n implacable del espacio p\u00fablico\u00bb. Por tanto, la ciudad se ha convertido en un circo \u00abdonde los edificios icono piden atenci\u00f3n a gritos, dando lugar a gestos sensacionalistas sin valor duradero, simplemente recursos para seducir a los pol\u00edticos e inversores, dando lugar a una sociedad espect\u00e1culo\u00bb.<\/span><\/span><\/p>\n<p class=\"blog\" style=\"margin: 0cm 0cm 0pt; text-align: left;\" align=\"left\"><span style=\"font-size: 11pt; line-height: 150%; mso-bidi-font-family: Arial;\"><span style=\"font-family: Arial;\">\u00a0<\/span><\/span><\/p>\n<p class=\"blog\" style=\"margin: 0cm 0cm 0pt; text-align: left;\" align=\"left\"><span style=\"font-size: 11pt; line-height: 150%; mso-bidi-font-family: Arial;\"><span style=\"font-family: Arial;\">Curtis advirti\u00f3 de que los prop\u00f3sitos de la arquitectura deben ser \u00abm\u00e1s serios y a largo plazo, ya que debe servir a la sociedad y contribuir a la ciudad, al paisaje y a la naturaleza\u00bb.<\/span><\/span><\/p>\n<p class=\"blog\" style=\"margin: 0cm 0cm 0pt; text-align: left;\" align=\"left\"><span style=\"font-size: 11pt; line-height: 150%; mso-bidi-font-family: Arial;\"><span style=\"font-family: Arial;\">\u00a0<\/span><\/span><\/p>\n<p class=\"blog\" style=\"margin: 0cm 0cm 0pt; text-align: left;\" align=\"left\"><span style=\"font-size: 11pt; line-height: 150%; mso-bidi-font-family: Arial;\"><span style=\"font-family: Arial;\">Manifiesto de 1953<\/span><\/span><\/p>\n<p class=\"blog\" style=\"margin: 0cm 0cm 0pt; text-align: left;\" align=\"left\"><span style=\"font-size: 11pt; line-height: 150%; mso-bidi-font-family: Arial;\"><span style=\"font-family: Arial;\">\u00a0<\/span><\/span><\/p>\n<p class=\"blog\" style=\"margin: 0cm 0cm 0pt; text-align: left;\" align=\"left\"><span style=\"font-size: 11pt; line-height: 150%; mso-bidi-font-family: Arial;\"><span style=\"font-family: Arial;\">Por su parte, el arquitecto y catedr\u00e1tico Juan Miguel Hern\u00e1ndez de Le\u00f3n, habl\u00f3 de que el t\u00e9rmino \u00abarquitectura sostenible\u00bb no es del todo correcto, y es mejor emplear \u00abarquitectura esencial\u00bb. Igualmente, reflexion\u00f3 sobre el palacio de la colina roja, haciendo alusi\u00f3n al famoso Manifiesto de la Alhambra, de 1953, secundado por un grupo de arquitectos espa\u00f1oles, que ten\u00eda como objetivo hallar en la Alhambra ideas que ayudaran a salir de la crisis que por entonces viv\u00eda la arquitectura espa\u00f1ola.<\/span><\/span><\/p>\n<p class=\"blog\" style=\"margin: 0cm 0cm 0pt; text-align: left;\" align=\"left\"><span style=\"font-size: 11pt; line-height: 150%; mso-bidi-font-family: Arial;\"><span style=\"font-family: Arial;\">Profesionales como Fernando Chueca, Francisco Prieto-Moreno, Miguel Fisac o Secundino Zuazo sellaron aquellas reuniones de trabajo con un manifiesto sobre el valor del monumento nazar\u00ed como \u00abdep\u00f3sito esencial de arquitectura moderna\u00bb.<\/span><\/span><\/p>\n<p class=\"blog\" style=\"margin: 0cm 0cm 0pt; text-align: left;\" align=\"left\"><span style=\"font-size: 11pt; line-height: 150%; mso-bidi-font-family: Arial;\"><span style=\"font-family: Arial;\">\u00a0<\/span><\/span><\/p>\n<p><span style=\"font-size: 11pt; line-height: 150%; mso-bidi-font-family: Arial;\"><span style=\"font-family: Arial;\"><\/p>\n<p class=\"blog\" style=\"margin: 0cm 0cm 0pt; text-align: left;\" align=\"left\"><span style=\"font-size: 11pt; line-height: 150%; mso-bidi-font-family: Arial;\"><span style=\"color: #888888;\">\u00a0Art\u00edculo extra\u00eddo de la siguiente direcci\u00f3n;<\/span><\/span><\/p>\n<p class=\"blog\" style=\"margin: 0cm 0cm 0pt; text-align: left;\" align=\"left\"><span style=\"font-size: 11pt; line-height: 150%; mso-bidi-font-family: Arial;\"><span style=\"color: #888888;\">http:\/\/www.arquitectojoven.com\/noticia-La%20Alhambra%20es%20un%20modelo%20de%20edificio%20sostenible,%20adaptado%20a%20la%20ciudad-146.html<\/span><\/span><\/p>\n<p class=\"blog\" style=\"margin: 0cm 0cm 0pt; text-align: left;\" align=\"left\">\u00a0<\/p>\n<p><\/span><\/span><\/p>\n<p class=\"blog\" style=\"margin: 0cm 0cm 0pt; text-align: left;\" align=\"left\">\u00a0<\/p>\n<p class=\"blog\" style=\"margin: 0cm 0cm 0pt; text-align: left;\" align=\"left\"><span style=\"font-size: 11pt; line-height: 150%; mso-bidi-font-family: Arial;\"><span style=\"font-family: Arial;\">\u00a0<\/span><\/span><\/p>\n","protected":false},"excerpt":{"rendered":"<p>Hoy os presentamos esta interesante reflexi\u00f3n que hemos encontrado sobre como la Alhambra era un ejemplo de sostenibilidad. Desde luego que ante un edifico como este, donde se pueden derramar r\u00edos de tinta no es su aspecto m\u00e1s destacado, pero a\u00fan as\u00ed nos parec\u00eda un buen ejemplo de edifico donde comulgar\u00edan la buena arquitectura con la sostenibilidad.<\/p>\n","protected":false},"author":2,"featured_media":0,"comment_status":"open","ping_status":"closed","sticky":false,"template":"","format":"standard","meta":{"om_disable_all_campaigns":false,"_monsterinsights_skip_tracking":false,"_monsterinsights_sitenote_active":false,"_monsterinsights_sitenote_note":"","_monsterinsights_sitenote_category":0,"_uf_show_specific_survey":0,"_uf_disable_surveys":false,"episode_type":"","audio_file":"","cover_image":"","cover_image_id":"","duration":"","filesize":"","date_recorded":"","explicit":"","block":"","filesize_raw":"","footnotes":""},"categories":[4,15],"tags":[9,4271],"series":[],"class_list":["post-749","post","type-post","status-publish","format-standard","hentry","category-arquilectura","category-sostenibilidad","tag-arquitectura","tag-sostenibilidad"],"aioseo_notices":[],"episode_featured_image":false,"episode_player_image":"https:\/\/stepienybarno.es\/blog\/wp-content\/uploads\/2020\/11\/stepienybarno-podcast-scaled.jpg","download_link":"","player_link":"","audio_player":false,"episode_data":{"playerMode":"dark","subscribeUrls":[],"rssFeedUrl":"https:\/\/stepienybarno.es\/blog\/feed\/podcast\/podcast-de-stepienybarno","embedCode":"<blockquote class=\"wp-embedded-content\" data-secret=\"kFfiNLNcTt\"><a href=\"https:\/\/stepienybarno.es\/blog\/2009\/06\/29\/la-alhambra-y-la-sostenibilidad\/\">LA ALHAMBRA Y LA SOSTENIBILIDAD<\/a><\/blockquote><iframe sandbox=\"allow-scripts\" security=\"restricted\" src=\"https:\/\/stepienybarno.es\/blog\/2009\/06\/29\/la-alhambra-y-la-sostenibilidad\/embed\/#?secret=kFfiNLNcTt\" width=\"500\" height=\"350\" title=\"\u00abLA ALHAMBRA Y LA SOSTENIBILIDAD\u00bb \u2014 Blog de STEPIEN Y BARNO - publicaci\u00f3n digital sobre arquitectura\" data-secret=\"kFfiNLNcTt\" frameborder=\"0\" marginwidth=\"0\" marginheight=\"0\" scrolling=\"no\" class=\"wp-embedded-content\"><\/iframe><script type=\"text\/javascript\">\n\/* <![CDATA[ *\/\n\/*! This file is auto-generated *\/\n!function(d,l){\"use strict\";l.querySelector&&d.addEventListener&&\"undefined\"!=typeof URL&&(d.wp=d.wp||{},d.wp.receiveEmbedMessage||(d.wp.receiveEmbedMessage=function(e){var t=e.data;if((t||t.secret||t.message||t.value)&&!\/[^a-zA-Z0-9]\/.test(t.secret)){for(var s,r,n,a=l.querySelectorAll('iframe[data-secret=\"'+t.secret+'\"]'),o=l.querySelectorAll('blockquote[data-secret=\"'+t.secret+'\"]'),c=new RegExp(\"^https?:$\",\"i\"),i=0;i<o.length;i++)o[i].style.display=\"none\";for(i=0;i<a.length;i++)s=a[i],e.source===s.contentWindow&&(s.removeAttribute(\"style\"),\"height\"===t.message?(1e3<(r=parseInt(t.value,10))?r=1e3:~~r<200&&(r=200),s.height=r):\"link\"===t.message&&(r=new URL(s.getAttribute(\"src\")),n=new URL(t.value),c.test(n.protocol))&&n.host===r.host&&l.activeElement===s&&(d.top.location.href=t.value))}},d.addEventListener(\"message\",d.wp.receiveEmbedMessage,!1),l.addEventListener(\"DOMContentLoaded\",function(){for(var e,t,s=l.querySelectorAll(\"iframe.wp-embedded-content\"),r=0;r<s.length;r++)(t=(e=s[r]).getAttribute(\"data-secret\"))||(t=Math.random().toString(36).substring(2,12),e.src+=\"#?secret=\"+t,e.setAttribute(\"data-secret\",t)),e.contentWindow.postMessage({message:\"ready\",secret:t},\"*\")},!1)))}(window,document);\n\/* ]]> *\/\n<\/script>\n"},"_links":{"self":[{"href":"https:\/\/stepienybarno.es\/blog\/wp-json\/wp\/v2\/posts\/749"}],"collection":[{"href":"https:\/\/stepienybarno.es\/blog\/wp-json\/wp\/v2\/posts"}],"about":[{"href":"https:\/\/stepienybarno.es\/blog\/wp-json\/wp\/v2\/types\/post"}],"author":[{"embeddable":true,"href":"https:\/\/stepienybarno.es\/blog\/wp-json\/wp\/v2\/users\/2"}],"replies":[{"embeddable":true,"href":"https:\/\/stepienybarno.es\/blog\/wp-json\/wp\/v2\/comments?post=749"}],"version-history":[{"count":3,"href":"https:\/\/stepienybarno.es\/blog\/wp-json\/wp\/v2\/posts\/749\/revisions"}],"predecessor-version":[{"id":752,"href":"https:\/\/stepienybarno.es\/blog\/wp-json\/wp\/v2\/posts\/749\/revisions\/752"}],"wp:attachment":[{"href":"https:\/\/stepienybarno.es\/blog\/wp-json\/wp\/v2\/media?parent=749"}],"wp:term":[{"taxonomy":"category","embeddable":true,"href":"https:\/\/stepienybarno.es\/blog\/wp-json\/wp\/v2\/categories?post=749"},{"taxonomy":"post_tag","embeddable":true,"href":"https:\/\/stepienybarno.es\/blog\/wp-json\/wp\/v2\/tags?post=749"},{"taxonomy":"series","embeddable":true,"href":"https:\/\/stepienybarno.es\/blog\/wp-json\/wp\/v2\/series?post=749"}],"curies":[{"name":"wp","href":"https:\/\/api.w.org\/{rel}","templated":true}]}}