{"id":7513,"date":"2013-01-21T10:04:08","date_gmt":"2013-01-21T08:04:08","guid":{"rendered":"https:\/\/www.stepienybarno.es\/blog\/?p=7513"},"modified":"2013-01-21T10:05:14","modified_gmt":"2013-01-21T08:05:14","slug":"museo-can-framis","status":"publish","type":"post","link":"https:\/\/stepienybarno.es\/blog\/2013\/01\/21\/museo-can-framis\/","title":{"rendered":"MUSEO CAN FRAMIS"},"content":{"rendered":"<p align=\"left\">\n<p style=\"text-align: center;\"><img loading=\"lazy\" decoding=\"async\" class=\"aligncenter size-full wp-image-7514\" title=\"0. Jordi Badia _  BAAS Pedro Pegenaute y Fernando Guerra 350\" src=\"https:\/\/stepienybarno.es\/blog\/wp-content\/uploads\/2013\/01\/0.-Jordi-Badia-_-BAAS-Pedro-Pegenaute-y-Fernando-Guerra-350.jpg\" alt=\"0. Jordi Badia _  BAAS Pedro Pegenaute y Fernando Guerra 350\" width=\"350\" height=\"229\" srcset=\"https:\/\/stepienybarno.es\/blog\/wp-content\/uploads\/2013\/01\/0.-Jordi-Badia-_-BAAS-Pedro-Pegenaute-y-Fernando-Guerra-350.jpg 350w, https:\/\/stepienybarno.es\/blog\/wp-content\/uploads\/2013\/01\/0.-Jordi-Badia-_-BAAS-Pedro-Pegenaute-y-Fernando-Guerra-350-180x118.jpg 180w, https:\/\/stepienybarno.es\/blog\/wp-content\/uploads\/2013\/01\/0.-Jordi-Badia-_-BAAS-Pedro-Pegenaute-y-Fernando-Guerra-350-316x207.jpg 316w\" sizes=\"(max-width: 350px) 100vw, 350px\" \/><\/p>\n<p align=\"left\">\n<p align=\"left\">Estupenda intervenci\u00f3n de Jordi Badia _\u00a0 BAAS<\/p>\n<p align=\"left\">Fotograf\u00eda: Pedro Pegenaute y Fernando Guerra<\/p>\n<p align=\"left\"><!--more--><\/p>\n<p style=\"text-align: center;\"><img loading=\"lazy\" decoding=\"async\" class=\"aligncenter size-medium wp-image-7515\" title=\"1. Jordi Badia _  BAAS Pedro Pegenaute y Fernando Guerra 500\" src=\"https:\/\/stepienybarno.es\/blog\/wp-content\/uploads\/2013\/01\/1.-Jordi-Badia-_-BAAS-Pedro-Pegenaute-y-Fernando-Guerra-500-288x350.jpg\" alt=\"1. Jordi Badia _  BAAS Pedro Pegenaute y Fernando Guerra 500\" width=\"288\" height=\"350\" \/><\/p>\n<p style=\"text-align: center;\"><span style=\"font-size: 13px;\">Fernando Guerra<\/span><\/p>\n<p style=\"text-align: center;\"><img loading=\"lazy\" decoding=\"async\" class=\"aligncenter size-medium wp-image-7516\" title=\"2. Jordi Badia _  BAAS Pedro Pegenaute y Fernando Guerra 500\" src=\"https:\/\/stepienybarno.es\/blog\/wp-content\/uploads\/2013\/01\/2.-Jordi-Badia-_-BAAS-Pedro-Pegenaute-y-Fernando-Guerra-500-350x232.jpg\" alt=\"2. Jordi Badia _  BAAS Pedro Pegenaute y Fernando Guerra 500\" width=\"350\" height=\"232\" \/><\/p>\n<p style=\"text-align: center;\"><span style=\"font-size: 13px;\">Fernando Guerra<\/span><\/p>\n<p style=\"text-align: center;\"><span style=\"font-size: 13px;\"><img loading=\"lazy\" decoding=\"async\" class=\"aligncenter size-medium wp-image-7517\" title=\"3.  Jordi Badia _  BAAS Pedro Pegenaute y Fernando Guerra 500\" src=\"https:\/\/stepienybarno.es\/blog\/wp-content\/uploads\/2013\/01\/3.-Jordi-Badia-_-BAAS-Pedro-Pegenaute-y-Fernando-Guerra-500-350x334.jpg\" alt=\"3.  Jordi Badia _  BAAS Pedro Pegenaute y Fernando Guerra 500\" width=\"350\" height=\"334\" \/><br \/>\n<\/span><\/p>\n<p style=\"text-align: center;\"><span style=\"font-size: 13px;\"> <\/span><span style=\"font-size: 13px;\">Pedro Pegenaute<\/span><\/p>\n<p style=\"text-align: center;\"><span style=\"font-size: 13px;\"><img loading=\"lazy\" decoding=\"async\" class=\"aligncenter size-medium wp-image-7518\" title=\"4.  Jordi Badia _  BAAS Pedro Pegenaute y Fernando Guerra 500\" src=\"https:\/\/stepienybarno.es\/blog\/wp-content\/uploads\/2013\/01\/4.-Jordi-Badia-_-BAAS-Pedro-Pegenaute-y-Fernando-Guerra-500-240x350.jpg\" alt=\"4.  Jordi Badia _  BAAS Pedro Pegenaute y Fernando Guerra 500\" width=\"240\" height=\"350\" \/><br \/>\n<\/span><\/p>\n<p style=\"text-align: center;\"><span style=\"font-size: 13px;\">Pedro Pegenaute<\/span><\/p>\n<p style=\"text-align: center;\">\n<p style=\"text-align: center;\">\n<blockquote>\n<p style=\"text-align: center;\"><span style=\"color: #888888;\">En plusmood,<a href=\"http:\/\/plusmood.com\/2009\/11\/can-framis-museum-baas-architects\/\"> aqu\u00ed<\/a><\/span><\/p>\n<p style=\"text-align: center;\"><span style=\"color: #888888;\">En Jordi Badia _\u00a0 BAAS, <a href=\"http:\/\/www.baas.cat\/es\/equipamientos\/museo-can-framis\">aqu\u00ed<\/a><\/span><\/p>\n<p style=\"text-align: center;\"><span style=\"color: #888888;\">En flickr_ <strong>Por<\/strong> <strong><a href=\"http:\/\/www.flickr.com\/photos\/43866850@N03\/\">gnomo_design*<\/a> <a href=\"http:\/\/www.flickr.com\/photos\/43866850@N03\/5207106945\/in\/photostream\/\">aqu\u00ed<\/a><\/strong><\/span><\/p>\n<p style=\"text-align: center;\"><span style=\"color: #888888;\">En flickr_ <strong>Por<\/strong> <strong><a href=\"http:\/\/www.flickr.com\/photos\/joan_seculi\/\">Joan Seculi<\/a> <a href=\"http:\/\/www.flickr.com\/photos\/43993212@N03\/4445580144\">aqu\u00ed<\/a><\/strong><\/span><\/p>\n<\/blockquote>\n<p style=\"text-align: center;\">\n<p style=\"text-align: center;\">\n<p style=\"text-align: center;\">\n<p style=\"text-align: left;\">* Este art\u00edculo ha sido escrito con car\u00e1cter divulgativo y sin ning\u00fan tipo de \u00e1nimo de lucro. As\u00ed que, si te apetece <strong>compartirlo<\/strong> en cualquier otro medio, estaremos encantados de que lo hagas siempre y cuando cites el lugar donde lo has encontrado.<\/p>\n<p style=\"text-align: left;\">\n<p style=\"text-align: left;\">Autores de la entrada: <a href=\"http:\/\/www.facebook.com\/col.prudant#!\/StepienybarnoCANAL\">Stepienybarno<\/a><\/p>\n<p style=\"text-align: left;\"><a href=\"http:\/\/www.linkedin.com\/company\/stepienybarno\">STEPIENYBARNO EN LINKEDIN<\/a><\/p>\n<p style=\"text-align: left;\"><a href=\"http:\/\/twitter.com\/stepienybarno\/stepienybarno\">STEPIENYBARNO EN TWITTER<\/a><\/p>\n<p style=\"text-align: left;\"><a href=\"https:\/\/www.facebook.com\/pages\/BLOG-DE-STEPIENYBARNO\/78001079029\">STEPIENYBARNO EN FACEBOOK<\/a><\/p>\n<p style=\"text-align: left;\">\n<p style=\"text-align: left;\">* Stepienybarno est\u00e1 formado por Agnieszka Stepien y Lorenzo Barn\u00f3 y desde mayo del 2009 estamos en la red con\u00a0 la presente publicaci\u00f3n digital (Blog) de arquitectura.<\/p>\n<p style=\"text-align: left;\">Nuestra actividad se sustenta en tres pilares b\u00e1sicos: la investigaci\u00f3n, la publicaci\u00f3n y la redacci\u00f3n de proyectos de arquitectura.<\/p>\n<p style=\"text-align: left;\">A su vez, somos socios cofundadores de <a href=\"http:\/\/sinergiasostenible.org\/\">SINERGIA SOSTENIBLE<\/a> y redactores de <a href=\"http:\/\/www.laciudadviva.org\/blogs\/?author=45\">LA CIUDAD VIVA<\/a>.<\/p>\n<p style=\"text-align: left;\">* Los editores de esta publicaci\u00f3n digital no nos hacemos cargo de de los comentarios y\u00a0 conceptos vertidos en los textos firmados por otras personas, siendo \u00e9stos de responsabilidad exclusiva de sus autores.<\/p>\n<p style=\"text-align: left;\">* Tu comentario pudiera ser moderado, por lo tanto, aunque aparezca inmediatamente al ser publicado en la entrada, los editores de esta publicaci\u00f3n digital nos reservamos el derecho tanto de editarlo (si fuera necesario, para hacerlo m\u00e1s legible) como de eliminarlo en el caso de que se usen expresiones incorrectas (descalificaciones, palabras malsonantes\u2026). A su vez, si quieres comentar desde el anonimato puedes hacerlo, aunque, nosotros personalmente, agradecemos que tod@s nos podamos identificar.<\/p>\n","protected":false},"excerpt":{"rendered":"\n<p>Estupenda intervenci\u00f3n de Jordi Badia _  BAAS<\/p>\n<p>Fotograf\u00eda: Pedro Pegenaute y Fernando Guerra<\/p>\n","protected":false},"author":2,"featured_media":0,"comment_status":"open","ping_status":"closed","sticky":false,"template":"","format":"standard","meta":{"om_disable_all_campaigns":false,"_monsterinsights_skip_tracking":false,"_monsterinsights_sitenote_active":false,"_monsterinsights_sitenote_note":"","_monsterinsights_sitenote_category":0,"_uf_show_specific_survey":0,"_uf_disable_surveys":false,"episode_type":"","audio_file":"","cover_image":"","cover_image_id":"","duration":"","filesize":"","date_recorded":"","explicit":"","block":"","filesize_raw":"","footnotes":""},"categories":[34,244],"tags":[4274,9,686,2152,1215,687,1797],"series":[],"class_list":["post-7513","post","type-post","status-publish","format-standard","hentry","category-actualidad","category-canal-de-arquitectura","tag-actualidad","tag-arquitectura","tag-baas","tag-can-framis","tag-fernando-guerra","tag-jordi-badia","tag-pedro-pegenaute"],"aioseo_notices":[],"episode_featured_image":false,"episode_player_image":"https:\/\/stepienybarno.es\/blog\/wp-content\/uploads\/2020\/11\/stepienybarno-podcast-scaled.jpg","download_link":"","player_link":"","audio_player":false,"episode_data":{"playerMode":"dark","subscribeUrls":[],"rssFeedUrl":"https:\/\/stepienybarno.es\/blog\/feed\/podcast\/podcast-de-stepienybarno","embedCode":"<blockquote class=\"wp-embedded-content\" data-secret=\"HbXEx2Ecvr\"><a href=\"https:\/\/stepienybarno.es\/blog\/2013\/01\/21\/museo-can-framis\/\">MUSEO CAN FRAMIS<\/a><\/blockquote><iframe sandbox=\"allow-scripts\" security=\"restricted\" src=\"https:\/\/stepienybarno.es\/blog\/2013\/01\/21\/museo-can-framis\/embed\/#?secret=HbXEx2Ecvr\" width=\"500\" height=\"350\" title=\"\u00abMUSEO CAN FRAMIS\u00bb \u2014 Blog de STEPIEN Y BARNO - publicaci\u00f3n digital sobre arquitectura\" data-secret=\"HbXEx2Ecvr\" frameborder=\"0\" marginwidth=\"0\" marginheight=\"0\" scrolling=\"no\" class=\"wp-embedded-content\"><\/iframe><script type=\"text\/javascript\">\n\/* <![CDATA[ *\/\n\/*! This file is auto-generated *\/\n!function(d,l){\"use strict\";l.querySelector&&d.addEventListener&&\"undefined\"!=typeof URL&&(d.wp=d.wp||{},d.wp.receiveEmbedMessage||(d.wp.receiveEmbedMessage=function(e){var t=e.data;if((t||t.secret||t.message||t.value)&&!\/[^a-zA-Z0-9]\/.test(t.secret)){for(var s,r,n,a=l.querySelectorAll('iframe[data-secret=\"'+t.secret+'\"]'),o=l.querySelectorAll('blockquote[data-secret=\"'+t.secret+'\"]'),c=new RegExp(\"^https?:$\",\"i\"),i=0;i<o.length;i++)o[i].style.display=\"none\";for(i=0;i<a.length;i++)s=a[i],e.source===s.contentWindow&&(s.removeAttribute(\"style\"),\"height\"===t.message?(1e3<(r=parseInt(t.value,10))?r=1e3:~~r<200&&(r=200),s.height=r):\"link\"===t.message&&(r=new URL(s.getAttribute(\"src\")),n=new URL(t.value),c.test(n.protocol))&&n.host===r.host&&l.activeElement===s&&(d.top.location.href=t.value))}},d.addEventListener(\"message\",d.wp.receiveEmbedMessage,!1),l.addEventListener(\"DOMContentLoaded\",function(){for(var e,t,s=l.querySelectorAll(\"iframe.wp-embedded-content\"),r=0;r<s.length;r++)(t=(e=s[r]).getAttribute(\"data-secret\"))||(t=Math.random().toString(36).substring(2,12),e.src+=\"#?secret=\"+t,e.setAttribute(\"data-secret\",t)),e.contentWindow.postMessage({message:\"ready\",secret:t},\"*\")},!1)))}(window,document);\n\/* ]]> *\/\n<\/script>\n"},"_links":{"self":[{"href":"https:\/\/stepienybarno.es\/blog\/wp-json\/wp\/v2\/posts\/7513"}],"collection":[{"href":"https:\/\/stepienybarno.es\/blog\/wp-json\/wp\/v2\/posts"}],"about":[{"href":"https:\/\/stepienybarno.es\/blog\/wp-json\/wp\/v2\/types\/post"}],"author":[{"embeddable":true,"href":"https:\/\/stepienybarno.es\/blog\/wp-json\/wp\/v2\/users\/2"}],"replies":[{"embeddable":true,"href":"https:\/\/stepienybarno.es\/blog\/wp-json\/wp\/v2\/comments?post=7513"}],"version-history":[{"count":5,"href":"https:\/\/stepienybarno.es\/blog\/wp-json\/wp\/v2\/posts\/7513\/revisions"}],"predecessor-version":[{"id":7523,"href":"https:\/\/stepienybarno.es\/blog\/wp-json\/wp\/v2\/posts\/7513\/revisions\/7523"}],"wp:attachment":[{"href":"https:\/\/stepienybarno.es\/blog\/wp-json\/wp\/v2\/media?parent=7513"}],"wp:term":[{"taxonomy":"category","embeddable":true,"href":"https:\/\/stepienybarno.es\/blog\/wp-json\/wp\/v2\/categories?post=7513"},{"taxonomy":"post_tag","embeddable":true,"href":"https:\/\/stepienybarno.es\/blog\/wp-json\/wp\/v2\/tags?post=7513"},{"taxonomy":"series","embeddable":true,"href":"https:\/\/stepienybarno.es\/blog\/wp-json\/wp\/v2\/series?post=7513"}],"curies":[{"name":"wp","href":"https:\/\/api.w.org\/{rel}","templated":true}]}}