{"id":7524,"date":"2013-01-21T10:22:56","date_gmt":"2013-01-21T08:22:56","guid":{"rendered":"https:\/\/www.stepienybarno.es\/blog\/?p=7524"},"modified":"2013-01-21T10:24:14","modified_gmt":"2013-01-21T08:24:14","slug":"mi-primera-vez","status":"publish","type":"post","link":"https:\/\/stepienybarno.es\/blog\/2013\/01\/21\/mi-primera-vez\/","title":{"rendered":"MI PRIMERA VEZ"},"content":{"rendered":"<p align=\"left\">\n<p align=\"left\">\n<p style=\"text-align: center;\"><img loading=\"lazy\" decoding=\"async\" class=\"aligncenter size-full wp-image-7525\" title=\"MI PRIMERA VEZ EXIT ARQUITECTURA  STEPIENYBARNO 350\" src=\"https:\/\/stepienybarno.es\/blog\/wp-content\/uploads\/2013\/01\/MI-PRIMERA-VEZ-EXIT-ARQUITECTURA-STEPIENYBARNO-350-.jpg\" alt=\"MI PRIMERA VEZ EXIT ARQUITECTURA  STEPIENYBARNO 350\" width=\"350\" height=\"56\" srcset=\"https:\/\/stepienybarno.es\/blog\/wp-content\/uploads\/2013\/01\/MI-PRIMERA-VEZ-EXIT-ARQUITECTURA-STEPIENYBARNO-350-.jpg 350w, https:\/\/stepienybarno.es\/blog\/wp-content\/uploads\/2013\/01\/MI-PRIMERA-VEZ-EXIT-ARQUITECTURA-STEPIENYBARNO-350--180x29.jpg 180w, https:\/\/stepienybarno.es\/blog\/wp-content\/uploads\/2013\/01\/MI-PRIMERA-VEZ-EXIT-ARQUITECTURA-STEPIENYBARNO-350--316x51.jpg 316w\" sizes=\"(max-width: 350px) 100vw, 350px\" \/><\/p>\n<p align=\"left\">Hoy, tenemos la suerte de presentar \u00a0esta interesante iniciativa: Mi primera vez.<\/p>\n<p align=\"left\">Les seguimos desde su nacimiento y la idea no tiene desperdicio. Adem\u00e1s, cuidan mucho todos los detalles y tienen una presencia en las redes sociales de lo m\u00e1s entretenida.<\/p>\n<p align=\"left\">Ya nos contareis c\u00f3mo la veis!<\/p>\n<p align=\"left\">Ah! y si ten\u00e9is alguna primera vez, interesante que contar, este es el momento!!<\/p>\n<p align=\"left\"><!--more--><\/p>\n<p align=\"left\">\n<p align=\"left\">Texto enviado a Stepienybarno por los autores de Mi primera vez:<\/p>\n<p align=\"left\">\n<blockquote>\n<p align=\"left\"><strong>\u00bfCu\u00e1l fue tu primera vez?<\/strong> Esa es la pregunta con la comenzamos todas nuestras entrevistas.<\/p>\n<p align=\"left\">\n<p align=\"left\">Estamos convencidos de que es necesario afrontar cada obra como si fuera la primera. Es la \u00fanica forma de seguir creciendo como arquitecto, disfrutando de ellas como una nueva oportunidad para seguir aprendiendo e investigando, no dando nunca nada por aprendido para no caer en la repetici\u00f3n.<\/p>\n<p align=\"left\">\n<p align=\"left\">Siempre que nos <strong>enfrentamos a nuestra primera obra es habitual un exceso de responsabilidad<\/strong>, llev\u00e1ndonos incluso a terminar haci\u00e9ndola con nuestras propias manos o asumiendo labores ajenas a nuestra competencia solo por que quede tal y como la imaginamos. En <a href=\"http:\/\/www.miprimeravez.es\/\">mi primera vez<\/a> algunos os ver\u00e9is reflejados, a otros os servir\u00e1 de gu\u00eda.<\/p>\n<p align=\"left\">\n<p align=\"left\">Somos <strong>Susana Gallego<\/strong> y <strong>Miguel Garc\u00eda-Redondo<\/strong>, parte del equipo de <strong><a href=\"http:\/\/www.exit-architects.com\/\">Exit architects<\/a>.<\/strong> Despu\u00e9s de m\u00e1s de diez a\u00f1os en el mundo de la arquitectura hemos lanzado la publicaci\u00f3n digital que llev\u00e1bamos tiempo queriendo hacer. Contamos con la colaboraci\u00f3n de dos grandes amigos periodistas. <strong>Dar\u00edo Manrique<\/strong>, reconocido periodista musical, y <strong>Laura P\u00e9rez<\/strong>, redactora jefa de actualidad de <em>Elle.<\/em><\/p>\n<p align=\"left\">\n<p align=\"left\">Aunque el tema principal es la arquitectura, <a href=\"http:\/\/www.miprimeravez.es\/\">mi primera vez<\/a> cuenta c\u00f3mo se enfrentaron a sus primeras obras <strong>personajes de referencia de diferentes disciplinas creativas.<\/strong> La primera obra, el primer concierto, la primera pel\u00edcula&#8230; Ya nos han contado sus comienzos Alberto Campo Baeza, Fernando Trueba, Jorge Mart\u00ed (La Habitaci\u00f3n Roja) y otros muchos que ya pod\u00e9is ver en nuestra web. Nuestros art\u00edculos, siempre que la obra lo permita, cuentan adem\u00e1s con un <strong>dossier<\/strong> en el que se pueden encontrar planos y fotograf\u00edas, en algunos casos in\u00e9ditas.<\/p>\n<p align=\"left\">\n<p align=\"left\">Uno de nuestros objetivos es acercar la figura del arquitecto a la sociedad, haciendo ver que detr\u00e1s de cada obra, de cada detalle, hay muchas horas de trabajo. <strong>Es habitual encontrar que la primera obra de arquitectos de referencia es tambi\u00e9n una gran obra,<\/strong> el museo de Zamora de Tu\u00f1on y Mansilla, la Casa Tur\u00e9gano de Campo Baeza, la Casa Soto de V\u00edctor L\u00f3pez Cotelo&#8230; pero, aqu\u00ed, el tama\u00f1o no importa; algunas como la repavimentaci\u00f3n de una plaza de Murado y Elvira nos ense\u00f1an mucho sobre como trabaja un arquitecto.<\/p>\n<p align=\"left\">\n<p align=\"left\">Creemos que, este es un proyecto de especial inter\u00e9s para gente que est\u00e9 dando sus <strong>primeros pasos<\/strong>, ya que puede verse reflejada en las vivencias de estos personajes, y queremos que ellos tambi\u00e9n tengan la oportunidad de contarnos su primera vez. Pueden escribirnos a <a href=\"mailto:tecuento@miprimeravez.es\">tecuento@miprimeravez.es<\/a> y peri\u00f3dicamente publicaremos una selecci\u00f3n.<\/p>\n<p align=\"left\">\n<p align=\"left\">Pod\u00e9is seguirnos en <a href=\"http:\/\/www.facebook.com\/miprimeravez?id=37459291840&amp;_rdr#!\/profile.php?id=345060818918009&amp;__user=100001050378745&amp;mds=%2Ftimeline%2Fcover%2Fchooser%2F%3Fpageid%3D345060818918009&amp;mdf=1\">facebook<\/a>, <a href=\"http:\/\/twitter.com\/mi1vez\">twitter<\/a>, <a href=\"https:\/\/plus.google.com\/b\/112441732476344800713\/112441732476344800713\/posts\">google+<\/a> y <a href=\"http:\/\/www.google.com\/url?q=http%3A%2F%2Fwww.miprimeravez.es%2Ffeed%2F&amp;sa=D&amp;sntz=1&amp;usg=AFQjCNGtRios_8In_K2Dvg6slc20CBvbjQ\">rss<\/a><\/p>\n<\/blockquote>\n<p align=\"left\">\n<p align=\"left\">\n<blockquote>\n<p align=\"left\">* Este art\u00edculo ha sido escrito con car\u00e1cter divulgativo y sin ning\u00fan tipo de \u00e1nimo de lucro. As\u00ed que, si te apetece <strong>compartirlo<\/strong> en cualquier otro medio, estaremos encantados de que lo hagas siempre y cuando cites el lugar donde lo has encontrado.<\/p>\n<p align=\"left\">\n<p align=\"left\">Autores de la entrada: <a href=\"http:\/\/www.facebook.com\/col.prudant#!\/StepienybarnoCANAL\">Stepienybarno<\/a><\/p>\n<p align=\"left\"><a href=\"http:\/\/www.linkedin.com\/company\/stepienybarno\">STEPIENYBARNO EN LINKEDIN<\/a><\/p>\n<p align=\"left\"><a href=\"http:\/\/twitter.com\/stepienybarno\/stepienybarno\">STEPIENYBARNO EN TWITTER<\/a><\/p>\n<p align=\"left\"><a href=\"https:\/\/www.facebook.com\/pages\/BLOG-DE-STEPIENYBARNO\/78001079029\">STEPIENYBARNO EN FACEBOOK<\/a><\/p>\n<p align=\"left\">\n<p align=\"left\">* Stepienybarno est\u00e1 formado por Agnieszka Stepien y Lorenzo Barn\u00f3 y desde mayo del 2009 estamos en la red con\u00a0 la presente publicaci\u00f3n digital (Blog) de arquitectura.<\/p>\n<p align=\"left\">Nuestra actividad se sustenta en tres pilares b\u00e1sicos: la investigaci\u00f3n, la publicaci\u00f3n y la redacci\u00f3n de proyectos de arquitectura.<\/p>\n<p align=\"left\">A su vez, somos socios cofundadores de <a href=\"http:\/\/sinergiasostenible.org\/\">SINERGIA SOSTENIBLE<\/a> y redactores de <a href=\"http:\/\/www.laciudadviva.org\/blogs\/?author=45\">LA CIUDAD VIVA<\/a>.<\/p>\n<p align=\"left\">* Los editores de esta publicaci\u00f3n digital no nos hacemos cargo de de los comentarios y\u00a0 conceptos vertidos en los textos firmados por otras personas, siendo \u00e9stos de responsabilidad exclusiva de sus autores.<\/p>\n<p align=\"left\">* Tu comentario pudiera ser moderado, por lo tanto, aunque aparezca inmediatamente al ser publicado en la entrada, los editores de esta publicaci\u00f3n digital nos reservamos el derecho tanto de editarlo (si fuera necesario, para hacerlo m\u00e1s legible) como de eliminarlo en el caso de que se usen expresiones incorrectas (descalificaciones, palabras malsonantes\u2026). A su vez, si quieres comentar desde el anonimato puedes hacerlo, aunque, nosotros personalmente, agradecemos que tod@s nos podamos identificar.<\/p>\n<\/blockquote>\n","protected":false},"excerpt":{"rendered":"\n<p>Hoy, tenemos la suerte de presentar  esta interesante iniciativa: Mi primera vez.<\/p>\n<p>Les seguimos desde su nacimiento y la idea no tiene desperdicio. Adem\u00e1s, cuidan mucho todos los detalles y tienen una presencia en las redes sociales de lo m\u00e1s entretenida.<\/p>\n<p>Ya nos contareis c\u00f3mo la veis!<\/p>\n<p>Ah! y si ten\u00e9is alguna primera vez, interesante que contar, este es el momento!!<\/p>\n","protected":false},"author":2,"featured_media":0,"comment_status":"open","ping_status":"closed","sticky":false,"template":"","format":"standard","meta":{"om_disable_all_campaigns":false,"_monsterinsights_skip_tracking":false,"_monsterinsights_sitenote_active":false,"_monsterinsights_sitenote_note":"","_monsterinsights_sitenote_category":0,"_uf_show_specific_survey":0,"_uf_disable_surveys":false,"episode_type":"","audio_file":"","cover_image":"","cover_image_id":"","duration":"","filesize":"","date_recorded":"","explicit":"","block":"","filesize_raw":"","footnotes":""},"categories":[34,4],"tags":[4274,9,2153,2154],"series":[],"class_list":["post-7524","post","type-post","status-publish","format-standard","hentry","category-actualidad","category-arquilectura","tag-actualidad","tag-arquitectura","tag-mi-primera-vez","tag-miprimeravez"],"aioseo_notices":[],"episode_featured_image":false,"episode_player_image":"https:\/\/stepienybarno.es\/blog\/wp-content\/uploads\/2020\/11\/stepienybarno-podcast-scaled.jpg","download_link":"","player_link":"","audio_player":false,"episode_data":{"playerMode":"dark","subscribeUrls":[],"rssFeedUrl":"https:\/\/stepienybarno.es\/blog\/feed\/podcast\/podcast-de-stepienybarno","embedCode":"<blockquote class=\"wp-embedded-content\" data-secret=\"TsDbkinzLO\"><a href=\"https:\/\/stepienybarno.es\/blog\/2013\/01\/21\/mi-primera-vez\/\">MI PRIMERA VEZ<\/a><\/blockquote><iframe sandbox=\"allow-scripts\" security=\"restricted\" src=\"https:\/\/stepienybarno.es\/blog\/2013\/01\/21\/mi-primera-vez\/embed\/#?secret=TsDbkinzLO\" width=\"500\" height=\"350\" title=\"\u00abMI PRIMERA VEZ\u00bb \u2014 Blog de STEPIEN Y BARNO - publicaci\u00f3n digital sobre arquitectura\" data-secret=\"TsDbkinzLO\" frameborder=\"0\" marginwidth=\"0\" marginheight=\"0\" scrolling=\"no\" class=\"wp-embedded-content\"><\/iframe><script type=\"text\/javascript\">\n\/* <![CDATA[ *\/\n\/*! This file is auto-generated *\/\n!function(d,l){\"use strict\";l.querySelector&&d.addEventListener&&\"undefined\"!=typeof URL&&(d.wp=d.wp||{},d.wp.receiveEmbedMessage||(d.wp.receiveEmbedMessage=function(e){var t=e.data;if((t||t.secret||t.message||t.value)&&!\/[^a-zA-Z0-9]\/.test(t.secret)){for(var s,r,n,a=l.querySelectorAll('iframe[data-secret=\"'+t.secret+'\"]'),o=l.querySelectorAll('blockquote[data-secret=\"'+t.secret+'\"]'),c=new RegExp(\"^https?:$\",\"i\"),i=0;i<o.length;i++)o[i].style.display=\"none\";for(i=0;i<a.length;i++)s=a[i],e.source===s.contentWindow&&(s.removeAttribute(\"style\"),\"height\"===t.message?(1e3<(r=parseInt(t.value,10))?r=1e3:~~r<200&&(r=200),s.height=r):\"link\"===t.message&&(r=new URL(s.getAttribute(\"src\")),n=new URL(t.value),c.test(n.protocol))&&n.host===r.host&&l.activeElement===s&&(d.top.location.href=t.value))}},d.addEventListener(\"message\",d.wp.receiveEmbedMessage,!1),l.addEventListener(\"DOMContentLoaded\",function(){for(var e,t,s=l.querySelectorAll(\"iframe.wp-embedded-content\"),r=0;r<s.length;r++)(t=(e=s[r]).getAttribute(\"data-secret\"))||(t=Math.random().toString(36).substring(2,12),e.src+=\"#?secret=\"+t,e.setAttribute(\"data-secret\",t)),e.contentWindow.postMessage({message:\"ready\",secret:t},\"*\")},!1)))}(window,document);\n\/* ]]> *\/\n<\/script>\n"},"_links":{"self":[{"href":"https:\/\/stepienybarno.es\/blog\/wp-json\/wp\/v2\/posts\/7524"}],"collection":[{"href":"https:\/\/stepienybarno.es\/blog\/wp-json\/wp\/v2\/posts"}],"about":[{"href":"https:\/\/stepienybarno.es\/blog\/wp-json\/wp\/v2\/types\/post"}],"author":[{"embeddable":true,"href":"https:\/\/stepienybarno.es\/blog\/wp-json\/wp\/v2\/users\/2"}],"replies":[{"embeddable":true,"href":"https:\/\/stepienybarno.es\/blog\/wp-json\/wp\/v2\/comments?post=7524"}],"version-history":[{"count":3,"href":"https:\/\/stepienybarno.es\/blog\/wp-json\/wp\/v2\/posts\/7524\/revisions"}],"predecessor-version":[{"id":7527,"href":"https:\/\/stepienybarno.es\/blog\/wp-json\/wp\/v2\/posts\/7524\/revisions\/7527"}],"wp:attachment":[{"href":"https:\/\/stepienybarno.es\/blog\/wp-json\/wp\/v2\/media?parent=7524"}],"wp:term":[{"taxonomy":"category","embeddable":true,"href":"https:\/\/stepienybarno.es\/blog\/wp-json\/wp\/v2\/categories?post=7524"},{"taxonomy":"post_tag","embeddable":true,"href":"https:\/\/stepienybarno.es\/blog\/wp-json\/wp\/v2\/tags?post=7524"},{"taxonomy":"series","embeddable":true,"href":"https:\/\/stepienybarno.es\/blog\/wp-json\/wp\/v2\/series?post=7524"}],"curies":[{"name":"wp","href":"https:\/\/api.w.org\/{rel}","templated":true}]}}