{"id":7602,"date":"2013-01-29T10:37:13","date_gmt":"2013-01-29T08:37:13","guid":{"rendered":"https:\/\/www.stepienybarno.es\/blog\/?p=7602"},"modified":"2013-01-29T10:37:49","modified_gmt":"2013-01-29T08:37:49","slug":"de-affonso-eduardo-reidy-a-niemeyer-pasando-por-jacobsen","status":"publish","type":"post","link":"https:\/\/stepienybarno.es\/blog\/2013\/01\/29\/de-affonso-eduardo-reidy-a-niemeyer-pasando-por-jacobsen\/","title":{"rendered":"DE AFFONSO EDUARDO REIDY  A NIEMEYER, PASANDO POR JACOBSEN."},"content":{"rendered":"<p align=\"left\">\n<p style=\"text-align: center;\"><img loading=\"lazy\" decoding=\"async\" class=\"aligncenter size-full wp-image-7603\" title=\"stariway escaleras arquitectura stepienyarno\" src=\"https:\/\/stepienybarno.es\/blog\/wp-content\/uploads\/2013\/01\/stariway-escaleras-arquitectura-stepienyarno-.jpg\" alt=\"stariway escaleras arquitectura stepienyarno\" width=\"350\" height=\"322\" srcset=\"https:\/\/stepienybarno.es\/blog\/wp-content\/uploads\/2013\/01\/stariway-escaleras-arquitectura-stepienyarno-.jpg 350w, https:\/\/stepienybarno.es\/blog\/wp-content\/uploads\/2013\/01\/stariway-escaleras-arquitectura-stepienyarno--180x166.jpg 180w, https:\/\/stepienybarno.es\/blog\/wp-content\/uploads\/2013\/01\/stariway-escaleras-arquitectura-stepienyarno--316x291.jpg 316w\" sizes=\"(max-width: 350px) 100vw, 350px\" \/><\/p>\n<p align=\"left\">Subiendo al cielo!<\/p>\n<p align=\"left\"><!--more--><\/p>\n<p style=\"text-align: center;\"><img loading=\"lazy\" decoding=\"async\" class=\"aligncenter size-medium wp-image-7604\" title=\"Escalera del  Museum of Modern Art en Rio de Janero _ Por Affonso Eduardo Reidy,  1953 _ Stepienybarno 500\" src=\"https:\/\/stepienybarno.es\/blog\/wp-content\/uploads\/2013\/01\/Escalera-del-Museum-of-Modern-Art-en-Rio-de-Janero-_-Por-Affonso-Eduardo-Reidy-1953-_-Stepienybarno-500--350x256.jpg\" alt=\"Escalera del  Museum of Modern Art en Rio de Janero _ Por Affonso Eduardo Reidy,  1953 _ Stepienybarno 500\" width=\"350\" height=\"256\" \/><\/p>\n<p align=\"left\"><strong> <\/strong><\/p>\n<p align=\"left\"><strong> <\/strong><\/p>\n<p align=\"left\"><strong> <\/strong><\/p>\n<p style=\"text-align: center;\">Escalera del\u00a0 Museo de Arte Moderno en Rio de   Janeiro _ Por Affonso Eduardo Reidy,\u00a0 1953.<\/p>\n<p style=\"text-align: center;\">\n<p style=\"text-align: center;\"><img loading=\"lazy\" decoding=\"async\" class=\"aligncenter size-medium wp-image-7605\" title=\"Escalera del  Hotel SAS, Copenhague _ Por  Arne Jacobsen, 1960.  500\" src=\"https:\/\/stepienybarno.es\/blog\/wp-content\/uploads\/2013\/01\/Escalera-del-Hotel-SAS-Copenhague-_-Por-Arne-Jacobsen-1960.-500--350x246.jpg\" alt=\"Escalera del  Hotel SAS, Copenhague _ Por  Arne Jacobsen, 1960.  500\" width=\"350\" height=\"246\" \/><\/p>\n<p style=\"text-align: center;\">Escalera del\u00a0 Hotel SAS, Copenhague _ Por \u00a0Arne Jacobsen, 1960.<\/p>\n<p style=\"text-align: center;\"><img loading=\"lazy\" decoding=\"async\" class=\"aligncenter size-medium wp-image-7607\" title=\"Edificio Ministerio de Asuntos Exteriores, Brasilia  _ Por  Oscar Niemeyer, 1974. _ Stepienybarno 500\" src=\"https:\/\/stepienybarno.es\/blog\/wp-content\/uploads\/2013\/01\/Edificio-Ministerio-de-Asuntos-Exteriores-Brasilia-_-Por-Oscar-Niemeyer-1974.-_-Stepienybarno-500--350x268.jpg\" alt=\"Edificio Ministerio de Asuntos Exteriores, Brasilia  _ Por  Oscar Niemeyer, 1974. _ Stepienybarno 500\" width=\"350\" height=\"268\" \/><\/p>\n<p style=\"text-align: center;\">Escalera del<strong> <\/strong><span style=\"text-decoration: underline;\">Edificio Ministerio de Asuntos Exteriores, <\/span><span style=\"text-decoration: underline;\">Brasilia<\/span><span style=\"text-decoration: underline;\"> <\/span>_ Por<strong> <\/strong><span style=\"text-decoration: underline;\">Oscar Niemeyer, 1974.<\/span><\/p>\n<p align=\"left\">\n<blockquote>\n<p style=\"text-align: center;\"><a href=\"http:\/\/www.youtube.com\/watch?v=w9TGj2jrJk8\">Stairway to heaven<\/a><\/p>\n<p style=\"text-align: center;\"><img loading=\"lazy\" decoding=\"async\" class=\"aligncenter size-full wp-image-7610\" title=\"stariway escaleras arquitectura stepienyarno\" src=\"https:\/\/stepienybarno.es\/blog\/wp-content\/uploads\/2013\/01\/stariway-escaleras-arquitectura-stepienyarno-1.jpg\" alt=\"stariway escaleras arquitectura stepienyarno\" width=\"350\" height=\"322\" srcset=\"https:\/\/stepienybarno.es\/blog\/wp-content\/uploads\/2013\/01\/stariway-escaleras-arquitectura-stepienyarno-1.jpg 350w, https:\/\/stepienybarno.es\/blog\/wp-content\/uploads\/2013\/01\/stariway-escaleras-arquitectura-stepienyarno-1-180x166.jpg 180w, https:\/\/stepienybarno.es\/blog\/wp-content\/uploads\/2013\/01\/stariway-escaleras-arquitectura-stepienyarno-1-316x291.jpg 316w\" sizes=\"(max-width: 350px) 100vw, 350px\" \/><\/p>\n<\/blockquote>\n<p align=\"left\"><strong> <\/strong><\/p>\n<p align=\"left\">\n<p align=\"left\">\n<p align=\"left\">Noticia seleccionada por el Canal de arquitectura STEPIENYBARNO.<\/p>\n<p align=\"left\"><a href=\"http:\/\/www.linkedin.com\/company\/stepienybarno\">STEPIENYBARNO EN LINKEDIN<\/a><\/p>\n<p align=\"left\"><a href=\"http:\/\/twitter.com\/stepienybarno\/stepienybarno\">STEPIENYBARNO EN TWITTER<\/a><\/p>\n<p align=\"left\"><a href=\"https:\/\/www.facebook.com\/pages\/BLOG-DE-STEPIENYBARNO\/78001079029\">STEPIENYBARNO EN FACEBOOK<\/a><\/p>\n<p align=\"left\">\n<p align=\"left\">*Stepienybarno est\u00e1 formado por Agnieszka Stepien y Lorenzo Barn\u00f3 y desde mayo del 2009 estamos en la red con\u00a0 la presente publicaci\u00f3n digital (Blog) de arquitectura.<\/p>\n<p align=\"left\">Nuestra actividad se sustenta en tres pilares b\u00e1sicos: la investigaci\u00f3n, la publicaci\u00f3n (comunicaci\u00f3n y difusi\u00f3n) y la redacci\u00f3n de proyectos de arquitectura.<\/p>\n<p align=\"left\">A su vez, somos socios cofundadores de <a href=\"http:\/\/sinergiasostenible.org\/\">SINERGIA SOSTENIBLE<\/a> y redactores de <a href=\"http:\/\/www.laciudadviva.org\/blogs\/?author=45\">LA CIUDAD VIVA<\/a>.<\/p>\n<p align=\"left\">\n<p align=\"left\">* Los editores de esta publicaci\u00f3n digital no nos hacemos cargo de de los comentarios y\u00a0 conceptos vertidos en los textos firmados por otras personas, siendo \u00e9stos de responsabilidad exclusiva de sus autores.<\/p>\n<p>* Tu comentario podr\u00e1 ser moderado, por lo tanto, aunque aparezca inmediatamente al ser publicado en la entrada, los editores de esta publicaci\u00f3n digital nos reservamos el derecho tanto de editarlo (si fuera necesario, para hacerlo m\u00e1s legible) como de eliminarlo en el caso de que se usen expresiones incorrectas (descalificaciones, palabras malsonantes\u2026). A su vez, si quieres comentar desde el anonimato puedes hacerlo, aunque, nosotros personalmente, agradecemos que tod@s nos podamos identificar.<\/p>\n","protected":false},"excerpt":{"rendered":"\n<p>Subiendo al cielo!<\/p>\n","protected":false},"author":2,"featured_media":0,"comment_status":"open","ping_status":"closed","sticky":false,"template":"","format":"standard","meta":{"om_disable_all_campaigns":false,"_monsterinsights_skip_tracking":false,"_monsterinsights_sitenote_active":false,"_monsterinsights_sitenote_note":"","_monsterinsights_sitenote_category":0,"_uf_show_specific_survey":0,"_uf_disable_surveys":false,"episode_type":"","audio_file":"","cover_image":"","cover_image_id":"","duration":"","filesize":"","date_recorded":"","explicit":"","block":"","filesize_raw":"","footnotes":""},"categories":[34,244],"tags":[4274,9,2171,2170,2080],"series":[],"class_list":["post-7602","post","type-post","status-publish","format-standard","hentry","category-actualidad","category-canal-de-arquitectura","tag-actualidad","tag-arquitectura","tag-eduardo-reidy","tag-jacobsen","tag-niemeyer"],"aioseo_notices":[],"episode_featured_image":false,"episode_player_image":"https:\/\/stepienybarno.es\/blog\/wp-content\/uploads\/2020\/11\/stepienybarno-podcast-scaled.jpg","download_link":"","player_link":"","audio_player":false,"episode_data":{"playerMode":"dark","subscribeUrls":[],"rssFeedUrl":"https:\/\/stepienybarno.es\/blog\/feed\/podcast\/podcast-de-stepienybarno","embedCode":"<blockquote class=\"wp-embedded-content\" data-secret=\"8oyI7rFQFo\"><a href=\"https:\/\/stepienybarno.es\/blog\/2013\/01\/29\/de-affonso-eduardo-reidy-a-niemeyer-pasando-por-jacobsen\/\">DE AFFONSO EDUARDO REIDY  A NIEMEYER, PASANDO POR JACOBSEN.<\/a><\/blockquote><iframe sandbox=\"allow-scripts\" security=\"restricted\" src=\"https:\/\/stepienybarno.es\/blog\/2013\/01\/29\/de-affonso-eduardo-reidy-a-niemeyer-pasando-por-jacobsen\/embed\/#?secret=8oyI7rFQFo\" width=\"500\" height=\"350\" title=\"\u00abDE AFFONSO EDUARDO REIDY  A NIEMEYER, PASANDO POR JACOBSEN.\u00bb \u2014 Blog de STEPIEN Y BARNO - publicaci\u00f3n digital sobre arquitectura\" data-secret=\"8oyI7rFQFo\" frameborder=\"0\" marginwidth=\"0\" marginheight=\"0\" scrolling=\"no\" class=\"wp-embedded-content\"><\/iframe><script type=\"text\/javascript\">\n\/* <![CDATA[ *\/\n\/*! This file is auto-generated *\/\n!function(d,l){\"use strict\";l.querySelector&&d.addEventListener&&\"undefined\"!=typeof URL&&(d.wp=d.wp||{},d.wp.receiveEmbedMessage||(d.wp.receiveEmbedMessage=function(e){var t=e.data;if((t||t.secret||t.message||t.value)&&!\/[^a-zA-Z0-9]\/.test(t.secret)){for(var s,r,n,a=l.querySelectorAll('iframe[data-secret=\"'+t.secret+'\"]'),o=l.querySelectorAll('blockquote[data-secret=\"'+t.secret+'\"]'),c=new RegExp(\"^https?:$\",\"i\"),i=0;i<o.length;i++)o[i].style.display=\"none\";for(i=0;i<a.length;i++)s=a[i],e.source===s.contentWindow&&(s.removeAttribute(\"style\"),\"height\"===t.message?(1e3<(r=parseInt(t.value,10))?r=1e3:~~r<200&&(r=200),s.height=r):\"link\"===t.message&&(r=new URL(s.getAttribute(\"src\")),n=new URL(t.value),c.test(n.protocol))&&n.host===r.host&&l.activeElement===s&&(d.top.location.href=t.value))}},d.addEventListener(\"message\",d.wp.receiveEmbedMessage,!1),l.addEventListener(\"DOMContentLoaded\",function(){for(var e,t,s=l.querySelectorAll(\"iframe.wp-embedded-content\"),r=0;r<s.length;r++)(t=(e=s[r]).getAttribute(\"data-secret\"))||(t=Math.random().toString(36).substring(2,12),e.src+=\"#?secret=\"+t,e.setAttribute(\"data-secret\",t)),e.contentWindow.postMessage({message:\"ready\",secret:t},\"*\")},!1)))}(window,document);\n\/* ]]> *\/\n<\/script>\n"},"_links":{"self":[{"href":"https:\/\/stepienybarno.es\/blog\/wp-json\/wp\/v2\/posts\/7602"}],"collection":[{"href":"https:\/\/stepienybarno.es\/blog\/wp-json\/wp\/v2\/posts"}],"about":[{"href":"https:\/\/stepienybarno.es\/blog\/wp-json\/wp\/v2\/types\/post"}],"author":[{"embeddable":true,"href":"https:\/\/stepienybarno.es\/blog\/wp-json\/wp\/v2\/users\/2"}],"replies":[{"embeddable":true,"href":"https:\/\/stepienybarno.es\/blog\/wp-json\/wp\/v2\/comments?post=7602"}],"version-history":[{"count":4,"href":"https:\/\/stepienybarno.es\/blog\/wp-json\/wp\/v2\/posts\/7602\/revisions"}],"predecessor-version":[{"id":7612,"href":"https:\/\/stepienybarno.es\/blog\/wp-json\/wp\/v2\/posts\/7602\/revisions\/7612"}],"wp:attachment":[{"href":"https:\/\/stepienybarno.es\/blog\/wp-json\/wp\/v2\/media?parent=7602"}],"wp:term":[{"taxonomy":"category","embeddable":true,"href":"https:\/\/stepienybarno.es\/blog\/wp-json\/wp\/v2\/categories?post=7602"},{"taxonomy":"post_tag","embeddable":true,"href":"https:\/\/stepienybarno.es\/blog\/wp-json\/wp\/v2\/tags?post=7602"},{"taxonomy":"series","embeddable":true,"href":"https:\/\/stepienybarno.es\/blog\/wp-json\/wp\/v2\/series?post=7602"}],"curies":[{"name":"wp","href":"https:\/\/api.w.org\/{rel}","templated":true}]}}