{"id":7695,"date":"2013-02-06T19:24:27","date_gmt":"2013-02-06T17:24:27","guid":{"rendered":"https:\/\/www.stepienybarno.es\/blog\/?p=7695"},"modified":"2013-02-06T19:26:35","modified_gmt":"2013-02-06T17:26:35","slug":"miradas-excentricas","status":"publish","type":"post","link":"https:\/\/stepienybarno.es\/blog\/2013\/02\/06\/miradas-excentricas\/","title":{"rendered":"MIRADAS EXC\u00c9NTRICAS"},"content":{"rendered":"<p align=\"left\">\n<p style=\"text-align: center;\"><img loading=\"lazy\" decoding=\"async\" class=\"aligncenter size-medium wp-image-7694\" title=\"MIRADAS EXC\u00c9NTRICAS Los chicos de Recolectores Urbanos  STEPIENYBARNO\" src=\"https:\/\/stepienybarno.es\/blog\/wp-content\/uploads\/2013\/02\/MIRADAS-EXC\u00c9NTRICAS-Los-chicos-de-Recolectores-Urbanos-STEPIENYBARNO--350x233.jpg\" alt=\"MIRADAS EXC\u00c9NTRICAS Los chicos de Recolectores Urbanos  STEPIENYBARNO\" width=\"350\" height=\"233\" \/><\/p>\n<p align=\"left\">Los chicos de Recolectores Urbanos est\u00e1n que se salen y ya tenemos una nueva publicaci\u00f3n encima de la mesa.<\/p>\n<p align=\"left\">Autor: Ferran Ventura Blanch<\/p>\n<p align=\"left\"><!--more--><\/p>\n<p align=\"left\">\n<p align=\"left\">\n<p style=\"text-align: center;\"><img loading=\"lazy\" decoding=\"async\" class=\"aligncenter size-medium wp-image-7698\" title=\"portada_color_nuevo.indd\" src=\"https:\/\/stepienybarno.es\/blog\/wp-content\/uploads\/2013\/02\/portada_tfm_01-250x350.jpg\" alt=\"portada_color_nuevo.indd\" width=\"250\" height=\"350\" \/><\/p>\n<p align=\"left\">Aqu\u00ed os dejamos con texto presentaci\u00f3n del libro:<\/p>\n<p align=\"left\">\n<p align=\"left\">Miradas exc\u00e9ntricas propone un viaje a lo largo de distintas situaciones, para comprender la compleja realidad urbana que rige los procesos de crecimiento con bases sostenibles en la actualidad. Una tarea probablemente inabarcable, pero con la decisi\u00f3n de trazar un recorrido forzado por los distintos sumideros urbanos. Un trazado que permite grafiar distintos ejemplos que comienzan a poblar la corteza superficial del planeta. Una impermeabilizaci\u00f3n territorial llevada al extremo de un crecimiento ya en v\u00edas de agotamiento. Se desarrolla un di\u00e1logo continuo de intenciones, que recorren ejemplos en diversas posiciones en las ciudades extremas, mostrando situaciones de m\u00e1s f\u00e1cil asimilaci\u00f3n para un fen\u00f3meno de apropiaci\u00f3n pol\u00edtica, al que se responde, desde la arquitectura, de un modo complaciente.<\/p>\n<p align=\"left\">Un conjunto de lecturas manipulables por el lector, a modo de recorrer en zig zag las diferentes tem\u00e1ticas que se van relacionando a lo largo de los cap\u00edtulos. Distintos caminos manipulables convierten a estas ciudades extremas, en objetos experimentales para la comprensi\u00f3n de la complejidad urbana en los inicios del siglo XXI. El lector, en segunda vuelta ya no es el mismo, se puede permitir construir una idea propia de lo que el texto plantea con el fruto de la conversaci\u00f3n. En definitiva, un documento de trabajo.<\/p>\n<p align=\"left\">El recorrido se inicia en el acontecimiento, como suceso constructor o destructor de la arquitectura y la ciudad. La celebraci\u00f3n y la destrucci\u00f3n, el \u00e9xtasis y el fracaso gobiernan los procesos pol\u00edticos de evoluci\u00f3n de la ciudad. La presencia de un tardocapitalismo en fase de agotamiento que domina el espacio p\u00fablico, muestra s\u00edntomas de debilidad y se reproduce a si mismo antes de caer en las garras de la muerte. Un sistema que requiere de continuadas renovaciones para no ponerse en jaque a si mismo.<\/p>\n<p align=\"left\">\n<blockquote>\n<p align=\"left\">Identidad digital: http:\/\/www.facebook.com\/Miradas Excentricas<\/p>\n<p align=\"left\">RU Editorial Store: <a href=\"https:\/\/recolectoresurbanoseditorial.bigcartel.com\/\">https:\/\/recolectoresurbanoseditorial.bigcartel.com<\/a><\/p>\n<\/blockquote>\n<p align=\"left\">\n<p align=\"left\">T\u00edtulo: Miradas exc\u00e9ntricas.<\/p>\n<p align=\"left\">Genealog\u00edas forzadas, sumideros urbanos y ciudades extremas.<\/p>\n<p align=\"left\">Autor: Ferran Ventura Blanch<\/p>\n<p align=\"left\">Colecci\u00f3n: colecci\u00f3n master [tfm] 01<\/p>\n<p align=\"left\">ISBN: 978-84-940196-1-6<\/p>\n<p align=\"left\">PVP con IVA: 10 \u20ac<\/p>\n<p align=\"left\">N\u00ba de p\u00e1ginas: 132<\/p>\n<p align=\"left\">Materia: Arquitectura, Proyectos arquitect\u00f3nicos, Teor\u00eda de la Arquitectura.<\/p>\n<p align=\"left\">\n<blockquote>\n<p align=\"left\">Noticia seleccionada por el Canal de arquitectura STEPIENYBARNO.<\/p>\n<p align=\"left\"><a href=\"http:\/\/www.linkedin.com\/company\/stepienybarno\">STEPIENYBARNO EN LINKEDIN<\/a><\/p>\n<p align=\"left\"><a href=\"http:\/\/twitter.com\/stepienybarno\/stepienybarno\">STEPIENYBARNO EN TWITTER<\/a><\/p>\n<p align=\"left\"><a href=\"https:\/\/www.facebook.com\/pages\/BLOG-DE-STEPIENYBARNO\/78001079029\">STEPIENYBARNO EN FACEBOOK<\/a><\/p>\n<p align=\"left\">\n<p align=\"left\">*Stepienybarno est\u00e1 formado por Agnieszka Stepien y Lorenzo Barn\u00f3 y desde mayo del 2009 estamos en la red con\u00a0 la presente publicaci\u00f3n digital (Blog) de arquitectura.<\/p>\n<p align=\"left\">Nuestra actividad se sustenta en tres pilares b\u00e1sicos: la investigaci\u00f3n, la publicaci\u00f3n (comunicaci\u00f3n y difusi\u00f3n) y la redacci\u00f3n de proyectos de arquitectura.<\/p>\n<p align=\"left\">A su vez, somos socios cofundadores de <a href=\"http:\/\/sinergiasostenible.org\/\">SINERGIA SOSTENIBLE<\/a> y redactores de <a href=\"http:\/\/www.laciudadviva.org\/blogs\/?author=45\">LA CIUDAD VIVA<\/a>.<\/p>\n<p align=\"left\">\n<p align=\"left\">* Los editores de esta publicaci\u00f3n digital no nos hacemos cargo de de los comentarios y\u00a0 conceptos vertidos en los textos firmados por otras personas, siendo \u00e9stos de responsabilidad exclusiva de sus autores.<\/p>\n<p>* Tu comentario podr\u00e1 ser moderado, por lo tanto, aunque aparezca inmediatamente al ser publicado en la entrada, los editores de esta publicaci\u00f3n digital nos reservamos el derecho tanto de editarlo (si fuera necesario, para hacerlo m\u00e1s legible) como de eliminarlo en el caso de que se usen expresiones incorrectas (descalificaciones, palabras malsonantes\u2026). A su vez, si quieres comentar desde el anonimato puedes hacerlo, aunque, nosotros personalmente, agradecemos que tod@s nos podamos identificar.<\/p><\/blockquote>\n","protected":false},"excerpt":{"rendered":"\n<p>Los chicos de Recolectores Urbanos est\u00e1n que se salen y ya tenemos una nueva publicaci\u00f3n encima de la mesa.<\/p>\n","protected":false},"author":2,"featured_media":0,"comment_status":"open","ping_status":"closed","sticky":false,"template":"","format":"standard","meta":{"om_disable_all_campaigns":false,"_monsterinsights_skip_tracking":false,"_monsterinsights_sitenote_active":false,"_monsterinsights_sitenote_note":"","_monsterinsights_sitenote_category":0,"_uf_show_specific_survey":0,"_uf_disable_surveys":false,"episode_type":"","audio_file":"","cover_image":"","cover_image_id":"","duration":"","filesize":"","date_recorded":"","explicit":"","block":"","filesize_raw":"","footnotes":""},"categories":[34,244],"tags":[2184,1899],"series":[],"class_list":["post-7695","post","type-post","status-publish","format-standard","hentry","category-actualidad","category-canal-de-arquitectura","tag-ferran-ventura-blanch","tag-recolectores-urbanos"],"aioseo_notices":[],"episode_featured_image":false,"episode_player_image":"https:\/\/stepienybarno.es\/blog\/wp-content\/uploads\/2020\/11\/stepienybarno-podcast-scaled.jpg","download_link":"","player_link":"","audio_player":false,"episode_data":{"playerMode":"dark","subscribeUrls":[],"rssFeedUrl":"https:\/\/stepienybarno.es\/blog\/feed\/podcast\/podcast-de-stepienybarno","embedCode":"<blockquote class=\"wp-embedded-content\" data-secret=\"FLm5dFifnD\"><a href=\"https:\/\/stepienybarno.es\/blog\/2013\/02\/06\/miradas-excentricas\/\">MIRADAS EXC\u00c9NTRICAS<\/a><\/blockquote><iframe sandbox=\"allow-scripts\" security=\"restricted\" src=\"https:\/\/stepienybarno.es\/blog\/2013\/02\/06\/miradas-excentricas\/embed\/#?secret=FLm5dFifnD\" width=\"500\" height=\"350\" title=\"\u00abMIRADAS EXC\u00c9NTRICAS\u00bb \u2014 Blog de STEPIEN Y BARNO - publicaci\u00f3n digital sobre arquitectura\" data-secret=\"FLm5dFifnD\" frameborder=\"0\" marginwidth=\"0\" marginheight=\"0\" scrolling=\"no\" class=\"wp-embedded-content\"><\/iframe><script type=\"text\/javascript\">\n\/* <![CDATA[ *\/\n\/*! This file is auto-generated *\/\n!function(d,l){\"use strict\";l.querySelector&&d.addEventListener&&\"undefined\"!=typeof URL&&(d.wp=d.wp||{},d.wp.receiveEmbedMessage||(d.wp.receiveEmbedMessage=function(e){var t=e.data;if((t||t.secret||t.message||t.value)&&!\/[^a-zA-Z0-9]\/.test(t.secret)){for(var s,r,n,a=l.querySelectorAll('iframe[data-secret=\"'+t.secret+'\"]'),o=l.querySelectorAll('blockquote[data-secret=\"'+t.secret+'\"]'),c=new RegExp(\"^https?:$\",\"i\"),i=0;i<o.length;i++)o[i].style.display=\"none\";for(i=0;i<a.length;i++)s=a[i],e.source===s.contentWindow&&(s.removeAttribute(\"style\"),\"height\"===t.message?(1e3<(r=parseInt(t.value,10))?r=1e3:~~r<200&&(r=200),s.height=r):\"link\"===t.message&&(r=new URL(s.getAttribute(\"src\")),n=new URL(t.value),c.test(n.protocol))&&n.host===r.host&&l.activeElement===s&&(d.top.location.href=t.value))}},d.addEventListener(\"message\",d.wp.receiveEmbedMessage,!1),l.addEventListener(\"DOMContentLoaded\",function(){for(var e,t,s=l.querySelectorAll(\"iframe.wp-embedded-content\"),r=0;r<s.length;r++)(t=(e=s[r]).getAttribute(\"data-secret\"))||(t=Math.random().toString(36).substring(2,12),e.src+=\"#?secret=\"+t,e.setAttribute(\"data-secret\",t)),e.contentWindow.postMessage({message:\"ready\",secret:t},\"*\")},!1)))}(window,document);\n\/* ]]> *\/\n<\/script>\n"},"_links":{"self":[{"href":"https:\/\/stepienybarno.es\/blog\/wp-json\/wp\/v2\/posts\/7695"}],"collection":[{"href":"https:\/\/stepienybarno.es\/blog\/wp-json\/wp\/v2\/posts"}],"about":[{"href":"https:\/\/stepienybarno.es\/blog\/wp-json\/wp\/v2\/types\/post"}],"author":[{"embeddable":true,"href":"https:\/\/stepienybarno.es\/blog\/wp-json\/wp\/v2\/users\/2"}],"replies":[{"embeddable":true,"href":"https:\/\/stepienybarno.es\/blog\/wp-json\/wp\/v2\/comments?post=7695"}],"version-history":[{"count":7,"href":"https:\/\/stepienybarno.es\/blog\/wp-json\/wp\/v2\/posts\/7695\/revisions"}],"predecessor-version":[{"id":7703,"href":"https:\/\/stepienybarno.es\/blog\/wp-json\/wp\/v2\/posts\/7695\/revisions\/7703"}],"wp:attachment":[{"href":"https:\/\/stepienybarno.es\/blog\/wp-json\/wp\/v2\/media?parent=7695"}],"wp:term":[{"taxonomy":"category","embeddable":true,"href":"https:\/\/stepienybarno.es\/blog\/wp-json\/wp\/v2\/categories?post=7695"},{"taxonomy":"post_tag","embeddable":true,"href":"https:\/\/stepienybarno.es\/blog\/wp-json\/wp\/v2\/tags?post=7695"},{"taxonomy":"series","embeddable":true,"href":"https:\/\/stepienybarno.es\/blog\/wp-json\/wp\/v2\/series?post=7695"}],"curies":[{"name":"wp","href":"https:\/\/api.w.org\/{rel}","templated":true}]}}