{"id":7813,"date":"2013-02-25T10:49:52","date_gmt":"2013-02-25T08:49:52","guid":{"rendered":"https:\/\/www.stepienybarno.es\/blog\/?p=7813"},"modified":"2013-11-02T08:57:42","modified_gmt":"2013-11-02T06:57:42","slug":"stepienybarno-estara-como-ponente-en-el-ii-congreso-sobre-el-futuro-del-arquitecto","status":"publish","type":"post","link":"https:\/\/stepienybarno.es\/blog\/2013\/02\/25\/stepienybarno-estara-como-ponente-en-el-ii-congreso-sobre-el-futuro-del-arquitecto\/","title":{"rendered":"STEPIENYBARNO ESTAR\u00c1 COMO PONENTE EN EL II CONGRESO SOBRE EL FUTURO DEL ARQUITECTO"},"content":{"rendered":"<p style=\"text-align: center;\"><img loading=\"lazy\" decoding=\"async\" class=\"aligncenter size-medium wp-image-7814\" title=\"congreso futuro arquitectos mesa redonda comunicaci\u00f3n _ stepienybarno\" src=\"https:\/\/stepienybarno.es\/blog\/wp-content\/uploads\/2013\/02\/congreso-futuro-arquitectos-mesa-redonda-comunicaci\u00f3n-_-stepienybarno--350x243.jpg\" alt=\"congreso futuro arquitectos mesa redonda comunicaci\u00f3n _ stepienybarno\" width=\"350\" height=\"243\" \/><\/p>\n<p>Bajo el lema, \u201cArquitectos: sociedad y futuro\u201d tendr\u00e1 lugar en Madrid, durante los d\u00edas 7-9 de marzo esta interesante cita.<\/p>\n<p>Desde Stepienybarno tendremos la suerte de participar, junto a Celia Galera (<a title=\"Habitat futura\" href=\"http:\/\/www.habitatfutura.com\/\" target=\"_blank\">H\u00e1bitat futura<\/a>), \u00c1ngel Lu\u00eds Tendero Mart\u00edn (<a title=\"alt Arquitectura\" href=\"http:\/\/www.altarquitectura.es\/\" target=\"_blank\">Alt Arquitectura<\/a>) y Jos\u00e9 M\u00aa Echarte (<a title=\"n+1\" href=\"http:\/\/nmas1.wordpress.com\/\" target=\"_blank\">n+1<\/a>), \u00a0en la mesa n\u00famero 6, dedicada a la comunicaci\u00f3n, del s\u00e1bado d\u00eda 9.<\/p>\n<p>Ah\u00ed nos vemos!<\/p>\n<p><!--more--><\/p>\n<p align=\"left\"><strong><span style=\"text-decoration: underline;\"> <\/span><\/strong><\/p>\n<p align=\"left\"><strong><span style=\"text-decoration: underline;\"> <\/span><\/strong><\/p>\n<p align=\"left\">\n<blockquote>\n<p align=\"left\">LUGAR: En Madrid,<strong> <\/strong>en a la sede\u00a0de\u00a0la Fundaci\u00f3n Arquitectura\u00a0COAM, en la\u00a0<a href=\"https:\/\/maps.google.es\/maps?q=c\/Piamonte,+23&amp;ie=UTF-8&amp;hq=&amp;hnear=0xd422885633edbc3:0x87593610b2c275ec,Calle+Piamonte,+23,+28004+Madrid&amp;gl=es&amp;ei=gnknUZjULc2DhQes14DQBg&amp;ved=0CDIQ8gEwAA\">Calle Piamonte, 23. <\/a><\/p>\n<p align=\"left\">CONTACTO: info@congresoarquitectos.org<\/p>\n<\/blockquote>\n<p align=\"left\"><span style=\"text-decoration: underline;\"> <\/span><\/p>\n<blockquote>\n<p align=\"left\">mesa 01\u00a0Universidad\/Formaci\u00f3n _ Jueves 7\u00a0 18:30h<\/p>\n<p align=\"left\">mesa 02 Contrataci\u00f3n\u00a0P\u00fablica _ viernes 8\u00a0 09:30h<\/p>\n<p align=\"left\">mesa 03\u00a0Laboralidad _ viernes 8\u00a0 12:00h<\/p>\n<p align=\"left\">mesa 04\u00a0Internacionalizaci\u00f3n _ viernes 8\u00a0 16:00h<\/p>\n<p align=\"left\">mesa 05 Nuevas Formas de\u00a0Ejercicio _ viernes 8\u00a0 18:30h<\/p>\n<p align=\"left\">mesa 06\u00a0Comunicaci\u00f3n _ S\u00e1bado 9\u00a0 10:30h<\/p>\n<p align=\"left\">Encuentro de\u00a0Colectivos _<strong> <\/strong>S\u00e1bado 9\u00a0 13:00h<\/p>\n<\/blockquote>\n<p align=\"left\"><span style=\"text-decoration: underline;\"> <\/span><\/p>\n<blockquote>\n<p align=\"left\"><span style=\"text-decoration: underline;\"><a href=\"http:\/\/congresoarquitectos.wordpress.com\/\">Acceder a la noticia<\/a><\/span><\/p>\n<p align=\"left\">* \u201cLa Asociaci\u00f3n de Arquitectos (aA) y la Asociaci\u00f3n de Estudiantes y J\u00f3venes Arquitectos de Granada nos invitan a 3 d\u00edas en los que debatiremos sobre los principales problemas de la profesi\u00f3n: universidad, formaci\u00f3n, laboralidad, concursos, nuevas formas de ejercicio, internacionalizaci\u00f3n, comunicaci\u00f3n&#8230;. estamos todos invitados a participar.\u201d<\/p>\n<p align=\"left\"><strong> <\/strong><\/p>\n<p>Evento en FB, <a href=\"https:\/\/www.facebook.com\/events\/133591906811635\/?notif_t=plan_user_invited\">aqu\u00ed.<\/a><\/p><\/blockquote>\n<p align=\"left\">Noticia seleccionada por el Canal de arquitectura STEPIENYBARNO.<\/p>\n<p align=\"left\"><a href=\"http:\/\/www.linkedin.com\/company\/stepienybarno\">STEPIENYBARNO EN LINKEDIN<\/a><\/p>\n<p align=\"left\"><a href=\"http:\/\/twitter.com\/stepienybarno\/stepienybarno\">STEPIENYBARNO EN TWITTER<\/a><\/p>\n<p align=\"left\"><a href=\"https:\/\/www.facebook.com\/pages\/BLOG-DE-STEPIENYBARNO\/78001079029\">STEPIENYBARNO EN FACEBOOK<\/a><\/p>\n<p align=\"left\">\n<p align=\"left\">*Stepienybarno est\u00e1 formado por Agnieszka Stepien y Lorenzo Barn\u00f3 y desde mayo del 2009 estamos en la red con\u00a0 la presente publicaci\u00f3n digital (Blog) de arquitectura.<\/p>\n<p align=\"left\">Nuestra actividad se sustenta en tres pilares b\u00e1sicos: la investigaci\u00f3n, la publicaci\u00f3n (comunicaci\u00f3n y difusi\u00f3n) y la redacci\u00f3n de proyectos de arquitectura.<\/p>\n<p align=\"left\">A su vez, somos socios cofundadores de <a href=\"http:\/\/sinergiasostenible.org\/\">SINERGIA SOSTENIBLE<\/a> y redactores de <a href=\"http:\/\/www.laciudadviva.org\/blogs\/?author=45\">LA CIUDAD VIVA<\/a>.<\/p>\n<p align=\"left\">\n<p align=\"left\">* Los editores de esta publicaci\u00f3n digital no nos hacemos cargo de de los comentarios y\u00a0 conceptos vertidos en los textos firmados por otras personas, siendo \u00e9stos de responsabilidad exclusiva de sus autores.<\/p>\n<p>* Tu comentario podr\u00e1 ser moderado, por lo tanto, aunque aparezca inmediatamente al ser publicado en la entrada, los editores de esta publicaci\u00f3n digital nos reservamos el derecho tanto de editarlo (si fuera necesario, para hacerlo m\u00e1s legible) como de eliminarlo en el caso de que se usen expresiones incorrectas (descalificaciones, palabras malsonantes\u2026). A su vez, si quieres comentar desde el anonimato puedes hacerlo, aunque, nosotros personalmente, agradecemos que tod@s nos podamos identificar.<\/p>\n","protected":false},"excerpt":{"rendered":"<p>\nBajo el lema, \u201cArquitectos: sociedad y futuro\u201d tendr\u00e1 lugar en Madrid, durante los d\u00edas 7-9 de marzo esta interesante cita.<\/p>\n<p>Desde Stepienybarno tendremos la suerte de participar, junto a Celia Galera (H\u00e1bitat futura), \u00c1ngel Lu\u00eds Tendero Mart\u00edn (Alt Arquitectura) y Jos\u00e9 M\u00aa Echarte (n+1),  en la mesa n\u00famero 6, dedicada a la comunicaci\u00f3n, del s\u00e1bado d\u00eda 9.<\/p>\n<p>Ah\u00ed nos vemos!<\/p>\n","protected":false},"author":2,"featured_media":0,"comment_status":"open","ping_status":"closed","sticky":false,"template":"","format":"standard","meta":{"om_disable_all_campaigns":false,"_monsterinsights_skip_tracking":false,"_monsterinsights_sitenote_active":false,"_monsterinsights_sitenote_note":"","_monsterinsights_sitenote_category":0,"_uf_show_specific_survey":0,"_uf_disable_surveys":false,"episode_type":"","audio_file":"","cover_image":"","cover_image_id":"","duration":"","filesize":"","date_recorded":"","explicit":"","block":"","filesize_raw":"","footnotes":""},"categories":[34,4,27],"tags":[4274,1679,2199,9,2197,1330,1367,2198,2200,264],"series":[],"class_list":["post-7813","post","type-post","status-publish","format-standard","hentry","category-actualidad","category-arquilectura","category-nueva-era-digital","tag-actualidad","tag-alt-arquitectura","tag-angel-luis-tendero-martin","tag-arquitectura","tag-celia-galera","tag-congresos","tag-el-estado-de-la-profesion","tag-habitat-futura","tag-jose-m-echarte","tag-n1"],"aioseo_notices":[],"episode_featured_image":false,"episode_player_image":"https:\/\/stepienybarno.es\/blog\/wp-content\/uploads\/2020\/11\/stepienybarno-podcast-scaled.jpg","download_link":"","player_link":"","audio_player":false,"episode_data":{"playerMode":"dark","subscribeUrls":[],"rssFeedUrl":"https:\/\/stepienybarno.es\/blog\/feed\/podcast\/podcast-de-stepienybarno","embedCode":"<blockquote class=\"wp-embedded-content\" data-secret=\"cYSKaisWIS\"><a href=\"https:\/\/stepienybarno.es\/blog\/2013\/02\/25\/stepienybarno-estara-como-ponente-en-el-ii-congreso-sobre-el-futuro-del-arquitecto\/\">STEPIENYBARNO ESTAR\u00c1 COMO PONENTE EN EL II CONGRESO SOBRE EL FUTURO DEL ARQUITECTO<\/a><\/blockquote><iframe sandbox=\"allow-scripts\" security=\"restricted\" src=\"https:\/\/stepienybarno.es\/blog\/2013\/02\/25\/stepienybarno-estara-como-ponente-en-el-ii-congreso-sobre-el-futuro-del-arquitecto\/embed\/#?secret=cYSKaisWIS\" width=\"500\" height=\"350\" title=\"\u00abSTEPIENYBARNO ESTAR\u00c1 COMO PONENTE EN EL II CONGRESO SOBRE EL FUTURO DEL ARQUITECTO\u00bb \u2014 Blog de STEPIEN Y BARNO - publicaci\u00f3n digital sobre arquitectura\" data-secret=\"cYSKaisWIS\" frameborder=\"0\" marginwidth=\"0\" marginheight=\"0\" scrolling=\"no\" class=\"wp-embedded-content\"><\/iframe><script type=\"text\/javascript\">\n\/* <![CDATA[ *\/\n\/*! This file is auto-generated *\/\n!function(d,l){\"use strict\";l.querySelector&&d.addEventListener&&\"undefined\"!=typeof URL&&(d.wp=d.wp||{},d.wp.receiveEmbedMessage||(d.wp.receiveEmbedMessage=function(e){var t=e.data;if((t||t.secret||t.message||t.value)&&!\/[^a-zA-Z0-9]\/.test(t.secret)){for(var s,r,n,a=l.querySelectorAll('iframe[data-secret=\"'+t.secret+'\"]'),o=l.querySelectorAll('blockquote[data-secret=\"'+t.secret+'\"]'),c=new RegExp(\"^https?:$\",\"i\"),i=0;i<o.length;i++)o[i].style.display=\"none\";for(i=0;i<a.length;i++)s=a[i],e.source===s.contentWindow&&(s.removeAttribute(\"style\"),\"height\"===t.message?(1e3<(r=parseInt(t.value,10))?r=1e3:~~r<200&&(r=200),s.height=r):\"link\"===t.message&&(r=new URL(s.getAttribute(\"src\")),n=new URL(t.value),c.test(n.protocol))&&n.host===r.host&&l.activeElement===s&&(d.top.location.href=t.value))}},d.addEventListener(\"message\",d.wp.receiveEmbedMessage,!1),l.addEventListener(\"DOMContentLoaded\",function(){for(var e,t,s=l.querySelectorAll(\"iframe.wp-embedded-content\"),r=0;r<s.length;r++)(t=(e=s[r]).getAttribute(\"data-secret\"))||(t=Math.random().toString(36).substring(2,12),e.src+=\"#?secret=\"+t,e.setAttribute(\"data-secret\",t)),e.contentWindow.postMessage({message:\"ready\",secret:t},\"*\")},!1)))}(window,document);\n\/* ]]> *\/\n<\/script>\n"},"_links":{"self":[{"href":"https:\/\/stepienybarno.es\/blog\/wp-json\/wp\/v2\/posts\/7813"}],"collection":[{"href":"https:\/\/stepienybarno.es\/blog\/wp-json\/wp\/v2\/posts"}],"about":[{"href":"https:\/\/stepienybarno.es\/blog\/wp-json\/wp\/v2\/types\/post"}],"author":[{"embeddable":true,"href":"https:\/\/stepienybarno.es\/blog\/wp-json\/wp\/v2\/users\/2"}],"replies":[{"embeddable":true,"href":"https:\/\/stepienybarno.es\/blog\/wp-json\/wp\/v2\/comments?post=7813"}],"version-history":[{"count":7,"href":"https:\/\/stepienybarno.es\/blog\/wp-json\/wp\/v2\/posts\/7813\/revisions"}],"predecessor-version":[{"id":7818,"href":"https:\/\/stepienybarno.es\/blog\/wp-json\/wp\/v2\/posts\/7813\/revisions\/7818"}],"wp:attachment":[{"href":"https:\/\/stepienybarno.es\/blog\/wp-json\/wp\/v2\/media?parent=7813"}],"wp:term":[{"taxonomy":"category","embeddable":true,"href":"https:\/\/stepienybarno.es\/blog\/wp-json\/wp\/v2\/categories?post=7813"},{"taxonomy":"post_tag","embeddable":true,"href":"https:\/\/stepienybarno.es\/blog\/wp-json\/wp\/v2\/tags?post=7813"},{"taxonomy":"series","embeddable":true,"href":"https:\/\/stepienybarno.es\/blog\/wp-json\/wp\/v2\/series?post=7813"}],"curies":[{"name":"wp","href":"https:\/\/api.w.org\/{rel}","templated":true}]}}