{"id":7821,"date":"2013-02-25T19:52:59","date_gmt":"2013-02-25T17:52:59","guid":{"rendered":"https:\/\/www.stepienybarno.es\/blog\/?p=7821"},"modified":"2013-02-25T19:55:12","modified_gmt":"2013-02-25T17:55:12","slug":"atelier-albert-oehlen","status":"publish","type":"post","link":"https:\/\/stepienybarno.es\/blog\/2013\/02\/25\/atelier-albert-oehlen\/","title":{"rendered":"ATELIER ALBERT OEHLEN"},"content":{"rendered":"<p align=\"left\">\n<p align=\"center\"><img loading=\"lazy\" decoding=\"async\" class=\"aligncenter size-medium wp-image-7822\" title=\"ATELIER ALBERT OEHLEN  \u00c1balos Sentkiewicz arquitectos _ stepienybarno 0\" src=\"https:\/\/stepienybarno.es\/blog\/wp-content\/uploads\/2013\/02\/ATELIER-ALBERT-OEHLEN-\u00c1balos-Sentkiewicz-arquitectos-_-stepienybarno-0--273x350.jpg\" alt=\"ATELIER ALBERT OEHLEN  \u00c1balos Sentkiewicz arquitectos _ stepienybarno 0\" width=\"273\" height=\"350\" \/><\/p>\n<p align=\"left\">\n<p align=\"left\">Por \u00c1balos Sentkiewicz arquitectos<\/p>\n<p align=\"left\"><!--more--><\/p>\n<p style=\"text-align: center;\"><img loading=\"lazy\" decoding=\"async\" class=\"aligncenter size-full wp-image-7833\" title=\"ATELIER ALBERT OEHLEN  \u00c1balos Sentkiewicz arquitectos _ stepienybarno 1\" src=\"https:\/\/stepienybarno.es\/blog\/wp-content\/uploads\/2013\/02\/ATELIER-ALBERT-OEHLEN-\u00c1balos-Sentkiewicz-arquitectos-_-stepienybarno-11.jpg\" alt=\"ATELIER ALBERT OEHLEN  \u00c1balos Sentkiewicz arquitectos _ stepienybarno 1\" width=\"550\" height=\"259\" srcset=\"https:\/\/stepienybarno.es\/blog\/wp-content\/uploads\/2013\/02\/ATELIER-ALBERT-OEHLEN-\u00c1balos-Sentkiewicz-arquitectos-_-stepienybarno-11.jpg 550w, https:\/\/stepienybarno.es\/blog\/wp-content\/uploads\/2013\/02\/ATELIER-ALBERT-OEHLEN-\u00c1balos-Sentkiewicz-arquitectos-_-stepienybarno-11-180x85.jpg 180w, https:\/\/stepienybarno.es\/blog\/wp-content\/uploads\/2013\/02\/ATELIER-ALBERT-OEHLEN-\u00c1balos-Sentkiewicz-arquitectos-_-stepienybarno-11-316x149.jpg 316w\" sizes=\"(max-width: 550px) 100vw, 550px\" \/><\/p>\n<blockquote>\n<p style=\"text-align: center;\"><img loading=\"lazy\" decoding=\"async\" class=\"aligncenter size-full wp-image-7824\" title=\"ATELIER ALBERT OEHLEN  \u00c1balos Sentkiewicz arquitectos _ stepienybarno  2\" src=\"https:\/\/stepienybarno.es\/blog\/wp-content\/uploads\/2013\/02\/ATELIER-ALBERT-OEHLEN-\u00c1balos-Sentkiewicz-arquitectos-_-stepienybarno-2-.jpg\" alt=\"ATELIER ALBERT OEHLEN  \u00c1balos Sentkiewicz arquitectos _ stepienybarno  2\" width=\"500\" height=\"333\" srcset=\"https:\/\/stepienybarno.es\/blog\/wp-content\/uploads\/2013\/02\/ATELIER-ALBERT-OEHLEN-\u00c1balos-Sentkiewicz-arquitectos-_-stepienybarno-2-.jpg 500w, https:\/\/stepienybarno.es\/blog\/wp-content\/uploads\/2013\/02\/ATELIER-ALBERT-OEHLEN-\u00c1balos-Sentkiewicz-arquitectos-_-stepienybarno-2--180x120.jpg 180w, https:\/\/stepienybarno.es\/blog\/wp-content\/uploads\/2013\/02\/ATELIER-ALBERT-OEHLEN-\u00c1balos-Sentkiewicz-arquitectos-_-stepienybarno-2--316x210.jpg 316w\" sizes=\"(max-width: 500px) 100vw, 500px\" \/><\/p>\n<p style=\"text-align: center;\"><img loading=\"lazy\" decoding=\"async\" class=\"aligncenter size-full wp-image-7825\" title=\"ATELIER ALBERT OEHLEN  \u00c1balos Sentkiewicz arquitectos _ stepienybarno 3\" src=\"https:\/\/stepienybarno.es\/blog\/wp-content\/uploads\/2013\/02\/ATELIER-ALBERT-OEHLEN-\u00c1balos-Sentkiewicz-arquitectos-_-stepienybarno-3-.jpg\" alt=\"ATELIER ALBERT OEHLEN  \u00c1balos Sentkiewicz arquitectos _ stepienybarno 3\" width=\"334\" height=\"564\" srcset=\"https:\/\/stepienybarno.es\/blog\/wp-content\/uploads\/2013\/02\/ATELIER-ALBERT-OEHLEN-\u00c1balos-Sentkiewicz-arquitectos-_-stepienybarno-3-.jpg 334w, https:\/\/stepienybarno.es\/blog\/wp-content\/uploads\/2013\/02\/ATELIER-ALBERT-OEHLEN-\u00c1balos-Sentkiewicz-arquitectos-_-stepienybarno-3--107x180.jpg 107w, https:\/\/stepienybarno.es\/blog\/wp-content\/uploads\/2013\/02\/ATELIER-ALBERT-OEHLEN-\u00c1balos-Sentkiewicz-arquitectos-_-stepienybarno-3--326x550.jpg 326w, https:\/\/stepienybarno.es\/blog\/wp-content\/uploads\/2013\/02\/ATELIER-ALBERT-OEHLEN-\u00c1balos-Sentkiewicz-arquitectos-_-stepienybarno-3--237x400.jpg 237w\" sizes=\"(max-width: 334px) 100vw, 334px\" \/><\/p>\n<p style=\"text-align: center;\"><img loading=\"lazy\" decoding=\"async\" class=\"aligncenter size-full wp-image-7826\" title=\"ATELIER ALBERT OEHLEN  \u00c1balos Sentkiewicz arquitectos _ stepienybarno 4\" src=\"https:\/\/stepienybarno.es\/blog\/wp-content\/uploads\/2013\/02\/ATELIER-ALBERT-OEHLEN-\u00c1balos-Sentkiewicz-arquitectos-_-stepienybarno-4-.jpg\" alt=\"ATELIER ALBERT OEHLEN  \u00c1balos Sentkiewicz arquitectos _ stepienybarno 4\" width=\"334\" height=\"500\" srcset=\"https:\/\/stepienybarno.es\/blog\/wp-content\/uploads\/2013\/02\/ATELIER-ALBERT-OEHLEN-\u00c1balos-Sentkiewicz-arquitectos-_-stepienybarno-4-.jpg 334w, https:\/\/stepienybarno.es\/blog\/wp-content\/uploads\/2013\/02\/ATELIER-ALBERT-OEHLEN-\u00c1balos-Sentkiewicz-arquitectos-_-stepienybarno-4--120x180.jpg 120w, https:\/\/stepienybarno.es\/blog\/wp-content\/uploads\/2013\/02\/ATELIER-ALBERT-OEHLEN-\u00c1balos-Sentkiewicz-arquitectos-_-stepienybarno-4--224x336.jpg 224w, https:\/\/stepienybarno.es\/blog\/wp-content\/uploads\/2013\/02\/ATELIER-ALBERT-OEHLEN-\u00c1balos-Sentkiewicz-arquitectos-_-stepienybarno-4--267x400.jpg 267w\" sizes=\"(max-width: 334px) 100vw, 334px\" \/><\/p>\n<\/blockquote>\n<p style=\"text-align: center;\"><img loading=\"lazy\" decoding=\"async\" class=\"aligncenter size-full wp-image-7827\" title=\"ATELIER ALBERT OEHLEN  \u00c1balos Sentkiewicz arquitectos _ stepienybarno 5\" src=\"https:\/\/stepienybarno.es\/blog\/wp-content\/uploads\/2013\/02\/ATELIER-ALBERT-OEHLEN-\u00c1balos-Sentkiewicz-arquitectos-_-stepienybarno-5.jpg\" alt=\"ATELIER ALBERT OEHLEN  \u00c1balos Sentkiewicz arquitectos _ stepienybarno 5\" width=\"500\" height=\"248\" srcset=\"https:\/\/stepienybarno.es\/blog\/wp-content\/uploads\/2013\/02\/ATELIER-ALBERT-OEHLEN-\u00c1balos-Sentkiewicz-arquitectos-_-stepienybarno-5.jpg 500w, https:\/\/stepienybarno.es\/blog\/wp-content\/uploads\/2013\/02\/ATELIER-ALBERT-OEHLEN-\u00c1balos-Sentkiewicz-arquitectos-_-stepienybarno-5-180x89.jpg 180w, https:\/\/stepienybarno.es\/blog\/wp-content\/uploads\/2013\/02\/ATELIER-ALBERT-OEHLEN-\u00c1balos-Sentkiewicz-arquitectos-_-stepienybarno-5-316x157.jpg 316w\" sizes=\"(max-width: 500px) 100vw, 500px\" \/><\/p>\n<blockquote>\n<p style=\"text-align: center;\"><a href=\"http:\/\/www.abalos-sentkiewicz.com\/index.php?\/works\/atelier-oehlen--st-gallen\/\">Acceder a la informaci\u00f3n.<\/a><\/p>\n<\/blockquote>\n<p align=\"left\">\n<p align=\"left\">\n<blockquote>\n<p align=\"left\">Noticia seleccionada por el Canal de arquitectura STEPIENYBARNO.<\/p>\n<p align=\"left\"><a href=\"http:\/\/www.linkedin.com\/company\/stepienybarno\">STEPIENYBARNO EN LINKEDIN<\/a><\/p>\n<p align=\"left\"><a href=\"http:\/\/twitter.com\/stepienybarno\/stepienybarno\">STEPIENYBARNO EN TWITTER<\/a><\/p>\n<p align=\"left\"><a href=\"https:\/\/www.facebook.com\/pages\/BLOG-DE-STEPIENYBARNO\/78001079029\">STEPIENYBARNO EN FACEBOOK<\/a><\/p>\n<p align=\"left\">\n<p align=\"left\">*Stepienybarno est\u00e1 formado por Agnieszka Stepien y Lorenzo Barn\u00f3 y desde mayo del 2009 estamos en la red con\u00a0 la presente publicaci\u00f3n digital (Blog) de arquitectura.<\/p>\n<p align=\"left\">Nuestra actividad se sustenta en tres pilares b\u00e1sicos: la investigaci\u00f3n, la publicaci\u00f3n (comunicaci\u00f3n y difusi\u00f3n) y la redacci\u00f3n de proyectos de arquitectura.<\/p>\n<p align=\"left\">A su vez, somos socios cofundadores de <a href=\"http:\/\/sinergiasostenible.org\/\">SINERGIA SOSTENIBLE<\/a> y redactores de <a href=\"http:\/\/www.laciudadviva.org\/blogs\/?author=45\">LA CIUDAD VIVA<\/a>.<\/p>\n<p align=\"left\">\n<p align=\"left\">* Los editores de esta publicaci\u00f3n digital no nos hacemos cargo de de los comentarios y\u00a0 conceptos vertidos en los textos firmados por otras personas, siendo \u00e9stos de responsabilidad exclusiva de sus autores.<\/p>\n<p>* Tu comentario podr\u00e1 ser moderado, por lo tanto, aunque aparezca inmediatamente al ser publicado en la entrada, los editores de esta publicaci\u00f3n digital nos reservamos el derecho tanto de editarlo (si fuera necesario, para hacerlo m\u00e1s legible) como de eliminarlo en el caso de que se usen expresiones incorrectas (descalificaciones, palabras malsonantes\u2026). A su vez, si quieres comentar desde el anonimato puedes hacerlo, aunque, nosotros personalmente, agradecemos que tod@s nos podamos identificar.<\/p>\n<p style=\"text-align: center;\"><img loading=\"lazy\" decoding=\"async\" class=\"aligncenter size-full wp-image-7831\" title=\"ATELIER ALBERT OEHLEN  \u00c1balos Sentkiewicz arquitectos _ stepienybarno  2\" src=\"https:\/\/stepienybarno.es\/blog\/wp-content\/uploads\/2013\/02\/ATELIER-ALBERT-OEHLEN-\u00c1balos-Sentkiewicz-arquitectos-_-stepienybarno-2-1.jpg\" alt=\"ATELIER ALBERT OEHLEN  \u00c1balos Sentkiewicz arquitectos _ stepienybarno  2\" width=\"500\" height=\"333\" srcset=\"https:\/\/stepienybarno.es\/blog\/wp-content\/uploads\/2013\/02\/ATELIER-ALBERT-OEHLEN-\u00c1balos-Sentkiewicz-arquitectos-_-stepienybarno-2-1.jpg 500w, https:\/\/stepienybarno.es\/blog\/wp-content\/uploads\/2013\/02\/ATELIER-ALBERT-OEHLEN-\u00c1balos-Sentkiewicz-arquitectos-_-stepienybarno-2-1-180x120.jpg 180w, https:\/\/stepienybarno.es\/blog\/wp-content\/uploads\/2013\/02\/ATELIER-ALBERT-OEHLEN-\u00c1balos-Sentkiewicz-arquitectos-_-stepienybarno-2-1-316x210.jpg 316w\" sizes=\"(max-width: 500px) 100vw, 500px\" \/><\/p>\n<\/blockquote>\n","protected":false},"excerpt":{"rendered":"<p>Por \u00c1balos Sentkiewicz arquitectos<\/p>\n","protected":false},"author":2,"featured_media":0,"comment_status":"open","ping_status":"closed","sticky":false,"template":"","format":"standard","meta":{"om_disable_all_campaigns":false,"_monsterinsights_skip_tracking":false,"_monsterinsights_sitenote_active":false,"_monsterinsights_sitenote_note":"","_monsterinsights_sitenote_category":0,"_uf_show_specific_survey":0,"_uf_disable_surveys":false,"episode_type":"","audio_file":"","cover_image":"","cover_image_id":"","duration":"","filesize":"","date_recorded":"","explicit":"","block":"","filesize_raw":"","footnotes":""},"categories":[34,244],"tags":[2201,4274,9],"series":[],"class_list":["post-7821","post","type-post","status-publish","format-standard","hentry","category-actualidad","category-canal-de-arquitectura","tag-abalos-sentkiewicz","tag-actualidad","tag-arquitectura"],"aioseo_notices":[],"episode_featured_image":false,"episode_player_image":"https:\/\/stepienybarno.es\/blog\/wp-content\/uploads\/2020\/11\/stepienybarno-podcast-scaled.jpg","download_link":"","player_link":"","audio_player":false,"episode_data":{"playerMode":"dark","subscribeUrls":[],"rssFeedUrl":"https:\/\/stepienybarno.es\/blog\/feed\/podcast\/podcast-de-stepienybarno","embedCode":"<blockquote class=\"wp-embedded-content\" data-secret=\"zIfm8fXxJF\"><a href=\"https:\/\/stepienybarno.es\/blog\/2013\/02\/25\/atelier-albert-oehlen\/\">ATELIER ALBERT OEHLEN<\/a><\/blockquote><iframe sandbox=\"allow-scripts\" security=\"restricted\" src=\"https:\/\/stepienybarno.es\/blog\/2013\/02\/25\/atelier-albert-oehlen\/embed\/#?secret=zIfm8fXxJF\" width=\"500\" height=\"350\" title=\"\u00abATELIER ALBERT OEHLEN\u00bb \u2014 Blog de STEPIEN Y BARNO - publicaci\u00f3n digital sobre arquitectura\" data-secret=\"zIfm8fXxJF\" frameborder=\"0\" marginwidth=\"0\" marginheight=\"0\" scrolling=\"no\" class=\"wp-embedded-content\"><\/iframe><script type=\"text\/javascript\">\n\/* <![CDATA[ *\/\n\/*! This file is auto-generated *\/\n!function(d,l){\"use strict\";l.querySelector&&d.addEventListener&&\"undefined\"!=typeof URL&&(d.wp=d.wp||{},d.wp.receiveEmbedMessage||(d.wp.receiveEmbedMessage=function(e){var t=e.data;if((t||t.secret||t.message||t.value)&&!\/[^a-zA-Z0-9]\/.test(t.secret)){for(var s,r,n,a=l.querySelectorAll('iframe[data-secret=\"'+t.secret+'\"]'),o=l.querySelectorAll('blockquote[data-secret=\"'+t.secret+'\"]'),c=new RegExp(\"^https?:$\",\"i\"),i=0;i<o.length;i++)o[i].style.display=\"none\";for(i=0;i<a.length;i++)s=a[i],e.source===s.contentWindow&&(s.removeAttribute(\"style\"),\"height\"===t.message?(1e3<(r=parseInt(t.value,10))?r=1e3:~~r<200&&(r=200),s.height=r):\"link\"===t.message&&(r=new URL(s.getAttribute(\"src\")),n=new URL(t.value),c.test(n.protocol))&&n.host===r.host&&l.activeElement===s&&(d.top.location.href=t.value))}},d.addEventListener(\"message\",d.wp.receiveEmbedMessage,!1),l.addEventListener(\"DOMContentLoaded\",function(){for(var e,t,s=l.querySelectorAll(\"iframe.wp-embedded-content\"),r=0;r<s.length;r++)(t=(e=s[r]).getAttribute(\"data-secret\"))||(t=Math.random().toString(36).substring(2,12),e.src+=\"#?secret=\"+t,e.setAttribute(\"data-secret\",t)),e.contentWindow.postMessage({message:\"ready\",secret:t},\"*\")},!1)))}(window,document);\n\/* ]]> *\/\n<\/script>\n"},"_links":{"self":[{"href":"https:\/\/stepienybarno.es\/blog\/wp-json\/wp\/v2\/posts\/7821"}],"collection":[{"href":"https:\/\/stepienybarno.es\/blog\/wp-json\/wp\/v2\/posts"}],"about":[{"href":"https:\/\/stepienybarno.es\/blog\/wp-json\/wp\/v2\/types\/post"}],"author":[{"embeddable":true,"href":"https:\/\/stepienybarno.es\/blog\/wp-json\/wp\/v2\/users\/2"}],"replies":[{"embeddable":true,"href":"https:\/\/stepienybarno.es\/blog\/wp-json\/wp\/v2\/comments?post=7821"}],"version-history":[{"count":6,"href":"https:\/\/stepienybarno.es\/blog\/wp-json\/wp\/v2\/posts\/7821\/revisions"}],"predecessor-version":[{"id":7835,"href":"https:\/\/stepienybarno.es\/blog\/wp-json\/wp\/v2\/posts\/7821\/revisions\/7835"}],"wp:attachment":[{"href":"https:\/\/stepienybarno.es\/blog\/wp-json\/wp\/v2\/media?parent=7821"}],"wp:term":[{"taxonomy":"category","embeddable":true,"href":"https:\/\/stepienybarno.es\/blog\/wp-json\/wp\/v2\/categories?post=7821"},{"taxonomy":"post_tag","embeddable":true,"href":"https:\/\/stepienybarno.es\/blog\/wp-json\/wp\/v2\/tags?post=7821"},{"taxonomy":"series","embeddable":true,"href":"https:\/\/stepienybarno.es\/blog\/wp-json\/wp\/v2\/series?post=7821"}],"curies":[{"name":"wp","href":"https:\/\/api.w.org\/{rel}","templated":true}]}}