{"id":8414,"date":"2013-04-22T20:19:22","date_gmt":"2013-04-22T18:19:22","guid":{"rendered":"https:\/\/www.stepienybarno.es\/blog\/?p=8414"},"modified":"2013-04-22T20:19:22","modified_gmt":"2013-04-22T18:19:22","slug":"de-la-caja-isotermica-al-organismo-sostenible%e2%80%a6","status":"publish","type":"post","link":"https:\/\/stepienybarno.es\/blog\/2013\/04\/22\/de-la-caja-isotermica-al-organismo-sostenible%e2%80%a6\/","title":{"rendered":"DE LA CAJA ISOT\u00c9RMICA AL ORGANISMO SOSTENIBLE\u2026"},"content":{"rendered":"<p align=\"left\">\n<p style=\"text-align: center;\"><img loading=\"lazy\" decoding=\"async\" class=\"aligncenter size-full wp-image-8415\" title=\"DE LA CAJA ISOT\u00c9RMICA AL ORGANISMO SOSTENIBLe rodrigo almonacid\" src=\"https:\/\/stepienybarno.es\/blog\/wp-content\/uploads\/2013\/04\/DE-LA-CAJA-ISOT\u00c9RMICA-AL-ORGANISMO-SOSTENIBLe-rodrigo-almonacid-.jpg\" alt=\"DE LA CAJA ISOT\u00c9RMICA AL ORGANISMO SOSTENIBLe rodrigo almonacid\" width=\"350\" height=\"261\" srcset=\"https:\/\/stepienybarno.es\/blog\/wp-content\/uploads\/2013\/04\/DE-LA-CAJA-ISOT\u00c9RMICA-AL-ORGANISMO-SOSTENIBLe-rodrigo-almonacid-.jpg 350w, https:\/\/stepienybarno.es\/blog\/wp-content\/uploads\/2013\/04\/DE-LA-CAJA-ISOT\u00c9RMICA-AL-ORGANISMO-SOSTENIBLe-rodrigo-almonacid--180x134.jpg 180w, https:\/\/stepienybarno.es\/blog\/wp-content\/uploads\/2013\/04\/DE-LA-CAJA-ISOT\u00c9RMICA-AL-ORGANISMO-SOSTENIBLe-rodrigo-almonacid--316x236.jpg 316w\" sizes=\"(max-width: 350px) 100vw, 350px\" \/><\/p>\n<p align=\"left\">Lectura recomendable.<\/p>\n<p align=\"left\">Por rodrigo almonacid c. \u00a0@ro_almonacid<\/p>\n<p align=\"left\"><!--more--><\/p>\n<p align=\"left\">\n<p align=\"left\">\n<blockquote>\n<p align=\"left\">\u201c(\u2026) Sin estar de acuerdo con\u00a0<strong>Luis Fern\u00e1ndez Galiano<\/strong> al dudar de\u00a0<em>\u201csi es sostenible la arquitectura sostenible\u201d<\/em>, tampoco es menos cierto que hoy nos encontramos con<strong>\u201cPremios de Construcci\u00f3n Sostenible\u201d<\/strong> (en Castilla y Le\u00f3n, sin ir m\u00e1s lejos), donde arquitectos se disputan un galard\u00f3n de dudoso m\u00e9rito sin que la cualidad de la Arquitectura exhibida sea objeto de valoraci\u00f3n alguna, al tratarse de cert\u00e1menes que deval\u00faan nuestro oficio de la Arquitectura a meras construcciones. Porque dig\u00e1moslo claro: ahora asistimos a una nueva farsa, con\u00a0el nuevo mercadeo de \u201csellos verdes\u201d en el que las autoridades conf\u00edan para recobrar sus aspiraciones pol\u00edtico-medi\u00e1ticas\u2026\u00a0Pero \u00e9so, amigo lector, es un tema del que hablaremos en otro post, a no mucho tardar\u2026\u201d<\/p>\n<p align=\"left\">\n<p align=\"left\"><a href=\"http:\/\/rarquitectura.wordpress.com\/2013\/04\/22\/de-la-caja-isotermica-al-organismo-sostenible\/\">Acceder al post<\/a><\/p>\n<p align=\"left\">\n<\/blockquote>\n<p align=\"left\">\n<p align=\"left\">Noticia seleccionada por el Canal de arquitectura STEPIENYBARNO.<\/p>\n<p align=\"left\"><a href=\"http:\/\/www.linkedin.com\/company\/stepienybarno\">STEPIENYBARNO EN LINKEDIN<\/a><\/p>\n<p align=\"left\"><a href=\"http:\/\/twitter.com\/stepienybarno\/stepienybarno\">STEPIENYBARNO EN TWITTER<\/a><\/p>\n<p align=\"left\"><a href=\"https:\/\/www.facebook.com\/pages\/BLOG-DE-STEPIENYBARNO\/78001079029\">STEPIENYBARNO EN FACEBOOK<\/a><\/p>\n<p align=\"left\">\n<p align=\"left\">*Stepienybarno est\u00e1 formado por Agnieszka Stepien y Lorenzo Barn\u00f3 y desde mayo del 2009 estamos en la red con\u00a0 la presente publicaci\u00f3n digital (Blog) de arquitectura.<\/p>\n<p align=\"left\">Nuestra actividad se sustenta en tres pilares b\u00e1sicos: la investigaci\u00f3n, la publicaci\u00f3n (comunicaci\u00f3n y difusi\u00f3n) y la redacci\u00f3n de proyectos de arquitectura.<\/p>\n<p align=\"left\">A su vez, somos socios cofundadores de <a href=\"http:\/\/sinergiasostenible.org\/\">SINERGIA SOSTENIBLE<\/a> y redactores de <a href=\"http:\/\/www.laciudadviva.org\/blogs\/?author=45\">LA CIUDAD VIVA<\/a>.<\/p>\n<p align=\"left\">\n<p align=\"left\">* Los editores de esta publicaci\u00f3n digital no nos hacemos cargo de de los comentarios y\u00a0 conceptos vertidos en los textos firmados por otras personas, siendo \u00e9stos de responsabilidad exclusiva de sus autores.<\/p>\n<p>* Tu comentario podr\u00e1 ser moderado, por lo tanto, aunque aparezca inmediatamente al ser publicado en la entrada, los editores de esta publicaci\u00f3n digital nos reservamos el derecho tanto de editarlo (si fuera necesario, para hacerlo m\u00e1s legible) como de eliminarlo en el caso de que se usen expresiones incorrectas (descalificaciones, palabras malsonantes\u2026). A su vez, si quieres comentar desde el anonimato puedes hacerlo, aunque, nosotros personalmente, agradecemos que tod@s nos podamos identificar.<\/p>\n","protected":false},"excerpt":{"rendered":"<p>Lectura recomendable.<\/p>\n<p>Por rodrigo almonacid c.  @ro_almonacid<\/p>\n","protected":false},"author":2,"featured_media":0,"comment_status":"open","ping_status":"closed","sticky":false,"template":"","format":"standard","meta":{"om_disable_all_campaigns":false,"_monsterinsights_skip_tracking":false,"_monsterinsights_sitenote_active":false,"_monsterinsights_sitenote_note":"","_monsterinsights_sitenote_category":0,"_uf_show_specific_survey":0,"_uf_disable_surveys":false,"episode_type":"","audio_file":"","cover_image":"","cover_image_id":"","duration":"","filesize":"","date_recorded":"","explicit":"","block":"","filesize_raw":"","footnotes":""},"categories":[34,244],"tags":[2307,4274,9,2279,4271],"series":[],"class_list":["post-8414","post","type-post","status-publish","format-standard","hentry","category-actualidad","category-canal-de-arquitectura","tag-ro-almonacid","tag-actualidad","tag-arquitectura","tag-rodrigo-almonacid","tag-sostenibilidad"],"aioseo_notices":[],"episode_featured_image":false,"episode_player_image":"https:\/\/stepienybarno.es\/blog\/wp-content\/uploads\/2020\/11\/stepienybarno-podcast-scaled.jpg","download_link":"","player_link":"","audio_player":false,"episode_data":{"playerMode":"dark","subscribeUrls":[],"rssFeedUrl":"https:\/\/stepienybarno.es\/blog\/feed\/podcast\/podcast-de-stepienybarno","embedCode":"<blockquote class=\"wp-embedded-content\" data-secret=\"FxOdxAf0kU\"><a href=\"https:\/\/stepienybarno.es\/blog\/2013\/04\/22\/de-la-caja-isotermica-al-organismo-sostenible%e2%80%a6\/\">DE LA CAJA ISOT\u00c9RMICA AL ORGANISMO SOSTENIBLE\u2026<\/a><\/blockquote><iframe sandbox=\"allow-scripts\" security=\"restricted\" src=\"https:\/\/stepienybarno.es\/blog\/2013\/04\/22\/de-la-caja-isotermica-al-organismo-sostenible%e2%80%a6\/embed\/#?secret=FxOdxAf0kU\" width=\"500\" height=\"350\" title=\"\u00abDE LA CAJA ISOT\u00c9RMICA AL ORGANISMO SOSTENIBLE\u2026\u00bb \u2014 Blog de STEPIEN Y BARNO - publicaci\u00f3n digital sobre arquitectura\" data-secret=\"FxOdxAf0kU\" frameborder=\"0\" marginwidth=\"0\" marginheight=\"0\" scrolling=\"no\" class=\"wp-embedded-content\"><\/iframe><script type=\"text\/javascript\">\n\/* <![CDATA[ *\/\n\/*! This file is auto-generated *\/\n!function(d,l){\"use strict\";l.querySelector&&d.addEventListener&&\"undefined\"!=typeof URL&&(d.wp=d.wp||{},d.wp.receiveEmbedMessage||(d.wp.receiveEmbedMessage=function(e){var t=e.data;if((t||t.secret||t.message||t.value)&&!\/[^a-zA-Z0-9]\/.test(t.secret)){for(var s,r,n,a=l.querySelectorAll('iframe[data-secret=\"'+t.secret+'\"]'),o=l.querySelectorAll('blockquote[data-secret=\"'+t.secret+'\"]'),c=new RegExp(\"^https?:$\",\"i\"),i=0;i<o.length;i++)o[i].style.display=\"none\";for(i=0;i<a.length;i++)s=a[i],e.source===s.contentWindow&&(s.removeAttribute(\"style\"),\"height\"===t.message?(1e3<(r=parseInt(t.value,10))?r=1e3:~~r<200&&(r=200),s.height=r):\"link\"===t.message&&(r=new URL(s.getAttribute(\"src\")),n=new URL(t.value),c.test(n.protocol))&&n.host===r.host&&l.activeElement===s&&(d.top.location.href=t.value))}},d.addEventListener(\"message\",d.wp.receiveEmbedMessage,!1),l.addEventListener(\"DOMContentLoaded\",function(){for(var e,t,s=l.querySelectorAll(\"iframe.wp-embedded-content\"),r=0;r<s.length;r++)(t=(e=s[r]).getAttribute(\"data-secret\"))||(t=Math.random().toString(36).substring(2,12),e.src+=\"#?secret=\"+t,e.setAttribute(\"data-secret\",t)),e.contentWindow.postMessage({message:\"ready\",secret:t},\"*\")},!1)))}(window,document);\n\/* ]]> *\/\n<\/script>\n"},"_links":{"self":[{"href":"https:\/\/stepienybarno.es\/blog\/wp-json\/wp\/v2\/posts\/8414"}],"collection":[{"href":"https:\/\/stepienybarno.es\/blog\/wp-json\/wp\/v2\/posts"}],"about":[{"href":"https:\/\/stepienybarno.es\/blog\/wp-json\/wp\/v2\/types\/post"}],"author":[{"embeddable":true,"href":"https:\/\/stepienybarno.es\/blog\/wp-json\/wp\/v2\/users\/2"}],"replies":[{"embeddable":true,"href":"https:\/\/stepienybarno.es\/blog\/wp-json\/wp\/v2\/comments?post=8414"}],"version-history":[{"count":2,"href":"https:\/\/stepienybarno.es\/blog\/wp-json\/wp\/v2\/posts\/8414\/revisions"}],"predecessor-version":[{"id":8417,"href":"https:\/\/stepienybarno.es\/blog\/wp-json\/wp\/v2\/posts\/8414\/revisions\/8417"}],"wp:attachment":[{"href":"https:\/\/stepienybarno.es\/blog\/wp-json\/wp\/v2\/media?parent=8414"}],"wp:term":[{"taxonomy":"category","embeddable":true,"href":"https:\/\/stepienybarno.es\/blog\/wp-json\/wp\/v2\/categories?post=8414"},{"taxonomy":"post_tag","embeddable":true,"href":"https:\/\/stepienybarno.es\/blog\/wp-json\/wp\/v2\/tags?post=8414"},{"taxonomy":"series","embeddable":true,"href":"https:\/\/stepienybarno.es\/blog\/wp-json\/wp\/v2\/series?post=8414"}],"curies":[{"name":"wp","href":"https:\/\/api.w.org\/{rel}","templated":true}]}}