{"id":8513,"date":"2013-05-01T13:03:12","date_gmt":"2013-05-01T11:03:12","guid":{"rendered":"https:\/\/www.stepienybarno.es\/blog\/?p=8513"},"modified":"2013-05-01T13:04:31","modified_gmt":"2013-05-01T11:04:31","slug":"4-anos-de-stepienybarno-en-la-red","status":"publish","type":"post","link":"https:\/\/stepienybarno.es\/blog\/2013\/05\/01\/4-anos-de-stepienybarno-en-la-red\/","title":{"rendered":"4 A\u00d1OS DE STEPIENYBARNO EN LA RED."},"content":{"rendered":"<p align=\"left\">\n<p style=\"text-align: center;\"><img loading=\"lazy\" decoding=\"async\" class=\"aligncenter size-full wp-image-8514\" title=\"STEPIENYBARNO logo_blanco_350\" src=\"https:\/\/stepienybarno.es\/blog\/wp-content\/uploads\/2013\/05\/STEPIENYBARNO-logo_blanco_350.jpg\" alt=\"STEPIENYBARNO logo_blanco_350\" width=\"350\" height=\"350\" srcset=\"https:\/\/stepienybarno.es\/blog\/wp-content\/uploads\/2013\/05\/STEPIENYBARNO-logo_blanco_350.jpg 350w, https:\/\/stepienybarno.es\/blog\/wp-content\/uploads\/2013\/05\/STEPIENYBARNO-logo_blanco_350-180x180.jpg 180w, https:\/\/stepienybarno.es\/blog\/wp-content\/uploads\/2013\/05\/STEPIENYBARNO-logo_blanco_350-224x224.jpg 224w, https:\/\/stepienybarno.es\/blog\/wp-content\/uploads\/2013\/05\/STEPIENYBARNO-logo_blanco_350-316x316.jpg 316w\" sizes=\"(max-width: 350px) 100vw, 350px\" \/><\/p>\n<p align=\"left\">El tiempo vuela y ya son 4 a\u00f1os de intensa actividad en estos lares digitales. As\u00ed que, con la entrada de hoy, celebramos el cuarto aniversario de nuestro querido blog. Una criatura \u00a0que, gracias a vosotros, cada vez la sentimos tan nuestra como de todos los que nos visit\u00e1is.<\/p>\n<p align=\"left\"><!--more--><\/p>\n<p align=\"left\">\n<p align=\"left\">\n<p align=\"left\">El 1 de mayo del 2009 dimos nacimiento a este blog con la \u00fanica pretensi\u00f3n de <strong>compartir nuestros intereses dentro del mundo de la arquitectura.<\/strong> Hoy, cuatro a\u00f1os despu\u00e9s, seguimos con la misma idea, pero con la diferencia de que cada vez nos interesa m\u00e1s lo que tod@s vosotr@s compart\u00eds con nosotros.<\/p>\n<p align=\"left\">En este tiempo, hemos tenido la suerte de conocer un mundo que nos era totalmente desconocido: la comunicaci\u00f3n de arquitectura online, al cual nos hemos enganchado de lo lindo. Se puede decir que, <strong>es lo segundo que m\u00e1s nos gusta hacer<\/strong>; as\u00ed que, es un privilegio poder destinar gran parte de nuestro tiempo a este menester.<\/p>\n<p align=\"left\">Nos hemos ido formando poco a poco, sin tener un plan muy claro ni un objetivo espec\u00edfico. Lo bueno de la red es que cuando se te ocurre algo es muy f\u00e1cil probarlo y ver qu\u00e9 tal funciona; a veces va bien y a veces no tanto, pero, en general, hasta en el peor de los casos, lo \u00fanico que se pierde es un poco de tiempo. A su vez, otra de las grandes lecciones de estos a\u00f1os es que <strong>este tiempo empleado en el entorno digital, nunca es un coste y siempre es una inversi\u00f3n.<\/strong><\/p>\n<p align=\"left\">De esta forma, hemos ido dando rienda suelta a nuestros intereses e intuiciones en el blog hasta que, con el tiempo, se fue constituyendo una especie de <strong>l\u00ednea editorial<\/strong> que, a d\u00eda de hoy, marca la estructura de nuestra publicaci\u00f3n digital.<\/p>\n<p align=\"left\">\n<p align=\"left\">Por otro lado, y a la par del crecimiento del blog, hemos visto con m\u00e1s claridad que nuestro \u00e1mbito de actuaci\u00f3n cada vez tiene menos peso en el mundo <strong>anal\u00f3gico<\/strong> y m\u00e1s en el <strong>digital.<\/strong> De esta forma, hemos publicado m\u00e1s de 40 art\u00edculos en La ciudad Viva o hemos comandado varios Proyectos de Identidad Digital. <strong>El blog no es nuestro sustento laboral, pero gracias a la repercusi\u00f3n y relevancia del blog hemos podido reorientar nuestro d\u00eda a d\u00eda laboral<\/strong> y poder ganarnos los garbanzos por terrenos que hasta hace cuatro d\u00edas nos resultaban impensables.<\/p>\n<p align=\"left\">\n<p align=\"left\">Aun con todo, <strong>lo m\u00e1s importante que nos ha dado el blog es todo lo que transciende al propio blog; es decir, \u00a0la gente que hemos conocido y los amigos que hemos hecho.<\/strong> Es una gran suerte que varios de nuestros mejores amigos sea gente que hace 4 a\u00f1os no sab\u00edamos ni que exist\u00edan. Sin duda, este es el gran regalo de nuestra experiencia en la red.<\/p>\n<p align=\"left\">\n<p align=\"left\">As\u00ed, os volvemos a dar las <strong>gracias <\/strong>a tod@s los que fielmente nos visit\u00e1is\u00a0 y a tod@s aquellos que el mundo digital ha querido que nuestros caminos se cruzasen en alg\u00fan momento.<\/p>\n<p align=\"left\">GRACIAS de todo coraz\u00f3n!<\/p>\n<p align=\"left\">\n<blockquote>\n<p align=\"left\">* Este art\u00edculo ha sido escrito con car\u00e1cter divulgativo y sin ning\u00fan tipo de \u00e1nimo de lucro. As\u00ed que, si te apetece <strong>compartirlo<\/strong> en cualquier otro medio, estaremos encantados de que lo hagas siempre y cuando cites el lugar donde lo has encontrado.<\/p>\n<p align=\"left\">\n<p align=\"left\">Autores de la entrada: <a href=\"http:\/\/www.facebook.com\/col.prudant#!\/StepienybarnoCANAL\">Stepienybarno<\/a><\/p>\n<p align=\"left\"><a href=\"http:\/\/www.linkedin.com\/company\/stepienybarno\">STEPIENYBARNO EN LINKEDIN<\/a><\/p>\n<p align=\"left\"><a href=\"http:\/\/twitter.com\/stepienybarno\/stepienybarno\">STEPIENYBARNO EN TWITTER<\/a><\/p>\n<p align=\"left\"><a href=\"https:\/\/www.facebook.com\/pages\/BLOG-DE-STEPIENYBARNO\/78001079029\">STEPIENYBARNO EN FACEBOOK<\/a><\/p>\n<p align=\"left\">\n<p align=\"left\">* Stepienybarno est\u00e1 formado por Agnieszka Stepien y Lorenzo Barn\u00f3 y desde mayo del 2009 estamos en la red con\u00a0 la presente publicaci\u00f3n digital (Blog) de arquitectura.<\/p>\n<p align=\"left\">Nuestra actividad se sustenta en tres pilares b\u00e1sicos: la investigaci\u00f3n, la publicaci\u00f3n y la redacci\u00f3n de proyectos de arquitectura.<\/p>\n<p align=\"left\">A su vez, somos socios cofundadores de <a href=\"http:\/\/sinergiasostenible.org\/\">SINERGIA SOSTENIBLE<\/a> y redactores de <a href=\"http:\/\/www.laciudadviva.org\/blogs\/?author=45\">LA CIUDAD VIVA<\/a>.<\/p>\n<p align=\"left\">* Los editores de esta publicaci\u00f3n digital no nos hacemos cargo de de los comentarios y\u00a0 conceptos vertidos en los textos firmados por otras personas, siendo \u00e9stos de responsabilidad exclusiva de sus autores.<\/p>\n<p align=\"left\">* Tu comentario pudiera ser moderado, por lo tanto, aunque aparezca inmediatamente al ser publicado en la entrada, los editores de esta publicaci\u00f3n digital nos reservamos el derecho tanto de editarlo (si fuera necesario, para hacerlo m\u00e1s legible) como de eliminarlo en el caso de que se usen expresiones incorrectas (descalificaciones, palabras malsonantes\u2026). A su vez, si quieres comentar desde el anonimato puedes hacerlo, aunque, nosotros personalmente, agradecemos que tod@s nos podamos identificar.<\/p>\n<\/blockquote>\n","protected":false},"excerpt":{"rendered":"<p>El tiempo vuela y ya son 4 a\u00f1os de intensa actividad en estos lares digitales. As\u00ed que, con la entrada de hoy, celebramos el cuarto aniversario de nuestro querido blog. Una criatura que, gracias a vosotros, cada vez la sentimos tan nuestra como de todos los que nos visit\u00e1is.<\/p>\n","protected":false},"author":2,"featured_media":0,"comment_status":"open","ping_status":"closed","sticky":false,"template":"","format":"standard","meta":{"om_disable_all_campaigns":false,"_monsterinsights_skip_tracking":false,"_monsterinsights_sitenote_active":false,"_monsterinsights_sitenote_note":"","_monsterinsights_sitenote_category":0,"_uf_show_specific_survey":0,"_uf_disable_surveys":false,"episode_type":"","audio_file":"","cover_image":"","cover_image_id":"","duration":"","filesize":"","date_recorded":"","explicit":"","block":"","filesize_raw":"","footnotes":""},"categories":[34,4],"tags":[4274,9,33,35],"series":[],"class_list":["post-8513","post","type-post","status-publish","format-standard","hentry","category-actualidad","category-arquilectura","tag-actualidad","tag-arquitectura","tag-blog","tag-stepienybarno"],"aioseo_notices":[],"episode_featured_image":false,"episode_player_image":"https:\/\/stepienybarno.es\/blog\/wp-content\/uploads\/2020\/11\/stepienybarno-podcast-scaled.jpg","download_link":"","player_link":"","audio_player":false,"episode_data":{"playerMode":"dark","subscribeUrls":[],"rssFeedUrl":"https:\/\/stepienybarno.es\/blog\/feed\/podcast\/podcast-de-stepienybarno","embedCode":"<blockquote class=\"wp-embedded-content\" data-secret=\"2bwVp7gJGr\"><a href=\"https:\/\/stepienybarno.es\/blog\/2013\/05\/01\/4-anos-de-stepienybarno-en-la-red\/\">4 A\u00d1OS DE STEPIENYBARNO EN LA RED.<\/a><\/blockquote><iframe sandbox=\"allow-scripts\" security=\"restricted\" src=\"https:\/\/stepienybarno.es\/blog\/2013\/05\/01\/4-anos-de-stepienybarno-en-la-red\/embed\/#?secret=2bwVp7gJGr\" width=\"500\" height=\"350\" title=\"\u00ab4 A\u00d1OS DE STEPIENYBARNO EN LA RED.\u00bb \u2014 Blog de STEPIEN Y BARNO - publicaci\u00f3n digital sobre arquitectura\" data-secret=\"2bwVp7gJGr\" frameborder=\"0\" marginwidth=\"0\" marginheight=\"0\" scrolling=\"no\" class=\"wp-embedded-content\"><\/iframe><script type=\"text\/javascript\">\n\/* <![CDATA[ *\/\n\/*! This file is auto-generated *\/\n!function(d,l){\"use strict\";l.querySelector&&d.addEventListener&&\"undefined\"!=typeof URL&&(d.wp=d.wp||{},d.wp.receiveEmbedMessage||(d.wp.receiveEmbedMessage=function(e){var t=e.data;if((t||t.secret||t.message||t.value)&&!\/[^a-zA-Z0-9]\/.test(t.secret)){for(var s,r,n,a=l.querySelectorAll('iframe[data-secret=\"'+t.secret+'\"]'),o=l.querySelectorAll('blockquote[data-secret=\"'+t.secret+'\"]'),c=new RegExp(\"^https?:$\",\"i\"),i=0;i<o.length;i++)o[i].style.display=\"none\";for(i=0;i<a.length;i++)s=a[i],e.source===s.contentWindow&&(s.removeAttribute(\"style\"),\"height\"===t.message?(1e3<(r=parseInt(t.value,10))?r=1e3:~~r<200&&(r=200),s.height=r):\"link\"===t.message&&(r=new URL(s.getAttribute(\"src\")),n=new URL(t.value),c.test(n.protocol))&&n.host===r.host&&l.activeElement===s&&(d.top.location.href=t.value))}},d.addEventListener(\"message\",d.wp.receiveEmbedMessage,!1),l.addEventListener(\"DOMContentLoaded\",function(){for(var e,t,s=l.querySelectorAll(\"iframe.wp-embedded-content\"),r=0;r<s.length;r++)(t=(e=s[r]).getAttribute(\"data-secret\"))||(t=Math.random().toString(36).substring(2,12),e.src+=\"#?secret=\"+t,e.setAttribute(\"data-secret\",t)),e.contentWindow.postMessage({message:\"ready\",secret:t},\"*\")},!1)))}(window,document);\n\/* ]]> *\/\n<\/script>\n"},"_links":{"self":[{"href":"https:\/\/stepienybarno.es\/blog\/wp-json\/wp\/v2\/posts\/8513"}],"collection":[{"href":"https:\/\/stepienybarno.es\/blog\/wp-json\/wp\/v2\/posts"}],"about":[{"href":"https:\/\/stepienybarno.es\/blog\/wp-json\/wp\/v2\/types\/post"}],"author":[{"embeddable":true,"href":"https:\/\/stepienybarno.es\/blog\/wp-json\/wp\/v2\/users\/2"}],"replies":[{"embeddable":true,"href":"https:\/\/stepienybarno.es\/blog\/wp-json\/wp\/v2\/comments?post=8513"}],"version-history":[{"count":5,"href":"https:\/\/stepienybarno.es\/blog\/wp-json\/wp\/v2\/posts\/8513\/revisions"}],"predecessor-version":[{"id":8519,"href":"https:\/\/stepienybarno.es\/blog\/wp-json\/wp\/v2\/posts\/8513\/revisions\/8519"}],"wp:attachment":[{"href":"https:\/\/stepienybarno.es\/blog\/wp-json\/wp\/v2\/media?parent=8513"}],"wp:term":[{"taxonomy":"category","embeddable":true,"href":"https:\/\/stepienybarno.es\/blog\/wp-json\/wp\/v2\/categories?post=8513"},{"taxonomy":"post_tag","embeddable":true,"href":"https:\/\/stepienybarno.es\/blog\/wp-json\/wp\/v2\/tags?post=8513"},{"taxonomy":"series","embeddable":true,"href":"https:\/\/stepienybarno.es\/blog\/wp-json\/wp\/v2\/series?post=8513"}],"curies":[{"name":"wp","href":"https:\/\/api.w.org\/{rel}","templated":true}]}}