{"id":8523,"date":"2013-05-02T12:28:11","date_gmt":"2013-05-02T10:28:11","guid":{"rendered":"https:\/\/www.stepienybarno.es\/blog\/?p=8523"},"modified":"2013-05-02T12:28:39","modified_gmt":"2013-05-02T10:28:39","slug":"la-arquitectura-de-manana","status":"publish","type":"post","link":"https:\/\/stepienybarno.es\/blog\/2013\/05\/02\/la-arquitectura-de-manana\/","title":{"rendered":"LA ARQUITECTURA DE MA\u00d1ANA"},"content":{"rendered":"<p align=\"left\">\n<p align=\"left\"><img loading=\"lazy\" decoding=\"async\" class=\"aligncenter size-full wp-image-8524\" title=\"arquitectura _ Santiago de Molina La ciudad viva _ stepienybarno\" src=\"https:\/\/stepienybarno.es\/blog\/wp-content\/uploads\/2013\/05\/arquitectura-_-Santiago-de-Molina-La-ciudad-viva-_-stepienybarno-.jpg\" alt=\"arquitectura _ Santiago de Molina La ciudad viva _ stepienybarno\" width=\"350\" height=\"268\" srcset=\"https:\/\/stepienybarno.es\/blog\/wp-content\/uploads\/2013\/05\/arquitectura-_-Santiago-de-Molina-La-ciudad-viva-_-stepienybarno-.jpg 350w, https:\/\/stepienybarno.es\/blog\/wp-content\/uploads\/2013\/05\/arquitectura-_-Santiago-de-Molina-La-ciudad-viva-_-stepienybarno--180x138.jpg 180w, https:\/\/stepienybarno.es\/blog\/wp-content\/uploads\/2013\/05\/arquitectura-_-Santiago-de-Molina-La-ciudad-viva-_-stepienybarno--316x242.jpg 316w\" sizes=\"(max-width: 350px) 100vw, 350px\" \/><\/p>\n<p align=\"left\">Lectura recomendada: nuevo post de Santiago de Molina para La ciudad viva.<\/p>\n<p align=\"left\"><!--more--><\/p>\n<p align=\"left\">\n<blockquote>\n<p align=\"left\">\u201c(\u2026) El modo en que los Colegios profesionales y el propio Consejo Superior de Arquitectos de Espa\u00f1a est\u00e1n llevando a cabo las negociaciones de cara a dicha ley, dejar\u00e1n al descubierto su eficacia. Y en realidad su propio sentido como instituciones. Si son capaces de lograr una sana defensa de la profesi\u00f3n, su futuro puede aun tener sentido como organismo capaz de la defensa de los intereses, no solo de la profesi\u00f3n, sino de la misma sociedad. De lo contrario, junto con esa ley se habr\u00e1 mostrado su propio fracaso y su m\u00e1s que merecida desaparici\u00f3n. Inevitablemente ambos hechos est\u00e1n encadenados.\u201d<\/p>\n<p align=\"left\">\n<p align=\"left\">\u201c(\u2026) Cuando el ministro muera, (Dios le guarde muchos a\u00f1os), ser\u00e1 la arquitectura la que cubra su cad\u00e1ver. \u00a0Deseo, por su bien, que su tumba sea hecha por un arquitecto, que sirva a ese fin con eterna eficacia, econom\u00eda y belleza.\u00a0Sobre esas piedras su familia le recordar\u00e1 y enjugar\u00e1, con suerte, sus l\u00e1grimas. Y ser\u00e1 as\u00ed porque la arquitectura es uno de los m\u00e1s \u00fatiles sistemas materiales que tiene el ser humano para darse recuerdo y guardar memoria del pasado.\u201d<\/p>\n<\/blockquote>\n<p align=\"left\">\n<blockquote>\n<p align=\"left\"><a href=\"http:\/\/www.laciudadviva.org\/blogs\/?p=17110\">Acceder al post.<\/a><\/p>\n<\/blockquote>\n<p align=\"left\">\n<p align=\"left\">\n<p align=\"left\">Noticia seleccionada por el Canal de arquitectura STEPIENYBARNO.<\/p>\n<p align=\"left\">\n<p align=\"left\"><a href=\"http:\/\/www.linkedin.com\/company\/stepienybarno\">STEPIENYBARNO EN LINKEDIN<\/a><\/p>\n<p align=\"left\"><a href=\"http:\/\/twitter.com\/stepienybarno\/stepienybarno\">STEPIENYBARNO EN TWITTER<\/a><\/p>\n<p align=\"left\"><a href=\"https:\/\/www.facebook.com\/pages\/BLOG-DE-STEPIENYBARNO\/78001079029\">STEPIENYBARNO EN FACEBOOK<\/a><\/p>\n<p align=\"left\">\n<p align=\"left\">* Stepienybarno est\u00e1 formado por Agnieszka Stepien y Lorenzo Barn\u00f3 y desde mayo del 2009 estamos en la red con\u00a0 la presente publicaci\u00f3n digital (Blog) de arquitectura.<\/p>\n<p align=\"left\">Nuestra actividad se sustenta en tres pilares b\u00e1sicos: la investigaci\u00f3n, la publicaci\u00f3n y la redacci\u00f3n de proyectos de arquitectura.<\/p>\n<p align=\"left\">A su vez, somos socios cofundadores de <a href=\"http:\/\/sinergiasostenible.org\/\">SINERGIA SOSTENIBLE<\/a> y redactores de <a href=\"http:\/\/www.laciudadviva.org\/blogs\/?author=45\">LA CIUDAD VIVA<\/a>.<\/p>\n<p align=\"left\">* Los editores de esta publicaci\u00f3n digital no nos hacemos cargo de de los comentarios y\u00a0 conceptos vertidos en los textos firmados por otras personas, siendo \u00e9stos de responsabilidad exclusiva de sus autores.<\/p>\n<p align=\"left\">* Tu comentario pudiera ser moderado, por lo tanto, aunque aparezca inmediatamente al ser publicado en la entrada, los editores de esta publicaci\u00f3n digital nos reservamos el derecho tanto de editarlo (si fuera necesario, para hacerlo m\u00e1s legible) como de eliminarlo en el caso de que se usen expresiones incorrectas (descalificaciones, palabras malsonantes\u2026). A su vez, si quieres comentar desde el anonimato puedes hacerlo, aunque, nosotros personalmente, agradecemos que tod@s nos podamos identificar.<\/p>\n","protected":false},"excerpt":{"rendered":"\n<p>Lectura recomendada: nuevo post de Santiago de Molina para La ciudad viva.<\/p>\n","protected":false},"author":2,"featured_media":0,"comment_status":"open","ping_status":"closed","sticky":false,"template":"","format":"standard","meta":{"om_disable_all_campaigns":false,"_monsterinsights_skip_tracking":false,"_monsterinsights_sitenote_active":false,"_monsterinsights_sitenote_note":"","_monsterinsights_sitenote_category":0,"_uf_show_specific_survey":0,"_uf_disable_surveys":false,"episode_type":"","audio_file":"","cover_image":"","cover_image_id":"","duration":"","filesize":"","date_recorded":"","explicit":"","block":"","filesize_raw":"","footnotes":""},"categories":[34,244],"tags":[4274,9,132,2191,187],"series":[],"class_list":["post-8523","post","type-post","status-publish","format-standard","hentry","category-actualidad","category-canal-de-arquitectura","tag-actualidad","tag-arquitectura","tag-la-ciudad-viva","tag-noalalsp","tag-santiago-de-molina"],"aioseo_notices":[],"episode_featured_image":false,"episode_player_image":"https:\/\/stepienybarno.es\/blog\/wp-content\/uploads\/2020\/11\/stepienybarno-podcast-scaled.jpg","download_link":"","player_link":"","audio_player":false,"episode_data":{"playerMode":"dark","subscribeUrls":[],"rssFeedUrl":"https:\/\/stepienybarno.es\/blog\/feed\/podcast\/podcast-de-stepienybarno","embedCode":"<blockquote class=\"wp-embedded-content\" data-secret=\"C0pi49mvWn\"><a href=\"https:\/\/stepienybarno.es\/blog\/2013\/05\/02\/la-arquitectura-de-manana\/\">LA ARQUITECTURA DE MA\u00d1ANA<\/a><\/blockquote><iframe sandbox=\"allow-scripts\" security=\"restricted\" src=\"https:\/\/stepienybarno.es\/blog\/2013\/05\/02\/la-arquitectura-de-manana\/embed\/#?secret=C0pi49mvWn\" width=\"500\" height=\"350\" title=\"\u00abLA ARQUITECTURA DE MA\u00d1ANA\u00bb \u2014 Blog de STEPIEN Y BARNO - publicaci\u00f3n digital sobre arquitectura\" data-secret=\"C0pi49mvWn\" frameborder=\"0\" marginwidth=\"0\" marginheight=\"0\" scrolling=\"no\" class=\"wp-embedded-content\"><\/iframe><script type=\"text\/javascript\">\n\/* <![CDATA[ *\/\n\/*! This file is auto-generated *\/\n!function(d,l){\"use strict\";l.querySelector&&d.addEventListener&&\"undefined\"!=typeof URL&&(d.wp=d.wp||{},d.wp.receiveEmbedMessage||(d.wp.receiveEmbedMessage=function(e){var t=e.data;if((t||t.secret||t.message||t.value)&&!\/[^a-zA-Z0-9]\/.test(t.secret)){for(var s,r,n,a=l.querySelectorAll('iframe[data-secret=\"'+t.secret+'\"]'),o=l.querySelectorAll('blockquote[data-secret=\"'+t.secret+'\"]'),c=new RegExp(\"^https?:$\",\"i\"),i=0;i<o.length;i++)o[i].style.display=\"none\";for(i=0;i<a.length;i++)s=a[i],e.source===s.contentWindow&&(s.removeAttribute(\"style\"),\"height\"===t.message?(1e3<(r=parseInt(t.value,10))?r=1e3:~~r<200&&(r=200),s.height=r):\"link\"===t.message&&(r=new URL(s.getAttribute(\"src\")),n=new URL(t.value),c.test(n.protocol))&&n.host===r.host&&l.activeElement===s&&(d.top.location.href=t.value))}},d.addEventListener(\"message\",d.wp.receiveEmbedMessage,!1),l.addEventListener(\"DOMContentLoaded\",function(){for(var e,t,s=l.querySelectorAll(\"iframe.wp-embedded-content\"),r=0;r<s.length;r++)(t=(e=s[r]).getAttribute(\"data-secret\"))||(t=Math.random().toString(36).substring(2,12),e.src+=\"#?secret=\"+t,e.setAttribute(\"data-secret\",t)),e.contentWindow.postMessage({message:\"ready\",secret:t},\"*\")},!1)))}(window,document);\n\/* ]]> *\/\n<\/script>\n"},"_links":{"self":[{"href":"https:\/\/stepienybarno.es\/blog\/wp-json\/wp\/v2\/posts\/8523"}],"collection":[{"href":"https:\/\/stepienybarno.es\/blog\/wp-json\/wp\/v2\/posts"}],"about":[{"href":"https:\/\/stepienybarno.es\/blog\/wp-json\/wp\/v2\/types\/post"}],"author":[{"embeddable":true,"href":"https:\/\/stepienybarno.es\/blog\/wp-json\/wp\/v2\/users\/2"}],"replies":[{"embeddable":true,"href":"https:\/\/stepienybarno.es\/blog\/wp-json\/wp\/v2\/comments?post=8523"}],"version-history":[{"count":3,"href":"https:\/\/stepienybarno.es\/blog\/wp-json\/wp\/v2\/posts\/8523\/revisions"}],"predecessor-version":[{"id":8527,"href":"https:\/\/stepienybarno.es\/blog\/wp-json\/wp\/v2\/posts\/8523\/revisions\/8527"}],"wp:attachment":[{"href":"https:\/\/stepienybarno.es\/blog\/wp-json\/wp\/v2\/media?parent=8523"}],"wp:term":[{"taxonomy":"category","embeddable":true,"href":"https:\/\/stepienybarno.es\/blog\/wp-json\/wp\/v2\/categories?post=8523"},{"taxonomy":"post_tag","embeddable":true,"href":"https:\/\/stepienybarno.es\/blog\/wp-json\/wp\/v2\/tags?post=8523"},{"taxonomy":"series","embeddable":true,"href":"https:\/\/stepienybarno.es\/blog\/wp-json\/wp\/v2\/series?post=8523"}],"curies":[{"name":"wp","href":"https:\/\/api.w.org\/{rel}","templated":true}]}}