{"id":8528,"date":"2013-05-02T13:36:21","date_gmt":"2013-05-02T11:36:21","guid":{"rendered":"https:\/\/www.stepienybarno.es\/blog\/?p=8528"},"modified":"2013-05-02T15:39:40","modified_gmt":"2013-05-02T13:39:40","slug":"la-arquitectura-al-museo-ausencias-cofres-y-huellas","status":"publish","type":"post","link":"https:\/\/stepienybarno.es\/blog\/2013\/05\/02\/la-arquitectura-al-museo-ausencias-cofres-y-huellas\/","title":{"rendered":"DE LA ARQUITECTURA AL MUSEO: AUSENCIAS, COFRES Y HUELLAS"},"content":{"rendered":"<p align=\"left\">\n<p style=\"text-align: center;\"><img loading=\"lazy\" decoding=\"async\" class=\"aligncenter size-medium wp-image-8529\" title=\"sol 89 juanjo lopez maria gonzalez arquitectura _ stepienybarno\" src=\"https:\/\/stepienybarno.es\/blog\/wp-content\/uploads\/2013\/05\/sol-89-juanjo-lopez-maria-gonzalez-arquitectura-_-stepienybarno--350x202.jpg\" alt=\"sol 89 juanjo lopez maria gonzalez arquitectura _ stepienybarno\" width=\"350\" height=\"202\" \/><\/p>\n<p align=\"left\">Profunda reflexi\u00f3n a manos de Mar\u00eda Gonz\u00e1lez y Juanjo L\u00f3pez de la Cruz _ <a href=\"http:\/\/sol89.sol89.com\/\">Sol 89<\/a><\/p>\n<p align=\"left\">Publicado en La raya verde.<\/p>\n<p align=\"left\"><!--more--><\/p>\n<p align=\"left\">\n<blockquote>\n<p align=\"left\">\u201c(..) Hubo una vez en la que alguien imagin\u00f3 una historia inversa a la obra de Calle. Hace 70 a\u00f1os, el arquitecto alem\u00e1n Mies Van der Rohe proyect\u00f3 un museo donde la arquitectura desaparecer\u00eda y ser\u00edan las obras expuestas las que se convertir\u00edan en espacio, objetos suspendidos en el aire, constituyendo fondos y paramentos sin arquitectura que los enmarcara. En 1942 ide\u00f3 su\u00a0<em>Museo para una peque\u00f1a ciudad<\/em><em> <\/em>por encargo de la publicaci\u00f3n americana\u00a0<em>Architectural Record,<\/em><em> <\/em>en los dibujos que conocemos de aquel proyecto nunca construido, la arquitectura no est\u00e1 y s\u00f3lo queda su silueta, como si hubiera sido robada. Todo comenz\u00f3 con el collage que Mies elaborar\u00eda en 1938 para uno de sus c\u00e9lebres proyectos de\u00a0<em>Casas con patio<\/em>, en \u00e9l la arquitectura se traza desmaterializada pero precisa, cada l\u00ednea define el contorno de un elemento constructivo, acotando el espacio como un par\u00e9ntesis aparecen una estatua de Maillol y un lienzo de kandinsky que con su fidelidad fotogr\u00e1fica completan la recreaci\u00f3n de aquel lugar dom\u00e9stico.\u201d<\/p>\n<p align=\"left\">\n<p align=\"left\">\u201c(..)A unas manzanas del cofre de Marcel Breuer en Nueva York, en el Bowery, los arquitectos japoneses del estudio SANAA han amontonado varios cajones donde guardan objetos. En el fr\u00e1gil equilibrio fingido del Museo de Arte Contempor\u00e1neo de Nueva York, unas cajas blancas se desplazan respecto a otras permitiendo la entrada de la luz y el encuentro con la ciudad. Desde las lejanas perspectivas de la calle Prince, al fondo, se divisa el conjunto de cofres acopiados y herm\u00e9ticos que contradicen la escala de la ciudad y parecen guardar sus reliquias. En el lugar de trabajo de estos arquitectos se acumulan maquetas de este proyecto que se confunden con su propio almac\u00e9n, son montones de cajas de cart\u00f3n apiladas que en su materialidad humilde remiten a su fin \u00faltimo: acoger objetos que guardar para un futuro. El tama\u00f1o vuelve a no importar, Shulman, Oiticica, Cornell y Duchamp, junto a los arquitectos japoneses Sejima y Nishizawa de SANAA, comparten fascinaci\u00f3n por aquellos lugares opacos e impredecibles que esconden un tesoro.\u201d<\/p>\n<p align=\"left\">\n<p align=\"left\">\u201c(..)A trav\u00e9s del vidrio verde de la tinaja se filtra la luz que entra por la ventana e inflama la escena. Se trata de uno de los objetos expuestos en el Museo de Hamar de Noruega, que entre 1967 y 1979 proyect\u00f3 Sverre Fehn en una antigua granja donde hoy se exponen los enseres cuya vida transcurri\u00f3 entre esos mismos muros. Como si a partir de un fragmento pudi\u00e9ramos explicar la complejidad del todo, podr\u00edamos decir que en la vasija aparecida en el cat\u00e1logo se encuentra toda la arquitectura del museo de Hamar del arquitecto noruego. Sverre Fehn proyect\u00f3 una veintena de museos durante su vida, sin embargo nadie dir\u00eda de \u00e9l que fue un especialista, acaso todos aquellos proyectos s\u00f3lo tendr\u00edan en com\u00fan la \u00edntima relaci\u00f3n que el arquitecto despliega entre el visitante, los objetos expuestos y el espacio arquitect\u00f3nico.\u201d<\/p>\n<p style=\"text-align: center;\"><img loading=\"lazy\" decoding=\"async\" class=\"aligncenter size-medium wp-image-8532\" title=\"sol 89 juanjo lopez maria gonzalez arquitectura _ stepienybarno 2\" src=\"https:\/\/stepienybarno.es\/blog\/wp-content\/uploads\/2013\/05\/sol-89-juanjo-lopez-maria-gonzalez-arquitectura-_-stepienybarno-2--350x295.jpg\" alt=\"sol 89 juanjo lopez maria gonzalez arquitectura _ stepienybarno 2\" width=\"350\" height=\"295\" \/><\/p>\n<\/blockquote>\n<p align=\"left\">\n<p align=\"left\">\n<blockquote>\n<p style=\"text-align: center;\">Acceder al art\u00edculo, <a href=\"http:\/\/www.larayaverde.com\/contraportada.html\">aqu\u00ed.<\/a><\/p>\n<\/blockquote>\n<p align=\"left\">\n<p align=\"left\">\n<p align=\"left\">Noticia seleccionada por el Canal de arquitectura STEPIENYBARNO.<\/p>\n<p align=\"left\"><a href=\"http:\/\/www.linkedin.com\/company\/stepienybarno\">STEPIENYBARNO EN LINKEDIN<\/a><\/p>\n<p align=\"left\"><a href=\"http:\/\/twitter.com\/stepienybarno\/stepienybarno\">STEPIENYBARNO EN TWITTER<\/a><\/p>\n<p align=\"left\"><a href=\"https:\/\/www.facebook.com\/pages\/BLOG-DE-STEPIENYBARNO\/78001079029\">STEPIENYBARNO EN FACEBOOK<\/a><\/p>\n<p align=\"left\">\n<p align=\"left\">*Stepienybarno est\u00e1 formado por Agnieszka Stepien y Lorenzo Barn\u00f3 y desde mayo del 2009 estamos en la red con\u00a0 la presente publicaci\u00f3n digital (Blog) de arquitectura.<\/p>\n<p align=\"left\">Nuestra actividad se sustenta en tres pilares b\u00e1sicos: la investigaci\u00f3n, la publicaci\u00f3n (comunicaci\u00f3n y difusi\u00f3n) y la redacci\u00f3n de proyectos de arquitectura.<\/p>\n<p align=\"left\">A su vez, somos socios cofundadores de <a href=\"http:\/\/sinergiasostenible.org\/\">SINERGIA SOSTENIBLE<\/a> y redactores de <a href=\"http:\/\/www.laciudadviva.org\/blogs\/?author=45\">LA CIUDAD VIVA<\/a>.<\/p>\n<p align=\"left\">\n<p align=\"left\">* Los editores de esta publicaci\u00f3n digital no nos hacemos cargo de de los comentarios y\u00a0 conceptos vertidos en los textos firmados por otras personas, siendo \u00e9stos de responsabilidad exclusiva de sus autores.<\/p>\n<p align=\"left\">\n<p align=\"left\">* Tu comentario podr\u00e1 ser moderado, por lo tanto, aunque aparezca inmediatamente al ser publicado en la entrada, los editores de esta publicaci\u00f3n digital nos reservamos el derecho tanto de editarlo (si fuera necesario, para hacerlo m\u00e1s legible) como de eliminarlo en el caso de que se usen expresiones incorrectas (descalificaciones, palabras malsonantes\u2026). A su vez, si quieres comentar desde el anonimato puedes hacerlo, aunque, nosotros personalmente, agradecemos que tod@s nos podamos identificar.<\/p>\n","protected":false},"excerpt":{"rendered":"\n<p>Profunda reflexi\u00f3n a manos de Mar\u00eda Gonz\u00e1lez y Juanjo L\u00f3pez de la Cruz _ Sol 89<\/p>\n<p>Publicado en La raya verde.<\/p>\n","protected":false},"author":2,"featured_media":0,"comment_status":"open","ping_status":"closed","sticky":false,"template":"","format":"standard","meta":{"om_disable_all_campaigns":false,"_monsterinsights_skip_tracking":false,"_monsterinsights_sitenote_active":false,"_monsterinsights_sitenote_note":"","_monsterinsights_sitenote_category":0,"_uf_show_specific_survey":0,"_uf_disable_surveys":false,"episode_type":"","audio_file":"","cover_image":"","cover_image_id":"","duration":"","filesize":"","date_recorded":"","explicit":"","block":"","filesize_raw":"","footnotes":""},"categories":[34,244],"tags":[4274,9,698,697,547],"series":[],"class_list":["post-8528","post","type-post","status-publish","format-standard","hentry","category-actualidad","category-canal-de-arquitectura","tag-actualidad","tag-arquitectura","tag-juanjo-lopez-de-la-cruz","tag-maria-gonzalez","tag-sol-89"],"aioseo_notices":[],"episode_featured_image":false,"episode_player_image":"https:\/\/stepienybarno.es\/blog\/wp-content\/uploads\/2020\/11\/stepienybarno-podcast-scaled.jpg","download_link":"","player_link":"","audio_player":false,"episode_data":{"playerMode":"dark","subscribeUrls":[],"rssFeedUrl":"https:\/\/stepienybarno.es\/blog\/feed\/podcast\/podcast-de-stepienybarno","embedCode":"<blockquote class=\"wp-embedded-content\" data-secret=\"7XYJMcOtKg\"><a href=\"https:\/\/stepienybarno.es\/blog\/2013\/05\/02\/la-arquitectura-al-museo-ausencias-cofres-y-huellas\/\">DE LA ARQUITECTURA AL MUSEO: AUSENCIAS, COFRES Y HUELLAS<\/a><\/blockquote><iframe sandbox=\"allow-scripts\" security=\"restricted\" src=\"https:\/\/stepienybarno.es\/blog\/2013\/05\/02\/la-arquitectura-al-museo-ausencias-cofres-y-huellas\/embed\/#?secret=7XYJMcOtKg\" width=\"500\" height=\"350\" title=\"\u00abDE LA ARQUITECTURA AL MUSEO: AUSENCIAS, COFRES Y HUELLAS\u00bb \u2014 Blog de STEPIEN Y BARNO - publicaci\u00f3n digital sobre arquitectura\" data-secret=\"7XYJMcOtKg\" frameborder=\"0\" marginwidth=\"0\" marginheight=\"0\" scrolling=\"no\" class=\"wp-embedded-content\"><\/iframe><script type=\"text\/javascript\">\n\/* <![CDATA[ *\/\n\/*! This file is auto-generated *\/\n!function(d,l){\"use strict\";l.querySelector&&d.addEventListener&&\"undefined\"!=typeof URL&&(d.wp=d.wp||{},d.wp.receiveEmbedMessage||(d.wp.receiveEmbedMessage=function(e){var t=e.data;if((t||t.secret||t.message||t.value)&&!\/[^a-zA-Z0-9]\/.test(t.secret)){for(var s,r,n,a=l.querySelectorAll('iframe[data-secret=\"'+t.secret+'\"]'),o=l.querySelectorAll('blockquote[data-secret=\"'+t.secret+'\"]'),c=new RegExp(\"^https?:$\",\"i\"),i=0;i<o.length;i++)o[i].style.display=\"none\";for(i=0;i<a.length;i++)s=a[i],e.source===s.contentWindow&&(s.removeAttribute(\"style\"),\"height\"===t.message?(1e3<(r=parseInt(t.value,10))?r=1e3:~~r<200&&(r=200),s.height=r):\"link\"===t.message&&(r=new URL(s.getAttribute(\"src\")),n=new URL(t.value),c.test(n.protocol))&&n.host===r.host&&l.activeElement===s&&(d.top.location.href=t.value))}},d.addEventListener(\"message\",d.wp.receiveEmbedMessage,!1),l.addEventListener(\"DOMContentLoaded\",function(){for(var e,t,s=l.querySelectorAll(\"iframe.wp-embedded-content\"),r=0;r<s.length;r++)(t=(e=s[r]).getAttribute(\"data-secret\"))||(t=Math.random().toString(36).substring(2,12),e.src+=\"#?secret=\"+t,e.setAttribute(\"data-secret\",t)),e.contentWindow.postMessage({message:\"ready\",secret:t},\"*\")},!1)))}(window,document);\n\/* ]]> *\/\n<\/script>\n"},"_links":{"self":[{"href":"https:\/\/stepienybarno.es\/blog\/wp-json\/wp\/v2\/posts\/8528"}],"collection":[{"href":"https:\/\/stepienybarno.es\/blog\/wp-json\/wp\/v2\/posts"}],"about":[{"href":"https:\/\/stepienybarno.es\/blog\/wp-json\/wp\/v2\/types\/post"}],"author":[{"embeddable":true,"href":"https:\/\/stepienybarno.es\/blog\/wp-json\/wp\/v2\/users\/2"}],"replies":[{"embeddable":true,"href":"https:\/\/stepienybarno.es\/blog\/wp-json\/wp\/v2\/comments?post=8528"}],"version-history":[{"count":6,"href":"https:\/\/stepienybarno.es\/blog\/wp-json\/wp\/v2\/posts\/8528\/revisions"}],"predecessor-version":[{"id":8535,"href":"https:\/\/stepienybarno.es\/blog\/wp-json\/wp\/v2\/posts\/8528\/revisions\/8535"}],"wp:attachment":[{"href":"https:\/\/stepienybarno.es\/blog\/wp-json\/wp\/v2\/media?parent=8528"}],"wp:term":[{"taxonomy":"category","embeddable":true,"href":"https:\/\/stepienybarno.es\/blog\/wp-json\/wp\/v2\/categories?post=8528"},{"taxonomy":"post_tag","embeddable":true,"href":"https:\/\/stepienybarno.es\/blog\/wp-json\/wp\/v2\/tags?post=8528"},{"taxonomy":"series","embeddable":true,"href":"https:\/\/stepienybarno.es\/blog\/wp-json\/wp\/v2\/series?post=8528"}],"curies":[{"name":"wp","href":"https:\/\/api.w.org\/{rel}","templated":true}]}}