{"id":8541,"date":"2013-05-03T09:07:15","date_gmt":"2013-05-03T07:07:15","guid":{"rendered":"https:\/\/www.stepienybarno.es\/blog\/?p=8541"},"modified":"2013-05-03T09:10:54","modified_gmt":"2013-05-03T07:10:54","slug":"en-busqueda-del-espacio-amigable_-adecuacion-de-dos-salas-de-parto","status":"publish","type":"post","link":"https:\/\/stepienybarno.es\/blog\/2013\/05\/03\/en-busqueda-del-espacio-amigable_-adecuacion-de-dos-salas-de-parto\/","title":{"rendered":"\u00abEN B\u00daSQUEDA DEL ESPACIO AMIGABLE\u00bb_ ADECUACI\u00d3N DE DOS SALAS DE PARTO."},"content":{"rendered":"<p align=\"left\">\n<p style=\"text-align: center;\"><img loading=\"lazy\" decoding=\"async\" class=\"aligncenter size-full wp-image-8542\" title=\"0. HMB_ marta parra M\u00fcller y Marta Parra hospital maternidad\" src=\"https:\/\/stepienybarno.es\/blog\/wp-content\/uploads\/2013\/05\/0.-HMB_-marta-parra-M\u00fcller-y-Marta-Parra-hospital-maternidad-.png\" alt=\"0. HMB_ marta parra M\u00fcller y Marta Parra hospital maternidad\" width=\"350\" height=\"233\" srcset=\"https:\/\/stepienybarno.es\/blog\/wp-content\/uploads\/2013\/05\/0.-HMB_-marta-parra-M\u00fcller-y-Marta-Parra-hospital-maternidad-.png 350w, https:\/\/stepienybarno.es\/blog\/wp-content\/uploads\/2013\/05\/0.-HMB_-marta-parra-M\u00fcller-y-Marta-Parra-hospital-maternidad--180x120.png 180w, https:\/\/stepienybarno.es\/blog\/wp-content\/uploads\/2013\/05\/0.-HMB_-marta-parra-M\u00fcller-y-Marta-Parra-hospital-maternidad--316x210.png 316w\" sizes=\"(max-width: 350px) 100vw, 350px\" \/><\/p>\n<p align=\"left\">\n<p align=\"left\">Con la entrada de hoy os queremos dar a conocer una fant\u00e1stica iniciativa que nos parece m\u00e1s que necesaria. Nuestros hospitales, en la mayor\u00eda de los casos, no est\u00e1n ni m\u00ednimante preparados para el momento m\u00e1s importante de nuestras vidas: el nacimiento. As\u00ed, Angela M\u00fcller y Marta Parra, se han liado la manta a la cabeza y han comenzado a poner remedio a esta situaci\u00f3n.<\/p>\n<p align=\"left\">Si quer\u00e9is saber m\u00e1s sobre ello, no ten\u00e9is m\u00e1s que seguir leyendo.<\/p>\n<p align=\"left\"><!--more--><\/p>\n<p align=\"left\">\n<p align=\"left\">Como ellas mismas dicen, aunque \u201ca primera vista es un simple cambio de est\u00e9tica, tambi\u00e9n pretende ser un cambio integral, ya que nuestra manera de entender el parto no es el de un acto quir\u00fargico. Vemos muy importante que el ambiente de una sala de parto no refleja ese ambiente de quir\u00f3fano y en cambio pueda transmitir tranquilidad y seguridad.\u201d<\/p>\n<p align=\"left\">\n<p align=\"left\">Datos b\u00e1sicos del proyecto:<\/p>\n<p align=\"left\">Cliente: HM Hospitales de Madrid<\/p>\n<p align=\"left\">Lugar: Hospital Nuevo Bel\u00e9n, Madrid<\/p>\n<p align=\"left\">Obra: Finales 2012<\/p>\n<p align=\"left\">Proyecto: AMA Arquitectura de Maternidades\u00a0<a href=\"http:\/\/www.arquitecturadematernidades.es\/\" target=\"_blank\">www.arquitecturadematernidades.es<\/a><\/p>\n<p align=\"left\">Arquitectas: Angela M\u00fcller y Marta Parra<\/p>\n<p style=\"text-align: center;\"><img loading=\"lazy\" decoding=\"async\" class=\"aligncenter size-medium wp-image-8545\" title=\"1. HMB_ marta parra M\u00fcller y Marta Parra hospital maternidad\" src=\"https:\/\/stepienybarno.es\/blog\/wp-content\/uploads\/2013\/05\/1.-HMB_-marta-parra-M\u00fcller-y-Marta-Parra-hospital-maternidad--262x349.png\" alt=\"1. HMB_ marta parra M\u00fcller y Marta Parra hospital maternidad\" width=\"262\" height=\"349\" \/><\/p>\n<p align=\"left\">\n<p align=\"left\"><strong>\u00abEn b\u00fasqueda del espacio amigable\u00bb<\/strong>&#8211; Adecuaci\u00f3n de dos salas de parto.<\/p>\n<p align=\"left\">El proyecto consisti\u00f3 en convertir y modernizar dos salas de parto ubicados dentro del bloque quir\u00fargico para adecuarlas a las necesidades reales de las parturientas. Los principales puntos de mejora detectados fueron la falta de intimidad, el\u00a0despliegue\u00a0innecesario de material quir\u00fargico (la falta de diferenciaci\u00f3n de una sala de parto a un quir\u00f3fano), el mobiliario antiguo (potro obst\u00e9trico no apto para el parto normal, carros de quir\u00f3fano, etc.) y la iluminaci\u00f3n artificial excesiva. Con la introducci\u00f3n de peque\u00f1os cambios se intent\u00f3 solucionar estas deficiencias y conseguir un espacio m\u00e1s amigable, un ambiente m\u00e1s tranquilo y una sensaci\u00f3n de cierta \u00abnormalidad\u00bb en estos dos espacios. Tapamos la ventana de la puerta de acceso para evitar que la mujer se sienta observada, cambiamos la camilla de quir\u00f3fano\/ el antiguo \u00abpotro\u00bb por una cama de partos,\u00a0sustituimos los distintos carros de acero inoxidable por un mueble bajo con encimera para esconder todo el material quir\u00fargico\u00a0e introdujimos mobiliario y material peque\u00f1o como, por ejemplo, un biombo en el fondo de la sala para esconder la torre de anestesia y las tomas de gases, una silla para la persona acompa\u00f1ante, un equipo de m\u00fasica, etc. Adem\u00e1s cada habitaci\u00f3n tiene un motivo floral que se ve reflejado en un mural y en el biombo o los vinilos que tapan las ventanas.<\/p>\n<p style=\"text-align: center;\"><img loading=\"lazy\" decoding=\"async\" class=\"aligncenter size-medium wp-image-8547\" title=\"2. HMB_ marta parra M\u00fcller y Marta Parra hospital maternidad\" src=\"https:\/\/stepienybarno.es\/blog\/wp-content\/uploads\/2013\/05\/2.-HMB_-marta-parra-M\u00fcller-y-Marta-Parra-hospital-maternidad--262x349.png\" alt=\"2. HMB_ marta parra M\u00fcller y Marta Parra hospital maternidad\" width=\"262\" height=\"349\" \/><\/p>\n<p align=\"left\">\n<blockquote>\n<p align=\"left\">M\u00e1s informaci\u00f3n en:<\/p>\n<p align=\"left\">&#8230;nuestra reci\u00e9n estrenada p\u00e1gina de facebook:\u00a0<a href=\"https:\/\/www.facebook.com\/arquitecturadematernidades\" target=\"_blank\">https:\/\/www.facebook.com\/arquitecturadematernidades<\/a><\/p>\n<p align=\"left\">&#8230;o en la web:\u00a0<a href=\"http:\/\/www.arquitectura-maternidades.com\/\" target=\"_blank\">http:\/\/www.arquitectura-maternidades.com\/<\/a><\/p>\n<p align=\"left\"><a href=\"http:\/\/issuu.com\/garciaosorio\/docs\/vs7\" target=\"_blank\">Link a un art\u00edculo<\/a> (P\u00e1g. 30-31), que saldr\u00e1 en breve en la revista V\u00eda Sanitaria (Edici\u00f3n N\u00ba 7, primer semestre 2013).<\/p>\n<\/blockquote>\n<p align=\"left\">\n<p align=\"left\">\n<p align=\"left\">Noticia seleccionada por el Canal de arquitectura STEPIENYBARNO.<\/p>\n<p align=\"left\"><a href=\"http:\/\/www.linkedin.com\/company\/stepienybarno\">STEPIENYBARNO EN LINKEDIN<\/a><\/p>\n<p align=\"left\"><a href=\"http:\/\/twitter.com\/stepienybarno\/stepienybarno\">STEPIENYBARNO EN TWITTER<\/a><\/p>\n<p align=\"left\"><a href=\"https:\/\/www.facebook.com\/pages\/BLOG-DE-STEPIENYBARNO\/78001079029\">STEPIENYBARNO EN FACEBOOK<\/a><\/p>\n<p align=\"left\">\n<p align=\"left\">*Stepienybarno est\u00e1 formado por Agnieszka Stepien y Lorenzo Barn\u00f3 y desde mayo del 2009 estamos en la red con\u00a0 la presente publicaci\u00f3n digital (Blog) de arquitectura.<\/p>\n<p align=\"left\">Nuestra actividad se sustenta en tres pilares b\u00e1sicos: la investigaci\u00f3n, la publicaci\u00f3n (comunicaci\u00f3n y difusi\u00f3n) y la redacci\u00f3n de proyectos de arquitectura.<\/p>\n<p align=\"left\">A su vez, somos socios cofundadores de <a href=\"http:\/\/sinergiasostenible.org\/\">SINERGIA SOSTENIBLE<\/a> y redactores de <a href=\"http:\/\/www.laciudadviva.org\/blogs\/?author=45\">LA CIUDAD VIVA<\/a>.<\/p>\n<p align=\"left\">\n<p align=\"left\">* Los editores de esta publicaci\u00f3n digital no nos hacemos cargo de de los comentarios y\u00a0 conceptos vertidos en los textos firmados por otras personas, siendo \u00e9stos de responsabilidad exclusiva de sus autores.<\/p>\n<p>* Tu comentario podr\u00e1 ser moderado, por lo tanto, aunque aparezca inmediatamente al ser publicado en la entrada, los editores de esta publicaci\u00f3n digital nos reservamos el derecho tanto de editarlo (si fuera necesario, para hacerlo m\u00e1s legible) como de eliminarlo en el caso de que se usen expresiones incorrectas (descalificaciones, palabras malsonantes\u2026). A su vez, si quieres comentar desde el anonimato puedes hacerlo, aunque, nosotros personalmente, agradecemos que tod@s nos podamos identificar.<\/p>\n","protected":false},"excerpt":{"rendered":"\n<p>Con la entrada de hoy os queremos dar a conocer una fant\u00e1stica iniciativa que nos parece m\u00e1s que necesaria. Nuestros hospitales, en la mayor\u00eda de los casos, no est\u00e1n ni m\u00ednimante preparados para el momento m\u00e1s importante de nuestras vidas: el nacimiento. As\u00ed, Angela M\u00fcller y Marta Parra, se han liado la manta a la cabeza y han comenzado a poner remedio a esta situaci\u00f3n.<\/p>\n<p>Si quer\u00e9is saber m\u00e1s sobre ello, no ten\u00e9is m\u00e1s que seguir leyendo.<\/p>\n","protected":false},"author":2,"featured_media":0,"comment_status":"open","ping_status":"closed","sticky":false,"template":"","format":"standard","meta":{"om_disable_all_campaigns":false,"_monsterinsights_skip_tracking":false,"_monsterinsights_sitenote_active":false,"_monsterinsights_sitenote_note":"","_monsterinsights_sitenote_category":0,"_uf_show_specific_survey":0,"_uf_disable_surveys":false,"episode_type":"","audio_file":"","cover_image":"","cover_image_id":"","duration":"","filesize":"","date_recorded":"","explicit":"","block":"","filesize_raw":"","footnotes":""},"categories":[34,4],"tags":[4274,2328,9,2329,2330],"series":[],"class_list":["post-8541","post","type-post","status-publish","format-standard","hentry","category-actualidad","category-arquilectura","tag-actualidad","tag-angela-muller","tag-arquitectura","tag-marta-parra","tag-maternidad"],"aioseo_notices":[],"episode_featured_image":false,"episode_player_image":"https:\/\/stepienybarno.es\/blog\/wp-content\/uploads\/2020\/11\/stepienybarno-podcast-scaled.jpg","download_link":"","player_link":"","audio_player":false,"episode_data":{"playerMode":"dark","subscribeUrls":[],"rssFeedUrl":"https:\/\/stepienybarno.es\/blog\/feed\/podcast\/podcast-de-stepienybarno","embedCode":"<blockquote class=\"wp-embedded-content\" data-secret=\"TloLUiJVDV\"><a href=\"https:\/\/stepienybarno.es\/blog\/2013\/05\/03\/en-busqueda-del-espacio-amigable_-adecuacion-de-dos-salas-de-parto\/\">\u00abEN B\u00daSQUEDA DEL ESPACIO AMIGABLE\u00bb_ ADECUACI\u00d3N DE DOS SALAS DE PARTO.<\/a><\/blockquote><iframe sandbox=\"allow-scripts\" security=\"restricted\" src=\"https:\/\/stepienybarno.es\/blog\/2013\/05\/03\/en-busqueda-del-espacio-amigable_-adecuacion-de-dos-salas-de-parto\/embed\/#?secret=TloLUiJVDV\" width=\"500\" height=\"350\" title=\"\u00ab\u00abEN B\u00daSQUEDA DEL ESPACIO AMIGABLE\u00bb_ ADECUACI\u00d3N DE DOS SALAS DE PARTO.\u00bb \u2014 Blog de STEPIEN Y BARNO - publicaci\u00f3n digital sobre arquitectura\" data-secret=\"TloLUiJVDV\" frameborder=\"0\" marginwidth=\"0\" marginheight=\"0\" scrolling=\"no\" class=\"wp-embedded-content\"><\/iframe><script type=\"text\/javascript\">\n\/* <![CDATA[ *\/\n\/*! This file is auto-generated *\/\n!function(d,l){\"use strict\";l.querySelector&&d.addEventListener&&\"undefined\"!=typeof URL&&(d.wp=d.wp||{},d.wp.receiveEmbedMessage||(d.wp.receiveEmbedMessage=function(e){var t=e.data;if((t||t.secret||t.message||t.value)&&!\/[^a-zA-Z0-9]\/.test(t.secret)){for(var s,r,n,a=l.querySelectorAll('iframe[data-secret=\"'+t.secret+'\"]'),o=l.querySelectorAll('blockquote[data-secret=\"'+t.secret+'\"]'),c=new RegExp(\"^https?:$\",\"i\"),i=0;i<o.length;i++)o[i].style.display=\"none\";for(i=0;i<a.length;i++)s=a[i],e.source===s.contentWindow&&(s.removeAttribute(\"style\"),\"height\"===t.message?(1e3<(r=parseInt(t.value,10))?r=1e3:~~r<200&&(r=200),s.height=r):\"link\"===t.message&&(r=new URL(s.getAttribute(\"src\")),n=new URL(t.value),c.test(n.protocol))&&n.host===r.host&&l.activeElement===s&&(d.top.location.href=t.value))}},d.addEventListener(\"message\",d.wp.receiveEmbedMessage,!1),l.addEventListener(\"DOMContentLoaded\",function(){for(var e,t,s=l.querySelectorAll(\"iframe.wp-embedded-content\"),r=0;r<s.length;r++)(t=(e=s[r]).getAttribute(\"data-secret\"))||(t=Math.random().toString(36).substring(2,12),e.src+=\"#?secret=\"+t,e.setAttribute(\"data-secret\",t)),e.contentWindow.postMessage({message:\"ready\",secret:t},\"*\")},!1)))}(window,document);\n\/* ]]> *\/\n<\/script>\n"},"_links":{"self":[{"href":"https:\/\/stepienybarno.es\/blog\/wp-json\/wp\/v2\/posts\/8541"}],"collection":[{"href":"https:\/\/stepienybarno.es\/blog\/wp-json\/wp\/v2\/posts"}],"about":[{"href":"https:\/\/stepienybarno.es\/blog\/wp-json\/wp\/v2\/types\/post"}],"author":[{"embeddable":true,"href":"https:\/\/stepienybarno.es\/blog\/wp-json\/wp\/v2\/users\/2"}],"replies":[{"embeddable":true,"href":"https:\/\/stepienybarno.es\/blog\/wp-json\/wp\/v2\/comments?post=8541"}],"version-history":[{"count":4,"href":"https:\/\/stepienybarno.es\/blog\/wp-json\/wp\/v2\/posts\/8541\/revisions"}],"predecessor-version":[{"id":8544,"href":"https:\/\/stepienybarno.es\/blog\/wp-json\/wp\/v2\/posts\/8541\/revisions\/8544"}],"wp:attachment":[{"href":"https:\/\/stepienybarno.es\/blog\/wp-json\/wp\/v2\/media?parent=8541"}],"wp:term":[{"taxonomy":"category","embeddable":true,"href":"https:\/\/stepienybarno.es\/blog\/wp-json\/wp\/v2\/categories?post=8541"},{"taxonomy":"post_tag","embeddable":true,"href":"https:\/\/stepienybarno.es\/blog\/wp-json\/wp\/v2\/tags?post=8541"},{"taxonomy":"series","embeddable":true,"href":"https:\/\/stepienybarno.es\/blog\/wp-json\/wp\/v2\/series?post=8541"}],"curies":[{"name":"wp","href":"https:\/\/api.w.org\/{rel}","templated":true}]}}