{"id":8683,"date":"2013-05-15T16:53:53","date_gmt":"2013-05-15T14:53:53","guid":{"rendered":"https:\/\/www.stepienybarno.es\/blog\/?p=8683"},"modified":"2013-05-15T16:57:52","modified_gmt":"2013-05-15T14:57:52","slug":"casc-certamen-de-activacion-socio-cultural","status":"publish","type":"post","link":"https:\/\/stepienybarno.es\/blog\/2013\/05\/15\/casc-certamen-de-activacion-socio-cultural\/","title":{"rendered":"CASC (CERTAMEN DE ACTIVACI\u00d3N SOCIO-CULTURAL)"},"content":{"rendered":"<p style=\"text-align: center;\"><img loading=\"lazy\" decoding=\"async\" class=\"aligncenter size-full wp-image-8689\" title=\"0. elcasc - imagen blog 350\" src=\"https:\/\/stepienybarno.es\/blog\/wp-content\/uploads\/2013\/05\/0.-elcasc-imagen-blog-350-1.jpg\" alt=\"0. elcasc - imagen blog 350\" width=\"350\" height=\"84\" srcset=\"https:\/\/stepienybarno.es\/blog\/wp-content\/uploads\/2013\/05\/0.-elcasc-imagen-blog-350-1.jpg 350w, https:\/\/stepienybarno.es\/blog\/wp-content\/uploads\/2013\/05\/0.-elcasc-imagen-blog-350-1-180x43.jpg 180w, https:\/\/stepienybarno.es\/blog\/wp-content\/uploads\/2013\/05\/0.-elcasc-imagen-blog-350-1-316x76.jpg 316w\" sizes=\"(max-width: 350px) 100vw, 350px\" \/><\/p>\n<p align=\"left\">\n<p align=\"left\">Os damos parte de esta interesante iniciativa que busca la recuperaci\u00f3n de centros hist\u00f3ricos. A ver qu\u00e9 os parece.<\/p>\n<p style=\"text-align: center;\"><!--more--><img loading=\"lazy\" decoding=\"async\" class=\"aligncenter size-full wp-image-8685\" title=\"1. elcasc - cartel negro web blog\" src=\"https:\/\/stepienybarno.es\/blog\/wp-content\/uploads\/2013\/05\/1.-elcasc-cartel-negro-web-blog.jpg\" alt=\"1. elcasc - cartel negro web blog\" width=\"500\" height=\"215\" srcset=\"https:\/\/stepienybarno.es\/blog\/wp-content\/uploads\/2013\/05\/1.-elcasc-cartel-negro-web-blog.jpg 500w, https:\/\/stepienybarno.es\/blog\/wp-content\/uploads\/2013\/05\/1.-elcasc-cartel-negro-web-blog-180x77.jpg 180w, https:\/\/stepienybarno.es\/blog\/wp-content\/uploads\/2013\/05\/1.-elcasc-cartel-negro-web-blog-316x136.jpg 316w\" sizes=\"(max-width: 500px) 100vw, 500px\" \/><\/p>\n<p align=\"left\">\n<p align=\"left\">Un proyecto que arranca en su primera edici\u00f3n en Villena.<\/p>\n<p align=\"left\">El casc (certamen de activaci\u00f3n socio-cultural) es un evento acad\u00e9mico-institucional que se desarrollar\u00e1 en el centro hist\u00f3rico de Villena durante 10 d\u00edas con la realizaci\u00f3n de peque\u00f1as actuaciones arquitect\u00f3nicas, art\u00edsticas, sociales\u2026 de bajo coste por equipos multidisciplinares formados por 200 estudiantes y reci\u00e9n titulados de todas partes del mundo y dirigidos por j\u00f3venes profesionales con reconocida experiencia en cada uno de los \u00e1mbitos que se desarrollar\u00e1n.<\/p>\n<p align=\"left\">Su desarrollo consistir\u00e1 en 12 talleres y un seminario te\u00f3rico que estudiar\u00e1 las posibles formas de reactivar un centro hist\u00f3rico a trav\u00e9s de diferentes disciplinas como la arquitectura, el dise\u00f1o, el arte, el urbanismo, la rehabilitaci\u00f3n, la sociolog\u00eda, la econom\u00eda, la ingenier\u00eda o la comunicaci\u00f3n audiovisual. Adem\u00e1s ofrecer\u00e1 distintas actividades para conocer la ciudad y su entorno y as\u00ed comprender mejor la evoluci\u00f3n y la situaci\u00f3n actual del centro hist\u00f3rico.<\/p>\n<p align=\"left\">Consultar toda la informaci\u00f3n sobre el proyecto en la p\u00e1gina web www.elcasc.com o ponerse en contacto con nosotros a trav\u00e9s de la direcci\u00f3n de correo electr\u00f3nico info@elcasc.com.<\/p>\n<p style=\"text-align: center;\"><img loading=\"lazy\" decoding=\"async\" class=\"aligncenter size-full wp-image-8686\" title=\"2. elcasc - cartel negro web tutores blog\" src=\"https:\/\/stepienybarno.es\/blog\/wp-content\/uploads\/2013\/05\/2.-elcasc-cartel-negro-web-tutores-blog.jpg\" alt=\"2. elcasc - cartel negro web tutores blog\" width=\"500\" height=\"269\" srcset=\"https:\/\/stepienybarno.es\/blog\/wp-content\/uploads\/2013\/05\/2.-elcasc-cartel-negro-web-tutores-blog.jpg 500w, https:\/\/stepienybarno.es\/blog\/wp-content\/uploads\/2013\/05\/2.-elcasc-cartel-negro-web-tutores-blog-180x97.jpg 180w, https:\/\/stepienybarno.es\/blog\/wp-content\/uploads\/2013\/05\/2.-elcasc-cartel-negro-web-tutores-blog-316x170.jpg 316w\" sizes=\"(max-width: 500px) 100vw, 500px\" \/><\/p>\n<blockquote>\n<p style=\"text-align: center;\">ENLACES de inter\u00e9s:<\/p>\n<p style=\"text-align: center;\">www.elcasc.com<\/p>\n<p style=\"text-align: center;\"><a href=\"https:\/\/www.facebook.com\/pages\/elCASC\/124488357736087\">https:\/\/www.facebook.com\/pages\/elCASC\/124488357736087<\/a><\/p>\n<\/blockquote>\n<p style=\"text-align: center;\"><img loading=\"lazy\" decoding=\"async\" class=\"aligncenter size-full wp-image-8687\" title=\"3. elcasc - cartel negro blog\" src=\"https:\/\/stepienybarno.es\/blog\/wp-content\/uploads\/2013\/05\/3.-elcasc-cartel-negro-blog.jpg\" alt=\"3. elcasc - cartel negro blog\" width=\"500\" height=\"1190\" srcset=\"https:\/\/stepienybarno.es\/blog\/wp-content\/uploads\/2013\/05\/3.-elcasc-cartel-negro-blog.jpg 500w, https:\/\/stepienybarno.es\/blog\/wp-content\/uploads\/2013\/05\/3.-elcasc-cartel-negro-blog-76x180.jpg 76w, https:\/\/stepienybarno.es\/blog\/wp-content\/uploads\/2013\/05\/3.-elcasc-cartel-negro-blog-231x550.jpg 231w, https:\/\/stepienybarno.es\/blog\/wp-content\/uploads\/2013\/05\/3.-elcasc-cartel-negro-blog-294x700.jpg 294w, https:\/\/stepienybarno.es\/blog\/wp-content\/uploads\/2013\/05\/3.-elcasc-cartel-negro-blog-168x400.jpg 168w\" sizes=\"(max-width: 500px) 100vw, 500px\" \/><\/p>\n<p align=\"left\">\n<p align=\"left\">Noticia seleccionada por el Canal de arquitectura STEPIENYBARNO.<\/p>\n<p align=\"left\"><a href=\"http:\/\/www.linkedin.com\/company\/stepienybarno\">STEPIENYBARNO EN LINKEDIN<\/a><\/p>\n<p align=\"left\"><a href=\"http:\/\/twitter.com\/stepienybarno\/stepienybarno\">STEPIENYBARNO EN TWITTER<\/a><\/p>\n<p align=\"left\"><a href=\"https:\/\/www.facebook.com\/pages\/BLOG-DE-STEPIENYBARNO\/78001079029\">STEPIENYBARNO EN FACEBOOK<\/a><\/p>\n<p align=\"left\">\n<p align=\"left\">*Stepienybarno est\u00e1 formado por Agnieszka Stepien y Lorenzo Barn\u00f3 y desde mayo del 2009 estamos en la red con\u00a0 la presente publicaci\u00f3n digital (Blog) de arquitectura.<\/p>\n<p align=\"left\">Nuestra actividad se sustenta en tres pilares b\u00e1sicos: la investigaci\u00f3n, la publicaci\u00f3n (comunicaci\u00f3n y difusi\u00f3n) y la redacci\u00f3n de proyectos de arquitectura.<\/p>\n<p align=\"left\">A su vez, somos socios cofundadores de <a href=\"http:\/\/sinergiasostenible.org\/\">SINERGIA SOSTENIBLE<\/a> y redactores de <a href=\"http:\/\/www.laciudadviva.org\/blogs\/?author=45\">LA CIUDAD VIVA<\/a>.<\/p>\n<p align=\"left\">\n<p align=\"left\">* Los editores de esta publicaci\u00f3n digital no nos hacemos cargo de de los comentarios y\u00a0 conceptos vertidos en los textos firmados por otras personas, siendo \u00e9stos de responsabilidad exclusiva de sus autores.<\/p>\n<p align=\"left\">\n<p align=\"left\">* Tu comentario podr\u00e1 ser moderado, por lo tanto, aunque aparezca inmediatamente al ser publicado en la entrada, los editores de esta publicaci\u00f3n digital nos reservamos el derecho tanto de editarlo (si fuera necesario, para hacerlo m\u00e1s legible) como de eliminarlo en el caso de que se usen expresiones incorrectas (descalificaciones, palabras malsonantes\u2026). A su vez, si quieres comentar desde el anonimato puedes hacerlo, aunque, nosotros personalmente, agradecemos que tod@s nos podamos identificar.<\/p>\n","protected":false},"excerpt":{"rendered":"<p>Os damos parte de esta interesante iniciativa que busca la recuperaci\u00f3n de centros hist\u00f3ricos. A ver qu\u00e9 os parece<\/p>\n","protected":false},"author":2,"featured_media":0,"comment_status":"open","ping_status":"closed","sticky":false,"template":"","format":"standard","meta":{"om_disable_all_campaigns":false,"_monsterinsights_skip_tracking":false,"_monsterinsights_sitenote_active":false,"_monsterinsights_sitenote_note":"","_monsterinsights_sitenote_category":0,"_uf_show_specific_survey":0,"_uf_disable_surveys":false,"episode_type":"","audio_file":"","cover_image":"","cover_image_id":"","duration":"","filesize":"","date_recorded":"","explicit":"","block":"","filesize_raw":"","footnotes":""},"categories":[34,244],"tags":[4274,9,2365,105],"series":[],"class_list":["post-8683","post","type-post","status-publish","format-standard","hentry","category-actualidad","category-canal-de-arquitectura","tag-actualidad","tag-arquitectura","tag-casc","tag-curso-de-verano"],"aioseo_notices":[],"episode_featured_image":false,"episode_player_image":"https:\/\/stepienybarno.es\/blog\/wp-content\/uploads\/2020\/11\/stepienybarno-podcast-scaled.jpg","download_link":"","player_link":"","audio_player":false,"episode_data":{"playerMode":"dark","subscribeUrls":[],"rssFeedUrl":"https:\/\/stepienybarno.es\/blog\/feed\/podcast\/podcast-de-stepienybarno","embedCode":"<blockquote class=\"wp-embedded-content\" data-secret=\"uYMCQtZ7PB\"><a href=\"https:\/\/stepienybarno.es\/blog\/2013\/05\/15\/casc-certamen-de-activacion-socio-cultural\/\">CASC (CERTAMEN DE ACTIVACI\u00d3N SOCIO-CULTURAL)<\/a><\/blockquote><iframe sandbox=\"allow-scripts\" security=\"restricted\" src=\"https:\/\/stepienybarno.es\/blog\/2013\/05\/15\/casc-certamen-de-activacion-socio-cultural\/embed\/#?secret=uYMCQtZ7PB\" width=\"500\" height=\"350\" title=\"\u00abCASC (CERTAMEN DE ACTIVACI\u00d3N SOCIO-CULTURAL)\u00bb \u2014 Blog de STEPIEN Y BARNO - publicaci\u00f3n digital sobre arquitectura\" data-secret=\"uYMCQtZ7PB\" frameborder=\"0\" marginwidth=\"0\" marginheight=\"0\" scrolling=\"no\" class=\"wp-embedded-content\"><\/iframe><script type=\"text\/javascript\">\n\/* <![CDATA[ *\/\n\/*! This file is auto-generated *\/\n!function(d,l){\"use strict\";l.querySelector&&d.addEventListener&&\"undefined\"!=typeof URL&&(d.wp=d.wp||{},d.wp.receiveEmbedMessage||(d.wp.receiveEmbedMessage=function(e){var t=e.data;if((t||t.secret||t.message||t.value)&&!\/[^a-zA-Z0-9]\/.test(t.secret)){for(var s,r,n,a=l.querySelectorAll('iframe[data-secret=\"'+t.secret+'\"]'),o=l.querySelectorAll('blockquote[data-secret=\"'+t.secret+'\"]'),c=new RegExp(\"^https?:$\",\"i\"),i=0;i<o.length;i++)o[i].style.display=\"none\";for(i=0;i<a.length;i++)s=a[i],e.source===s.contentWindow&&(s.removeAttribute(\"style\"),\"height\"===t.message?(1e3<(r=parseInt(t.value,10))?r=1e3:~~r<200&&(r=200),s.height=r):\"link\"===t.message&&(r=new URL(s.getAttribute(\"src\")),n=new URL(t.value),c.test(n.protocol))&&n.host===r.host&&l.activeElement===s&&(d.top.location.href=t.value))}},d.addEventListener(\"message\",d.wp.receiveEmbedMessage,!1),l.addEventListener(\"DOMContentLoaded\",function(){for(var e,t,s=l.querySelectorAll(\"iframe.wp-embedded-content\"),r=0;r<s.length;r++)(t=(e=s[r]).getAttribute(\"data-secret\"))||(t=Math.random().toString(36).substring(2,12),e.src+=\"#?secret=\"+t,e.setAttribute(\"data-secret\",t)),e.contentWindow.postMessage({message:\"ready\",secret:t},\"*\")},!1)))}(window,document);\n\/* ]]> *\/\n<\/script>\n"},"_links":{"self":[{"href":"https:\/\/stepienybarno.es\/blog\/wp-json\/wp\/v2\/posts\/8683"}],"collection":[{"href":"https:\/\/stepienybarno.es\/blog\/wp-json\/wp\/v2\/posts"}],"about":[{"href":"https:\/\/stepienybarno.es\/blog\/wp-json\/wp\/v2\/types\/post"}],"author":[{"embeddable":true,"href":"https:\/\/stepienybarno.es\/blog\/wp-json\/wp\/v2\/users\/2"}],"replies":[{"embeddable":true,"href":"https:\/\/stepienybarno.es\/blog\/wp-json\/wp\/v2\/comments?post=8683"}],"version-history":[{"count":4,"href":"https:\/\/stepienybarno.es\/blog\/wp-json\/wp\/v2\/posts\/8683\/revisions"}],"predecessor-version":[{"id":8691,"href":"https:\/\/stepienybarno.es\/blog\/wp-json\/wp\/v2\/posts\/8683\/revisions\/8691"}],"wp:attachment":[{"href":"https:\/\/stepienybarno.es\/blog\/wp-json\/wp\/v2\/media?parent=8683"}],"wp:term":[{"taxonomy":"category","embeddable":true,"href":"https:\/\/stepienybarno.es\/blog\/wp-json\/wp\/v2\/categories?post=8683"},{"taxonomy":"post_tag","embeddable":true,"href":"https:\/\/stepienybarno.es\/blog\/wp-json\/wp\/v2\/tags?post=8683"},{"taxonomy":"series","embeddable":true,"href":"https:\/\/stepienybarno.es\/blog\/wp-json\/wp\/v2\/series?post=8683"}],"curies":[{"name":"wp","href":"https:\/\/api.w.org\/{rel}","templated":true}]}}