{"id":8715,"date":"2013-05-17T09:57:20","date_gmt":"2013-05-17T07:57:20","guid":{"rendered":"https:\/\/www.stepienybarno.es\/blog\/?p=8715"},"modified":"2013-05-17T09:57:20","modified_gmt":"2013-05-17T07:57:20","slug":"el-umbral-de-mantenimiento-de-la-actividad","status":"publish","type":"post","link":"https:\/\/stepienybarno.es\/blog\/2013\/05\/17\/el-umbral-de-mantenimiento-de-la-actividad\/","title":{"rendered":"EL UMBRAL DE MANTENIMIENTO DE LA ACTIVIDAD"},"content":{"rendered":"<p align=\"left\">\n<p style=\"text-align: center;\"><img loading=\"lazy\" decoding=\"async\" class=\"aligncenter size-medium wp-image-8716\" title=\"Rodrigo Asensio _ Stepienybarno\" src=\"https:\/\/stepienybarno.es\/blog\/wp-content\/uploads\/2013\/05\/Rodrigo-Asensio-_-Stepienybarno--350x262.jpg\" alt=\"Rodrigo Asensio _ Stepienybarno\" width=\"350\" height=\"262\" \/><\/p>\n<p align=\"left\">\n<p align=\"left\">A <a href=\"https:\/\/www.facebook.com\/rodrigo.asensio.71\">Rodrigo Asensio<\/a> le conocimos compartiendo una mesa redonda y hablando de la importancia de la buena gesti\u00f3n de los estudios de arquitectura. Un tema que, como bien sab\u00e9is, nos interesa especialmente y sobre el que creemos que hay que seguir incidiendo.<\/p>\n<p align=\"left\">Por ello, hoy os dejamos con esta interesante reflexi\u00f3n en la que se habla \u201cde temas de direcci\u00f3n de empresa, referido espec\u00edficamente a cuantificar cu\u00e1nto nos cuesta mantener abierta un estudio de arquitectura con baja o nula actividad.\u201d<\/p>\n<p align=\"left\"><!--more--><\/p>\n<p align=\"left\">\n<p align=\"left\">\n<blockquote>\n<p align=\"left\"><strong>\u201cEn definitiva, con este ejercicio de lo que se trata es de mensurar nuestra actividad para tener referencias claras y objetivas de la misma.<\/strong> Con estas cifras ya sabemos lo que nos cuesta mantener la empresa sin actividad a la hora, al d\u00eda, al mes, al trimestre, al a\u00f1o,\u2026 y as\u00ed cada cierto tiempo\u00a0<strong>repetir el ejercicio para saber el grado de desviaci\u00f3n<\/strong> (en este caso en p\u00e9rdidas) que estamos soportando.<\/p>\n<p align=\"left\"><strong>Este ejercicio no hay que hacerlo para deprimirse, sino para motivarse en el trabajo y tener objetivos cuantificados m\u00ednimos.<\/strong> Yo, por ejemplo, lo tengo de fondo de pantalla.\u201d<\/p>\n<\/blockquote>\n<p align=\"left\">\n<blockquote>\n<p align=\"left\"><a href=\"http:\/\/tallermultidisciplinar.wordpress.com\/2013\/05\/16\/capitulo-vii\/\">Acceder al post.<\/a><\/p>\n<\/blockquote>\n<p align=\"left\">\n<p align=\"left\">Noticia seleccionada por el Canal de arquitectura STEPIENYBARNO.<\/p>\n<p align=\"left\"><a href=\"http:\/\/www.linkedin.com\/company\/stepienybarno\">STEPIENYBARNO EN LINKEDIN<\/a><\/p>\n<p align=\"left\"><a href=\"http:\/\/twitter.com\/stepienybarno\/stepienybarno\">STEPIENYBARNO EN TWITTER<\/a><\/p>\n<p align=\"left\"><a href=\"https:\/\/www.facebook.com\/pages\/BLOG-DE-STEPIENYBARNO\/78001079029\">STEPIENYBARNO EN FACEBOOK<\/a><\/p>\n<p align=\"left\">\n<p align=\"left\">*Stepienybarno est\u00e1 formado por Agnieszka Stepien y Lorenzo Barn\u00f3 y desde mayo del 2009 estamos en la red con\u00a0 la presente publicaci\u00f3n digital (Blog) de arquitectura.<\/p>\n<p align=\"left\">Nuestra actividad se sustenta en tres pilares b\u00e1sicos: la investigaci\u00f3n, la publicaci\u00f3n (comunicaci\u00f3n y difusi\u00f3n) y la redacci\u00f3n de proyectos de arquitectura.<\/p>\n<p align=\"left\">A su vez, somos socios cofundadores de <a href=\"http:\/\/sinergiasostenible.org\/\">SINERGIA SOSTENIBLE<\/a> y redactores de <a href=\"http:\/\/www.laciudadviva.org\/blogs\/?author=45\">LA CIUDAD VIVA<\/a>.<\/p>\n<p align=\"left\">\n<p align=\"left\">* Los editores de esta publicaci\u00f3n digital no nos hacemos cargo de de los comentarios y\u00a0 conceptos vertidos en los textos firmados por otras personas, siendo \u00e9stos de responsabilidad exclusiva de sus autores.<\/p>\n<p>* Tu comentario podr\u00e1 ser moderado, por lo tanto, aunque aparezca inmediatamente al ser publicado en la entrada, los editores de esta publicaci\u00f3n digital nos reservamos el derecho tanto de editarlo (si fuera necesario, para hacerlo m\u00e1s legible) como de eliminarlo en el caso de que se usen expresiones incorrectas (descalificaciones, palabras malsonantes\u2026). A su vez, si quieres comentar desde el anonimato puedes hacerlo, aunque, nosotros personalmente, agradecemos que tod@s nos podamos identificar.<\/p>\n","protected":false},"excerpt":{"rendered":"<p>A Rodrigo Asensio le conocimos compartiendo una mesa redonda y hablando de la importancia de la buena gesti\u00f3n de los estudios de arquitectura. Un tema que, como bien sab\u00e9is, nos interesa especialmente y sobre el que creemos que hay que seguir incidiendo.<\/p>\n<p>Por ello, hoy os dejamos con esta interesante reflexi\u00f3n en la que se habla \u201cde temas de direcci\u00f3n de empresa, referido espec\u00edficamente a cuantificar cu\u00e1nto nos cuesta mantener abierta un estudio de arquitectura con baja o nula actividad.\u201d<\/p>\n","protected":false},"author":2,"featured_media":0,"comment_status":"open","ping_status":"closed","sticky":false,"template":"","format":"standard","meta":{"om_disable_all_campaigns":false,"_monsterinsights_skip_tracking":false,"_monsterinsights_sitenote_active":false,"_monsterinsights_sitenote_note":"","_monsterinsights_sitenote_category":0,"_uf_show_specific_survey":0,"_uf_disable_surveys":false,"episode_type":"","audio_file":"","cover_image":"","cover_image_id":"","duration":"","filesize":"","date_recorded":"","explicit":"","block":"","filesize_raw":"","footnotes":""},"categories":[34,244],"tags":[4274,9,1367,2308],"series":[],"class_list":["post-8715","post","type-post","status-publish","format-standard","hentry","category-actualidad","category-canal-de-arquitectura","tag-actualidad","tag-arquitectura","tag-el-estado-de-la-profesion","tag-rodrigo-asensio"],"aioseo_notices":[],"episode_featured_image":false,"episode_player_image":"https:\/\/stepienybarno.es\/blog\/wp-content\/uploads\/2020\/11\/stepienybarno-podcast-scaled.jpg","download_link":"","player_link":"","audio_player":false,"episode_data":{"playerMode":"dark","subscribeUrls":[],"rssFeedUrl":"https:\/\/stepienybarno.es\/blog\/feed\/podcast\/podcast-de-stepienybarno","embedCode":"<blockquote class=\"wp-embedded-content\" data-secret=\"VwMeXtIxH3\"><a href=\"https:\/\/stepienybarno.es\/blog\/2013\/05\/17\/el-umbral-de-mantenimiento-de-la-actividad\/\">EL UMBRAL DE MANTENIMIENTO DE LA ACTIVIDAD<\/a><\/blockquote><iframe sandbox=\"allow-scripts\" security=\"restricted\" src=\"https:\/\/stepienybarno.es\/blog\/2013\/05\/17\/el-umbral-de-mantenimiento-de-la-actividad\/embed\/#?secret=VwMeXtIxH3\" width=\"500\" height=\"350\" title=\"\u00abEL UMBRAL DE MANTENIMIENTO DE LA ACTIVIDAD\u00bb \u2014 Blog de STEPIEN Y BARNO - publicaci\u00f3n digital sobre arquitectura\" data-secret=\"VwMeXtIxH3\" frameborder=\"0\" marginwidth=\"0\" marginheight=\"0\" scrolling=\"no\" class=\"wp-embedded-content\"><\/iframe><script type=\"text\/javascript\">\n\/* <![CDATA[ *\/\n\/*! This file is auto-generated *\/\n!function(d,l){\"use strict\";l.querySelector&&d.addEventListener&&\"undefined\"!=typeof URL&&(d.wp=d.wp||{},d.wp.receiveEmbedMessage||(d.wp.receiveEmbedMessage=function(e){var t=e.data;if((t||t.secret||t.message||t.value)&&!\/[^a-zA-Z0-9]\/.test(t.secret)){for(var s,r,n,a=l.querySelectorAll('iframe[data-secret=\"'+t.secret+'\"]'),o=l.querySelectorAll('blockquote[data-secret=\"'+t.secret+'\"]'),c=new RegExp(\"^https?:$\",\"i\"),i=0;i<o.length;i++)o[i].style.display=\"none\";for(i=0;i<a.length;i++)s=a[i],e.source===s.contentWindow&&(s.removeAttribute(\"style\"),\"height\"===t.message?(1e3<(r=parseInt(t.value,10))?r=1e3:~~r<200&&(r=200),s.height=r):\"link\"===t.message&&(r=new URL(s.getAttribute(\"src\")),n=new URL(t.value),c.test(n.protocol))&&n.host===r.host&&l.activeElement===s&&(d.top.location.href=t.value))}},d.addEventListener(\"message\",d.wp.receiveEmbedMessage,!1),l.addEventListener(\"DOMContentLoaded\",function(){for(var e,t,s=l.querySelectorAll(\"iframe.wp-embedded-content\"),r=0;r<s.length;r++)(t=(e=s[r]).getAttribute(\"data-secret\"))||(t=Math.random().toString(36).substring(2,12),e.src+=\"#?secret=\"+t,e.setAttribute(\"data-secret\",t)),e.contentWindow.postMessage({message:\"ready\",secret:t},\"*\")},!1)))}(window,document);\n\/* ]]> *\/\n<\/script>\n"},"_links":{"self":[{"href":"https:\/\/stepienybarno.es\/blog\/wp-json\/wp\/v2\/posts\/8715"}],"collection":[{"href":"https:\/\/stepienybarno.es\/blog\/wp-json\/wp\/v2\/posts"}],"about":[{"href":"https:\/\/stepienybarno.es\/blog\/wp-json\/wp\/v2\/types\/post"}],"author":[{"embeddable":true,"href":"https:\/\/stepienybarno.es\/blog\/wp-json\/wp\/v2\/users\/2"}],"replies":[{"embeddable":true,"href":"https:\/\/stepienybarno.es\/blog\/wp-json\/wp\/v2\/comments?post=8715"}],"version-history":[{"count":2,"href":"https:\/\/stepienybarno.es\/blog\/wp-json\/wp\/v2\/posts\/8715\/revisions"}],"predecessor-version":[{"id":8718,"href":"https:\/\/stepienybarno.es\/blog\/wp-json\/wp\/v2\/posts\/8715\/revisions\/8718"}],"wp:attachment":[{"href":"https:\/\/stepienybarno.es\/blog\/wp-json\/wp\/v2\/media?parent=8715"}],"wp:term":[{"taxonomy":"category","embeddable":true,"href":"https:\/\/stepienybarno.es\/blog\/wp-json\/wp\/v2\/categories?post=8715"},{"taxonomy":"post_tag","embeddable":true,"href":"https:\/\/stepienybarno.es\/blog\/wp-json\/wp\/v2\/tags?post=8715"},{"taxonomy":"series","embeddable":true,"href":"https:\/\/stepienybarno.es\/blog\/wp-json\/wp\/v2\/series?post=8715"}],"curies":[{"name":"wp","href":"https:\/\/api.w.org\/{rel}","templated":true}]}}