{"id":8816,"date":"2013-05-30T09:24:13","date_gmt":"2013-05-30T07:24:13","guid":{"rendered":"https:\/\/www.stepienybarno.es\/blog\/?p=8816"},"modified":"2013-05-30T09:24:13","modified_gmt":"2013-05-30T07:24:13","slug":"margenes-actores-en-accion","status":"publish","type":"post","link":"https:\/\/stepienybarno.es\/blog\/2013\/05\/30\/margenes-actores-en-accion\/","title":{"rendered":"M\u00c1RGENES: ACTORES EN ACCI\u00d3N"},"content":{"rendered":"<p align=\"left\">\n<p align=\"left\">\n<p style=\"text-align: center;\"><img loading=\"lazy\" decoding=\"async\" class=\"alignnone size-medium wp-image-8817\" title=\"0. M\u00c1RGENES ACTORES EN ACCI\u00d3N _ OTRO HABITAT _ stepienybarno  La Alameda, en el barrio de Canillejas\" src=\"https:\/\/stepienybarno.es\/blog\/wp-content\/uploads\/2013\/05\/0.-M\u00c1RGENES-ACTORES-EN-ACCI\u00d3N-_-OTRO-HABITAT-_-stepienybarno-La-Alameda-en-el-barrio-de-Canillejas-350x187.jpg\" alt=\"0. M\u00c1RGENES ACTORES EN ACCI\u00d3N _ OTRO HABITAT _ stepienybarno  La Alameda, en el barrio de Canillejas\" width=\"350\" height=\"187\" \/><\/p>\n<p align=\"left\">\n<p style=\"text-align: center;\">\n<p align=\"left\">A ver qu\u00e9 os parece este texto que nos llega desde OTRO HABITAT.<\/p>\n<p align=\"left\"><!--more--><\/p>\n<p align=\"left\">\n<p align=\"left\">\n<p align=\"left\">La revista <a href=\"http:\/\/www.arquypielago.com\/revistamargenes\/category\/miscelanea\/\">M\u00e1rgenes de Arquitectura Social<\/a>, impulsada desde la Federaci\u00f3n Arquitectura Social, pretende ser un espacio para dar a conocer aquellas experiencias que suelen quedar al margen, dar voz a esas iniciativas que buscan impulsar un urbanismo m\u00e1s participativo y una arquitectura social que defienda lo cotidiano, lo pr\u00f3ximo, el derecho real de todos a experimentar y participar en la construcci\u00f3n de nuestros barrios y nuestras ciudades. Es un espacio abierto a todos aquellos que quer\u00e1is compartir vuestras reflexiones sobre la construcci\u00f3n colectiva de la ciudad.<\/p>\n<p align=\"left\">\n<p align=\"left\">El \u00faltimo n\u00famero, M\u00e1rgenes 05: Tonucitt\u00e0, centra la atenci\u00f3n sobre el papel de la Infancia en la visi\u00f3n y la transformaci\u00f3n de la ciudad. En este n\u00famero, coordinado por el colectivo Otro H\u00e1bitat, hemos intentando presentar un recorrido por diferentes experiencias que reconozcan y pongan en pr\u00e1ctica el derecho de la infancia a participar activamente en la construcci\u00f3n colectiva de la ciudad reflejando sus deseos e intereses en la vida cotidiana y la trasformaci\u00f3n de sus entornos.<\/p>\n<p align=\"left\">\n<p style=\"text-align: center;\"><img loading=\"lazy\" decoding=\"async\" class=\"alignnone size-full wp-image-8821\" title=\"1. M\u00c1RGENES ACTORES EN ACCI\u00d3N _ OTRO HABITAT _ stepienybarno  Foto Ana M\u00e9ndez de Andr\u00e9s. 500\" src=\"https:\/\/stepienybarno.es\/blog\/wp-content\/uploads\/2013\/05\/1.-M\u00c1RGENES-ACTORES-EN-ACCI\u00d3N-_-OTRO-HABITAT-_-stepienybarno-Foto-Ana-M\u00e9ndez-de-Andr\u00e9s.-500-.jpg\" alt=\"1. M\u00c1RGENES ACTORES EN ACCI\u00d3N _ OTRO HABITAT _ stepienybarno  Foto Ana M\u00e9ndez de Andr\u00e9s. 500\" width=\"500\" height=\"281\" srcset=\"https:\/\/stepienybarno.es\/blog\/wp-content\/uploads\/2013\/05\/1.-M\u00c1RGENES-ACTORES-EN-ACCI\u00d3N-_-OTRO-HABITAT-_-stepienybarno-Foto-Ana-M\u00e9ndez-de-Andr\u00e9s.-500-.jpg 500w, https:\/\/stepienybarno.es\/blog\/wp-content\/uploads\/2013\/05\/1.-M\u00c1RGENES-ACTORES-EN-ACCI\u00d3N-_-OTRO-HABITAT-_-stepienybarno-Foto-Ana-M\u00e9ndez-de-Andr\u00e9s.-500--180x101.jpg 180w, https:\/\/stepienybarno.es\/blog\/wp-content\/uploads\/2013\/05\/1.-M\u00c1RGENES-ACTORES-EN-ACCI\u00d3N-_-OTRO-HABITAT-_-stepienybarno-Foto-Ana-M\u00e9ndez-de-Andr\u00e9s.-500--316x178.jpg 316w\" sizes=\"(max-width: 500px) 100vw, 500px\" \/><\/p>\n<p style=\"text-align: center;\"><span style=\"color: #888888;\">Taller La ciudad como campo de juego. Free Play y Otro H\u00e1bitat. Foto: Ana M\u00e9ndez de Andr\u00e9s.<\/span><\/p>\n<p align=\"left\">\n<p align=\"left\">En el momento de preparar este n\u00famero, nos ha sorprendido el inter\u00e9s desde numerosos colectivos sobre este tema y la cantidad de experiencias que plantean programas educativos o actividades participativas puntuales con la idea de promover una mayor sensibilidad y cultura sobre las cuestiones urbanas y sobre la responsabilidad de todos en la mejora de nuestro entorno.<\/p>\n<p align=\"left\">\n<p align=\"left\">Con la idea de mostrar la aportaci\u00f3n de este tipo de iniciativas desde diferentes visiones, hemos elegido una serie de experiencias con diferentes enfoques, destacando el trabajo en <a href=\"http:\/\/www.arquypielago.com\/revistamargenes\/educacion-en-el-medio-ambiente-construido\/\">RED<\/a> de Arquitectives, delegados espa\u00f1oles del programa internacional Architecture and Children; la incidencia sobre la <a href=\"http:\/\/www.arquypielago.com\/revistamargenes\/comenzar-a-andar-para-generar-el-camino\/\">MEJORA<\/a> de la calidad de vida urbana de proyectos como Hablemos del Camino Escolar en C\u00f3rdoba promovido por A Pata; el aprendizaje sobre <a href=\"http:\/\/www.arquypielago.com\/revistamargenes\/barrio-identidad-y-territorio-nuestra-experiencia-en-bilbao-la-vieja\/\">PARTICIPACI\u00d3N CIUDADANA<\/a> del proyecto de pedagog\u00eda urbana en Bilbao La Vieja desarrollado por Zaramari; las alternativas de <a href=\"http:\/\/www.arquypielago.com\/revistamargenes\/noupaticastellum-co-creando-el-patio-de-la-escuela-con-familiares-maestras-y-alumnos\/\">RECICLAJE<\/a> promovidas por CoCreable para mejorar de forma colectiva, sostenible y creativa un patio de un centro escolar; la reflexi\u00f3n sobre las diferentes formas de cobijo y de <a href=\"http:\/\/www.arquypielago.com\/revistamargenes\/mahatma-liliput-talleres-de-arquitectura-para-ninos\/\">VIVIENDA<\/a> que el grupo Mathatma plantea a los ni\u00f1os en sus talleres; las posibilidades de intercambio en la <a href=\"http:\/\/www.arquypielago.com\/revistamargenes\/amag-la-revista-online-de-arquitectura-para-ninos\/\">NUBE<\/a> que ofrecen materiales como los de la Revista Amag de Maushaus; las nuevas miradas o <a href=\"http:\/\/www.arquypielago.com\/revistamargenes\/entornos-futuros-generaciones-futuras\/\">DESPERTARES<\/a> que provocan Playstudio al proponer el intercambio entre estudiantes de primaria con alumnos universitarios; el valor reivindicativo y de visualizaci\u00f3n de acciones puntuales, las de <a href=\"http:\/\/www.arquypielago.com\/revistamargenes\/jugar-a-transformar-la-calle-2\/\">FLOR DE UN D\u00cdA<\/a>, como la acci\u00f3n promovida por Apeu de Carrer en Valencia de apropiaci\u00f3n y transformaci\u00f3n de una calle por un d\u00eda durante la celebraci\u00f3n del Parking Day; la visi\u00f3n de los ni\u00f1os que participan en\u00a0 estructuras participativas institucionales como los Consejos escolares que pretenden promover un enfoque <a href=\"http:\/\/www.arquypielago.com\/revistamargenes\/el-consejo-infantil-de-puerto-real-nosotros-tenemos-en-cuenta-la-opinion-de-los-ninos\/\">INCLUSIVO<\/a>; y las <a href=\"http:\/\/www.arquypielago.com\/revistamargenes\/tirando-del-ovillo\/\">reflexiones<\/a> finales de MUDA Arquitectura, Mar\u00eda Alonso, Arquitectura y Compromiso Social, Alejandro Muchada y Otro H\u00e1bitat, todos estos \u00faltimos grupos relacionados de alguna manera con la Federaci\u00f3n Arquitectura Social.<\/p>\n<p align=\"left\">\n<p align=\"left\">Esperamos que este primer esfuerzo por aglutinar experiencias y colectivos, pueda servir como punto de encuentro y que las experiencias presentadas en esta ocasi\u00f3n se ampl\u00eden con nuevas reflexiones sobre el urbanismo participativo y en especial sobre el papel de la Infancia.<\/p>\n<p align=\"left\">\n<p align=\"left\">Por nuestra parte, nos est\u00e1 sirviendo para mezclarnos, para ampliar nuestra mirada, para conocer el trabajo de grupos que reivindican el trabajo desde lo colectivo, poniendo en marcha espacios alternativos de juego, educaci\u00f3n, crianza y atenci\u00f3n a las necesidades cotidianas. Ha servido para recibir cr\u00edticas y aportaciones de gran inter\u00e9s, muchas gracias a todos.<\/p>\n<p align=\"left\">\n<p align=\"left\">\n<blockquote>\n<p style=\"text-align: center;\"><em>Se nos acortaron las piernas, creci\u00f3 la imaginaci\u00f3n.<\/em><\/p>\n<p style=\"text-align: center;\"><em>Se alarg\u00f3 el tiempo y la risa, mengu\u00f3 la prisa.<\/em><\/p>\n<p align=\"left\">\n<\/blockquote>\n<p align=\"left\">\n<p align=\"left\">\n<p align=\"left\">\n<blockquote>\n<p align=\"left\">* FOTO portada: Taller de intervenci\u00f3n colectiva y autoconstrucci\u00f3n. Otro\u00a0 H\u00e1bitat en colaboraci\u00f3n con el colegio La Alameda, en el barrio de Canillejas en San Blas, Madrid.<\/p>\n<\/blockquote>\n<p align=\"left\">\n<blockquote>\n<p align=\"left\">M\u00e1s informaci\u00f3n en:<\/p>\n<p align=\"left\">www.otrohabitat.org<br \/>\nwww.facebook.com\/OHabitat<br \/>\notrohabitat.madrid@gmail.com<\/p><\/blockquote>\n<p align=\"left\">\n<p align=\"left\">Noticia seleccionada por el Canal de arquitectura STEPIENYBARNO.<\/p>\n<p align=\"left\"><a href=\"http:\/\/www.linkedin.com\/company\/stepienybarno\">STEPIENYBARNO EN LINKEDIN<\/a><\/p>\n<p align=\"left\"><a href=\"http:\/\/twitter.com\/stepienybarno\/stepienybarno\">STEPIENYBARNO EN TWITTER<\/a><\/p>\n<p><a href=\"https:\/\/www.facebook.com\/pages\/BLOG-DE-STEPIENYBARNO\/78001079029\">STEPIENYBARNO EN FACEBOOK<\/a><\/p>\n<p align=\"left\">*Stepienybarno est\u00e1 formado por Agnieszka Stepien y Lorenzo Barn\u00f3 y desde mayo del 2009 estamos en la red con\u00a0 la presente publicaci\u00f3n digital (Blog) de arquitectura.<\/p>\n<p align=\"left\">Nuestra actividad se sustenta en tres pilares b\u00e1sicos: la investigaci\u00f3n, la publicaci\u00f3n (comunicaci\u00f3n y difusi\u00f3n) y la redacci\u00f3n de proyectos de arquitectura.<\/p>\n<p align=\"left\">A su vez, somos socios cofundadores de <a href=\"http:\/\/sinergiasostenible.org\/\">SINERGIA SOSTENIBLE<\/a> y redactores de <a href=\"http:\/\/www.laciudadviva.org\/blogs\/?author=45\">LA CIUDAD VIVA<\/a>.<\/p>\n<p align=\"left\">\n<p align=\"left\">* Los editores de esta publicaci\u00f3n digital no nos hacemos cargo de de los comentarios y\u00a0 conceptos vertidos en los textos firmados por otras personas, siendo \u00e9stos de responsabilidad exclusiva de sus autores.<\/p>\n<p align=\"left\">\n<p align=\"left\">* Tu comentario podr\u00e1 ser moderado, por lo tanto, aunque aparezca inmediatamente al ser publicado en la entrada, los editores de esta publicaci\u00f3n digital nos reservamos el derecho tanto de editarlo (si fuera necesario, para hacerlo m\u00e1s legible) como de eliminarlo en el caso de que se usen expresiones incorrectas (descalificaciones, palabras malsonantes\u2026). A su vez, si quieres comentar desde el anonimato puedes hacerlo, aunque, nosotros personalmente, agradecemos que tod@s nos podamos identificar.<\/p>\n","protected":false},"excerpt":{"rendered":"<p>A ver qu\u00e9 os parece este texto que nos llega desde OTRO HABITAT.<\/p>\n","protected":false},"author":2,"featured_media":0,"comment_status":"open","ping_status":"closed","sticky":false,"template":"","format":"standard","meta":{"om_disable_all_campaigns":false,"_monsterinsights_skip_tracking":false,"_monsterinsights_sitenote_active":false,"_monsterinsights_sitenote_note":"","_monsterinsights_sitenote_category":0,"_uf_show_specific_survey":0,"_uf_disable_surveys":false,"episode_type":"","audio_file":"","cover_image":"","cover_image_id":"","duration":"","filesize":"","date_recorded":"","explicit":"","block":"","filesize_raw":"","footnotes":""},"categories":[1010,34,15],"tags":[4274,9,630,2386,2387,54],"series":[],"class_list":["post-8816","post","type-post","status-publish","format-standard","hentry","category-urbanismorealya-urbanismo","category-actualidad","category-sostenibilidad","tag-actualidad","tag-arquitectura","tag-ciudad","tag-margenes","tag-otro-habitat","tag-urbanismo-sostenible"],"aioseo_notices":[],"episode_featured_image":false,"episode_player_image":"https:\/\/stepienybarno.es\/blog\/wp-content\/uploads\/2020\/11\/stepienybarno-podcast-scaled.jpg","download_link":"","player_link":"","audio_player":false,"episode_data":{"playerMode":"dark","subscribeUrls":[],"rssFeedUrl":"https:\/\/stepienybarno.es\/blog\/feed\/podcast\/podcast-de-stepienybarno","embedCode":"<blockquote class=\"wp-embedded-content\" data-secret=\"XXoFax4lhT\"><a href=\"https:\/\/stepienybarno.es\/blog\/2013\/05\/30\/margenes-actores-en-accion\/\">M\u00c1RGENES: ACTORES EN ACCI\u00d3N<\/a><\/blockquote><iframe sandbox=\"allow-scripts\" security=\"restricted\" src=\"https:\/\/stepienybarno.es\/blog\/2013\/05\/30\/margenes-actores-en-accion\/embed\/#?secret=XXoFax4lhT\" width=\"500\" height=\"350\" title=\"\u00abM\u00c1RGENES: ACTORES EN ACCI\u00d3N\u00bb \u2014 Blog de STEPIEN Y BARNO - publicaci\u00f3n digital sobre arquitectura\" data-secret=\"XXoFax4lhT\" frameborder=\"0\" marginwidth=\"0\" marginheight=\"0\" scrolling=\"no\" class=\"wp-embedded-content\"><\/iframe><script type=\"text\/javascript\">\n\/* <![CDATA[ *\/\n\/*! This file is auto-generated *\/\n!function(d,l){\"use strict\";l.querySelector&&d.addEventListener&&\"undefined\"!=typeof URL&&(d.wp=d.wp||{},d.wp.receiveEmbedMessage||(d.wp.receiveEmbedMessage=function(e){var t=e.data;if((t||t.secret||t.message||t.value)&&!\/[^a-zA-Z0-9]\/.test(t.secret)){for(var s,r,n,a=l.querySelectorAll('iframe[data-secret=\"'+t.secret+'\"]'),o=l.querySelectorAll('blockquote[data-secret=\"'+t.secret+'\"]'),c=new RegExp(\"^https?:$\",\"i\"),i=0;i<o.length;i++)o[i].style.display=\"none\";for(i=0;i<a.length;i++)s=a[i],e.source===s.contentWindow&&(s.removeAttribute(\"style\"),\"height\"===t.message?(1e3<(r=parseInt(t.value,10))?r=1e3:~~r<200&&(r=200),s.height=r):\"link\"===t.message&&(r=new URL(s.getAttribute(\"src\")),n=new URL(t.value),c.test(n.protocol))&&n.host===r.host&&l.activeElement===s&&(d.top.location.href=t.value))}},d.addEventListener(\"message\",d.wp.receiveEmbedMessage,!1),l.addEventListener(\"DOMContentLoaded\",function(){for(var e,t,s=l.querySelectorAll(\"iframe.wp-embedded-content\"),r=0;r<s.length;r++)(t=(e=s[r]).getAttribute(\"data-secret\"))||(t=Math.random().toString(36).substring(2,12),e.src+=\"#?secret=\"+t,e.setAttribute(\"data-secret\",t)),e.contentWindow.postMessage({message:\"ready\",secret:t},\"*\")},!1)))}(window,document);\n\/* ]]> *\/\n<\/script>\n"},"_links":{"self":[{"href":"https:\/\/stepienybarno.es\/blog\/wp-json\/wp\/v2\/posts\/8816"}],"collection":[{"href":"https:\/\/stepienybarno.es\/blog\/wp-json\/wp\/v2\/posts"}],"about":[{"href":"https:\/\/stepienybarno.es\/blog\/wp-json\/wp\/v2\/types\/post"}],"author":[{"embeddable":true,"href":"https:\/\/stepienybarno.es\/blog\/wp-json\/wp\/v2\/users\/2"}],"replies":[{"embeddable":true,"href":"https:\/\/stepienybarno.es\/blog\/wp-json\/wp\/v2\/comments?post=8816"}],"version-history":[{"count":2,"href":"https:\/\/stepienybarno.es\/blog\/wp-json\/wp\/v2\/posts\/8816\/revisions"}],"predecessor-version":[{"id":8823,"href":"https:\/\/stepienybarno.es\/blog\/wp-json\/wp\/v2\/posts\/8816\/revisions\/8823"}],"wp:attachment":[{"href":"https:\/\/stepienybarno.es\/blog\/wp-json\/wp\/v2\/media?parent=8816"}],"wp:term":[{"taxonomy":"category","embeddable":true,"href":"https:\/\/stepienybarno.es\/blog\/wp-json\/wp\/v2\/categories?post=8816"},{"taxonomy":"post_tag","embeddable":true,"href":"https:\/\/stepienybarno.es\/blog\/wp-json\/wp\/v2\/tags?post=8816"},{"taxonomy":"series","embeddable":true,"href":"https:\/\/stepienybarno.es\/blog\/wp-json\/wp\/v2\/series?post=8816"}],"curies":[{"name":"wp","href":"https:\/\/api.w.org\/{rel}","templated":true}]}}