{"id":892,"date":"2009-07-28T22:47:49","date_gmt":"2009-07-28T20:47:49","guid":{"rendered":"https:\/\/www.stepienybarno.es\/blog\/?p=892"},"modified":"2009-07-28T22:54:20","modified_gmt":"2009-07-28T20:54:20","slug":"alavar-aalto-1931-1935","status":"publish","type":"post","link":"https:\/\/stepienybarno.es\/blog\/2009\/07\/28\/alavar-aalto-1931-1935\/","title":{"rendered":"ALAVAR AALTO, 1931-1935"},"content":{"rendered":"<p>\u00a0<\/p>\n<p style=\"text-align: center;\"><img loading=\"lazy\" decoding=\"async\" class=\"alignnone size-full wp-image-893\" title=\"alvar_aalto\" src=\"https:\/\/stepienybarno.es\/blog\/wp-content\/uploads\/2009\/07\/alvar_aalto.jpg\" alt=\"alvar_aalto\" width=\"350\" height=\"525\" srcset=\"https:\/\/stepienybarno.es\/blog\/wp-content\/uploads\/2009\/07\/alvar_aalto.jpg 350w, https:\/\/stepienybarno.es\/blog\/wp-content\/uploads\/2009\/07\/alvar_aalto-120x180.jpg 120w, https:\/\/stepienybarno.es\/blog\/wp-content\/uploads\/2009\/07\/alvar_aalto-224x336.jpg 224w, https:\/\/stepienybarno.es\/blog\/wp-content\/uploads\/2009\/07\/alvar_aalto-267x400.jpg 267w\" sizes=\"(max-width: 350px) 100vw, 350px\" \/><\/p>\n<p>\u00a0<\/p>\n<p>No pod\u00edamos comenzar esta entrada, sin agradecer a Miguel Villegas el capotazo que nos ha echado para situar al blog otra vez en la red, despu\u00e9s de los problemas t\u00e9cnicos que hemos tenido estos d\u00edas. Y para celebrar la vuelta, os\u00a0 vamos a hablar de uno de nuestros arquitectos preferidos; el gran Alvar Aalto. Y qu\u00e9 estuvo haciendo \u00a0Alvar desde 1931 hasta 1935. Pues quiz\u00e1s este sea este uno de los periodos menos conocidos de su carrera. \u00a0<\/p>\n<p>\u00a0<\/p>\n<p><!--more--><\/p>\n<p>La realidad, es que estamos hablando de cuatro larg\u00edsimos a\u00f1os, en los que el \u00a0maestro escandinavo no fue capaz de conseguir ning\u00fan encargo para el estudio.<\/p>\n<p>Eso es lo que le pas\u00f3 al mism\u00edsimo Alvar Aalto, cuando all\u00e1 por el a\u00f1o 1936 estuvo a punto de cerrar el estudio, lo que le provoc\u00f3 una tremenda depresi\u00f3n, que al parecer le acompa\u00f1ar\u00eda en determinados momentos de su carrera durante casi toda la \u00a0vida.<\/p>\n<p>\u00a0<\/p>\n<p>\u00bfY c\u00f3mo consigui\u00f3 salir de este profundo abismo en el que hab\u00eda ca\u00eddo? Pues de la misma manera que hab\u00eda llegado a este callej\u00f3n sin salida, es decir, CONCURSANDO.<\/p>\n<p>Y por situar un poco mejor el tema, recordemos que el estudio de Alvar se hab\u00eda hecho un hueco dentro del estrellato de la arquitectura europea entorno a 1930, con la ejecuci\u00f3n de excelentes edificios como son la biblioteca de Viipuri y el sanatorio antituberculoso de Paimio, que segu\u00edan casi a rajatabla las premisas del movimiento moderno.<\/p>\n<p style=\"text-align: center;\">\u00a0<img loading=\"lazy\" decoding=\"async\" class=\"alignnone size-full wp-image-894\" title=\"aalto viipuri\" src=\"https:\/\/stepienybarno.es\/blog\/wp-content\/uploads\/2009\/07\/aalto-viipuri-.jpg\" alt=\"aalto viipuri\" width=\"500\" height=\"354\" srcset=\"https:\/\/stepienybarno.es\/blog\/wp-content\/uploads\/2009\/07\/aalto-viipuri-.jpg 500w, https:\/\/stepienybarno.es\/blog\/wp-content\/uploads\/2009\/07\/aalto-viipuri--180x127.jpg 180w, https:\/\/stepienybarno.es\/blog\/wp-content\/uploads\/2009\/07\/aalto-viipuri--316x224.jpg 316w\" sizes=\"(max-width: 500px) 100vw, 500px\" \/><\/p>\n<p>\u00a0<\/p>\n<p>Pero cuando todo parec\u00eda que ten\u00eda que ir de cara y ya se hab\u00eda hecho lo m\u00e1s dif\u00edcil, lleg\u00f3 la sequ\u00eda de victorias en los concursos a los que se presentaban y as\u00ed permanecieron estos cuatro a\u00f1os, sin ning\u00fan sustento econ\u00f3mico por parte del estudio de arquitectura que comandaban Alvar y Aino.<\/p>\n<p>El final de esta agon\u00eda se produjo hacia el a\u00f1o 1936, exactamente con la doble victoria en el concurso de la construcci\u00f3n del pabell\u00f3n de Finlandia para la exposici\u00f3n universal de Paris de 1937. Y decimos doble, pues acapararon tanto el primer como el segundo puesto del concurso, pero esto es lo contamos con m\u00e1s detenimiento en la pr\u00f3xima entrada . Hoy nos gustar\u00eda hacer hincapi\u00e9 en el hecho de que en este periodo de cuerda floja, se produjeron tres acontecimientos fundamentales en la vida de nuestros protagonistas.<\/p>\n<p style=\"text-align: center;\">\u00a0<img loading=\"lazy\" decoding=\"async\" class=\"alignnone size-full wp-image-895\" title=\"alvar casa estudio\" src=\"https:\/\/stepienybarno.es\/blog\/wp-content\/uploads\/2009\/07\/alvar-casa-estudio-.jpg\" alt=\"alvar casa estudio\" width=\"500\" height=\"408\" srcset=\"https:\/\/stepienybarno.es\/blog\/wp-content\/uploads\/2009\/07\/alvar-casa-estudio-.jpg 500w, https:\/\/stepienybarno.es\/blog\/wp-content\/uploads\/2009\/07\/alvar-casa-estudio--180x147.jpg 180w, https:\/\/stepienybarno.es\/blog\/wp-content\/uploads\/2009\/07\/alvar-casa-estudio--316x258.jpg 316w\" sizes=\"(max-width: 500px) 100vw, 500px\" \/><\/p>\n<p>\u00a0<\/p>\n<p>&#8211; La redacci\u00f3n del proyecto que se convertir\u00eda en la nueva casa \u2013 estudio de Alvar y Aino en un barrio de las afueras de Helsinki.<\/p>\n<p>&#8211; La consolidaci\u00f3n de la firma Artek, dedicada a producir y vender los dise\u00f1os de mobiliario y cristaler\u00eda de la pareja.<\/p>\n<p>-Y sobretodo, un \u00a0hecho que entendemos como \u00a0fundamental dentro de la carrera de Alvar Aalto, como \u00a0es el cambio radical en sus propuestas arquitect\u00f3nicas a partir de este momento, tanto en lo referente al fondo como a la forma. A partir de aqu\u00ed se \u00a0dio cabida en sus planteamientos, tanto al estilo internacional que hab\u00edan practicado en sus primeros a\u00f1os, como a las nuevas influencias de la arquitectura vern\u00e1cula y tradicional, que terminar\u00edan convirtiendo a Alvar Aalto en uno de los arquitectos m\u00e1s grandes de todos los tiempos.<\/p>\n","protected":false},"excerpt":{"rendered":"<p>No pod\u00edamos comenzar esta entrada, sin agradecer a Miguel Villegas el capotazo que nos ha echado para situar al blog otra vez en la red, despu\u00e9s de los problemas t\u00e9cnicos que hemos tenido estos d\u00edas. Y para celebrar la vuelta, os  vamos a hablar de uno de nuestros arquitectos preferidos; el gran Alvar Aalto. Y qu\u00e9 estuvo haciendo  Alvar desde 1931 hasta 1935. Pues quiz\u00e1s este sea este uno de los periodos menos conocidos de su carrera.  <\/p>\n","protected":false},"author":2,"featured_media":0,"comment_status":"open","ping_status":"closed","sticky":false,"template":"","format":"standard","meta":{"om_disable_all_campaigns":false,"_monsterinsights_skip_tracking":false,"_monsterinsights_sitenote_active":false,"_monsterinsights_sitenote_note":"","_monsterinsights_sitenote_category":0,"_uf_show_specific_survey":0,"_uf_disable_surveys":false,"episode_type":"","audio_file":"","cover_image":"","cover_image_id":"","duration":"","filesize":"","date_recorded":"","explicit":"","block":"","filesize_raw":"","footnotes":""},"categories":[4],"tags":[9],"series":[],"class_list":["post-892","post","type-post","status-publish","format-standard","hentry","category-arquilectura","tag-arquitectura"],"aioseo_notices":[],"episode_featured_image":false,"episode_player_image":"https:\/\/stepienybarno.es\/blog\/wp-content\/uploads\/2020\/11\/stepienybarno-podcast-scaled.jpg","download_link":"","player_link":"","audio_player":false,"episode_data":{"playerMode":"dark","subscribeUrls":[],"rssFeedUrl":"https:\/\/stepienybarno.es\/blog\/feed\/podcast\/podcast-de-stepienybarno","embedCode":"<blockquote class=\"wp-embedded-content\" data-secret=\"H6zYLGBayI\"><a href=\"https:\/\/stepienybarno.es\/blog\/2009\/07\/28\/alavar-aalto-1931-1935\/\">ALAVAR AALTO, 1931-1935<\/a><\/blockquote><iframe sandbox=\"allow-scripts\" security=\"restricted\" src=\"https:\/\/stepienybarno.es\/blog\/2009\/07\/28\/alavar-aalto-1931-1935\/embed\/#?secret=H6zYLGBayI\" width=\"500\" height=\"350\" title=\"\u00abALAVAR AALTO, 1931-1935\u00bb \u2014 Blog de STEPIEN Y BARNO - publicaci\u00f3n digital sobre arquitectura\" data-secret=\"H6zYLGBayI\" frameborder=\"0\" marginwidth=\"0\" marginheight=\"0\" scrolling=\"no\" class=\"wp-embedded-content\"><\/iframe><script type=\"text\/javascript\">\n\/* <![CDATA[ *\/\n\/*! This file is auto-generated *\/\n!function(d,l){\"use strict\";l.querySelector&&d.addEventListener&&\"undefined\"!=typeof URL&&(d.wp=d.wp||{},d.wp.receiveEmbedMessage||(d.wp.receiveEmbedMessage=function(e){var t=e.data;if((t||t.secret||t.message||t.value)&&!\/[^a-zA-Z0-9]\/.test(t.secret)){for(var s,r,n,a=l.querySelectorAll('iframe[data-secret=\"'+t.secret+'\"]'),o=l.querySelectorAll('blockquote[data-secret=\"'+t.secret+'\"]'),c=new RegExp(\"^https?:$\",\"i\"),i=0;i<o.length;i++)o[i].style.display=\"none\";for(i=0;i<a.length;i++)s=a[i],e.source===s.contentWindow&&(s.removeAttribute(\"style\"),\"height\"===t.message?(1e3<(r=parseInt(t.value,10))?r=1e3:~~r<200&&(r=200),s.height=r):\"link\"===t.message&&(r=new URL(s.getAttribute(\"src\")),n=new URL(t.value),c.test(n.protocol))&&n.host===r.host&&l.activeElement===s&&(d.top.location.href=t.value))}},d.addEventListener(\"message\",d.wp.receiveEmbedMessage,!1),l.addEventListener(\"DOMContentLoaded\",function(){for(var e,t,s=l.querySelectorAll(\"iframe.wp-embedded-content\"),r=0;r<s.length;r++)(t=(e=s[r]).getAttribute(\"data-secret\"))||(t=Math.random().toString(36).substring(2,12),e.src+=\"#?secret=\"+t,e.setAttribute(\"data-secret\",t)),e.contentWindow.postMessage({message:\"ready\",secret:t},\"*\")},!1)))}(window,document);\n\/* ]]> *\/\n<\/script>\n"},"_links":{"self":[{"href":"https:\/\/stepienybarno.es\/blog\/wp-json\/wp\/v2\/posts\/892"}],"collection":[{"href":"https:\/\/stepienybarno.es\/blog\/wp-json\/wp\/v2\/posts"}],"about":[{"href":"https:\/\/stepienybarno.es\/blog\/wp-json\/wp\/v2\/types\/post"}],"author":[{"embeddable":true,"href":"https:\/\/stepienybarno.es\/blog\/wp-json\/wp\/v2\/users\/2"}],"replies":[{"embeddable":true,"href":"https:\/\/stepienybarno.es\/blog\/wp-json\/wp\/v2\/comments?post=892"}],"version-history":[{"count":4,"href":"https:\/\/stepienybarno.es\/blog\/wp-json\/wp\/v2\/posts\/892\/revisions"}],"predecessor-version":[{"id":897,"href":"https:\/\/stepienybarno.es\/blog\/wp-json\/wp\/v2\/posts\/892\/revisions\/897"}],"wp:attachment":[{"href":"https:\/\/stepienybarno.es\/blog\/wp-json\/wp\/v2\/media?parent=892"}],"wp:term":[{"taxonomy":"category","embeddable":true,"href":"https:\/\/stepienybarno.es\/blog\/wp-json\/wp\/v2\/categories?post=892"},{"taxonomy":"post_tag","embeddable":true,"href":"https:\/\/stepienybarno.es\/blog\/wp-json\/wp\/v2\/tags?post=892"},{"taxonomy":"series","embeddable":true,"href":"https:\/\/stepienybarno.es\/blog\/wp-json\/wp\/v2\/series?post=892"}],"curies":[{"name":"wp","href":"https:\/\/api.w.org\/{rel}","templated":true}]}}