{"id":9192,"date":"2013-06-24T14:22:25","date_gmt":"2013-06-24T12:22:25","guid":{"rendered":"https:\/\/www.stepienybarno.es\/blog\/?p=9192"},"modified":"2013-06-25T14:14:43","modified_gmt":"2013-06-25T12:14:43","slug":"el-teatro-efimero","status":"publish","type":"post","link":"https:\/\/stepienybarno.es\/blog\/2013\/06\/24\/el-teatro-efimero\/","title":{"rendered":"EL TEATRO EF\u00cdMERO"},"content":{"rendered":"<p align=\"left\">\n<p style=\"text-align: center;\"><img loading=\"lazy\" decoding=\"async\" class=\"alignnone size-full wp-image-9193\" title=\"0. Teatro Efimero_logo 350\" src=\"https:\/\/stepienybarno.es\/blog\/wp-content\/uploads\/2013\/06\/0.-Teatro-Efimero_logo-350.jpg\" alt=\"0. Teatro Efimero_logo 350\" width=\"350\" height=\"350\" srcset=\"https:\/\/stepienybarno.es\/blog\/wp-content\/uploads\/2013\/06\/0.-Teatro-Efimero_logo-350.jpg 350w, https:\/\/stepienybarno.es\/blog\/wp-content\/uploads\/2013\/06\/0.-Teatro-Efimero_logo-350-180x180.jpg 180w, https:\/\/stepienybarno.es\/blog\/wp-content\/uploads\/2013\/06\/0.-Teatro-Efimero_logo-350-224x224.jpg 224w, https:\/\/stepienybarno.es\/blog\/wp-content\/uploads\/2013\/06\/0.-Teatro-Efimero_logo-350-316x316.jpg 316w\" sizes=\"(max-width: 350px) 100vw, 350px\" \/><\/p>\n<p align=\"left\">Nueva y fresqu\u00edsima iniciativa que os animamos a conocer. Seguro que la entrada es de vuestro inter\u00e9s.<\/p>\n<p align=\"left\"><!--more--><\/p>\n<p align=\"left\">\n<p align=\"left\">Texto y fotos enviandas por los protagonistas a nuestro blog de Stepienybarno:<\/p>\n<p style=\"text-align: center;\"><img loading=\"lazy\" decoding=\"async\" class=\"alignnone size-medium wp-image-9194\" title=\"1. Teatro Efimero_fachada\" src=\"https:\/\/stepienybarno.es\/blog\/wp-content\/uploads\/2013\/06\/1.-Teatro-Efimero_fachada-248x350.jpg\" alt=\"1. Teatro Efimero_fachada\" width=\"248\" height=\"350\" \/><\/p>\n<p align=\"left\">La idea del Teatro Ef\u00edmero es sencilla, hacer teatro en lugares no convencionales, en espacios singulares, en negocios una vez cierren sus puertas, en locales que se traspasan o que est\u00e1n en desuso&#8230; tal y como est\u00e1 la econom\u00eda, la cultura y el panorama inmobiliario \u00bfporqu\u00e9 no compartir el espacio, los recursos, los clientes, los vecinos&#8230; con otra gente? La primera iniciativa del Teatro Ef\u00edmero es la obra \u00abT\u00fa no, princesa\u00bb y transcurre en una peluquer\u00eda ubicada en pleno barrio de Chamber\u00ed, abierta en 1978 y cerrada al p\u00fablico hace unos a\u00f1os. La decoraci\u00f3n se conserva pr\u00e1cticamente intacta y es ideal para la obra, que comienza en los ochenta y recorre veinte a\u00f1os de la vida de sus protagonistas, tres mujeres con un nexo en com\u00fan: cumplir sus sue\u00f1os y sobrevivir en un mundo complicado.<\/p>\n<p style=\"text-align: center;\"><img loading=\"lazy\" decoding=\"async\" class=\"alignnone size-medium wp-image-9195\" title=\"2. Teatro Efimero_el publico\" src=\"https:\/\/stepienybarno.es\/blog\/wp-content\/uploads\/2013\/06\/2.-Teatro-Efimero_el-publico-350x261.jpg\" alt=\"2. Teatro Efimero_el publico\" width=\"350\" height=\"261\" \/><\/p>\n<p style=\"text-align: center;\">\n<p align=\"left\">\n<p align=\"left\">Una peluquer\u00eda es uno de esos lugares en los que uno no puede evitar enterarse de las vidas de otros, escuchando sus conversaciones con m\u00e1s o menos disimulo, pero en este caso el espectador asiste a esas vidas impune y descaradamente. En proyectos futuros puede que el espacio participe de una forma menos literal o m\u00e1s metaf\u00f3rica, pero siempre ser\u00e1 un actor m\u00e1s con el que crear un nuevo nivel narrativo.<\/p>\n<p style=\"text-align: center;\" align=\"left\"><img loading=\"lazy\" decoding=\"async\" class=\"aligncenter\" style=\"text-align: center;\" title=\"3. Teatro Efimero_el publico (1)\" src=\"https:\/\/stepienybarno.es\/blog\/wp-content\/uploads\/2013\/06\/3.-Teatro-Efimero_el-publico-1-261x350.jpg\" alt=\"3. Teatro Efimero_el publico (1)\" width=\"261\" height=\"350\" \/><\/p>\n<p align=\"left\">\n<p align=\"left\">Los arquitectos de Zuloark (www.zuloark.com) han dise\u00f1ado el sistema de asientos, c\u00f3modo, compacto, modular y vers\u00e1til que permite transformar cualquier lugar en un teatro; si la gente se sienta en un sitio a mirar, autom\u00e1ticamente se convierte en p\u00fablico, y donde hay p\u00fablico hay teatro.<\/p>\n<p style=\"text-align: center;\"><img loading=\"lazy\" decoding=\"async\" class=\"alignnone size-medium wp-image-9197\" title=\"4.1 Teatro Efimero_Gradas Zuloark (1)\" src=\"https:\/\/stepienybarno.es\/blog\/wp-content\/uploads\/2013\/06\/4.1-Teatro-Efimero_Gradas-Zuloark-1-261x349.jpg\" alt=\"4.1 Teatro Efimero_Gradas Zuloark (1)\" width=\"261\" height=\"349\" \/><\/p>\n<p style=\"text-align: center;\"><img loading=\"lazy\" decoding=\"async\" class=\"alignnone size-medium wp-image-9198\" title=\"4.2 Teatro Efimero_Gradas Zuloark\" src=\"https:\/\/stepienybarno.es\/blog\/wp-content\/uploads\/2013\/06\/4.2-Teatro-Efimero_Gradas-Zuloark-350x262.jpg\" alt=\"4.2 Teatro Efimero_Gradas Zuloark\" width=\"350\" height=\"262\" \/><\/p>\n<p align=\"left\">\n<blockquote>\n<p align=\"left\">El Teatro Ef\u00edmero pretende eso, ser ef\u00edmero, cuando se traslade a otro sitio, tan solo permanecer\u00e1n los recuerdos y la experiencia de quienes pasaron por all\u00ed, si quieres ser uno de ellos puedes reservar tu cita teatral en el Sal\u00f3n de Belleza y Peluquer\u00eda Garret:<\/p>\n<p align=\"left\">Web: http:\/\/www.teatroefimero.com<\/p>\n<p align=\"left\">Facebook: https:\/\/www.facebook.com\/tunoprincesa<\/p>\n<p align=\"left\">Twitter:\u00a0 @TeatroEfimero<\/p>\n<\/blockquote>\n<p align=\"left\">\n<p style=\"text-align: center;\" align=\"left\"><img loading=\"lazy\" decoding=\"async\" class=\"size-full wp-image-9199 aligncenter\" title=\"5. Teatro Efimero_Tu no Princesa\" src=\"https:\/\/stepienybarno.es\/blog\/wp-content\/uploads\/2013\/06\/5.-Teatro-Efimero_Tu-no-Princesa.jpg\" alt=\"5. Teatro Efimero_Tu no Princesa\" width=\"500\" height=\"500\" srcset=\"https:\/\/stepienybarno.es\/blog\/wp-content\/uploads\/2013\/06\/5.-Teatro-Efimero_Tu-no-Princesa.jpg 500w, https:\/\/stepienybarno.es\/blog\/wp-content\/uploads\/2013\/06\/5.-Teatro-Efimero_Tu-no-Princesa-180x180.jpg 180w, https:\/\/stepienybarno.es\/blog\/wp-content\/uploads\/2013\/06\/5.-Teatro-Efimero_Tu-no-Princesa-224x224.jpg 224w, https:\/\/stepienybarno.es\/blog\/wp-content\/uploads\/2013\/06\/5.-Teatro-Efimero_Tu-no-Princesa-316x316.jpg 316w\" sizes=\"(max-width: 500px) 100vw, 500px\" \/><\/p>\n<blockquote>\n<p align=\"left\">Del 20 de junio al 7 de julio en C\/Juan de Austria 16,1\u00baizq<\/p>\n<p align=\"left\">Jueves y viernes a las 21h.<\/p>\n<p align=\"left\">S\u00e1bados a las 20:30h y a las 21:30h.<\/p>\n<p align=\"left\">Domingos a las 21h.<\/p>\n<p align=\"left\">Aportaci\u00f3n: 10\u20ac. Aforo limitado a 25 personas, mejor reservar a trav\u00e9s de Facebook, email (reservas@teatroefimero.com)o tel\u00e9fono: 606 359 305<\/p>\n<\/blockquote>\n<p style=\"text-align: center;\"><img loading=\"lazy\" decoding=\"async\" class=\"alignnone size-full wp-image-9200\" title=\"6. Teatro Efimero_Tu no princesa_personajes\" src=\"https:\/\/stepienybarno.es\/blog\/wp-content\/uploads\/2013\/06\/6.-Teatro-Efimero_Tu-no-princesa_personajes.jpg\" alt=\"6. Teatro Efimero_Tu no princesa_personajes\" width=\"500\" height=\"333\" srcset=\"https:\/\/stepienybarno.es\/blog\/wp-content\/uploads\/2013\/06\/6.-Teatro-Efimero_Tu-no-princesa_personajes.jpg 500w, https:\/\/stepienybarno.es\/blog\/wp-content\/uploads\/2013\/06\/6.-Teatro-Efimero_Tu-no-princesa_personajes-180x120.jpg 180w, https:\/\/stepienybarno.es\/blog\/wp-content\/uploads\/2013\/06\/6.-Teatro-Efimero_Tu-no-princesa_personajes-316x210.jpg 316w\" sizes=\"(max-width: 500px) 100vw, 500px\" \/><\/p>\n<p align=\"left\">\n<blockquote>\n<p style=\"text-align: center;\">(Fotograf\u00eda: Rebeca Rodriguez &#8211;\u00a0 <a href=\"http:\/\/www.rebecarodriguezphotography.com\/\">http:\/\/www.rebecarodriguezphotography.com\/<\/a> )<\/p>\n<\/blockquote>\n<p align=\"left\">\n<p align=\"left\">\n<blockquote>\n<p align=\"left\">* Este art\u00edculo ha sido escrito con car\u00e1cter divulgativo y sin ning\u00fan tipo de \u00e1nimo de lucro. As\u00ed que, si te apetece <strong>compartirlo<\/strong> en cualquier otro medio, estaremos encantados de que lo hagas siempre y cuando cites el lugar donde lo has encontrado.<\/p>\n<p align=\"left\">\n<p align=\"left\">Autores de la entrada: <a href=\"http:\/\/www.facebook.com\/col.prudant#!\/StepienybarnoCANAL\">Stepienybarno<\/a><\/p>\n<p align=\"left\"><a href=\"http:\/\/www.linkedin.com\/company\/stepienybarno\">STEPIENYBARNO EN LINKEDIN<\/a><\/p>\n<p align=\"left\"><a href=\"http:\/\/twitter.com\/stepienybarno\/stepienybarno\">STEPIENYBARNO EN TWITTER<\/a><\/p>\n<p align=\"left\"><a href=\"https:\/\/www.facebook.com\/pages\/BLOG-DE-STEPIENYBARNO\/78001079029\">STEPIENYBARNO EN FACEBOOK<\/a><\/p>\n<p align=\"left\">\n<p align=\"left\">* Stepienybarno est\u00e1 formado por Agnieszka Stepien y Lorenzo Barn\u00f3 y desde mayo del 2009 estamos en la red con\u00a0 la presente publicaci\u00f3n digital (Blog) de arquitectura.<\/p>\n<p align=\"left\">Nuestra actividad se sustenta en tres pilares b\u00e1sicos: la investigaci\u00f3n, la publicaci\u00f3n y la redacci\u00f3n de proyectos de arquitectura.<\/p>\n<p align=\"left\">A su vez, somos socios cofundadores de <a href=\"http:\/\/sinergiasostenible.org\/\">SINERGIA SOSTENIBLE<\/a> y redactores de <a href=\"http:\/\/www.laciudadviva.org\/blogs\/?author=45\">LA CIUDAD VIVA<\/a>.<\/p>\n<p align=\"left\">* Los editores de esta publicaci\u00f3n digital no nos hacemos cargo de de los comentarios y\u00a0 conceptos vertidos en los textos firmados por otras personas, siendo \u00e9stos de responsabilidad exclusiva de sus autores.<\/p>\n<p align=\"left\">* Tu comentario pudiera ser moderado, por lo tanto, aunque aparezca inmediatamente al ser publicado en la entrada, los editores de esta publicaci\u00f3n digital nos reservamos el derecho tanto de editarlo (si fuera necesario, para hacerlo m\u00e1s legible) como de eliminarlo en el caso de que se usen expresiones incorrectas (descalificaciones, palabras malsonantes\u2026). A su vez, si quieres comentar desde el anonimato puedes hacerlo, aunque, nosotros personalmente, agradecemos que tod@s nos podamos identificar.<\/p>\n<\/blockquote>\n","protected":false},"excerpt":{"rendered":"\n<p>Nueva y fresqu\u00edsima iniciativa que os animamos a conocer. Seguro que la entrada es de vuestro inter\u00e9s.<\/p>\n","protected":false},"author":2,"featured_media":0,"comment_status":"open","ping_status":"closed","sticky":false,"template":"","format":"standard","meta":{"om_disable_all_campaigns":false,"_monsterinsights_skip_tracking":false,"_monsterinsights_sitenote_active":false,"_monsterinsights_sitenote_note":"","_monsterinsights_sitenote_category":0,"_uf_show_specific_survey":0,"_uf_disable_surveys":false,"episode_type":"","audio_file":"","cover_image":"","cover_image_id":"","duration":"","filesize":"","date_recorded":"","explicit":"","block":"","filesize_raw":"","footnotes":""},"categories":[34,244],"tags":[4274,2479,834],"series":[],"class_list":["post-9192","post","type-post","status-publish","format-standard","hentry","category-actualidad","category-canal-de-arquitectura","tag-actualidad","tag-el-teatro-efimero","tag-zuloark"],"aioseo_notices":[],"episode_featured_image":false,"episode_player_image":"https:\/\/stepienybarno.es\/blog\/wp-content\/uploads\/2020\/11\/stepienybarno-podcast-scaled.jpg","download_link":"","player_link":"","audio_player":false,"episode_data":{"playerMode":"dark","subscribeUrls":[],"rssFeedUrl":"https:\/\/stepienybarno.es\/blog\/feed\/podcast\/podcast-de-stepienybarno","embedCode":"<blockquote class=\"wp-embedded-content\" data-secret=\"QTkhO2SFqe\"><a href=\"https:\/\/stepienybarno.es\/blog\/2013\/06\/24\/el-teatro-efimero\/\">EL TEATRO EF\u00cdMERO<\/a><\/blockquote><iframe sandbox=\"allow-scripts\" security=\"restricted\" src=\"https:\/\/stepienybarno.es\/blog\/2013\/06\/24\/el-teatro-efimero\/embed\/#?secret=QTkhO2SFqe\" width=\"500\" height=\"350\" title=\"\u00abEL TEATRO EF\u00cdMERO\u00bb \u2014 Blog de STEPIEN Y BARNO - publicaci\u00f3n digital sobre arquitectura\" data-secret=\"QTkhO2SFqe\" frameborder=\"0\" marginwidth=\"0\" marginheight=\"0\" scrolling=\"no\" class=\"wp-embedded-content\"><\/iframe><script type=\"text\/javascript\">\n\/* <![CDATA[ *\/\n\/*! This file is auto-generated *\/\n!function(d,l){\"use strict\";l.querySelector&&d.addEventListener&&\"undefined\"!=typeof URL&&(d.wp=d.wp||{},d.wp.receiveEmbedMessage||(d.wp.receiveEmbedMessage=function(e){var t=e.data;if((t||t.secret||t.message||t.value)&&!\/[^a-zA-Z0-9]\/.test(t.secret)){for(var s,r,n,a=l.querySelectorAll('iframe[data-secret=\"'+t.secret+'\"]'),o=l.querySelectorAll('blockquote[data-secret=\"'+t.secret+'\"]'),c=new RegExp(\"^https?:$\",\"i\"),i=0;i<o.length;i++)o[i].style.display=\"none\";for(i=0;i<a.length;i++)s=a[i],e.source===s.contentWindow&&(s.removeAttribute(\"style\"),\"height\"===t.message?(1e3<(r=parseInt(t.value,10))?r=1e3:~~r<200&&(r=200),s.height=r):\"link\"===t.message&&(r=new URL(s.getAttribute(\"src\")),n=new URL(t.value),c.test(n.protocol))&&n.host===r.host&&l.activeElement===s&&(d.top.location.href=t.value))}},d.addEventListener(\"message\",d.wp.receiveEmbedMessage,!1),l.addEventListener(\"DOMContentLoaded\",function(){for(var e,t,s=l.querySelectorAll(\"iframe.wp-embedded-content\"),r=0;r<s.length;r++)(t=(e=s[r]).getAttribute(\"data-secret\"))||(t=Math.random().toString(36).substring(2,12),e.src+=\"#?secret=\"+t,e.setAttribute(\"data-secret\",t)),e.contentWindow.postMessage({message:\"ready\",secret:t},\"*\")},!1)))}(window,document);\n\/* ]]> *\/\n<\/script>\n"},"_links":{"self":[{"href":"https:\/\/stepienybarno.es\/blog\/wp-json\/wp\/v2\/posts\/9192"}],"collection":[{"href":"https:\/\/stepienybarno.es\/blog\/wp-json\/wp\/v2\/posts"}],"about":[{"href":"https:\/\/stepienybarno.es\/blog\/wp-json\/wp\/v2\/types\/post"}],"author":[{"embeddable":true,"href":"https:\/\/stepienybarno.es\/blog\/wp-json\/wp\/v2\/users\/2"}],"replies":[{"embeddable":true,"href":"https:\/\/stepienybarno.es\/blog\/wp-json\/wp\/v2\/comments?post=9192"}],"version-history":[{"count":5,"href":"https:\/\/stepienybarno.es\/blog\/wp-json\/wp\/v2\/posts\/9192\/revisions"}],"predecessor-version":[{"id":9204,"href":"https:\/\/stepienybarno.es\/blog\/wp-json\/wp\/v2\/posts\/9192\/revisions\/9204"}],"wp:attachment":[{"href":"https:\/\/stepienybarno.es\/blog\/wp-json\/wp\/v2\/media?parent=9192"}],"wp:term":[{"taxonomy":"category","embeddable":true,"href":"https:\/\/stepienybarno.es\/blog\/wp-json\/wp\/v2\/categories?post=9192"},{"taxonomy":"post_tag","embeddable":true,"href":"https:\/\/stepienybarno.es\/blog\/wp-json\/wp\/v2\/tags?post=9192"},{"taxonomy":"series","embeddable":true,"href":"https:\/\/stepienybarno.es\/blog\/wp-json\/wp\/v2\/series?post=9192"}],"curies":[{"name":"wp","href":"https:\/\/api.w.org\/{rel}","templated":true}]}}