{"id":9375,"date":"2013-07-14T14:10:56","date_gmt":"2013-07-14T12:10:56","guid":{"rendered":"https:\/\/www.stepienybarno.es\/blog\/?p=9375"},"modified":"2013-11-01T19:47:48","modified_gmt":"2013-11-01T17:47:48","slug":"stepienybarno-en-el-thinkcommos-de-domenico-di-siena","status":"publish","type":"post","link":"https:\/\/stepienybarno.es\/blog\/2013\/07\/14\/stepienybarno-en-el-thinkcommos-de-domenico-di-siena\/","title":{"rendered":"STEPIENYBARNO EN EL THINKCOMMOS DE DOMENICO DI SIENA."},"content":{"rendered":"<p align=\"left\">\n<p style=\"text-align: center;\"><img loading=\"lazy\" decoding=\"async\" class=\"alignnone size-full wp-image-9377\" title=\"STEPIENYBARNO THINKCOMMOS DE DOMENICO DI SIENA. REYES GALLEGOS LCV\" src=\"https:\/\/stepienybarno.es\/blog\/wp-content\/uploads\/2013\/07\/STEPIENYBARNO-THINKCOMMOS-DE-DOMENICO-DI-SIENA.-REYES-GALLEGOS-LCV-.jpg\" alt=\"STEPIENYBARNO THINKCOMMOS DE DOMENICO DI SIENA. REYES GALLEGOS LCV\" width=\"350\" height=\"244\" srcset=\"https:\/\/stepienybarno.es\/blog\/wp-content\/uploads\/2013\/07\/STEPIENYBARNO-THINKCOMMOS-DE-DOMENICO-DI-SIENA.-REYES-GALLEGOS-LCV-.jpg 350w, https:\/\/stepienybarno.es\/blog\/wp-content\/uploads\/2013\/07\/STEPIENYBARNO-THINKCOMMOS-DE-DOMENICO-DI-SIENA.-REYES-GALLEGOS-LCV--180x125.jpg 180w, https:\/\/stepienybarno.es\/blog\/wp-content\/uploads\/2013\/07\/STEPIENYBARNO-THINKCOMMOS-DE-DOMENICO-DI-SIENA.-REYES-GALLEGOS-LCV--316x220.jpg 316w\" sizes=\"(max-width: 350px) 100vw, 350px\" \/><\/p>\n<p align=\"left\">Aprovechando que hace unos d\u00edas est\u00e1bamos por Barcelona con motivo de nuestra participaci\u00f3n en una mesa redonda del festival de arquitectura <a href=\"http:\/\/www.eme3.org\/?lang=es\">eme3<\/a>, Domenico di Siena, gentilmente, nos invit\u00f3 a su estupendo Thinkcommos, para hablar un poquito de lo que es Stepienybarno.<\/p>\n<p align=\"left\">Adem\u00e1s, compartimos la sesi\u00f3n con compa\u00f1eros de lujo como Tiago Mota y Reyes Gallegos; as\u00ed que, mejor imposible!<\/p>\n<blockquote>\n<p style=\"text-align: center;\"><!--more--><img loading=\"lazy\" decoding=\"async\" class=\"alignnone size-medium wp-image-9378\" title=\"STEPIENYBARNO THINKCOMMOS DE DOMENICO DI SIENA. EME3 EME 3\" src=\"https:\/\/stepienybarno.es\/blog\/wp-content\/uploads\/2013\/07\/STEPIENYBARNO-THINKCOMMOS-DE-DOMENICO-DI-SIENA.-EME3-EME-3-1-350x241.jpg\" alt=\"STEPIENYBARNO THINKCOMMOS DE DOMENICO DI SIENA. EME3 EME 3\" width=\"350\" height=\"241\" \/><\/p>\n<p align=\"left\">\n<p style=\"text-align: center;\">Acceder al v\u00eddeo, <a href=\"http:\/\/www.youtube.com\/watch?v=t-BIhMGoLJ4\">aqu\u00ed.<\/a><\/p>\n<\/blockquote>\n<blockquote>\n<p style=\"text-align: center;\">Parte 1_ Tiago Mota<\/p>\n<p style=\"text-align: center;\">Parte 2 _ \u00a0Desde el minuto 19 Stepienybarno.<\/p>\n<p style=\"text-align: center;\">Parte 3 _ Desde el minuto 46 Reyes Gallegos de La ciudad Viva.<\/p>\n<\/blockquote>\n<p align=\"left\">\n<p align=\"left\">* Este art\u00edculo ha sido escrito con car\u00e1cter divulgativo y sin ning\u00fan tipo de \u00e1nimo de lucro. As\u00ed que, si te apetece <strong>compartirlo<\/strong> en cualquier otro medio, estaremos encantados de que lo hagas siempre y cuando cites el lugar donde lo has encontrado.<\/p>\n<p align=\"left\">\n<p align=\"left\">Autores de la entrada: <a href=\"http:\/\/www.facebook.com\/col.prudant#!\/StepienybarnoCANAL\">Stepienybarno<\/a><\/p>\n<p align=\"left\"><a href=\"http:\/\/www.linkedin.com\/company\/stepienybarno\">STEPIENYBARNO EN LINKEDIN<\/a><\/p>\n<p align=\"left\"><a href=\"http:\/\/twitter.com\/stepienybarno\/stepienybarno\">STEPIENYBARNO EN TWITTER<\/a><\/p>\n<p align=\"left\"><a href=\"https:\/\/www.facebook.com\/pages\/BLOG-DE-STEPIENYBARNO\/78001079029\">STEPIENYBARNO EN FACEBOOK<\/a><\/p>\n<p align=\"left\">\n<p align=\"left\">* Stepienybarno est\u00e1 formado por Agnieszka Stepien y Lorenzo Barn\u00f3 y desde mayo del 2009 estamos en la red con\u00a0 la presente publicaci\u00f3n digital (Blog) de arquitectura.<\/p>\n<p align=\"left\">Nuestra actividad se sustenta en tres pilares b\u00e1sicos: la investigaci\u00f3n, la publicaci\u00f3n y la redacci\u00f3n de proyectos de arquitectura.<\/p>\n<p align=\"left\">A su vez, somos socios cofundadores de <a href=\"http:\/\/sinergiasostenible.org\/\">SINERGIA SOSTENIBLE<\/a> y redactores de <a href=\"http:\/\/www.laciudadviva.org\/blogs\/?author=45\">LA CIUDAD VIVA<\/a>.<\/p>\n<p align=\"left\">* Los editores de esta publicaci\u00f3n digital no nos hacemos cargo de de los comentarios y\u00a0 conceptos vertidos en los textos firmados por otras personas, siendo \u00e9stos de responsabilidad exclusiva de sus autores.<\/p>\n<p align=\"left\">* Tu comentario pudiera ser moderado, por lo tanto, aunque aparezca inmediatamente al ser publicado en la entrada, los editores de esta publicaci\u00f3n digital nos reservamos el derecho tanto de editarlo (si fuera necesario, para hacerlo m\u00e1s legible) como de eliminarlo en el caso de que se usen expresiones incorrectas (descalificaciones, palabras malsonantes\u2026). A su vez, si quieres comentar desde el anonimato puedes hacerlo, aunque, nosotros personalmente, agradecemos que tod@s nos podamos identificar.<\/p>\n","protected":false},"excerpt":{"rendered":"<p> STEPIENYBARNO THINKCOMMOS DE DOMENICO DI SIENA. REYES GALLEGOS LCV<\/p>\n<p>Aprovechando que hace unos d\u00edas est\u00e1bamos por Barcelona con motivo de nuestra participaci\u00f3n en una mesa redonda del festival de arquitectura eme3, Domenico di Siena, gentilmente, nos invit\u00f3 a su estupendo Thinkcommos, para hablar un poquito de lo que es Stepienybarno.<\/p>\n<p>Adem\u00e1s, compartimos la sesi\u00f3n con compa\u00f1eros de lujo como Tiago Mota y Reyes Gallegos; as\u00ed que, mejor imposible!<\/p>\n<p>(m\u00e1s&#8230;)<\/p>\n","protected":false},"author":2,"featured_media":0,"comment_status":"open","ping_status":"closed","sticky":false,"template":"","format":"standard","meta":{"om_disable_all_campaigns":false,"_monsterinsights_skip_tracking":false,"_monsterinsights_sitenote_active":false,"_monsterinsights_sitenote_note":"","_monsterinsights_sitenote_category":0,"_uf_show_specific_survey":0,"_uf_disable_surveys":false,"episode_type":"","audio_file":"","cover_image":"","cover_image_id":"","duration":"","filesize":"","date_recorded":"","explicit":"","block":"","filesize_raw":"","footnotes":""},"categories":[34,27],"tags":[4274,9,33,2513,132,2161,2512],"series":[],"class_list":["post-9375","post","type-post","status-publish","format-standard","hentry","category-actualidad","category-nueva-era-digital","tag-actualidad","tag-arquitectura","tag-blog","tag-eme3","tag-la-ciudad-viva","tag-reyes-gallegos","tag-tiago-mota"],"aioseo_notices":[],"episode_featured_image":false,"episode_player_image":"https:\/\/stepienybarno.es\/blog\/wp-content\/uploads\/2020\/11\/stepienybarno-podcast-scaled.jpg","download_link":"","player_link":"","audio_player":false,"episode_data":{"playerMode":"dark","subscribeUrls":[],"rssFeedUrl":"https:\/\/stepienybarno.es\/blog\/feed\/podcast\/podcast-de-stepienybarno","embedCode":"<blockquote class=\"wp-embedded-content\" data-secret=\"1pLeza0XJU\"><a href=\"https:\/\/stepienybarno.es\/blog\/2013\/07\/14\/stepienybarno-en-el-thinkcommos-de-domenico-di-siena\/\">STEPIENYBARNO EN EL THINKCOMMOS DE DOMENICO DI SIENA.<\/a><\/blockquote><iframe sandbox=\"allow-scripts\" security=\"restricted\" src=\"https:\/\/stepienybarno.es\/blog\/2013\/07\/14\/stepienybarno-en-el-thinkcommos-de-domenico-di-siena\/embed\/#?secret=1pLeza0XJU\" width=\"500\" height=\"350\" title=\"\u00abSTEPIENYBARNO EN EL THINKCOMMOS DE DOMENICO DI SIENA.\u00bb \u2014 Blog de STEPIEN Y BARNO - publicaci\u00f3n digital sobre arquitectura\" data-secret=\"1pLeza0XJU\" frameborder=\"0\" marginwidth=\"0\" marginheight=\"0\" scrolling=\"no\" class=\"wp-embedded-content\"><\/iframe><script type=\"text\/javascript\">\n\/* <![CDATA[ *\/\n\/*! This file is auto-generated *\/\n!function(d,l){\"use strict\";l.querySelector&&d.addEventListener&&\"undefined\"!=typeof URL&&(d.wp=d.wp||{},d.wp.receiveEmbedMessage||(d.wp.receiveEmbedMessage=function(e){var t=e.data;if((t||t.secret||t.message||t.value)&&!\/[^a-zA-Z0-9]\/.test(t.secret)){for(var s,r,n,a=l.querySelectorAll('iframe[data-secret=\"'+t.secret+'\"]'),o=l.querySelectorAll('blockquote[data-secret=\"'+t.secret+'\"]'),c=new RegExp(\"^https?:$\",\"i\"),i=0;i<o.length;i++)o[i].style.display=\"none\";for(i=0;i<a.length;i++)s=a[i],e.source===s.contentWindow&&(s.removeAttribute(\"style\"),\"height\"===t.message?(1e3<(r=parseInt(t.value,10))?r=1e3:~~r<200&&(r=200),s.height=r):\"link\"===t.message&&(r=new URL(s.getAttribute(\"src\")),n=new URL(t.value),c.test(n.protocol))&&n.host===r.host&&l.activeElement===s&&(d.top.location.href=t.value))}},d.addEventListener(\"message\",d.wp.receiveEmbedMessage,!1),l.addEventListener(\"DOMContentLoaded\",function(){for(var e,t,s=l.querySelectorAll(\"iframe.wp-embedded-content\"),r=0;r<s.length;r++)(t=(e=s[r]).getAttribute(\"data-secret\"))||(t=Math.random().toString(36).substring(2,12),e.src+=\"#?secret=\"+t,e.setAttribute(\"data-secret\",t)),e.contentWindow.postMessage({message:\"ready\",secret:t},\"*\")},!1)))}(window,document);\n\/* ]]> *\/\n<\/script>\n"},"_links":{"self":[{"href":"https:\/\/stepienybarno.es\/blog\/wp-json\/wp\/v2\/posts\/9375"}],"collection":[{"href":"https:\/\/stepienybarno.es\/blog\/wp-json\/wp\/v2\/posts"}],"about":[{"href":"https:\/\/stepienybarno.es\/blog\/wp-json\/wp\/v2\/types\/post"}],"author":[{"embeddable":true,"href":"https:\/\/stepienybarno.es\/blog\/wp-json\/wp\/v2\/users\/2"}],"replies":[{"embeddable":true,"href":"https:\/\/stepienybarno.es\/blog\/wp-json\/wp\/v2\/comments?post=9375"}],"version-history":[{"count":8,"href":"https:\/\/stepienybarno.es\/blog\/wp-json\/wp\/v2\/posts\/9375\/revisions"}],"predecessor-version":[{"id":10622,"href":"https:\/\/stepienybarno.es\/blog\/wp-json\/wp\/v2\/posts\/9375\/revisions\/10622"}],"wp:attachment":[{"href":"https:\/\/stepienybarno.es\/blog\/wp-json\/wp\/v2\/media?parent=9375"}],"wp:term":[{"taxonomy":"category","embeddable":true,"href":"https:\/\/stepienybarno.es\/blog\/wp-json\/wp\/v2\/categories?post=9375"},{"taxonomy":"post_tag","embeddable":true,"href":"https:\/\/stepienybarno.es\/blog\/wp-json\/wp\/v2\/tags?post=9375"},{"taxonomy":"series","embeddable":true,"href":"https:\/\/stepienybarno.es\/blog\/wp-json\/wp\/v2\/series?post=9375"}],"curies":[{"name":"wp","href":"https:\/\/api.w.org\/{rel}","templated":true}]}}