{"id":9465,"date":"2013-07-21T20:09:46","date_gmt":"2013-07-21T18:09:46","guid":{"rendered":"https:\/\/www.stepienybarno.es\/blog\/?p=9465"},"modified":"2013-07-21T20:10:38","modified_gmt":"2013-07-21T18:10:38","slug":"progreso-al-pasado","status":"publish","type":"post","link":"https:\/\/stepienybarno.es\/blog\/2013\/07\/21\/progreso-al-pasado\/","title":{"rendered":"PROGRESO AL PASADO"},"content":{"rendered":"<p align=\"left\">\n<p style=\"text-align: center;\"><img loading=\"lazy\" decoding=\"async\" class=\"alignnone size-full wp-image-9466\" title=\"0.  350\" src=\"https:\/\/stepienybarno.es\/blog\/wp-content\/uploads\/2013\/07\/0.-350-.jpg\" alt=\"0.  350\" width=\"350\" height=\"131\" srcset=\"https:\/\/stepienybarno.es\/blog\/wp-content\/uploads\/2013\/07\/0.-350-.jpg 350w, https:\/\/stepienybarno.es\/blog\/wp-content\/uploads\/2013\/07\/0.-350--180x67.jpg 180w, https:\/\/stepienybarno.es\/blog\/wp-content\/uploads\/2013\/07\/0.-350--316x118.jpg 316w\" sizes=\"(max-width: 350px) 100vw, 350px\" \/><\/p>\n<p align=\"left\">Carla Mata Amig\u00f3 se puso en contacto con nosotros para contarnos que durante el pasado mes de septiembre present\u00f3 ante el Tribunal del citado Master en Arquitectura y H\u00e1bitat Sostenible por la Universidad Polit\u00e9cnica de Valencia su Trabajo Final, en el se desarrolla una investigaci\u00f3n que pretende centrar la mirada sobre la problem\u00e1tica del abandono de n\u00facleos rurales que sufri\u00f3 el territorio espa\u00f1ol, concretamente la Comunidad Valenciana, durante la segunda mitad del siglo pasado.<br \/>\nSi os interesa saber m\u00e1s sobre el tema, no ten\u00e9is m\u00e1s que seguir leyendo.<\/p>\n<p align=\"left\"><!--more--><\/p>\n<blockquote>\n<p align=\"left\"><span style=\"font-size: 13px;\">Los entornos rurales, por su condici\u00f3n de lugares inscritos en la memoria de las personas, merecen ser tratados como \u00e1mbitos de perpetuidad. Pero \u00e9stos nacen para satisfacer necesidades humanas que con el tiempo pueden modificarse. No existe nada que perviva ilimitadamente respondiendo de igual manera a unas exigencias que inevitablemente cambian con el paso del tiempo.<\/span><\/p>\n<p align=\"left\">La naturaleza es impredecible y el ser humano sigue caminos inimaginables. Lo que s\u00ed es constatable es que el ser humano sigue el sendero de aquello que le proporciona alimento, estableci\u00e9ndose as\u00ed un v\u00ednculo f\u00edsico entre el hombre y el lugar gracias al desarrollo de una actividad o grupo de actividades que responden a sus exigencias. Sea cual sea la raz\u00f3n que motive la actividad, el ser humano entablar\u00e1 una relaci\u00f3n de dependencia con el lugar que finalizar\u00e1 en el momento en que cese una o algunas de las actividades que all\u00ed se lleven a cabo, instante en el que se iniciar\u00e1 un nuevo proceso de cambio espacial.<\/p>\n<p style=\"text-align: center;\"><img loading=\"lazy\" decoding=\"async\" class=\"alignnone size-full wp-image-9467\" title=\"1. Carla Mata Amig\u00f3-stepienybarno 500\" src=\"https:\/\/stepienybarno.es\/blog\/wp-content\/uploads\/2013\/07\/1.-Carla-Mata-Amig\u00f3-stepienybarno-500-.jpg\" alt=\"1. Carla Mata Amig\u00f3-stepienybarno 500\" width=\"500\" height=\"335\" srcset=\"https:\/\/stepienybarno.es\/blog\/wp-content\/uploads\/2013\/07\/1.-Carla-Mata-Amig\u00f3-stepienybarno-500-.jpg 500w, https:\/\/stepienybarno.es\/blog\/wp-content\/uploads\/2013\/07\/1.-Carla-Mata-Amig\u00f3-stepienybarno-500--180x121.jpg 180w, https:\/\/stepienybarno.es\/blog\/wp-content\/uploads\/2013\/07\/1.-Carla-Mata-Amig\u00f3-stepienybarno-500--316x212.jpg 316w\" sizes=\"(max-width: 500px) 100vw, 500px\" \/><\/p>\n<p align=\"left\">Las transformaciones espaciales se dan como consecuencia de un cambio en el modelo productivo que a su vez motiva la alteraci\u00f3n de la relaci\u00f3n entre ser humano y lugar. En caso del cese de la actividad o las actividades primarias o de no tomar las medidas adecuadas para favorecer el desarrollo de nuevas actividades adaptadas a las necesidades sociales, el lugar entrar\u00e1 en un proceso de abandono que desembocar\u00e1 a medio y largo plazo en una decadencia dif\u00edcilmente reversible, donde la consecuencia \u00faltima es la p\u00e9rdida del patrimonio cultural.<\/p>\n<p align=\"left\">Esta afirmaci\u00f3n es aplicable al caso de la mayor\u00eda de los entornos rurales espa\u00f1oles deteriorados, cuya raz\u00f3n de ser se encuentra vinculada a la actividad agr\u00edcola que domin\u00f3 el territorio espa\u00f1ol durante d\u00e9cadas, donde el cese de la actividad prioritaria supuso la desvinculaci\u00f3n del ser humano con el lugar y consiguiente abandono y decadencia de su patrimonio cultural. Por lo tanto, en estos casos la revitalizaci\u00f3n no es concebible sin la recuperaci\u00f3n del v\u00ednculo perdido con el medio f\u00edsico en el que se localizan con el fin de entablar el equilibrio del ser humano con el lugar. Cualquier actividad que se estudie incorporar deber\u00e1 mantener una relaci\u00f3n de dependencia con su medio f\u00edsico.<\/p>\n<\/blockquote>\n<p style=\"text-align: center;\"><img loading=\"lazy\" decoding=\"async\" class=\"alignnone size-full wp-image-9468\" title=\"2. Carla Mata Amig\u00f3-stepienybarno 500\" src=\"https:\/\/stepienybarno.es\/blog\/wp-content\/uploads\/2013\/07\/2.-Carla-Mata-Amig\u00f3-stepienybarno-500-.jpg\" alt=\"2. Carla Mata Amig\u00f3-stepienybarno 500\" width=\"500\" height=\"340\" srcset=\"https:\/\/stepienybarno.es\/blog\/wp-content\/uploads\/2013\/07\/2.-Carla-Mata-Amig\u00f3-stepienybarno-500-.jpg 500w, https:\/\/stepienybarno.es\/blog\/wp-content\/uploads\/2013\/07\/2.-Carla-Mata-Amig\u00f3-stepienybarno-500--180x122.jpg 180w, https:\/\/stepienybarno.es\/blog\/wp-content\/uploads\/2013\/07\/2.-Carla-Mata-Amig\u00f3-stepienybarno-500--316x215.jpg 316w\" sizes=\"(max-width: 500px) 100vw, 500px\" \/><\/p>\n<blockquote>\n<p align=\"left\">El \u00e9xito de esta actuaci\u00f3n pasa por generar un sistema productivo diversificado, de modo que la posible cesi\u00f3n de alguna de las actividades, no suponga el declive inmediato del lugar. En caso de que as\u00ed ocurriera, podr\u00eda implantarse otra actividad cuyo origen se encuentre tambi\u00e9n vinculado al lugar.<\/p>\n<p align=\"left\">Esta investigaci\u00f3n trata de aproximarse a la definici\u00f3n de unas pautas que inviertan el proceso de despoblaci\u00f3n sufrido en muchos entornos rurales espa\u00f1oles a causa del cese de su actividad primaria y ulterior p\u00e9rdida del patrimonio cultural. La investigaci\u00f3n se ce\u00f1ir\u00e1 a la aplicaci\u00f3n de dichas pautas en entornos de alto inter\u00e9s patrimonial, bajo condiciones de ocupaci\u00f3n y oportunidad muy concretas.<\/p>\n<p style=\"text-align: center;\"><img loading=\"lazy\" decoding=\"async\" class=\"alignnone size-full wp-image-9469\" title=\"3. Carla Mata Amig\u00f3-stepienybarno 500\" src=\"https:\/\/stepienybarno.es\/blog\/wp-content\/uploads\/2013\/07\/3.-Carla-Mata-Amig\u00f3-stepienybarno-500-.jpg\" alt=\"3. Carla Mata Amig\u00f3-stepienybarno 500\" width=\"500\" height=\"788\" srcset=\"https:\/\/stepienybarno.es\/blog\/wp-content\/uploads\/2013\/07\/3.-Carla-Mata-Amig\u00f3-stepienybarno-500-.jpg 500w, https:\/\/stepienybarno.es\/blog\/wp-content\/uploads\/2013\/07\/3.-Carla-Mata-Amig\u00f3-stepienybarno-500--114x180.jpg 114w, https:\/\/stepienybarno.es\/blog\/wp-content\/uploads\/2013\/07\/3.-Carla-Mata-Amig\u00f3-stepienybarno-500--349x550.jpg 349w, https:\/\/stepienybarno.es\/blog\/wp-content\/uploads\/2013\/07\/3.-Carla-Mata-Amig\u00f3-stepienybarno-500--444x700.jpg 444w, https:\/\/stepienybarno.es\/blog\/wp-content\/uploads\/2013\/07\/3.-Carla-Mata-Amig\u00f3-stepienybarno-500--254x400.jpg 254w\" sizes=\"(max-width: 500px) 100vw, 500px\" \/><\/p>\n<p align=\"left\">Tomando el caso de la antigua Mas\u00eda de La Artejuela, en Ara\u00f1uel, provincia de Castell\u00f3n como \u00e1mbito apto para la puesta en pr\u00e1ctica de dichas pautas, analizaremos c\u00f3mo el profundo entendimiento del paisaje cultural nos ayudar\u00e1 a definir del sistema productivo, aspecto clave en la revitalizaci\u00f3n del lugar.<\/p>\n<p align=\"left\">Es impensable proponer la revitalizaci\u00f3n de estos entornos sin introducir adaptaciones sobre el entorno construido. Aunque cualquier intervenci\u00f3n no es v\u00e1lida para dicho fin ya que algunas pueden suponer la ruptura con la memoria del lugar. Es por ello que cabe se\u00f1alar algunos criterios de actuaci\u00f3n a trav\u00e9s de los cuales se logre revitalizar los entornos rurales abandonados sin atentar en contra del patrimonio cultural.<\/p>\n<\/blockquote>\n<p align=\"left\">\n<blockquote>\n<p align=\"left\">Autora: \u00a0\u00a0\u00a0\u00a0\u00a0\u00a0\u00a0\u00a0\u00a0 Carla Mata Amig\u00f3 \u00ad_ Arquitecta y Master en Arquitectura y<br \/>\nH\u00e1bitat Sostenible por la Universidad Polit\u00e9cnica de Valencia.<\/p>\n<p align=\"left\">Tutores: \u00a0\u00a0\u00a0\u00a0\u00a0\u00a0\u00a0\u00a0 Eduardo de Miguel Arbon\u00e9s<\/p>\n<p align=\"left\">Antonio Gallud Mart\u00ednez<\/p>\n<p align=\"left\">Fecha: \u00a0\u00a0\u00a0\u00a0\u00a0\u00a0\u00a0\u00a0\u00a0\u00a0 Septiembre 2012<\/p>\n<\/blockquote>\n<p align=\"left\">Noticia seleccionada por el Canal de arquitectura STEPIENYBARNO.<\/p>\n<p align=\"left\"><a href=\"http:\/\/www.linkedin.com\/company\/stepienybarno\">STEPIENYBARNO EN LINKEDIN<\/a><\/p>\n<p align=\"left\"><a href=\"http:\/\/twitter.com\/stepienybarno\/stepienybarno\">STEPIENYBARNO EN TWITTER<\/a><\/p>\n<p align=\"left\"><a href=\"https:\/\/www.facebook.com\/pages\/BLOG-DE-STEPIENYBARNO\/78001079029\">STEPIENYBARNO EN FACEBOOK<\/a><\/p>\n<p align=\"left\">\n<p align=\"left\">*Stepienybarno est\u00e1 formado por Agnieszka Stepien y Lorenzo Barn\u00f3 y desde mayo del 2009 estamos en la red con\u00a0 la presente publicaci\u00f3n digital (Blog) de arquitectura.<\/p>\n<p align=\"left\">Nuestra actividad se sustenta en tres pilares b\u00e1sicos: la investigaci\u00f3n, la publicaci\u00f3n (comunicaci\u00f3n y difusi\u00f3n) y la redacci\u00f3n de proyectos de arquitectura.<\/p>\n<p align=\"left\">A su vez, somos socios cofundadores de <a href=\"http:\/\/sinergiasostenible.org\/\">SINERGIA SOSTENIBLE<\/a> y redactores de <a href=\"http:\/\/www.laciudadviva.org\/blogs\/?author=45\">LA CIUDAD VIVA<\/a>.<\/p>\n<p align=\"left\">\n<p align=\"left\">* Los editores de esta publicaci\u00f3n digital no nos hacemos cargo de de los comentarios y\u00a0 conceptos vertidos en los textos firmados por otras personas, siendo \u00e9stos de responsabilidad exclusiva de sus autores.<\/p>\n<p>* Tu comentario podr\u00e1 ser moderado, por lo tanto, aunque aparezca inmediatamente al ser publicado en la entrada, los editores de esta publicaci\u00f3n digital nos reservamos el derecho tanto de editarlo (si fuera necesario, para hacerlo m\u00e1s legible) como de eliminarlo en el caso de que se usen expresiones incorrectas (descalificaciones, palabras malsonantes\u2026). A su vez, si quieres comentar desde el anonimato puedes hacerlo, aunque, nosotros personalmente, agradecemos que tod@s nos podamos identificar.<\/p>\n","protected":false},"excerpt":{"rendered":"<p> 0.  350<\/p>\n<p>Carla Mata Amig\u00f3 se puso en contacto con nosotros para contarnos que durante el pasado mes de septiembre present\u00f3 ante el Tribunal del citado Master en Arquitectura y H\u00e1bitat Sostenible por la Universidad Polit\u00e9cnica de Valencia su Trabajo Final, en el se desarrolla una investigaci\u00f3n que pretende centrar la mirada sobre la problem\u00e1tica del abandono de n\u00facleos rurales que sufri\u00f3 el territorio espa\u00f1ol, concretamente la Comunidad Valenciana, durante la segunda mitad del siglo pasado.<br \/>\nSi os interesa saber m\u00e1s sobre el tema, no ten\u00e9is m\u00e1s que seguir leyendo.<\/p>\n<p>(m\u00e1s&#8230;)<\/p>\n","protected":false},"author":2,"featured_media":0,"comment_status":"open","ping_status":"closed","sticky":false,"template":"","format":"standard","meta":{"om_disable_all_campaigns":false,"_monsterinsights_skip_tracking":false,"_monsterinsights_sitenote_active":false,"_monsterinsights_sitenote_note":"","_monsterinsights_sitenote_category":0,"_uf_show_specific_survey":0,"_uf_disable_surveys":false,"episode_type":"","audio_file":"","cover_image":"","cover_image_id":"","duration":"","filesize":"","date_recorded":"","explicit":"","block":"","filesize_raw":"","footnotes":""},"categories":[34,4],"tags":[4274,9,2523,54],"series":[],"class_list":["post-9465","post","type-post","status-publish","format-standard","hentry","category-actualidad","category-arquilectura","tag-actualidad","tag-arquitectura","tag-carla-mata-amigo","tag-urbanismo-sostenible"],"aioseo_notices":[],"episode_featured_image":false,"episode_player_image":"https:\/\/stepienybarno.es\/blog\/wp-content\/uploads\/2020\/11\/stepienybarno-podcast-scaled.jpg","download_link":"","player_link":"","audio_player":false,"episode_data":{"playerMode":"dark","subscribeUrls":[],"rssFeedUrl":"https:\/\/stepienybarno.es\/blog\/feed\/podcast\/podcast-de-stepienybarno","embedCode":"<blockquote class=\"wp-embedded-content\" data-secret=\"C6DUZjP660\"><a href=\"https:\/\/stepienybarno.es\/blog\/2013\/07\/21\/progreso-al-pasado\/\">PROGRESO AL PASADO<\/a><\/blockquote><iframe sandbox=\"allow-scripts\" security=\"restricted\" src=\"https:\/\/stepienybarno.es\/blog\/2013\/07\/21\/progreso-al-pasado\/embed\/#?secret=C6DUZjP660\" width=\"500\" height=\"350\" title=\"\u00abPROGRESO AL PASADO\u00bb \u2014 Blog de STEPIEN Y BARNO - publicaci\u00f3n digital sobre arquitectura\" data-secret=\"C6DUZjP660\" frameborder=\"0\" marginwidth=\"0\" marginheight=\"0\" scrolling=\"no\" class=\"wp-embedded-content\"><\/iframe><script type=\"text\/javascript\">\n\/* <![CDATA[ *\/\n\/*! This file is auto-generated *\/\n!function(d,l){\"use strict\";l.querySelector&&d.addEventListener&&\"undefined\"!=typeof URL&&(d.wp=d.wp||{},d.wp.receiveEmbedMessage||(d.wp.receiveEmbedMessage=function(e){var t=e.data;if((t||t.secret||t.message||t.value)&&!\/[^a-zA-Z0-9]\/.test(t.secret)){for(var s,r,n,a=l.querySelectorAll('iframe[data-secret=\"'+t.secret+'\"]'),o=l.querySelectorAll('blockquote[data-secret=\"'+t.secret+'\"]'),c=new RegExp(\"^https?:$\",\"i\"),i=0;i<o.length;i++)o[i].style.display=\"none\";for(i=0;i<a.length;i++)s=a[i],e.source===s.contentWindow&&(s.removeAttribute(\"style\"),\"height\"===t.message?(1e3<(r=parseInt(t.value,10))?r=1e3:~~r<200&&(r=200),s.height=r):\"link\"===t.message&&(r=new URL(s.getAttribute(\"src\")),n=new URL(t.value),c.test(n.protocol))&&n.host===r.host&&l.activeElement===s&&(d.top.location.href=t.value))}},d.addEventListener(\"message\",d.wp.receiveEmbedMessage,!1),l.addEventListener(\"DOMContentLoaded\",function(){for(var e,t,s=l.querySelectorAll(\"iframe.wp-embedded-content\"),r=0;r<s.length;r++)(t=(e=s[r]).getAttribute(\"data-secret\"))||(t=Math.random().toString(36).substring(2,12),e.src+=\"#?secret=\"+t,e.setAttribute(\"data-secret\",t)),e.contentWindow.postMessage({message:\"ready\",secret:t},\"*\")},!1)))}(window,document);\n\/* ]]> *\/\n<\/script>\n"},"_links":{"self":[{"href":"https:\/\/stepienybarno.es\/blog\/wp-json\/wp\/v2\/posts\/9465"}],"collection":[{"href":"https:\/\/stepienybarno.es\/blog\/wp-json\/wp\/v2\/posts"}],"about":[{"href":"https:\/\/stepienybarno.es\/blog\/wp-json\/wp\/v2\/types\/post"}],"author":[{"embeddable":true,"href":"https:\/\/stepienybarno.es\/blog\/wp-json\/wp\/v2\/users\/2"}],"replies":[{"embeddable":true,"href":"https:\/\/stepienybarno.es\/blog\/wp-json\/wp\/v2\/comments?post=9465"}],"version-history":[{"count":3,"href":"https:\/\/stepienybarno.es\/blog\/wp-json\/wp\/v2\/posts\/9465\/revisions"}],"predecessor-version":[{"id":9472,"href":"https:\/\/stepienybarno.es\/blog\/wp-json\/wp\/v2\/posts\/9465\/revisions\/9472"}],"wp:attachment":[{"href":"https:\/\/stepienybarno.es\/blog\/wp-json\/wp\/v2\/media?parent=9465"}],"wp:term":[{"taxonomy":"category","embeddable":true,"href":"https:\/\/stepienybarno.es\/blog\/wp-json\/wp\/v2\/categories?post=9465"},{"taxonomy":"post_tag","embeddable":true,"href":"https:\/\/stepienybarno.es\/blog\/wp-json\/wp\/v2\/tags?post=9465"},{"taxonomy":"series","embeddable":true,"href":"https:\/\/stepienybarno.es\/blog\/wp-json\/wp\/v2\/series?post=9465"}],"curies":[{"name":"wp","href":"https:\/\/api.w.org\/{rel}","templated":true}]}}