{"id":9487,"date":"2013-07-23T19:07:26","date_gmt":"2013-07-23T17:07:26","guid":{"rendered":"https:\/\/www.stepienybarno.es\/blog\/?p=9487"},"modified":"2013-11-01T19:04:32","modified_gmt":"2013-11-01T17:04:32","slug":"arquitectos-vasco-navarros-_-alzugaray-arquitectos","status":"publish","type":"post","link":"https:\/\/stepienybarno.es\/blog\/2013\/07\/23\/arquitectos-vasco-navarros-_-alzugaray-arquitectos\/","title":{"rendered":"ARQUITECTOS VASCO-NAVARROS 2 _ Alzugaray estudio"},"content":{"rendered":"<p align=\"left\">\n<p align=\"left\">\n<p style=\"text-align: center;\"><img loading=\"lazy\" decoding=\"async\" class=\"alignnone size-full wp-image-9488\" title=\"0. alzugaray arquitecto-alfonso-stepienybarno  500 .jpg\" src=\"https:\/\/stepienybarno.es\/blog\/wp-content\/uploads\/2013\/07\/0.-alzugaray-arquitecto-alfonso-stepienybarno-500-.jpg.jpg\" alt=\"0. alzugaray arquitecto-alfonso-stepienybarno  500 .jpg\" width=\"350\" height=\"219\" srcset=\"https:\/\/stepienybarno.es\/blog\/wp-content\/uploads\/2013\/07\/0.-alzugaray-arquitecto-alfonso-stepienybarno-500-.jpg.jpg 350w, https:\/\/stepienybarno.es\/blog\/wp-content\/uploads\/2013\/07\/0.-alzugaray-arquitecto-alfonso-stepienybarno-500-.jpg-180x113.jpg 180w, https:\/\/stepienybarno.es\/blog\/wp-content\/uploads\/2013\/07\/0.-alzugaray-arquitecto-alfonso-stepienybarno-500-.jpg-316x198.jpg 316w\" sizes=\"(max-width: 350px) 100vw, 350px\" \/><\/p>\n<p align=\"left\">\n<p align=\"left\">Continuamos con esta nueva secci\u00f3n del blog que esperamos sea de vuestro inter\u00e9s. Si os gust\u00f3 el <a href=\"https:\/\/stepienybarno.es\/blog\/2013\/07\/15\/arquitectos-vasco-navarros-_-alcolea-tarrago\/\">post de la semana pasada<\/a>, a ver qu\u00e9 os parece este estudio navarro: Alzugaray estudio.<\/p>\n<p align=\"left\"><!--more--><\/p>\n<p align=\"left\">\n<p align=\"left\"><strong> <\/strong><\/p>\n<blockquote>\n<p align=\"left\">30 a\u00f1os de ejercicio profesional, trabajando s\u00f3lo o en colaboraci\u00f3n con arquitectos y profesionales de otras disciplinas, nos han permitido desarrollar trabajos de distinta escala, desde el plan parcial hasta el amueblamiento urbano. Sin embargo ha sido fundamentalmente el edificio p\u00fablico y la vivienda social, tanto en operaciones de rehabilitaci\u00f3n como en edificios de nueva planta, el trabajo que ha ocupado nuestra mayor dedicaci\u00f3n. Los concursos han sido el veh\u00edculo b\u00e1sico de los encargos y los entendemos como el medio m\u00e1s libre para el desarrollo de las ideas.<\/p>\n<p style=\"text-align: center;\" align=\"left\"><img loading=\"lazy\" decoding=\"async\" class=\"aligncenter\" style=\"text-align: center;\" title=\"1. alzugaray arquitecto-alfonso-stepienybarno  500\" src=\"https:\/\/stepienybarno.es\/blog\/wp-content\/uploads\/2013\/07\/1.-alzugaray-arquitecto-alfonso-stepienybarno-500-.jpg\" alt=\"1. alzugaray arquitecto-alfonso-stepienybarno  500\" width=\"500\" height=\"313\" \/><\/p>\n<p align=\"left\">\n<p align=\"left\">A lo largo de todos estos a\u00f1os hemos ido interes\u00e1ndonos por entender nuestra profesi\u00f3n lejos del campo\u00a0 de la \u201carquitectura espect\u00e1culo\u201d que en estos tiempos todav\u00eda recientes han invadido los medios de comunicaci\u00f3n tanto generalistas como especializados, dando una imagen retorcida y falsa sobre los fundamentos de lo que debe ser nuestro servicio profesional. M\u00e1s bien, al contrario,\u00a0 nos interesa resolver directamente los problemas planteados por nuestros clientes, aportando un valor a\u00f1adido que, aunque generalmente no se nos pide, por nuestra formaci\u00f3n estamos obligados a ofrecer.<\/p>\n<p style=\"text-align: center;\"><img loading=\"lazy\" decoding=\"async\" class=\"alignnone size-full wp-image-9490\" title=\"2. alzugaray arquitecto-alfonso-stepienybarno  500\" src=\"https:\/\/stepienybarno.es\/blog\/wp-content\/uploads\/2013\/07\/2.-alzugaray-arquitecto-alfonso-stepienybarno-500-.jpg\" alt=\"2. alzugaray arquitecto-alfonso-stepienybarno  500\" width=\"500\" height=\"313\" srcset=\"https:\/\/stepienybarno.es\/blog\/wp-content\/uploads\/2013\/07\/2.-alzugaray-arquitecto-alfonso-stepienybarno-500-.jpg 500w, https:\/\/stepienybarno.es\/blog\/wp-content\/uploads\/2013\/07\/2.-alzugaray-arquitecto-alfonso-stepienybarno-500--180x113.jpg 180w, https:\/\/stepienybarno.es\/blog\/wp-content\/uploads\/2013\/07\/2.-alzugaray-arquitecto-alfonso-stepienybarno-500--316x198.jpg 316w\" sizes=\"(max-width: 500px) 100vw, 500px\" \/><\/p>\n<p align=\"left\">\n<p align=\"left\">Nos interesa particularmente perseguir que los espacios sean capaces de trasmitir una cierta atm\u00f3sfera definida a partir de la luz, de las texturas, del orden y de la elecci\u00f3n ajustada de los materiales empleados, que deber\u00e1n estar al servicio de la idea y del uso y lejos de una ensimismada b\u00fasqueda de la novedad como objetivo.<\/p>\n<p align=\"left\">\n<p style=\"text-align: center;\"><img loading=\"lazy\" decoding=\"async\" class=\"alignnone size-full wp-image-9491\" title=\"3. alzugaray arquitecto-alfonso-stepienybarno  500a\" src=\"https:\/\/stepienybarno.es\/blog\/wp-content\/uploads\/2013\/07\/3.-alzugaray-arquitecto-alfonso-stepienybarno-500a.jpg\" alt=\"3. alzugaray arquitecto-alfonso-stepienybarno  500a\" width=\"500\" height=\"313\" srcset=\"https:\/\/stepienybarno.es\/blog\/wp-content\/uploads\/2013\/07\/3.-alzugaray-arquitecto-alfonso-stepienybarno-500a.jpg 500w, https:\/\/stepienybarno.es\/blog\/wp-content\/uploads\/2013\/07\/3.-alzugaray-arquitecto-alfonso-stepienybarno-500a-180x113.jpg 180w, https:\/\/stepienybarno.es\/blog\/wp-content\/uploads\/2013\/07\/3.-alzugaray-arquitecto-alfonso-stepienybarno-500a-316x198.jpg 316w\" sizes=\"(max-width: 500px) 100vw, 500px\" \/><\/p>\n<p align=\"left\">Lejos del inter\u00e9s por hacer reconocible nuestro trabajo a trav\u00e9s de formas o de un estilo concreto, entendemos que los edificios deben ser el reflejo de un concepto. Pensamos que sin el sustento de ideas s\u00f3lidas no pueden construirse proyectos consistentes, y que \u00e9stas deben tener sus or\u00edgenes en funci\u00f3n de las circunstancias m\u00e1s poderosas de cada caso: bien en el contexto del trabajo, bien en las necesidades funcionales, bien en una necesidad de imagen o de representatividad, o en cualquier otra circunstancia que pueda ofrecer un relato coherente del proceso de construcci\u00f3n.<\/p>\n<\/blockquote>\n<p style=\"text-align: center;\"><img loading=\"lazy\" decoding=\"async\" class=\"alignnone size-full wp-image-9492\" title=\"RH1069\" src=\"https:\/\/stepienybarno.es\/blog\/wp-content\/uploads\/2013\/07\/4.-alzugaray-arquitecto-alfonso-stepienybarno-500-a.jpg\" alt=\"RH1069\" width=\"500\" height=\"313\" srcset=\"https:\/\/stepienybarno.es\/blog\/wp-content\/uploads\/2013\/07\/4.-alzugaray-arquitecto-alfonso-stepienybarno-500-a.jpg 500w, https:\/\/stepienybarno.es\/blog\/wp-content\/uploads\/2013\/07\/4.-alzugaray-arquitecto-alfonso-stepienybarno-500-a-180x113.jpg 180w, https:\/\/stepienybarno.es\/blog\/wp-content\/uploads\/2013\/07\/4.-alzugaray-arquitecto-alfonso-stepienybarno-500-a-316x198.jpg 316w\" sizes=\"(max-width: 500px) 100vw, 500px\" \/><\/p>\n<p style=\"text-align: center;\">\n<p align=\"left\">\n<blockquote>\n<p align=\"left\">A lo largo de este tiempo, hemos construido entre otros proyectos:<\/p>\n<p align=\"left\"><strong> <\/strong><\/p>\n<p align=\"left\">108 Viviendas VPT. Zizur Mayor. Navarra.<\/p>\n<p align=\"left\">172 Viviendas VPO. Sarriguren. Navarra<\/p>\n<p align=\"left\">Rehabilitaci\u00f3n de un edificio residencial en el casco hist\u00f3rico de Pamplona<\/p>\n<p align=\"left\">Vivienda unifamiliar. Zahara de los Atunes. C\u00e1diz<\/p>\n<p align=\"left\">Planta de embotellado. \u201cAguas Belnature\u201d Arteta. Navarra<\/p>\n<p align=\"left\">Auditorio y Palacio de Congresos de Navarra. Pamplona<\/p>\n<p align=\"left\">Centro de salud \u201cSan Juan\u201d. Pamplona<\/p>\n<p align=\"left\">113 Viviendas VPO. Mendillorri. Pamplona<\/p>\n<p align=\"left\">Rehabilitaci\u00f3n Palacio de los Leones. Centro Cultural de Olite. Navarra<\/p>\n<p align=\"left\">Rehabilitaci\u00f3n de \u201cLa Misericordia\u201d Residencia y Teatro. Estella. Navarra<\/p>\n<p align=\"left\">Planta embotellado y bodega. Bodegas Irache. Ayegui. Navarra<\/p>\n<p align=\"left\">Conjunto escolar en Mendillorri. Pamplona<\/p>\n<p align=\"left\"><strong>Poligono Residencial \u201cMendillorri\u201d Planeamiento y desarrollo urbano.<\/strong><\/p>\n<p style=\"text-align: center;\"><strong><img loading=\"lazy\" decoding=\"async\" class=\"alignnone size-full wp-image-9493\" title=\"6. alzugaray arquitecto-alfonso-stepienybarno  500\" src=\"https:\/\/stepienybarno.es\/blog\/wp-content\/uploads\/2013\/07\/6.-alzugaray-arquitecto-alfonso-stepienybarno-500.jpg\" alt=\"6. alzugaray arquitecto-alfonso-stepienybarno  500\" width=\"500\" height=\"313\" srcset=\"https:\/\/stepienybarno.es\/blog\/wp-content\/uploads\/2013\/07\/6.-alzugaray-arquitecto-alfonso-stepienybarno-500.jpg 500w, https:\/\/stepienybarno.es\/blog\/wp-content\/uploads\/2013\/07\/6.-alzugaray-arquitecto-alfonso-stepienybarno-500-180x113.jpg 180w, https:\/\/stepienybarno.es\/blog\/wp-content\/uploads\/2013\/07\/6.-alzugaray-arquitecto-alfonso-stepienybarno-500-316x198.jpg 316w\" sizes=\"(max-width: 500px) 100vw, 500px\" \/><\/strong><\/p>\n<\/blockquote>\n<p align=\"left\"><strong> <\/strong><\/p>\n<blockquote>\n<p align=\"left\"><strong>Y hemos sido distinguidos en los siguientes cert\u00e1menes y premios:<\/strong><\/p>\n<p align=\"left\"><span style=\"font-size: 13px;\">Seleccionado XII Bienal Espa\u00f1ola de Arquitectura y Urbanismo 2013<\/span><\/p>\n<p align=\"left\">Seleccionado Premios FAD 2013<\/p>\n<p align=\"left\">XI Premio Hispalyt 2009-2011:<\/p>\n<p align=\"left\">Primera menci\u00f3n: Rehabilitaci\u00f3n edificio Casco hist\u00f3rico. Pamplona<\/p>\n<p align=\"left\">Premios COAVN 2005: Planta embotelladora \u201cBelnature\u201d<\/p>\n<p align=\"left\">Premios Construmat 2005: Auditorio y Palacio de Congresos de Navarra<\/p>\n<p align=\"left\">Premios FAD 2004: Auditorio y Palacio de Congresos de Navarra. Premio<\/p>\n<p align=\"left\">Planta embotelladora \u201cBelnature\u201d. Finalista<\/p>\n<p align=\"left\">Premios FAD 2001: Centro de Salud San Juan en Pamplona. Finalista<\/p>\n<p align=\"left\">Premios COAVN 1995: Rehabilitaci\u00f3n Centro Cultural de Olite. Navarra<\/p>\n<p align=\"left\">Premio \u201cArchitecti\u201d 1993. Lisboa. Conjunto escolar de Mendillorri.<\/p>\n<p align=\"left\">Premio Nacional de Urbanismo 1987. PEPRI Casco hist\u00f3rico de Estella.<\/p>\n<p style=\"text-align: center;\"><img loading=\"lazy\" decoding=\"async\" class=\"alignnone size-full wp-image-9494\" title=\"7. alzugaray arquitecto-alfonso-stepienybarno  500\" src=\"https:\/\/stepienybarno.es\/blog\/wp-content\/uploads\/2013\/07\/7.-alzugaray-arquitecto-alfonso-stepienybarno-500-.jpg\" alt=\"7. alzugaray arquitecto-alfonso-stepienybarno  500\" width=\"500\" height=\"313\" srcset=\"https:\/\/stepienybarno.es\/blog\/wp-content\/uploads\/2013\/07\/7.-alzugaray-arquitecto-alfonso-stepienybarno-500-.jpg 500w, https:\/\/stepienybarno.es\/blog\/wp-content\/uploads\/2013\/07\/7.-alzugaray-arquitecto-alfonso-stepienybarno-500--180x113.jpg 180w, https:\/\/stepienybarno.es\/blog\/wp-content\/uploads\/2013\/07\/7.-alzugaray-arquitecto-alfonso-stepienybarno-500--316x198.jpg 316w\" sizes=\"(max-width: 500px) 100vw, 500px\" \/><\/p>\n<\/blockquote>\n<blockquote>\n<p align=\"left\">* El texto presentaci\u00f3n y las im\u00e1genes publicadas nos los han mandado los propios arquitectos.<\/p>\n<\/blockquote>\n<blockquote>\n<p align=\"left\">\n<p align=\"left\">* Este art\u00edculo ha sido escrito con car\u00e1cter divulgativo y sin ning\u00fan tipo de \u00e1nimo de lucro. As\u00ed que, si te apetece <strong>compartirlo<\/strong> en cualquier otro medio, estaremos encantados de que lo hagas siempre y cuando cites el lugar donde lo has encontrado.<\/p>\n<p align=\"left\">\n<p align=\"left\">Autores de la entrada: <a href=\"http:\/\/www.facebook.com\/col.prudant#!\/StepienybarnoCANAL\">Stepienybarno<\/a><\/p>\n<p align=\"left\"><a href=\"http:\/\/www.linkedin.com\/company\/stepienybarno\">STEPIENYBARNO EN LINKEDIN<\/a><\/p>\n<p align=\"left\"><a href=\"http:\/\/twitter.com\/stepienybarno\/stepienybarno\">STEPIENYBARNO EN TWITTER<\/a><\/p>\n<p><a href=\"https:\/\/www.facebook.com\/pages\/BLOG-DE-STEPIENYBARNO\/78001079029\">STEPIENYBARNO EN FACEBOOK<\/a><\/p>\n<p align=\"left\">* Stepienybarno est\u00e1 formado por Agnieszka Stepien y Lorenzo Barn\u00f3 y desde mayo del 2009 estamos en la red con\u00a0 la presente publicaci\u00f3n digital (Blog) de arquitectura.<\/p>\n<p align=\"left\">Nuestra actividad se sustenta en tres pilares b\u00e1sicos: la investigaci\u00f3n, la publicaci\u00f3n y la redacci\u00f3n de proyectos de arquitectura.<\/p>\n<p align=\"left\">A su vez, somos socios cofundadores de <a href=\"http:\/\/sinergiasostenible.org\/\">SINERGIA SOSTENIBLE<\/a> y redactores de <a href=\"http:\/\/www.laciudadviva.org\/blogs\/?author=45\">LA CIUDAD VIVA<\/a>.<\/p>\n<p align=\"left\">* Los editores de esta publicaci\u00f3n digital no nos hacemos cargo de de los comentarios y\u00a0 conceptos vertidos en los textos firmados por otras personas, siendo \u00e9stos de responsabilidad exclusiva de sus autores.<\/p>\n<p align=\"left\">* Tu comentario pudiera ser moderado, por lo tanto, aunque aparezca inmediatamente al ser publicado en la entrada, los editores de esta publicaci\u00f3n digital nos reservamos el derecho tanto de editarlo (si fuera necesario, para hacerlo m\u00e1s legible) como de eliminarlo en el caso de que se usen expresiones incorrectas (descalificaciones, palabras malsonantes\u2026). A su vez, si quieres comentar desde el anonimato puedes hacerlo, aunque, nosotros personalmente, agradecemos que tod@s nos podamos identificar.<\/p>\n<\/blockquote>\n","protected":false},"excerpt":{"rendered":"\n<p>0. alzugaray arquitecto-alfonso-stepienybarno  500 .jpg<\/p>\n<p>Continuamos con esta nueva secci\u00f3n del blog que esperamos sea de vuestro inter\u00e9s. Si os gust\u00f3 el post de la semana pasada, a ver qu\u00e9 os parece este estudio navarro: Alzugaray arquitectos.<\/p>\n<p>(m\u00e1s&#8230;)<\/p>\n","protected":false},"author":2,"featured_media":0,"comment_status":"open","ping_status":"closed","sticky":false,"template":"","format":"standard","meta":{"om_disable_all_campaigns":false,"_monsterinsights_skip_tracking":false,"_monsterinsights_sitenote_active":false,"_monsterinsights_sitenote_note":"","_monsterinsights_sitenote_category":0,"_uf_show_specific_survey":0,"_uf_disable_surveys":false,"episode_type":"","audio_file":"","cover_image":"","cover_image_id":"","duration":"","filesize":"","date_recorded":"","explicit":"","block":"","filesize_raw":"","footnotes":""},"categories":[34,6],"tags":[4274,2526,2532,2527,9],"series":[],"class_list":["post-9487","post","type-post","status-publish","format-standard","hentry","category-actualidad","category-arquitectos-vasco-navarros","tag-actualidad","tag-alzugaray-arquitectos","tag-alzugaray-estudio","tag-arquitectos-vasco-navarros","tag-arquitectura"],"aioseo_notices":[],"episode_featured_image":false,"episode_player_image":"https:\/\/stepienybarno.es\/blog\/wp-content\/uploads\/2020\/11\/stepienybarno-podcast-scaled.jpg","download_link":"","player_link":"","audio_player":false,"episode_data":{"playerMode":"dark","subscribeUrls":[],"rssFeedUrl":"https:\/\/stepienybarno.es\/blog\/feed\/podcast\/podcast-de-stepienybarno","embedCode":"<blockquote class=\"wp-embedded-content\" data-secret=\"ghXaZ97BeJ\"><a href=\"https:\/\/stepienybarno.es\/blog\/2013\/07\/23\/arquitectos-vasco-navarros-_-alzugaray-arquitectos\/\">ARQUITECTOS VASCO-NAVARROS 2 _ Alzugaray estudio<\/a><\/blockquote><iframe sandbox=\"allow-scripts\" security=\"restricted\" src=\"https:\/\/stepienybarno.es\/blog\/2013\/07\/23\/arquitectos-vasco-navarros-_-alzugaray-arquitectos\/embed\/#?secret=ghXaZ97BeJ\" width=\"500\" height=\"350\" title=\"\u00abARQUITECTOS VASCO-NAVARROS 2 _ Alzugaray estudio\u00bb \u2014 Blog de STEPIEN Y BARNO - publicaci\u00f3n digital sobre arquitectura\" data-secret=\"ghXaZ97BeJ\" frameborder=\"0\" marginwidth=\"0\" marginheight=\"0\" scrolling=\"no\" class=\"wp-embedded-content\"><\/iframe><script type=\"text\/javascript\">\n\/* <![CDATA[ *\/\n\/*! This file is auto-generated *\/\n!function(d,l){\"use strict\";l.querySelector&&d.addEventListener&&\"undefined\"!=typeof URL&&(d.wp=d.wp||{},d.wp.receiveEmbedMessage||(d.wp.receiveEmbedMessage=function(e){var t=e.data;if((t||t.secret||t.message||t.value)&&!\/[^a-zA-Z0-9]\/.test(t.secret)){for(var s,r,n,a=l.querySelectorAll('iframe[data-secret=\"'+t.secret+'\"]'),o=l.querySelectorAll('blockquote[data-secret=\"'+t.secret+'\"]'),c=new RegExp(\"^https?:$\",\"i\"),i=0;i<o.length;i++)o[i].style.display=\"none\";for(i=0;i<a.length;i++)s=a[i],e.source===s.contentWindow&&(s.removeAttribute(\"style\"),\"height\"===t.message?(1e3<(r=parseInt(t.value,10))?r=1e3:~~r<200&&(r=200),s.height=r):\"link\"===t.message&&(r=new URL(s.getAttribute(\"src\")),n=new URL(t.value),c.test(n.protocol))&&n.host===r.host&&l.activeElement===s&&(d.top.location.href=t.value))}},d.addEventListener(\"message\",d.wp.receiveEmbedMessage,!1),l.addEventListener(\"DOMContentLoaded\",function(){for(var e,t,s=l.querySelectorAll(\"iframe.wp-embedded-content\"),r=0;r<s.length;r++)(t=(e=s[r]).getAttribute(\"data-secret\"))||(t=Math.random().toString(36).substring(2,12),e.src+=\"#?secret=\"+t,e.setAttribute(\"data-secret\",t)),e.contentWindow.postMessage({message:\"ready\",secret:t},\"*\")},!1)))}(window,document);\n\/* ]]> *\/\n<\/script>\n"},"_links":{"self":[{"href":"https:\/\/stepienybarno.es\/blog\/wp-json\/wp\/v2\/posts\/9487"}],"collection":[{"href":"https:\/\/stepienybarno.es\/blog\/wp-json\/wp\/v2\/posts"}],"about":[{"href":"https:\/\/stepienybarno.es\/blog\/wp-json\/wp\/v2\/types\/post"}],"author":[{"embeddable":true,"href":"https:\/\/stepienybarno.es\/blog\/wp-json\/wp\/v2\/users\/2"}],"replies":[{"embeddable":true,"href":"https:\/\/stepienybarno.es\/blog\/wp-json\/wp\/v2\/comments?post=9487"}],"version-history":[{"count":7,"href":"https:\/\/stepienybarno.es\/blog\/wp-json\/wp\/v2\/posts\/9487\/revisions"}],"predecessor-version":[{"id":10563,"href":"https:\/\/stepienybarno.es\/blog\/wp-json\/wp\/v2\/posts\/9487\/revisions\/10563"}],"wp:attachment":[{"href":"https:\/\/stepienybarno.es\/blog\/wp-json\/wp\/v2\/media?parent=9487"}],"wp:term":[{"taxonomy":"category","embeddable":true,"href":"https:\/\/stepienybarno.es\/blog\/wp-json\/wp\/v2\/categories?post=9487"},{"taxonomy":"post_tag","embeddable":true,"href":"https:\/\/stepienybarno.es\/blog\/wp-json\/wp\/v2\/tags?post=9487"},{"taxonomy":"series","embeddable":true,"href":"https:\/\/stepienybarno.es\/blog\/wp-json\/wp\/v2\/series?post=9487"}],"curies":[{"name":"wp","href":"https:\/\/api.w.org\/{rel}","templated":true}]}}