{"id":9573,"date":"2013-07-31T17:12:20","date_gmt":"2013-07-31T15:12:20","guid":{"rendered":"https:\/\/www.stepienybarno.es\/blog\/?p=9573"},"modified":"2013-11-01T19:04:46","modified_gmt":"2013-11-01T17:04:46","slug":"arquitectos-vasco-navarros-_-capilla-vallejo-arquitectos","status":"publish","type":"post","link":"https:\/\/stepienybarno.es\/blog\/2013\/07\/31\/arquitectos-vasco-navarros-_-capilla-vallejo-arquitectos\/","title":{"rendered":"ARQUITECTOS VASCO-NAVARROS 4 _ Capilla Vallejo Arquitectos"},"content":{"rendered":"<p align=\"left\">\n<p align=\"left\">\n<p style=\"text-align: center;\"><img loading=\"lazy\" decoding=\"async\" class=\"alignnone size-full wp-image-9574\" title=\"0. CASA N  -CVARQUITECTOS-  ALBERTO PERCAZ - MUTILVA 2003\" src=\"https:\/\/stepienybarno.es\/blog\/wp-content\/uploads\/2013\/07\/0.-CASA-N-CVARQUITECTOS-ALBERTO-PERCAZ-MUTILVA-2003.jpg\" alt=\"0. CASA N  -CVARQUITECTOS-  ALBERTO PERCAZ - MUTILVA 2003\" width=\"350\" height=\"292\" srcset=\"https:\/\/stepienybarno.es\/blog\/wp-content\/uploads\/2013\/07\/0.-CASA-N-CVARQUITECTOS-ALBERTO-PERCAZ-MUTILVA-2003.jpg 350w, https:\/\/stepienybarno.es\/blog\/wp-content\/uploads\/2013\/07\/0.-CASA-N-CVARQUITECTOS-ALBERTO-PERCAZ-MUTILVA-2003-180x150.jpg 180w, https:\/\/stepienybarno.es\/blog\/wp-content\/uploads\/2013\/07\/0.-CASA-N-CVARQUITECTOS-ALBERTO-PERCAZ-MUTILVA-2003-316x264.jpg 316w\" sizes=\"(max-width: 350px) 100vw, 350px\" \/><\/p>\n<p align=\"left\">\n<p align=\"left\">Un nuevo post dedicado a los arquitectos de nuestra tierra; hoy vamos con Capilla Vallejo Arquitectos.<\/p>\n<p align=\"left\"><!--more--><\/p>\n<p align=\"left\">\n<p align=\"left\">\n<blockquote>\n<p align=\"left\"><strong>CONRADO CAPILLA<\/strong> (Melilla 1.962) y <strong>PUCHO VALLEJO<\/strong> (Santander 1.96O) trabajan como Arquitectos asociados desde 1.985.<\/p>\n<p align=\"left\">Arquitectos por la Escuela T\u00e9cnica Superior de Arquitectura de la Universidad de Navarra donde imparten clases como miembros del Departamento de Urbanismo y Proyectos respectivamente.<\/p>\n<p align=\"left\">Son socios en Capilla Vallejo Arquitectos, un activo estudio de Arquitectura ubicado en el centro de Pamplona aunque sus trabajos se encuentran diseminados por toda la geograf\u00eda espa\u00f1ola. Sensibilizados con los temas medioambientales, participan en diversos proyectos y foros sobre arquitectura sostenible, naturaleza y biodiversidad.<\/p>\n<p align=\"left\">Pertenecen a la Asociaci\u00f3n Espa\u00f1ola de Paisajistas desde 2006.<\/p>\n<\/blockquote>\n<p align=\"left\">\n<p align=\"left\">\n<p align=\"left\">ACTIVIDAD Y TRAYECTORIA DEL ESTUDIO<\/p>\n<p align=\"left\">\n<p align=\"left\">Desarrolla su actividad en todos los campos de la arquitectura y constituye un grupo de trabajo multidisciplinar cuyo fin \u00faltimo es la elaboraci\u00f3n de proyectos de inter\u00e9s arquitect\u00f3nico capaces de ser el soporte de la construcci\u00f3n de espacios habitables cualificados.<\/p>\n<p style=\"text-align: center;\"><img loading=\"lazy\" decoding=\"async\" class=\"alignnone size-full wp-image-9575\" title=\"1. CASA VB -CVARQUITECTOS - JOAN RODRIGUEZ- SANTANDER 2005\" src=\"https:\/\/stepienybarno.es\/blog\/wp-content\/uploads\/2013\/07\/1.-CASA-VB-CVARQUITECTOS-JOAN-RODRIGUEZ-SANTANDER-2005.jpg\" alt=\"1. CASA VB -CVARQUITECTOS - JOAN RODRIGUEZ- SANTANDER 2005\" width=\"500\" height=\"333\" srcset=\"https:\/\/stepienybarno.es\/blog\/wp-content\/uploads\/2013\/07\/1.-CASA-VB-CVARQUITECTOS-JOAN-RODRIGUEZ-SANTANDER-2005.jpg 500w, https:\/\/stepienybarno.es\/blog\/wp-content\/uploads\/2013\/07\/1.-CASA-VB-CVARQUITECTOS-JOAN-RODRIGUEZ-SANTANDER-2005-180x120.jpg 180w, https:\/\/stepienybarno.es\/blog\/wp-content\/uploads\/2013\/07\/1.-CASA-VB-CVARQUITECTOS-JOAN-RODRIGUEZ-SANTANDER-2005-316x210.jpg 316w\" sizes=\"(max-width: 500px) 100vw, 500px\" \/><\/p>\n<p style=\"text-align: center;\"><span style=\"color: #888888;\">CASA VB _ Fot\u00f3grafo: JOAN RODRIGUEZ _ SANTANDER, 2005.<\/span><\/p>\n<p align=\"left\">\n<p align=\"left\">El estudio no se plantea las fronteras como l\u00edmite para el desarrollo de\u00a0 su trabajo y se encuentra especialmente preparado en Espa\u00f1a donde viene desarrollando su actividad en diferentes latitudes. Todos estos trabajos est\u00e1n ampliamente documentados tanto en nuestra p\u00e1gina web\u00a0 <a href=\"http:\/\/www.cvarquitectos.es\/\">www.cvarquitectos.es<\/a> como en diferentes publicaciones de \u00e1mbito nacional e internacional, tambi\u00e9n existe un historial de proyectos, concursos y premios que se adjunta.<\/p>\n<p align=\"left\">\n<p style=\"text-align: center;\"><img loading=\"lazy\" decoding=\"async\" class=\"alignnone size-full wp-image-9576\" title=\"2. CASA CI -CVARQUITECTOS -CESAR SAN MILLAN  -CIZUR 2006\" src=\"https:\/\/stepienybarno.es\/blog\/wp-content\/uploads\/2013\/07\/2.-CASA-CI-CVARQUITECTOS-CESAR-SAN-MILLAN-CIZUR-2006.jpg\" alt=\"2. CASA CI -CVARQUITECTOS -CESAR SAN MILLAN  -CIZUR 2006\" width=\"500\" height=\"357\" srcset=\"https:\/\/stepienybarno.es\/blog\/wp-content\/uploads\/2013\/07\/2.-CASA-CI-CVARQUITECTOS-CESAR-SAN-MILLAN-CIZUR-2006.jpg 500w, https:\/\/stepienybarno.es\/blog\/wp-content\/uploads\/2013\/07\/2.-CASA-CI-CVARQUITECTOS-CESAR-SAN-MILLAN-CIZUR-2006-180x129.jpg 180w, https:\/\/stepienybarno.es\/blog\/wp-content\/uploads\/2013\/07\/2.-CASA-CI-CVARQUITECTOS-CESAR-SAN-MILLAN-CIZUR-2006-316x226.jpg 316w\" sizes=\"(max-width: 500px) 100vw, 500px\" \/><\/p>\n<p style=\"text-align: center;\"><span style=\"color: #888888;\">CASA CI \u00a0_ Fot\u00f3grafo: CESAR SAN MILLAN\u00a0 _ CIZUR, 2006.<\/span><\/p>\n<p align=\"left\">\n<p align=\"left\">La Arquitectura de Capilla Vallejo Arquitectos pretende participar de las cuestiones tradicionales de la disciplina, rigor conceptual, precisi\u00f3n constructiva, sobriedad en los gestos, proporcionalidad de costes, en la b\u00fasqueda del trabajo con materiales nobles y naturales con una actitud de integraci\u00f3n con el medio natural y b\u00fasqueda de permanencia.<\/p>\n<p align=\"left\">\n<p align=\"left\">La simplificaci\u00f3n estructural, la utilizaci\u00f3n de nuevos materiales y el perfeccionamiento de los sistemas de construcci\u00f3n son las \u00faltimas investigaciones del equipo con el objetivo de potenciar los componentes naturales de la arquitectura.<\/p>\n<p align=\"left\">\n<p align=\"left\">\n<p align=\"left\">ESPECIALIDADES DEL ESTUDIO<\/p>\n<p align=\"left\">\n<p align=\"left\">En el estudio se realizan los proyectos con el compromiso de satisfacci\u00f3n de la propiedad, atendiendo\u00a0 a\u00a0 sus necesidades econ\u00f3micas, de plazo, y del cumplimiento de los requisitos legales y reglamentarios. Planteamos como objetivo conseguir que \u201cnuestro trabajo le aporte algo m\u00e1s de lo que se imagin\u00f3 que quisiera\u201d.<\/p>\n<p align=\"left\">\n<p align=\"left\">\n<p style=\"text-align: center;\"><img loading=\"lazy\" decoding=\"async\" class=\"alignnone size-full wp-image-9577\" title=\"3. CASA CR -CVARQUITECTOS -JOAN MUNDO -GORRAIZ 2007\" src=\"https:\/\/stepienybarno.es\/blog\/wp-content\/uploads\/2013\/07\/3.-CASA-CR-CVARQUITECTOS-JOAN-MUNDO-GORRAIZ-2007.jpg\" alt=\"3. CASA CR -CVARQUITECTOS -JOAN MUNDO -GORRAIZ 2007\" width=\"500\" height=\"500\" srcset=\"https:\/\/stepienybarno.es\/blog\/wp-content\/uploads\/2013\/07\/3.-CASA-CR-CVARQUITECTOS-JOAN-MUNDO-GORRAIZ-2007.jpg 500w, https:\/\/stepienybarno.es\/blog\/wp-content\/uploads\/2013\/07\/3.-CASA-CR-CVARQUITECTOS-JOAN-MUNDO-GORRAIZ-2007-180x180.jpg 180w, https:\/\/stepienybarno.es\/blog\/wp-content\/uploads\/2013\/07\/3.-CASA-CR-CVARQUITECTOS-JOAN-MUNDO-GORRAIZ-2007-224x224.jpg 224w, https:\/\/stepienybarno.es\/blog\/wp-content\/uploads\/2013\/07\/3.-CASA-CR-CVARQUITECTOS-JOAN-MUNDO-GORRAIZ-2007-316x316.jpg 316w\" sizes=\"(max-width: 500px) 100vw, 500px\" \/><\/p>\n<p style=\"text-align: center;\"><span style=\"color: #888888;\">CASA CR _ Fot\u00f3grafo: JOAN MUNDO _ GORRAIZ, 2007.<\/span><\/p>\n<p align=\"left\">\n<p align=\"left\">Entendemos el trabajo como algo coordinado entre diversos profesionales internos y externos al estudio, garantizando un alto nivel de participaci\u00f3n, formaci\u00f3n y motivaci\u00f3n desde un firme compromiso con la mejora continua, la valoraci\u00f3n del desarrollo y las relaciones humanas.<\/p>\n<p align=\"left\">\n<p align=\"left\">Nos sentimos comprometidos con el desarrollo sostenible en el proceso edificatorio y buscamos la utilizaci\u00f3n de materiales que no perjudique al\u00a0 Medio Ambiente, siendo una de nuestras especialidades el paisajismo.<\/p>\n<p align=\"left\">\n<p style=\"text-align: center;\"><img loading=\"lazy\" decoding=\"async\" class=\"alignnone size-full wp-image-9578\" title=\"4. CASA GB -CVARQUITECTOS -CESAR SAN MILLAN CVARQUITECTOS -GORRAIZ 2004\" src=\"https:\/\/stepienybarno.es\/blog\/wp-content\/uploads\/2013\/07\/4.-CASA-GB-CVARQUITECTOS-CESAR-SAN-MILLAN-CVARQUITECTOS-GORRAIZ-2004.jpg\" alt=\"4. CASA GB -CVARQUITECTOS -CESAR SAN MILLAN CVARQUITECTOS -GORRAIZ 2004\" width=\"500\" height=\"375\" srcset=\"https:\/\/stepienybarno.es\/blog\/wp-content\/uploads\/2013\/07\/4.-CASA-GB-CVARQUITECTOS-CESAR-SAN-MILLAN-CVARQUITECTOS-GORRAIZ-2004.jpg 500w, https:\/\/stepienybarno.es\/blog\/wp-content\/uploads\/2013\/07\/4.-CASA-GB-CVARQUITECTOS-CESAR-SAN-MILLAN-CVARQUITECTOS-GORRAIZ-2004-180x135.jpg 180w, https:\/\/stepienybarno.es\/blog\/wp-content\/uploads\/2013\/07\/4.-CASA-GB-CVARQUITECTOS-CESAR-SAN-MILLAN-CVARQUITECTOS-GORRAIZ-2004-316x237.jpg 316w\" sizes=\"(max-width: 500px) 100vw, 500px\" \/><\/p>\n<p style=\"text-align: center;\"><span style=\"color: #888888;\">CASA GB _ Fot\u00f3grafo: CESAR SAN MILLAN CVARQUITECTOS _ GORRAIZ, 2004.<\/span><\/p>\n<p align=\"left\">\n<blockquote>\n<p align=\"left\">DATOS GENERAL ES DEL ESTUDIO<\/p>\n<p style=\"text-align: center;\"><img loading=\"lazy\" decoding=\"async\" class=\"alignnone size-full wp-image-9580\" title=\"0.1 cv conrado capilla pucho vallejo stepienybarno 500 copia\" src=\"https:\/\/stepienybarno.es\/blog\/wp-content\/uploads\/2013\/07\/0.1-cv-conrado-capilla-pucho-vallejo-stepienybarno-500-copia.jpg\" alt=\"0.1 cv conrado capilla pucho vallejo stepienybarno 500 copia\" width=\"500\" height=\"352\" srcset=\"https:\/\/stepienybarno.es\/blog\/wp-content\/uploads\/2013\/07\/0.1-cv-conrado-capilla-pucho-vallejo-stepienybarno-500-copia.jpg 500w, https:\/\/stepienybarno.es\/blog\/wp-content\/uploads\/2013\/07\/0.1-cv-conrado-capilla-pucho-vallejo-stepienybarno-500-copia-180x127.jpg 180w, https:\/\/stepienybarno.es\/blog\/wp-content\/uploads\/2013\/07\/0.1-cv-conrado-capilla-pucho-vallejo-stepienybarno-500-copia-316x222.jpg 316w\" sizes=\"(max-width: 500px) 100vw, 500px\" \/><\/p>\n<p align=\"left\">Nombre del Estudio \u00a0\u00a0\u00a0\u00a0\u00a0\u00a0\u00a0\u00a0\u00a0\u00a0\u00a0 <strong>CAPILLA VALLEJO ARQUITECTOS<\/strong><\/p>\n<p align=\"left\">Domicilio Fiscal\u00a0\u00a0\u00a0\u00a0\u00a0\u00a0 Monasterio de Cilveti n\u00ba 4 trasera<\/p>\n<p align=\"left\">Pamplona, 31011, Navarra<\/p>\n<p align=\"left\">Tel\u00e9fono y Fax\u00a0\u00a0\u00a0\u00a0\u00a0\u00a0\u00a0\u00a0\u00a0 948274316 \/\u00a0 9481712870<\/p>\n<p align=\"left\">Web\u00a0\u00a0\u00a0 www.cvarquitectos.es<\/p>\n<p align=\"left\">Mail\u00a0\u00a0\u00a0\u00a0 <a href=\"mailto:estudio@cvarquitectos.es\">estudio@cvarquitectos.es<\/a><\/p>\n<p align=\"left\">Facebook\u00a0\u00a0\u00a0\u00a0\u00a0 Capilla-Vallejo-Arquitectos<\/p>\n<p align=\"left\">\n<\/blockquote>\n<blockquote>\n<p align=\"left\">SEDES INTERNACIONALES DEL ESTUDIO<\/p>\n<p align=\"left\"><strong> <\/strong><\/p>\n<p align=\"left\"><strong>DELEGACIONES <\/strong><\/p>\n<p align=\"left\">\n<p align=\"left\">PAMPLONA.\u00a0 ESPA\u00d1A\u00a0\u00a0\u00a0\u00a0 OFICINAS CENTRALES<\/p>\n<p align=\"left\">Monasterio Cilveti n\u00ba 4tr.\u00a0\u00a0\u00a0\u00a0 31011\u00a0 Pamplona<\/p>\n<p align=\"left\">Tfno 948274316\u00a0 Fax 948171280<\/p>\n<p align=\"left\">\n<p align=\"left\">MONTERREY. MEXICO<\/p>\n<p align=\"left\">Luis Loya\u00a0\u00a0\u00a0\u00a0\u00a0\u00a0 ARQUITECTO<\/p>\n<p align=\"left\">\n<p align=\"left\">LIMA.PERU<\/p>\n<p align=\"left\">Roberto A\u00f1a\u00f1os\u00a0\u00a0\u00a0\u00a0\u00a0\u00a0 ARQUITECTO<\/p>\n<\/blockquote>\n<p align=\"left\"><strong> <\/strong><\/p>\n<p align=\"left\">\n<p align=\"left\">\n<p align=\"left\">\n<blockquote>\n<p align=\"left\">* El texto presentaci\u00f3n y las im\u00e1genes publicadas nos los han mandado los propios arquitectos.<\/p>\n<\/blockquote>\n<p align=\"left\">\n<p align=\"left\">* Este art\u00edculo ha sido escrito con car\u00e1cter divulgativo y sin ning\u00fan tipo de \u00e1nimo de lucro. As\u00ed que, si te apetece <strong>compartirlo<\/strong> en cualquier otro medio, estaremos encantados de que lo hagas siempre y cuando cites el lugar donde lo has encontrado.<\/p>\n<p align=\"left\">\n<p align=\"left\">Autores de la entrada: <a href=\"http:\/\/www.facebook.com\/col.prudant#!\/StepienybarnoCANAL\">Stepienybarno<\/a><\/p>\n<p align=\"left\"><a href=\"http:\/\/www.linkedin.com\/company\/stepienybarno\">STEPIENYBARNO EN LINKEDIN<\/a><\/p>\n<p align=\"left\"><a href=\"http:\/\/twitter.com\/stepienybarno\/stepienybarno\">STEPIENYBARNO EN TWITTER<\/a><\/p>\n<p align=\"left\"><a href=\"https:\/\/www.facebook.com\/pages\/BLOG-DE-STEPIENYBARNO\/78001079029\">STEPIENYBARNO EN FACEBOOK<\/a><\/p>\n<p align=\"left\">\n<p align=\"left\">* Stepienybarno est\u00e1 formado por Agnieszka Stepien y Lorenzo Barn\u00f3 y desde mayo del 2009 estamos en la red con\u00a0 la presente publicaci\u00f3n digital (Blog) de arquitectura.<\/p>\n<p align=\"left\">Nuestra actividad se sustenta en tres pilares b\u00e1sicos: la investigaci\u00f3n, la publicaci\u00f3n y la redacci\u00f3n de proyectos de arquitectura.<\/p>\n<p align=\"left\">A su vez, somos socios cofundadores de <a href=\"http:\/\/sinergiasostenible.org\/\">SINERGIA SOSTENIBLE<\/a> y redactores de <a href=\"http:\/\/www.laciudadviva.org\/blogs\/?author=45\">LA CIUDAD VIVA<\/a>.<\/p>\n<p align=\"left\">* Los editores de esta publicaci\u00f3n digital no nos hacemos cargo de de los comentarios y\u00a0 conceptos vertidos en los textos firmados por otras personas, siendo \u00e9stos de responsabilidad exclusiva de sus autores.<\/p>\n<p align=\"left\">* Tu comentario pudiera ser moderado, por lo tanto, aunque aparezca inmediatamente al ser publicado en la entrada, los editores de esta publicaci\u00f3n digital nos reservamos el derecho tanto de editarlo (si fuera necesario, para hacerlo m\u00e1s legible) como de eliminarlo en el caso de que se usen expresiones incorrectas (descalificaciones, palabras malsonantes\u2026). A su vez, si quieres comentar desde el anonimato puedes hacerlo, aunque, nosotros personalmente, agradecemos que tod@s nos podamos identificar.<\/p>\n","protected":false},"excerpt":{"rendered":"<p>0. CASA N  -CVARQUITECTOS-  ALBERTO PERCAZ &#8211; MUTILVA 2003<\/p>\n<p>Un nuevo post dedicado a los arquitectos de nuestra tierra; hoy vamos con Capilla Vallejo Arquitectos.<\/p>\n<p>(m\u00e1s&#8230;)<\/p>\n","protected":false},"author":2,"featured_media":0,"comment_status":"open","ping_status":"closed","sticky":false,"template":"","format":"standard","meta":{"om_disable_all_campaigns":false,"_monsterinsights_skip_tracking":false,"_monsterinsights_sitenote_active":false,"_monsterinsights_sitenote_note":"","_monsterinsights_sitenote_category":0,"_uf_show_specific_survey":0,"_uf_disable_surveys":false,"episode_type":"","audio_file":"","cover_image":"","cover_image_id":"","duration":"","filesize":"","date_recorded":"","explicit":"","block":"","filesize_raw":"","footnotes":""},"categories":[34,6],"tags":[4274,2527,9,2544],"series":[],"class_list":["post-9573","post","type-post","status-publish","format-standard","hentry","category-actualidad","category-arquitectos-vasco-navarros","tag-actualidad","tag-arquitectos-vasco-navarros","tag-arquitectura","tag-capilla-vallejo-arquitectos"],"aioseo_notices":[],"episode_featured_image":false,"episode_player_image":"https:\/\/stepienybarno.es\/blog\/wp-content\/uploads\/2020\/11\/stepienybarno-podcast-scaled.jpg","download_link":"","player_link":"","audio_player":false,"episode_data":{"playerMode":"dark","subscribeUrls":[],"rssFeedUrl":"https:\/\/stepienybarno.es\/blog\/feed\/podcast\/podcast-de-stepienybarno","embedCode":"<blockquote class=\"wp-embedded-content\" data-secret=\"ofqgj6RTWU\"><a href=\"https:\/\/stepienybarno.es\/blog\/2013\/07\/31\/arquitectos-vasco-navarros-_-capilla-vallejo-arquitectos\/\">ARQUITECTOS VASCO-NAVARROS 4 _ Capilla Vallejo Arquitectos<\/a><\/blockquote><iframe sandbox=\"allow-scripts\" security=\"restricted\" src=\"https:\/\/stepienybarno.es\/blog\/2013\/07\/31\/arquitectos-vasco-navarros-_-capilla-vallejo-arquitectos\/embed\/#?secret=ofqgj6RTWU\" width=\"500\" height=\"350\" title=\"\u00abARQUITECTOS VASCO-NAVARROS 4 _ Capilla Vallejo Arquitectos\u00bb \u2014 Blog de STEPIEN Y BARNO - publicaci\u00f3n digital sobre arquitectura\" data-secret=\"ofqgj6RTWU\" frameborder=\"0\" marginwidth=\"0\" marginheight=\"0\" scrolling=\"no\" class=\"wp-embedded-content\"><\/iframe><script type=\"text\/javascript\">\n\/* <![CDATA[ *\/\n\/*! This file is auto-generated *\/\n!function(d,l){\"use strict\";l.querySelector&&d.addEventListener&&\"undefined\"!=typeof URL&&(d.wp=d.wp||{},d.wp.receiveEmbedMessage||(d.wp.receiveEmbedMessage=function(e){var t=e.data;if((t||t.secret||t.message||t.value)&&!\/[^a-zA-Z0-9]\/.test(t.secret)){for(var s,r,n,a=l.querySelectorAll('iframe[data-secret=\"'+t.secret+'\"]'),o=l.querySelectorAll('blockquote[data-secret=\"'+t.secret+'\"]'),c=new RegExp(\"^https?:$\",\"i\"),i=0;i<o.length;i++)o[i].style.display=\"none\";for(i=0;i<a.length;i++)s=a[i],e.source===s.contentWindow&&(s.removeAttribute(\"style\"),\"height\"===t.message?(1e3<(r=parseInt(t.value,10))?r=1e3:~~r<200&&(r=200),s.height=r):\"link\"===t.message&&(r=new URL(s.getAttribute(\"src\")),n=new URL(t.value),c.test(n.protocol))&&n.host===r.host&&l.activeElement===s&&(d.top.location.href=t.value))}},d.addEventListener(\"message\",d.wp.receiveEmbedMessage,!1),l.addEventListener(\"DOMContentLoaded\",function(){for(var e,t,s=l.querySelectorAll(\"iframe.wp-embedded-content\"),r=0;r<s.length;r++)(t=(e=s[r]).getAttribute(\"data-secret\"))||(t=Math.random().toString(36).substring(2,12),e.src+=\"#?secret=\"+t,e.setAttribute(\"data-secret\",t)),e.contentWindow.postMessage({message:\"ready\",secret:t},\"*\")},!1)))}(window,document);\n\/* ]]> *\/\n<\/script>\n"},"_links":{"self":[{"href":"https:\/\/stepienybarno.es\/blog\/wp-json\/wp\/v2\/posts\/9573"}],"collection":[{"href":"https:\/\/stepienybarno.es\/blog\/wp-json\/wp\/v2\/posts"}],"about":[{"href":"https:\/\/stepienybarno.es\/blog\/wp-json\/wp\/v2\/types\/post"}],"author":[{"embeddable":true,"href":"https:\/\/stepienybarno.es\/blog\/wp-json\/wp\/v2\/users\/2"}],"replies":[{"embeddable":true,"href":"https:\/\/stepienybarno.es\/blog\/wp-json\/wp\/v2\/comments?post=9573"}],"version-history":[{"count":4,"href":"https:\/\/stepienybarno.es\/blog\/wp-json\/wp\/v2\/posts\/9573\/revisions"}],"predecessor-version":[{"id":10565,"href":"https:\/\/stepienybarno.es\/blog\/wp-json\/wp\/v2\/posts\/9573\/revisions\/10565"}],"wp:attachment":[{"href":"https:\/\/stepienybarno.es\/blog\/wp-json\/wp\/v2\/media?parent=9573"}],"wp:term":[{"taxonomy":"category","embeddable":true,"href":"https:\/\/stepienybarno.es\/blog\/wp-json\/wp\/v2\/categories?post=9573"},{"taxonomy":"post_tag","embeddable":true,"href":"https:\/\/stepienybarno.es\/blog\/wp-json\/wp\/v2\/tags?post=9573"},{"taxonomy":"series","embeddable":true,"href":"https:\/\/stepienybarno.es\/blog\/wp-json\/wp\/v2\/series?post=9573"}],"curies":[{"name":"wp","href":"https:\/\/api.w.org\/{rel}","templated":true}]}}