{"id":9668,"date":"2013-08-22T09:17:24","date_gmt":"2013-08-22T07:17:24","guid":{"rendered":"https:\/\/www.stepienybarno.es\/blog\/?p=9668"},"modified":"2013-08-22T09:18:11","modified_gmt":"2013-08-22T07:18:11","slug":"entrevista-a-inaki-abalos","status":"publish","type":"post","link":"https:\/\/stepienybarno.es\/blog\/2013\/08\/22\/entrevista-a-inaki-abalos\/","title":{"rendered":"ENTREVISTA A I\u00d1AKI ABALOS"},"content":{"rendered":"<p style=\"text-align: center;\"><img loading=\"lazy\" decoding=\"async\" class=\"alignnone size-medium wp-image-9669\" title=\"i\u00f1aki-abalos-anatxu-abalbeascoa_stepienybarno\" src=\"https:\/\/stepienybarno.es\/blog\/wp-content\/uploads\/2013\/08\/i\u00f1aki-abalos-anatxu-abalbeascoa_stepienybarno--350x200.jpg\" alt=\"i\u00f1aki-abalos-anatxu-abalbeascoa_stepienybarno\" width=\"350\" height=\"200\" \/><\/p>\n<p align=\"left\">\n<p align=\"left\">Por <span style=\"text-decoration: underline;\"><a title=\"Ver todas las noticias de Anatxu Zabalbeascoa\" href=\"http:\/\/elpais.com\/autor\/anatxu_zabalbeascoa\/a\/\">Anatxu zabalbeascoa<\/a><\/span><\/p>\n<p align=\"left\"><span style=\"text-decoration: underline;\"><!--more--><br \/>\n<\/span><\/p>\n<p align=\"left\">\n<blockquote>\n<p align=\"left\">\u201cEl flamante nuevo director de\u00a0<a href=\"http:\/\/www.gsd.harvard.edu\/\" target=\"_blank\">la Graduate School of Design (GSD), el de\u00ad\u00adpartamento de arquitectura de la Universidad de Harvard<\/a>, I\u00f1aki \u00c1balos, naci\u00f3 en San Sebasti\u00e1n en 1956 y estudi\u00f3 en Madrid. Ahora vive entre esta ciudad y Cambridge, en Massachusetts, pero tiene casa en Ca\u00ad\u00adnarias y construye en China. Tal vez por eso se considera m\u00e1s un arquitecto de un tiempo que de un lugar. \u201cHay que luchar contra la boina: el asentamiento en un lugar no te da certidumbre. La formaci\u00f3n de un arquitecto es infinitamente m\u00e1s interesante si es capaz de tener el mundo en la cabeza\u201d, opina. (&#8230;)\u201d<\/p>\n<p align=\"left\">\n<p align=\"left\">\u201cAnte el m\u00ednimo escepticismo de su interlocutora, \u00c1balos se explica: \u201cSomos muchos los que estamos formando a la \u00e9lite. Y vienen m\u00e1s. Estar en las posiciones clave de las universidades m\u00e1s importantes es decidir cu\u00e1les son las l\u00edneas que va a seguir la arquitectura en el mundo. Mucha gente no es consciente de hasta qu\u00e9 punto diez escuelas de arquitectura del mundo dirigen la cultura arquitect\u00f3nica. Desde dentro te das cuenta de c\u00f3mo los programas de estudio del resto del mundo se van adaptando (&#8230;)\u201d.<\/p>\n<p align=\"left\">\n<p align=\"left\">\u201c\u00bfY qu\u00e9 le hace pensar que sabe formar arquitectos?<\/p>\n<p align=\"left\">Que aprendo ense\u00f1ando. (&#8230;)\u201d<\/p>\n<\/blockquote>\n<p align=\"left\">\n<blockquote>\n<p align=\"left\">Acceder a la entrevista, <a href=\"http:\/\/elpais.com\/elpais\/2013\/08\/21\/eps\/1377078182_616770.html?utm_content=buffer3f530&amp;utm_source=buffer&amp;utm_medium=twitter&amp;utm_campaign=Buffer\">aqu\u00ed.<\/a><\/p>\n<\/blockquote>\n<p align=\"left\">\n<p align=\"left\">Noticia seleccionada por el Canal de arquitectura STEPIENYBARNO.<\/p>\n<p align=\"left\"><a href=\"http:\/\/www.linkedin.com\/company\/stepienybarno\">STEPIENYBARNO EN LINKEDIN<\/a><\/p>\n<p align=\"left\"><a href=\"http:\/\/twitter.com\/stepienybarno\/stepienybarno\">STEPIENYBARNO EN TWITTER<\/a><\/p>\n<p><a href=\"https:\/\/www.facebook.com\/pages\/BLOG-DE-STEPIENYBARNO\/78001079029\">STEPIENYBARNO EN FACEBOOK<\/a><\/p>\n<p align=\"left\">*Stepienybarno est\u00e1 formado por Agnieszka Stepien y Lorenzo Barn\u00f3 y desde mayo del 2009 estamos en la red con\u00a0 la presente publicaci\u00f3n digital (Blog) de arquitectura.<\/p>\n<p align=\"left\">Nuestra actividad se sustenta en tres pilares b\u00e1sicos: la investigaci\u00f3n, la publicaci\u00f3n (comunicaci\u00f3n y difusi\u00f3n) y la redacci\u00f3n de proyectos de arquitectura.<\/p>\n<p align=\"left\">A su vez, somos socios cofundadores de <a href=\"http:\/\/sinergiasostenible.org\/\">SINERGIA SOSTENIBLE<\/a> y redactores de <a href=\"http:\/\/www.laciudadviva.org\/blogs\/?author=45\">LA CIUDAD VIVA<\/a>.<\/p>\n<p align=\"left\">\n<p align=\"left\">* Los editores de esta publicaci\u00f3n digital no nos hacemos cargo de de los comentarios y\u00a0 conceptos vertidos en los textos firmados por otras personas, siendo \u00e9stos de responsabilidad exclusiva de sus autores.<\/p>\n<p align=\"left\">\n<p align=\"left\">* Tu comentario podr\u00e1 ser moderado, por lo tanto, aunque aparezca inmediatamente al ser publicado en la entrada, los editores de esta publicaci\u00f3n digital nos reservamos el derecho tanto de editarlo (si fuera necesario, para hacerlo m\u00e1s legible) como de eliminarlo en el caso de que se usen expresiones incorrectas (descalificaciones, palabras malsonantes\u2026). A su vez, si quieres comentar desde el anonimato puedes hacerlo, aunque, nosotros personalmente, agradecemos que tod@s nos podamos identificar.<\/p>\n","protected":false},"excerpt":{"rendered":"\n<p>Por Anatxu zabalbeascoa<\/p>\n<p>(m\u00e1s&#8230;)<\/p>\n","protected":false},"author":2,"featured_media":0,"comment_status":"open","ping_status":"closed","sticky":false,"template":"","format":"standard","meta":{"om_disable_all_campaigns":false,"_monsterinsights_skip_tracking":false,"_monsterinsights_sitenote_active":false,"_monsterinsights_sitenote_note":"","_monsterinsights_sitenote_category":0,"_uf_show_specific_survey":0,"_uf_disable_surveys":false,"episode_type":"","audio_file":"","cover_image":"","cover_image_id":"","duration":"","filesize":"","date_recorded":"","explicit":"","block":"","filesize_raw":"","footnotes":""},"categories":[34,244],"tags":[4274,253,9,2562,201],"series":[],"class_list":["post-9668","post","type-post","status-publish","format-standard","hentry","category-actualidad","category-canal-de-arquitectura","tag-actualidad","tag-anatxu-zabalbeascoa","tag-arquitectura","tag-harvard","tag-inaki-abalos"],"aioseo_notices":[],"episode_featured_image":false,"episode_player_image":"https:\/\/stepienybarno.es\/blog\/wp-content\/uploads\/2020\/11\/stepienybarno-podcast-scaled.jpg","download_link":"","player_link":"","audio_player":false,"episode_data":{"playerMode":"dark","subscribeUrls":[],"rssFeedUrl":"https:\/\/stepienybarno.es\/blog\/feed\/podcast\/podcast-de-stepienybarno","embedCode":"<blockquote class=\"wp-embedded-content\" data-secret=\"pgF4J4ILk4\"><a href=\"https:\/\/stepienybarno.es\/blog\/2013\/08\/22\/entrevista-a-inaki-abalos\/\">ENTREVISTA A I\u00d1AKI ABALOS<\/a><\/blockquote><iframe sandbox=\"allow-scripts\" security=\"restricted\" src=\"https:\/\/stepienybarno.es\/blog\/2013\/08\/22\/entrevista-a-inaki-abalos\/embed\/#?secret=pgF4J4ILk4\" width=\"500\" height=\"350\" title=\"\u00abENTREVISTA A I\u00d1AKI ABALOS\u00bb \u2014 Blog de STEPIEN Y BARNO - publicaci\u00f3n digital sobre arquitectura\" data-secret=\"pgF4J4ILk4\" frameborder=\"0\" marginwidth=\"0\" marginheight=\"0\" scrolling=\"no\" class=\"wp-embedded-content\"><\/iframe><script type=\"text\/javascript\">\n\/* <![CDATA[ *\/\n\/*! This file is auto-generated *\/\n!function(d,l){\"use strict\";l.querySelector&&d.addEventListener&&\"undefined\"!=typeof URL&&(d.wp=d.wp||{},d.wp.receiveEmbedMessage||(d.wp.receiveEmbedMessage=function(e){var t=e.data;if((t||t.secret||t.message||t.value)&&!\/[^a-zA-Z0-9]\/.test(t.secret)){for(var s,r,n,a=l.querySelectorAll('iframe[data-secret=\"'+t.secret+'\"]'),o=l.querySelectorAll('blockquote[data-secret=\"'+t.secret+'\"]'),c=new RegExp(\"^https?:$\",\"i\"),i=0;i<o.length;i++)o[i].style.display=\"none\";for(i=0;i<a.length;i++)s=a[i],e.source===s.contentWindow&&(s.removeAttribute(\"style\"),\"height\"===t.message?(1e3<(r=parseInt(t.value,10))?r=1e3:~~r<200&&(r=200),s.height=r):\"link\"===t.message&&(r=new URL(s.getAttribute(\"src\")),n=new URL(t.value),c.test(n.protocol))&&n.host===r.host&&l.activeElement===s&&(d.top.location.href=t.value))}},d.addEventListener(\"message\",d.wp.receiveEmbedMessage,!1),l.addEventListener(\"DOMContentLoaded\",function(){for(var e,t,s=l.querySelectorAll(\"iframe.wp-embedded-content\"),r=0;r<s.length;r++)(t=(e=s[r]).getAttribute(\"data-secret\"))||(t=Math.random().toString(36).substring(2,12),e.src+=\"#?secret=\"+t,e.setAttribute(\"data-secret\",t)),e.contentWindow.postMessage({message:\"ready\",secret:t},\"*\")},!1)))}(window,document);\n\/* ]]> *\/\n<\/script>\n"},"_links":{"self":[{"href":"https:\/\/stepienybarno.es\/blog\/wp-json\/wp\/v2\/posts\/9668"}],"collection":[{"href":"https:\/\/stepienybarno.es\/blog\/wp-json\/wp\/v2\/posts"}],"about":[{"href":"https:\/\/stepienybarno.es\/blog\/wp-json\/wp\/v2\/types\/post"}],"author":[{"embeddable":true,"href":"https:\/\/stepienybarno.es\/blog\/wp-json\/wp\/v2\/users\/2"}],"replies":[{"embeddable":true,"href":"https:\/\/stepienybarno.es\/blog\/wp-json\/wp\/v2\/comments?post=9668"}],"version-history":[{"count":4,"href":"https:\/\/stepienybarno.es\/blog\/wp-json\/wp\/v2\/posts\/9668\/revisions"}],"predecessor-version":[{"id":9673,"href":"https:\/\/stepienybarno.es\/blog\/wp-json\/wp\/v2\/posts\/9668\/revisions\/9673"}],"wp:attachment":[{"href":"https:\/\/stepienybarno.es\/blog\/wp-json\/wp\/v2\/media?parent=9668"}],"wp:term":[{"taxonomy":"category","embeddable":true,"href":"https:\/\/stepienybarno.es\/blog\/wp-json\/wp\/v2\/categories?post=9668"},{"taxonomy":"post_tag","embeddable":true,"href":"https:\/\/stepienybarno.es\/blog\/wp-json\/wp\/v2\/tags?post=9668"},{"taxonomy":"series","embeddable":true,"href":"https:\/\/stepienybarno.es\/blog\/wp-json\/wp\/v2\/series?post=9668"}],"curies":[{"name":"wp","href":"https:\/\/api.w.org\/{rel}","templated":true}]}}